{"id":2106742,"date":"2026-08-20T12:27:55","date_gmt":"2026-08-20T09:27:55","guid":{"rendered":"https:\/\/analyse.optim.biz\/?p=2106742"},"modified":"2026-08-20T12:27:55","modified_gmt":"2026-08-20T09:27:55","slug":"cozi-uriase-la-frontiera-rusiei-cu-georgia-pe-fondul-zvonurilor-despre-o-noua-mobilizare-dupa-alegerile-pentru-duma-de-stat","status":"publish","type":"post","link":"https:\/\/analyse.optim.biz\/?p=2106742","title":{"rendered":"Cozi uria\u0219e la frontiera Rusiei cu Georgia, pe fondul zvonurilor despre o nou\u0103 mobilizare dup\u0103 alegerile pentru Duma de Stat"},"content":{"rendered":"<p>[analyse_image type=&#8221;featured&#8221; src=&#8221;https:\/\/radiogoldfm.ro\/wp-content\/uploads\/2026\/08\/verhnii_lars_190826-768&#215;569-1.jpghttps:\/\/radiogoldfm.ro\/wp-content\/uploads\/2026\/08\/verhnii_lars_190826-768&#215;569-1.jpg&#8221;]<\/p>\n<div class=\"qt-the-content\">\n<p>Zeci de mii de ru\u0219i au traversat \u00een ultimele zile frontiera cu Georgia, \u00een contextul zvonurilor privind o posibil\u0103 nou\u0103 mobilizare \u00een Rusia \u00een aceast\u0103 toamn\u0103, dup\u0103 alegerile pentru Duma de Stat. Serviciul Federal Vamal al Rusiei a raportat un \u201eflux record de pasageri\u201d la punctul de trecere Verhnii Lars, transmite\u00a0<a href=\"https:\/\/ru.themoscowtimes.com\/2026\/08\/19\/soglasovannaya-konkurentsiya-ili-o-viborah-v-rossiiskih-regionah-a203843\">The Moscow Times.<\/a><\/p>\n<p>Potrivit autorit\u0103\u021bilor vamale ruse, pe 15 \u0219i 16 august, peste 19.000 de persoane au ie\u0219it zilnic din Rusia spre Georgia prin Verhnii Lars, iar pe 18 august num\u0103rul acestora a dep\u0103\u0219it 20.000.<\/p>\n<blockquote class=\"wp-block-quote is-layout-flow wp-block-quote-is-layout-flow\">\n<p>\u201eIndicatorii actuali dep\u0103\u0219esc semnificativ datele din perioadele similare ale anilor preceden\u021bi\u201d, a transmis Serviciul Federal Vamal.<\/p>\n<\/blockquote>\n<p>Martorii cita\u021bi de canalul \u201eOstorojno, novosti\u201d afirm\u0103 c\u0103 pe partea rus\u0103 a frontierei s-a format o ambuteiaj de propor\u021bii, iar \u00een unele zone automobilele \u00eenainteaz\u0103 cu aproximativ 50 de metri pe or\u0103.<\/p>\n<figure class=\"wp-block-embed is-type-rich is-provider-x wp-block-embed-x\">\n<div class=\"wp-block-embed__wrapper\">\n<blockquote class=\"twitter-tweet\" data-width=\"550\" data-dnt=\"true\">\n<p lang=\"ru\" dir=\"ltr\">\u041c\u043e\u0431\u0438\u043b\u0438\u0437\u0430\u0446\u0438\u0438 \u043d\u0435 \u0431\u0443\u0434\u0435\u0442<\/p>\n<p>\u041a\u0430\u0434\u0440\u044b \u0441 \u043f\u0443\u043d\u043a\u0442\u0430 \u043f\u0440\u043e\u043f\u0443\u0441\u043a\u0430 \u00ab\u0412\u0435\u0440\u0445\u043d\u0438\u0439 \u041b\u0430\u0440\u0441\u00bb \u043d\u0430 \u0433\u0440\u0430\u043d\u0438\u0446\u0435 \u0420\u0424 \u0438 \u0413\u0440\u0443\u0437\u0438\u0438, \u0433\u0434\u0435 \u0432\u044b\u0441\u0442\u0440\u043e\u0438\u043b\u0438\u0441\u044c \u043c\u043d\u043e\u0433\u043e\u0447\u0430\u0441\u043e\u0432\u044b\u0435 \u043e\u0447\u0435\u0440\u0435\u0434\u0438<\/p>\n<p>\u0412\u0435\u0447\u0435\u0440\u043e\u043c 18 \u0430\u0432\u0433\u0443\u0441\u0442\u0430 \u0424\u0422\u0421 \u0420\u043e\u0441\u0441\u0438\u0438 \u0437\u0430\u044f\u0432\u0438\u043b\u0430 \u043e \u00ab\u0440\u0435\u043a\u043e\u0440\u0434\u043d\u043e\u043c \u043f\u0430\u0441\u0441\u0430\u0436\u0438\u0440\u043e\u043f\u043e\u0442\u043e\u043a\u0435\u00bb \u0432 \u0412\u0435\u0440\u0445\u043d\u0435\u043c \u041b\u0430\u0440\u0441\u0435. \u0417\u0430 \u043f\u043e\u0441\u043b\u0435\u0434\u043d\u0438\u0435 \u0441\u0443\u0442\u043a\u0438 \u041a\u041f\u041f, \u043f\u043e \u0434\u0430\u043d\u043d\u044b\u043c \u0442\u0430\u043c\u043e\u0436\u0435\u043d\u043d\u0438\u043a\u043e\u0432, <a href=\"https:\/\/x.com\/hashtag\/%D1%80%D0%BE%D1%81%D1%81%D0%B8%D1%8F?src=hash&amp;ref_src=twsrc%5Etfw\">#\u0440\u043e\u0441\u0441\u0438\u044f<\/a><a href=\"https:\/\/t.co\/Y92Lqx4Nph\">pic.twitter.com\/Y92Lqx4Nph<\/a><\/p>\n<p>\u2014 \u0410\u043b\u0435\u043a\u0441\u0435\u0439 \u041a\u0438\u0440\u0438\u043b\u0435\u043d\u043a\u043e (@Kirilenko_a) <a href=\"https:\/\/x.com\/Kirilenko_a\/status\/2090037793133105658?ref_src=twsrc%5Etfw\">August 19, 2026<\/a><\/p><\/blockquote>\n<\/div>\n<\/figure>\n<p>Verhnii Lars este singurul punct terestru de trecere a frontierei dintre Rusia \u0219i Georgia. Acesta a devenit unul dintre principalele puncte de ie\u0219ire din Rusia \u0219i \u00een septembrie 2022, dup\u0103 ce pre\u0219edintele Vladimir Putin a decretat mobilizarea par\u021bial\u0103. Atunci, zeci de mii de ru\u0219i au \u00eencercat s\u0103 p\u0103r\u0103seasc\u0103 \u021bara, iar cozile de automobile s-au \u00eentins pe mai mul\u021bi kilometri, unii c\u0103l\u0103tori a\u0219tept\u00e2nd zile \u00eentregi pentru a trece frontiera.<\/p>\n<p>Actualul val de plec\u0103ri are loc pe fondul informa\u021biilor neconfirmate potrivit c\u0103rora autorit\u0103\u021bile ruse ar putea declan\u0219a o nou\u0103 mobilizare dup\u0103 alegerile pentru Duma de Stat din septembrie.<\/p>\n<p>Anterior, publica\u021bia \u201eVerstka\u201d, cit\u00e2nd surse, a relatat c\u0103 dup\u0103 scrutin autorit\u0103\u021bile ar putea lua \u00een calcul inclusiv introducerea legii mar\u021biale \u0219i o nou\u0103 mobilizare. Informa\u021biile nu au fost confirmate oficial de Kremlin.<\/p>\n<p>Despre posibilitatea preg\u0103tirii unei noi mobiliz\u0103ri au scris \u00een ultimele luni \u0219i anali\u0219tii Institutului pentru Studiul R\u0103zboiului (ISW), iar oficiali europeni cita\u021bi de The Washington Post nu au exclus un asemenea scenariu \u00een cazul \u00een care Rusia va continua s\u0103 \u00eenregistreze pierderi ridicate pe front.<\/p>\n<p>Temerile privind mobilizarea au influen\u021bat \u0219i pia\u021ba imobiliar\u0103 din Armenia. Potrivit \u201eVerstka\u201d, ru\u0219ii \u0219i-au intensificat c\u0103ut\u0103rile pentru locuin\u021be de \u00eenchiriat la Erevan, iar pre\u021burile ar fi crescut cu aproximativ 30%. Un agent imobiliar local a comparat situa\u021bia cu cea din 2022.<\/p>\n<p>Pre\u0219edintele ucrainean Volodimir Zelenski a afirmat anterior c\u0103 Vladimir Putin s-ar preg\u0103ti pentru o nou\u0103 mobilizare, \u00een cadrul c\u0103reia ar putea fi recruta\u021bi \u00eentre 300.000 \u0219i 500.000 de oameni.<\/p>\n<p><strong><em>surs\u0103: <a href=\"https:\/\/ru.themoscowtimes.com\/2026\/08\/19\/soglasovannaya-konkurentsiya-ili-o-viborah-v-rossiiskih-regionah-a203843\">The Moscow Times<\/a><\/em><\/strong><\/p>\n<div class=\"tagcloud qt-spacer-m\"><span class=\"qt-title\">Tagged as <\/span><a href=\"https:\/\/radiogoldfm.ro\/tag\/georgia\/\" rel=\"tag\">georgia<\/a><a href=\"https:\/\/radiogoldfm.ro\/tag\/gold-fm\/\" rel=\"tag\">GOLD FM<\/a><a href=\"https:\/\/radiogoldfm.ro\/tag\/romania\/\" rel=\"tag\">romania<\/a><\/div>\n<div class=\"qt-post-author qt-card\">\n<div class=\"row\">\n<div class=\"qt-post-author-data col s10 m7 l7\">\n<h6>Profil<\/h6>\n<h4><a href=\"https:\/\/radiogoldfm.ro\/cozi-uriase-la-frontiera-rusiei-cu-georgia-pe-fondul-zvonurilor-despre-o-noua-mobilizare-dupa-alegerile-pentru-duma-de-stat\/#author_page\">Gold FM Radio<\/a><\/h4>\n<\/div>\n<div class=\"qt-post-author-link col s12 m3 l4 \"><a href=\"https:\/\/radiogoldfm.ro\/author\/gold-fm\/\" class=\"qt-btn qt-btn-large qt-btn-primary aligncenter\">Arhiva postari<\/a><\/div>\n<\/div>\n<\/div>\n<\/div>\n<p>[analyse_source url=&#8221;https:\/\/radiogoldfm.ro\/cozi-uriase-la-frontiera-rusiei-cu-georgia-pe-fondul-zvonurilor-despre-o-noua-mobilizare-dupa-alegerile-pentru-duma-de-stat\/&#8221;]<\/p>\n","protected":false},"excerpt":{"rendered":"<p>[analyse_image type=&#8221;featured&#8221; src=&#8221;https:\/\/radiogoldfm.ro\/wp-content\/uploads\/2026\/08\/verhnii_lars_190826-768&#215;569-1.jpghttps:\/\/radiogoldfm.ro\/wp-content\/uploads\/2026\/08\/verhnii_lars_190826-768&#215;569-1.jpg&#8221;] Zeci de mii de ru\u0219i au traversat \u00een ultimele zile frontiera cu Georgia, \u00een contextul zvonurilor privind o posibil\u0103 nou\u0103 mobilizare \u00een Rusia \u00een aceast\u0103 toamn\u0103, dup\u0103 alegerile pentru Duma de Stat. Serviciul Federal Vamal al Rusiei a raportat un \u201eflux record de pasageri\u201d la punctul de trecere Verhnii Lars, transmite\u00a0The Moscow [&hellip;]<\/p>\n","protected":false},"author":1,"featured_media":0,"comment_status":"open","ping_status":"","sticky":false,"template":"","format":"standard","meta":{"footnotes":""},"categories":[89],"tags":[226,96],"class_list":["post-2106742","post","type-post","status-publish","format-standard","hentry","category-romania","tag-crawlmanager","tag-radiogoldfm-ro"],"_links":{"self":[{"href":"https:\/\/analyse.optim.biz\/index.php?rest_route=\/wp\/v2\/posts\/2106742","targetHints":{"allow":["GET"]}}],"collection":[{"href":"https:\/\/analyse.optim.biz\/index.php?rest_route=\/wp\/v2\/posts"}],"about":[{"href":"https:\/\/analyse.optim.biz\/index.php?rest_route=\/wp\/v2\/types\/post"}],"author":[{"embeddable":true,"href":"https:\/\/analyse.optim.biz\/index.php?rest_route=\/wp\/v2\/users\/1"}],"replies":[{"embeddable":true,"href":"https:\/\/analyse.optim.biz\/index.php?rest_route=%2Fwp%2Fv2%2Fcomments&post=2106742"}],"version-history":[{"count":0,"href":"https:\/\/analyse.optim.biz\/index.php?rest_route=\/wp\/v2\/posts\/2106742\/revisions"}],"wp:attachment":[{"href":"https:\/\/analyse.optim.biz\/index.php?rest_route=%2Fwp%2Fv2%2Fmedia&parent=2106742"}],"wp:term":[{"taxonomy":"category","embeddable":true,"href":"https:\/\/analyse.optim.biz\/index.php?rest_route=%2Fwp%2Fv2%2Fcategories&post=2106742"},{"taxonomy":"post_tag","embeddable":true,"href":"https:\/\/analyse.optim.biz\/index.php?rest_route=%2Fwp%2Fv2%2Ftags&post=2106742"}],"curies":[{"name":"wp","href":"https:\/\/api.w.org\/{rel}","templated":true}]}}