{"id":2106739,"date":"2026-08-20T14:55:00","date_gmt":"2026-08-20T11:55:00","guid":{"rendered":"https:\/\/analyse.optim.biz\/?p=2106739"},"modified":"2026-08-20T14:55:00","modified_gmt":"2026-08-20T11:55:00","slug":"vizata-intr-o-ancheta-anticoruptie-adjuncta-sefului-de-cabinet-al-lui-zelenski-isi-anunta-demisia","status":"publish","type":"post","link":"https:\/\/analyse.optim.biz\/?p=2106739","title":{"rendered":"Vizat\u0103 \u00eentr-o anchet\u0103 anticorup\u021bie, adjuncta \u0219efului de cabinet al lui Zelenski \u00ee\u0219i anun\u021b\u0103 demisia"},"content":{"rendered":"<p>[analyse_image type=&#8221;featured&#8221; src=&#8221;https:\/\/radiogoldfm.ro\/wp-content\/uploads\/2026\/08\/vizata-intr-o-ancheta-anticoruptie-adjuncta-sefului-de-cabinet-al-lui-zelenski-isi-anunta-demisia-84202.jpghttps:\/\/radiogoldfm.ro\/wp-content\/uploads\/2026\/08\/vizata-intr-o-ancheta-anticoruptie-adjuncta-sefului-de-cabinet-al-lui-zelenski-isi-anunta-demisia-84202.jpg&#8221;]<\/p>\n<div class=\"qt-the-content\">\n<p><strong>Iryna Mudra, adjuncta \u0219efului de cabinet al pre\u0219edintelui Ucrainei, \u0219i-a anun\u021bat demisia \u00een urma unei anchete anticorup\u021bie \u0219i a unei perchezi\u021bii efectuate la domiciliul s\u0103u. De\u0219i a subliniat c\u0103 nu a fost arestat\u0103 \u0219i c\u0103 a cooperat pe deplin cu anchetatorii, Mudra a ales s\u0103 renun\u021be la func\u021bie, l\u0103s\u00e2nd \u00een urm\u0103 patru ani dedica\u021bi eforturilor interna\u021bionale de tragere la r\u0103spundere a Rusiei \u0219i de confiscare a activelor ruse\u0219ti blocate \u00een str\u0103in\u0103tate, conform\u00a0<a href=\"https:\/\/www.lemonde.fr\/international\/live\/2026\/08\/19\/en-direct-guerre-en-ukraine-iryna-mudra-directrice-adjointe-du-cabinet-de-volodymyr-zelensky-demissionne_6746952_3210.html\" target=\"_blank\" rel=\"noreferrer noopener\">Le Monde<\/a><\/strong><\/p>\n<p>\u00centr-o postare lung\u0103 pe X, Iryna Mudra, adjuncta \u0219efului de cabinet al pre\u0219edintelui ucrainean, \u00ee\u0219i confirm\u0103 demisia \u00een urma deschiderii unei anchete anticorup\u021bie \u0219i a unei perchezi\u021bii la domiciliul s\u0103u. \u201eNimeni nu m-a arestat\u201d, precizeaz\u0103 ea.<\/p>\n<p>Mudra d\u0103 asigur\u0103ri c\u0103 a \u201ecooperat pe deplin\u201d cu anchetatorii \u0219i c\u0103 nu contest\u0103 dreptul acestora de a-\u0219i desf\u0103\u0219ura investiga\u021biile. Ea refuz\u0103 s\u0103 comenteze la acest moment fragmentele din conversa\u021bii ap\u0103rute pe re\u021belele sociale, afirm\u00e2nd c\u0103 va r\u0103spunde acuza\u021biilor dup\u0103 ce va lua cuno\u0219tin\u021b\u0103 de dosar.<\/p>\n<p>Mudra dedic\u0103 o mare parte din mesajul s\u0103u ap\u0103r\u0103rii bilan\u021bului celor patru ani de activitate axat\u0103 pe tragerea la r\u0103spundere a Rusiei pentru invadarea Ucrainei. Aceasta men\u021bioneaz\u0103, \u00een special, crearea unui tribunal special pentru infrac\u021biunea de agresiune, mecanismul interna\u021bional de desp\u0103gubire a victimelor ucrainene \u0219i eforturile de a mobiliza aproximativ 300 de miliarde de dolari din activele suverane ruse\u0219ti blocate la nivel global.<\/p>\n<p>Ea face apel la autorit\u0103\u021bi s\u0103 continue aceste demersuri \u00een ciuda plec\u0103rii sale, mai ales \u00een ceea ce prive\u0219te tribunalul special, desp\u0103gubirile \u0219i activele ruse\u0219ti.<\/p>\n<blockquote class=\"wp-block-quote is-layout-flow wp-block-quote-is-layout-flow\">\n<p><strong>Iryna Mudra<\/strong><\/p>\n<p>\u00cen aceast\u0103 diminea\u021b\u0103, locuin\u021ba mea a fost perchezi\u021bionat\u0103. Ulterior, mi s-a adus oficial la cuno\u0219tin\u021b\u0103 calitatea de suspect\u0103 \u0219i mi-a fost \u00eenm\u00e2nat\u0103 cererea procuraturii prin care se solicit\u0103 instan\u021bei dispunerea unei m\u0103suri preventive.<\/p>\n<p>Doresc s\u0103 clarific un lucru de la bun \u00eenceput, deoarece informa\u021bia circul\u0103 deja \u00een spa\u021biul public: nimeni nu m-a re\u021binut. \u00cempreun\u0103 cu avoca\u021bii mei, m\u0103 preg\u0103tesc \u00een lini\u0219te pentru \u0219edin\u021ba de judecat\u0103.<\/p>\n<p>Am cooperat pe deplin cu ancheta \u0219i sunt preg\u0103tit\u0103 s\u0103 r\u0103spund la fiecare \u00eentrebare prin procedurile prev\u0103zute de lege. Nu pun la \u00eendoial\u0103 dreptul anchetatorilor de a-\u0219i face datoria. Tragerea la r\u0103spundere se aplic\u0103 tuturor, inclusiv mie. Am petrecut prea mult timp demonstr\u00e2ndu-le partenerilor no\u0219tri c\u0103 legea se aplic\u0103 \u00een mod egal pentru toat\u0103 lumea \u00eenc\u00e2t s\u0103 pretind acum o excep\u021bie pentru mine.<\/p>\n<p>Cu privire la fragmentele din conversa\u021bii care apar ast\u0103zi, trunchiate \u0219i scoase din context, m\u0103 voi exprima dup\u0103 ce voi lua cuno\u0219tin\u021b\u0103 de dosar. Adev\u0103rul nu se stabile\u0219te pe re\u021belele sociale. \u00cempreun\u0103 cu echipa mea de avoca\u021bi, voi prezenta o pozi\u021bie detaliat\u0103 pe fondul fiec\u0103rui episod.<\/p>\n<p>Ast\u0103zi mi-am depus demisia. \u00cemi voi ap\u0103ra reputa\u021bia prin propriile for\u021be, f\u0103r\u0103 a implica statul \u00een aceast\u0103 lupt\u0103. Sunt recunosc\u0103toare pentru oportunitatea de a dedica mai bine de patru ani celei pe care o consider misiunea vie\u021bii mele: tragerea la r\u0103spundere a Rusiei \u0219i a conducerii sale de v\u00e2rf pentru agresiune, restabilirea drept\u0103\u021bii pentru poporul nostru \u0219i ob\u021binerea de compensa\u021bii pentru pagubele care ne-au fost cauzate.<\/p>\n<p>Am construit de la zero bazele juridice ale unui sistem de tragere la r\u0103spundere f\u0103r\u0103 precedent. A mai r\u0103mas un singur pas, cel mai important \u0219i cel mai dificil: ratificarea \u0219i lansarea acestuia.<\/p>\n<p>Pentru prima dat\u0103 \u00een istorie, \u00een timp ce un r\u0103zboi este \u00eenc\u0103 \u00een desf\u0103\u0219urare, am preg\u0103tit baza legal\u0103 pentru un Tribunal Special privind infrac\u021biunea de agresiune.<\/p>\n<p>Ne-am al\u0103turat acestui proces \u00eentr-un moment \u00een care negocierile erau practic blocate \u0219i aproape de e\u0219ec. Cu pre\u021bul unor eforturi diplomatice sus\u021binute, am g\u0103sit un compromis \u0219i, \u00een trei luni, am deblocat situa\u021bia ajung\u00e2nd la o formul\u0103 de lucru care a devenit Statutul Tribunalului Special. Anul trecut, Ucraina a semnat acordul cu Consiliul Europei privind \u00eenfiin\u021barea acestuia. A urmat o \u00eent\u00e2rziere cauzat\u0103 de chestiuni bugetare \u0219i de securitate privind sediul tribunalului. Le-am rezolvat, iar anul acesta 36 de state \u0219i Uniunea European\u0103 au adoptat Acordul Par\u021bial Extins privind Comitetul de Management. Consiliul Europei, cu sprijinul Uniunii Europene, a creat Echipa Preg\u0103titoare pentru Tribunalul Special, care lucreaz\u0103 deja la lansarea acestuia.<\/p>\n<p>Am conceput un mecanism interna\u021bional de compensare \u0219i am convins 94 de state s\u0103 \u00eel sus\u021bin\u0103. Registrul daunei cauzate de agresiunea Rusiei \u00eempotriva Ucrainei de la Haga a evoluat de la o idee \u00een care nimeni nu credea la o institu\u021bie func\u021bional\u0103: 170 000 de cereri depuse de oameni care \u0219i-au pierdut casele, s\u0103n\u0103tatea sau persoanele dragi. Primele categorii de daune pentru stat \u0219i mediul de afaceri sunt acum deschise. Dup\u0103 doi ani de negocieri dificile, Conven\u021bia privind \u00eenfiin\u021barea Comisiei Interna\u021bionale de Reclamatii pentru Ucraina a fost semnat\u0103 de 40 de state \u0219i Uniunea European\u0103. Au fost ob\u021binute nou\u0103 ratific\u0103ri, iar totul depinde acum de rapiditatea cu care vor fi ob\u021binute cele dou\u0103zeci \u0219i cinci de ratific\u0103ri necesare pentru lansarea Comisiei. Ambele instrumente necesit\u0103 \u00een continuare un efort diplomatic considerabil pentru ca parlamentele partenerilor s\u0103 le ratifice c\u00e2t mai repede.<\/p>\n<p>Aproximativ trei sute de miliarde de dolari din activele suverane ruse\u0219ti sunt blocate \u00een \u00eentreaga lume, iar p\u00e2n\u0103 cur\u00e2nd, soarta unei mari p\u0103r\u021bi din ace\u0219ti bani depindea, la fiecare \u0219ase luni, de acordul fiec\u0103rei capitale din Uniunea European\u0103. Un singur vot era suficient pentru ca ace\u0219tia s\u0103 fie restitui\u021bi Rusiei. Dup\u0103 ani de negocieri dure, Uniunea European\u0103 a trecut la decizia de imobilizare pe termen nelimitat.<\/p>\n<p>Acest risc este acum eliminat definitiv. Consider c\u0103 acesta este cel mai important rezultat tehnic al \u00eentregii mele activit\u0103\u021bi, chiar dac\u0103 nu are un nume sonor \u0219i nu va ajunge niciodat\u0103 pe prima pagin\u0103 a ziarelor.<\/p>\n<\/blockquote>\n<p>a scris\u00a0<a href=\"https:\/\/x.com\/IrynaRMudra\/status\/2090126066849358064\" target=\"_blank\" rel=\"noreferrer noopener\">Mudra pe X\u00a0<\/a><\/p>\n<p><em><strong>surs\u0103: <a href=\"https:\/\/www.lemonde.fr\/international\/live\/2026\/08\/19\/en-direct-guerre-en-ukraine-iryna-mudra-directrice-adjointe-du-cabinet-de-volodymyr-zelensky-demissionne_6746952_3210.html\" target=\"_blank\" rel=\"noreferrer noopener\">Le Monde<\/a><\/strong><\/em><\/p>\n<div class=\"tagcloud qt-spacer-m\"><span class=\"qt-title\">Tagged as <\/span><a href=\"https:\/\/radiogoldfm.ro\/tag\/ancheta\/\" rel=\"tag\">ancheta<\/a><a href=\"https:\/\/radiogoldfm.ro\/tag\/anticoruptie\/\" rel=\"tag\">anticoruptie<\/a><a href=\"https:\/\/radiogoldfm.ro\/tag\/demisie\/\" rel=\"tag\">demisie<\/a><a href=\"https:\/\/radiogoldfm.ro\/tag\/gold-fm\/\" rel=\"tag\">GOLD FM<\/a><a href=\"https:\/\/radiogoldfm.ro\/tag\/romania\/\" rel=\"tag\">romania<\/a><a href=\"https:\/\/radiogoldfm.ro\/tag\/ucraina\/\" rel=\"tag\">ucraina<\/a><a href=\"https:\/\/radiogoldfm.ro\/tag\/zelenski\/\" rel=\"tag\">zelenski<\/a><\/div>\n<div class=\"qt-post-author qt-card\">\n<div class=\"row\">\n<div class=\"qt-post-author-data col s10 m7 l7\">\n<h6>Profil<\/h6>\n<h4><a href=\"https:\/\/radiogoldfm.ro\/vizata-intr-o-ancheta-anticoruptie-adjuncta-sefului-de-cabinet-al-lui-zelenski-isi-anunta-demisia\/#author_page\">Gold FM Radio<\/a><\/h4>\n<\/div>\n<div class=\"qt-post-author-link col s12 m3 l4 \"><a href=\"https:\/\/radiogoldfm.ro\/author\/gold-fm\/\" class=\"qt-btn qt-btn-large qt-btn-primary aligncenter\">Arhiva postari<\/a><\/div>\n<\/div>\n<\/div>\n<\/div>\n<p>[analyse_source url=&#8221;https:\/\/radiogoldfm.ro\/vizata-intr-o-ancheta-anticoruptie-adjuncta-sefului-de-cabinet-al-lui-zelenski-isi-anunta-demisia\/&#8221;]<\/p>\n","protected":false},"excerpt":{"rendered":"<p>[analyse_image type=&#8221;featured&#8221; src=&#8221;https:\/\/radiogoldfm.ro\/wp-content\/uploads\/2026\/08\/vizata-intr-o-ancheta-anticoruptie-adjuncta-sefului-de-cabinet-al-lui-zelenski-isi-anunta-demisia-84202.jpghttps:\/\/radiogoldfm.ro\/wp-content\/uploads\/2026\/08\/vizata-intr-o-ancheta-anticoruptie-adjuncta-sefului-de-cabinet-al-lui-zelenski-isi-anunta-demisia-84202.jpg&#8221;] Iryna Mudra, adjuncta \u0219efului de cabinet al pre\u0219edintelui Ucrainei, \u0219i-a anun\u021bat demisia \u00een urma unei anchete anticorup\u021bie \u0219i a unei perchezi\u021bii efectuate la domiciliul s\u0103u. De\u0219i a subliniat c\u0103 nu a fost arestat\u0103 \u0219i c\u0103 a cooperat pe deplin cu anchetatorii, Mudra a ales s\u0103 renun\u021be la func\u021bie, l\u0103s\u00e2nd \u00een urm\u0103 patru [&hellip;]<\/p>\n","protected":false},"author":1,"featured_media":0,"comment_status":"open","ping_status":"","sticky":false,"template":"","format":"standard","meta":{"footnotes":""},"categories":[89],"tags":[226,96],"class_list":["post-2106739","post","type-post","status-publish","format-standard","hentry","category-romania","tag-crawlmanager","tag-radiogoldfm-ro"],"_links":{"self":[{"href":"https:\/\/analyse.optim.biz\/index.php?rest_route=\/wp\/v2\/posts\/2106739","targetHints":{"allow":["GET"]}}],"collection":[{"href":"https:\/\/analyse.optim.biz\/index.php?rest_route=\/wp\/v2\/posts"}],"about":[{"href":"https:\/\/analyse.optim.biz\/index.php?rest_route=\/wp\/v2\/types\/post"}],"author":[{"embeddable":true,"href":"https:\/\/analyse.optim.biz\/index.php?rest_route=\/wp\/v2\/users\/1"}],"replies":[{"embeddable":true,"href":"https:\/\/analyse.optim.biz\/index.php?rest_route=%2Fwp%2Fv2%2Fcomments&post=2106739"}],"version-history":[{"count":0,"href":"https:\/\/analyse.optim.biz\/index.php?rest_route=\/wp\/v2\/posts\/2106739\/revisions"}],"wp:attachment":[{"href":"https:\/\/analyse.optim.biz\/index.php?rest_route=%2Fwp%2Fv2%2Fmedia&parent=2106739"}],"wp:term":[{"taxonomy":"category","embeddable":true,"href":"https:\/\/analyse.optim.biz\/index.php?rest_route=%2Fwp%2Fv2%2Fcategories&post=2106739"},{"taxonomy":"post_tag","embeddable":true,"href":"https:\/\/analyse.optim.biz\/index.php?rest_route=%2Fwp%2Fv2%2Ftags&post=2106739"}],"curies":[{"name":"wp","href":"https:\/\/api.w.org\/{rel}","templated":true}]}}