{"id":2106719,"date":"2026-08-22T05:00:58","date_gmt":"2026-08-22T02:00:58","guid":{"rendered":"https:\/\/analyse.optim.biz\/?p=2106719"},"modified":"2026-08-22T05:00:58","modified_gmt":"2026-08-22T02:00:58","slug":"foto-penultimul-weekend-de-vara-la-vaya-retreat-vine-tot-cu-arome-orientale","status":"publish","type":"post","link":"https:\/\/analyse.optim.biz\/?p=2106719","title":{"rendered":"FOTO \/ Penultimul weekend de var\u0103 la Vaya Retreat vine tot cu arome orientale"},"content":{"rendered":"<p>[analyse_image type=&#8221;featured&#8221; src=&#8221;https:\/\/opiniabuzau.ro\/wp-content\/uploads\/2026\/08\/vaya-1-1-scaled.webp&#8221;]<\/p>\n<div class=\"entry-content entry clearfix\">\n<blockquote>\n<p><strong>Penultimul weekend al acestei veri vine la Vaya Retreat cu cea mai iubit\u0103 experien\u021b\u0103 culinar\u0103 de pe tot patcutsul verii, cea dedicat\u0103 iubitorilor de preparate cu specific oriental. <\/strong><\/p>\n<\/blockquote>\n<p>\u00cen zilele de 22 \u0219i 23 august, atmosfera de vacan\u021b\u0103 va fi completat\u0103 de un meniu preg\u0103tit special de Chef Paul Colbianu, cu preparate inspirate din buc\u0103t\u0103ria oriental\u0103 \u0219i gusturi bogate, aromate \u0219i savuroase. Meniul propus pentru acest weekend include kebab, adana \u0219i kofte, preparate care aduc \u00een prim-plan savoarea \u0219i specificul buc\u0103t\u0103riei orientale. Acestea vor fi completate de bulgur, o garnitur\u0103 potrivit\u0103 pentru preparatele din carne \u0219i care \u00eentrege\u0219te experien\u021ba culinar\u0103.<\/p>\n<p>Pentru cei care prefer\u0103 preparatele din carne de pui, Chef Paul Colbianu a preg\u0103tit stripsuri de pui cu cartofi \u0219i aripioare de pui cu cartofi, dou\u0103 variante potrivite pentru o mas\u0103 relaxat\u0103 de weekend. Iar pentru desert, experien\u021ba culinar\u0103 se \u00eencheie cu baclava, unul dintre cele mai cunoscute \u0219i apreciate deserturi ale Orientului, ce va putea fi servit\u0103 \u0219i cu \u00eenghe\u021bat\u0103.<\/p>\n<div id=\"gallery-1\" class=\"gallery galleryid-478159 gallery-columns-3 gallery-size-thumbnail\">\n<figure class=\"gallery-item\">\n<div class=\"gallery-icon landscape\"><a href=\"https:\/\/opiniabuzau.ro\/wp-content\/uploads\/2026\/08\/vaya-2-1-scaled.webp\"><img loading=\"lazy\" decoding=\"async\" data-od-unknown-tag data-od-xpath=\"\/HTML\/BODY\/DIV[@class=&apos;background-overlay&apos;]\/*[1][self::DIV]\/*[1][self::DIV]\/*[4][self::DIV]\/*[1][self::DIV]\/*[1][self::DIV]\/*[2][self::ARTICLE]\/*[3][self::DIV]\/*[5][self::DIV]\/*[1][self::FIGURE]\/*[1][self::DIV]\/*[1][self::A]\/*[1][self::IMG]\" width=\"220\" height=\"150\" src=\"https:\/\/opiniabuzau.ro\/wp-content\/uploads\/2026\/08\/vaya-2-1-220x150.webp\" class=\"attachment-thumbnail size-thumbnail perfmatters-lazy\" alt><img loading=\"lazy\" decoding=\"async\" data-od-unknown-tag data-od-xpath=\"\/HTML\/BODY\/DIV[@class=&apos;background-overlay&apos;]\/*[1][self::DIV]\/*[1][self::DIV]\/*[4][self::DIV]\/*[1][self::DIV]\/*[1][self::DIV]\/*[2][self::ARTICLE]\/*[3][self::DIV]\/*[5][self::DIV]\/*[1][self::FIGURE]\/*[1][self::DIV]\/*[1][self::A]\/*[1][self::IMG]\" width=\"220\" height=\"150\" src=\"https:\/\/opiniabuzau.ro\/wp-content\/uploads\/2026\/08\/vaya-2-1-220x150.webp\" class=\"attachment-thumbnail size-thumbnail\" alt><\/a><\/div>\n<\/figure>\n<figure class=\"gallery-item\">\n<div class=\"gallery-icon portrait\"><a href=\"https:\/\/opiniabuzau.ro\/wp-content\/uploads\/2026\/08\/vaya-3-1-scaled.webp\"><img loading=\"lazy\" decoding=\"async\" data-od-unknown-tag data-od-xpath=\"\/HTML\/BODY\/DIV[@class=&apos;background-overlay&apos;]\/*[1][self::DIV]\/*[1][self::DIV]\/*[4][self::DIV]\/*[1][self::DIV]\/*[1][self::DIV]\/*[2][self::ARTICLE]\/*[3][self::DIV]\/*[5][self::DIV]\/*[2][self::FIGURE]\/*[1][self::DIV]\/*[1][self::A]\/*[1][self::IMG]\" width=\"220\" height=\"150\" src=\"https:\/\/opiniabuzau.ro\/wp-content\/uploads\/2026\/08\/vaya-3-1-220x150.webp\" class=\"attachment-thumbnail size-thumbnail perfmatters-lazy\" alt><img loading=\"lazy\" decoding=\"async\" data-od-unknown-tag data-od-xpath=\"\/HTML\/BODY\/DIV[@class=&apos;background-overlay&apos;]\/*[1][self::DIV]\/*[1][self::DIV]\/*[4][self::DIV]\/*[1][self::DIV]\/*[1][self::DIV]\/*[2][self::ARTICLE]\/*[3][self::DIV]\/*[5][self::DIV]\/*[2][self::FIGURE]\/*[1][self::DIV]\/*[1][self::A]\/*[1][self::IMG]\" width=\"220\" height=\"150\" src=\"https:\/\/opiniabuzau.ro\/wp-content\/uploads\/2026\/08\/vaya-3-1-220x150.webp\" class=\"attachment-thumbnail size-thumbnail\" alt><\/a><\/div>\n<\/figure>\n<figure class=\"gallery-item\">\n<div class=\"gallery-icon portrait\"><a href=\"https:\/\/opiniabuzau.ro\/wp-content\/uploads\/2026\/08\/vaya-4-1-scaled.webp\"><img loading=\"lazy\" decoding=\"async\" data-od-unknown-tag data-od-xpath=\"\/HTML\/BODY\/DIV[@class=&apos;background-overlay&apos;]\/*[1][self::DIV]\/*[1][self::DIV]\/*[4][self::DIV]\/*[1][self::DIV]\/*[1][self::DIV]\/*[2][self::ARTICLE]\/*[3][self::DIV]\/*[5][self::DIV]\/*[3][self::FIGURE]\/*[1][self::DIV]\/*[1][self::A]\/*[1][self::IMG]\" width=\"220\" height=\"150\" src=\"https:\/\/opiniabuzau.ro\/wp-content\/uploads\/2026\/08\/vaya-4-1-220x150.webp\" class=\"attachment-thumbnail size-thumbnail perfmatters-lazy\" alt><img loading=\"lazy\" decoding=\"async\" data-od-unknown-tag data-od-xpath=\"\/HTML\/BODY\/DIV[@class=&apos;background-overlay&apos;]\/*[1][self::DIV]\/*[1][self::DIV]\/*[4][self::DIV]\/*[1][self::DIV]\/*[1][self::DIV]\/*[2][self::ARTICLE]\/*[3][self::DIV]\/*[5][self::DIV]\/*[3][self::FIGURE]\/*[1][self::DIV]\/*[1][self::A]\/*[1][self::IMG]\" width=\"220\" height=\"150\" src=\"https:\/\/opiniabuzau.ro\/wp-content\/uploads\/2026\/08\/vaya-4-1-220x150.webp\" class=\"attachment-thumbnail size-thumbnail\" alt><\/a><\/div>\n<\/figure>\n<\/div>\n<p>Dincolo de preparate, weekendul de la Vaya Retreat este o invita\u021bie la relaxare \u0219i la petrecerea timpului \u00eentr-o atmosfer\u0103 pl\u0103cut\u0103, al\u0103turi de familie \u0219i prieteni. \u00a0Este, totodat\u0103, penultimul weekend din aceast\u0103 var\u0103 \u00een care oaspe\u021bii sunt a\u0219tepta\u021bi s\u0103 se bucure de atmosfera specific\u0103 loca\u021biei \u0219i de preparatele preg\u0103tite de Chef Paul Colbianu.<\/p>\n<p>Pentru rezerv\u0103ri, cei interesa\u021bi pot suna la 0752.179.056, 0733.456.435 sau 0762.506.807.<\/p>\n<div class=\"stream-item stream-item-in-post stream-item-inline-post aligncenter\"><a href=\"https:\/\/vreaulanova.ro\/?utm_source=opiniabuzau&amp;utm_medium=image\" title target=\"_blank\"><img loading=\"lazy\" decoding=\"async\" data-od-unknown-tag data-od-xpath=\"\/HTML\/BODY\/DIV[@class=&apos;background-overlay&apos;]\/*[1][self::DIV]\/*[1][self::DIV]\/*[4][self::DIV]\/*[1][self::DIV]\/*[1][self::DIV]\/*[2][self::ARTICLE]\/*[3][self::DIV]\/*[8][self::DIV]\/*[1][self::A]\/*[1][self::IMG]\" src=\"https:\/\/opiniabuzau.ro\/wp-content\/smush-webp\/2022\/02\/MicrosoftTeams-image-4-1.jpg.webp\" alt width=\"728\" height=\"91\" class=\"perfmatters-lazy\"><img loading=\"lazy\" decoding=\"async\" data-od-unknown-tag data-od-xpath=\"\/HTML\/BODY\/DIV[@class=&apos;background-overlay&apos;]\/*[1][self::DIV]\/*[1][self::DIV]\/*[4][self::DIV]\/*[1][self::DIV]\/*[1][self::DIV]\/*[2][self::ARTICLE]\/*[3][self::DIV]\/*[8][self::DIV]\/*[1][self::A]\/*[1][self::IMG]\" src=\"https:\/\/opiniabuzau.ro\/wp-content\/smush-webp\/2022\/02\/MicrosoftTeams-image-4-1.jpg.webp\" alt width=\"728\" height=\"91\"><\/a><\/div>\n<\/div>\n<p>[analyse_source url=&#8221;https:\/\/opiniabuzau.ro\/foto-penultimul-weekend-de-vara-la-vaya-retreat-vine-tot-cu-arome-orientale\/&#8221;]<\/p>\n","protected":false},"excerpt":{"rendered":"<p>[analyse_image type=&#8221;featured&#8221; src=&#8221;https:\/\/opiniabuzau.ro\/wp-content\/uploads\/2026\/08\/vaya-1-1-scaled.webp&#8221;] Penultimul weekend al acestei veri vine la Vaya Retreat cu cea mai iubit\u0103 experien\u021b\u0103 culinar\u0103 de pe tot patcutsul verii, cea dedicat\u0103 iubitorilor de preparate cu specific oriental. \u00cen zilele de 22 \u0219i 23 august, atmosfera de vacan\u021b\u0103 va fi completat\u0103 de un meniu preg\u0103tit special de Chef Paul Colbianu, cu preparate [&hellip;]<\/p>\n","protected":false},"author":1,"featured_media":0,"comment_status":"open","ping_status":"","sticky":false,"template":"","format":"standard","meta":{"footnotes":""},"categories":[2],"tags":[226,44],"class_list":["post-2106719","post","type-post","status-publish","format-standard","hentry","category-politics","tag-crawlmanager","tag-opiniabuzau-ro"],"_links":{"self":[{"href":"https:\/\/analyse.optim.biz\/index.php?rest_route=\/wp\/v2\/posts\/2106719","targetHints":{"allow":["GET"]}}],"collection":[{"href":"https:\/\/analyse.optim.biz\/index.php?rest_route=\/wp\/v2\/posts"}],"about":[{"href":"https:\/\/analyse.optim.biz\/index.php?rest_route=\/wp\/v2\/types\/post"}],"author":[{"embeddable":true,"href":"https:\/\/analyse.optim.biz\/index.php?rest_route=\/wp\/v2\/users\/1"}],"replies":[{"embeddable":true,"href":"https:\/\/analyse.optim.biz\/index.php?rest_route=%2Fwp%2Fv2%2Fcomments&post=2106719"}],"version-history":[{"count":0,"href":"https:\/\/analyse.optim.biz\/index.php?rest_route=\/wp\/v2\/posts\/2106719\/revisions"}],"wp:attachment":[{"href":"https:\/\/analyse.optim.biz\/index.php?rest_route=%2Fwp%2Fv2%2Fmedia&parent=2106719"}],"wp:term":[{"taxonomy":"category","embeddable":true,"href":"https:\/\/analyse.optim.biz\/index.php?rest_route=%2Fwp%2Fv2%2Fcategories&post=2106719"},{"taxonomy":"post_tag","embeddable":true,"href":"https:\/\/analyse.optim.biz\/index.php?rest_route=%2Fwp%2Fv2%2Ftags&post=2106719"}],"curies":[{"name":"wp","href":"https:\/\/api.w.org\/{rel}","templated":true}]}}