{"id":210671,"date":"2014-03-02T10:27:16","date_gmt":"2014-03-02T07:27:16","guid":{"rendered":"https:\/\/analyse.optim.biz\/?p=210671"},"modified":"2014-03-02T10:27:16","modified_gmt":"2014-03-02T07:27:16","slug":"traian-basescu-rusia-nu-si-propune-un-conflict-cu-un-stat-nato-frontierele-romaniei-sunt-garantate","status":"publish","type":"post","link":"https:\/\/analyse.optim.biz\/?p=210671","title":{"rendered":"Traian B\u0103sescu: Rusia nu-\u015fi propune un conflict cu un stat NATO. Frontierele Rom\u00e2niei sunt garantate"},"content":{"rendered":"<div class=\"entry data-app-meta data-app-meta-article\" data-embed-base-url-canonical=\"https:\/\/www.digi24.ro\/embed\/stiri\/actualitate\/politica\/traian-basescu-rusia-nu-si-propune-un-conflict-cu-un-stat-nato-frontierele-romaniei-sunt-garantate-208095\">\n<p data-index=\"1\">\u00a0<img decoding=\"async\" src=\"https:\/\/analyse.optim.biz\/wp-content\/uploads\/2024\/09\/otkyzjm2mme2ywmwotm1nze4nwnhnzzkzgm0oda5na-thumb_.jpg\" data-skip-htmlfix=\"1\" title=\"otkyzjm2mme2ywmwotm1nze4nwnhnzzkzgm0oda5na-thumb_\"><\/p>\n<p data-index=\"2\"><strong><span>Cele mai importante declara\u021bii ale pre\u0219edintelui Traian B\u0103sescu:<\/span><\/strong><\/p>\n<p data-index=\"3\">&#8211; Situa\u0163ia Rom\u00e2niei nu se schimb\u0103 dac\u0103 Rusia intr\u0103 cu trupe \u00een Ucraina. Situa\u0163ia de securitate a Rom\u00e2niei nu este afectat\u0103. Rusia nu-\u015fi propune un conflict cu un stat membru NATO. Rom\u00e2nia nu este o \u0163int\u0103 a unei eventuale agresiuni asupra Ucrainei. Mesajul a fost transmis clar. Frontierele Rom\u00e2niei sunt certe, garantate.<\/p>\n<p data-index=\"4\">&#8211; Oamenii trebuie s\u0103 \u00een\u0163eleag\u0103 c\u0103 tensiunile din zon\u0103 ne pot afecta din punct de vedere economic.<\/p>\n<p data-index=\"5\">&#8211; Alia\u0163ii Rom\u00e2niei sunt \u00eengrijora\u0163i. Acesta este cuv\u00e2ntul corect pentru ceea ce simt alia\u0163ii no\u015ftri. Solu\u0163iile trebuie s\u0103 ias\u0103 din zona declara\u0163iilor.<\/p>\n<p data-index=\"6\">&#8211; Sunt dezam\u0103git de jocul de imagine f\u0103cut de mini\u015ftrii sau oficiali ai unor state europene: discu\u0163ii cu Ianukovici, mers \u00een Maidan. A dat impresia c\u0103 nu prea \u015ftim ce vrem.<\/p>\n<p data-index=\"7\">&#8211; Prima problem\u0103 a Ucrainei este corup\u0163ia clasei politice. O strig\u0103 toat\u0103 lumea. Corup\u0163ia \u015fi ne\u00eencrederea \u00een clasa politic\u0103.<\/p>\n<p data-index=\"8\">&#8211; Europenii trebuie s\u0103 vin\u0103 cu un plan concret de salvare a Ucrainei. \u00cen rest, totul este poveste.<\/p>\n<p data-index=\"9\">&#8211;\u00a0Vladimir Putin \u00ee\u015fi ap\u0103r\u0103 interesele geostrategice, \u00een condi\u0163iile \u00een care Federa\u0163ia Rus\u0103 are un angajament acolo.\u00a0Sunt trei puteri garante ale suveranit\u0103\u0163ii Ucrainei: SUA, Marea Britanie \u015fi Federa\u0163ia Rus\u0103. Acum, v\u0103d c\u0103 alte state \u00ee\u015fi plimb\u0103 mini\u015ftrii pe acolo.<\/p>\n<p data-index=\"10\">&#8211; Sunt \u015fef de stat, dar nu pot s\u0103 nu spun ce g\u00e2ndesc. Cred c\u0103 aceast\u0103 situa\u0163ie se va \u00eenchide cu crearea unui nou conflict \u00eenghe\u0163at \u00een Marea Neagr\u0103. Cu ob\u0163inerea unui statut extrem de favorabil al Crimeei \u015fi cu m\u0103rirea for\u0163elor armate \u00een zon\u0103. Din punct de vedere strategic, Federa\u0163ia Rus\u0103 nu va renun\u0163a la Crimeea.<\/p>\n<p data-index=\"11\">&#8211; Nu prea ia \u00een seam\u0103 Vladimir Putin <a href=\"https:\/\/www.digi24.ro\/Stiri\/Digi24\/Extern\/International\/Noaptea+telefoanelor+Ce+au+vorbit+Putin+si+Obama\" target=\"_blank\" data-skip-linkfix=\"1\" rel=\"noopener\">ce \u00eei transmite pre\u015fedintele SUA<\/a>, deci nu \u015ftiu dac\u0103 l-ar interesa ce spun eu. Dar i-a\u015f transmite dou\u0103 lucruri: 1 &#8211; Nu face\u0163i niciun joc \u00een Republica Moldova \u015fi 2 &#8211; Limita\u0163i-v\u0103 la acordul pe care \u00eel ave\u0163i cu Ucraina.<\/p>\n<\/div>\n<p> Source URL: https:\/\/www.digi24.ro\/stiri\/actualitate\/politica\/traian-basescu-rusia-nu-si-propune-un-conflict-cu-un-stat-nato-frontierele-romaniei-sunt-garantate-208095<\/p>\n","protected":false},"excerpt":{"rendered":"<p>\u00a0 Cele mai importante declara\u021bii ale pre\u0219edintelui Traian B\u0103sescu: &#8211; Situa\u0163ia Rom\u00e2niei nu se schimb\u0103 dac\u0103 Rusia intr\u0103 cu trupe \u00een Ucraina. Situa\u0163ia de securitate a Rom\u00e2niei nu este afectat\u0103. Rusia nu-\u015fi propune un conflict cu un stat membru NATO. Rom\u00e2nia nu este o \u0163int\u0103 a unei eventuale agresiuni asupra Ucrainei. Mesajul a fost transmis [&hellip;]<\/p>\n","protected":false},"author":1,"featured_media":210672,"comment_status":"open","ping_status":"","sticky":false,"template":"","format":"standard","meta":{"footnotes":""},"categories":[2],"tags":[11],"class_list":["post-210671","post","type-post","status-publish","format-standard","has-post-thumbnail","hentry","category-politics","tag-digi24"],"_links":{"self":[{"href":"https:\/\/analyse.optim.biz\/index.php?rest_route=\/wp\/v2\/posts\/210671","targetHints":{"allow":["GET"]}}],"collection":[{"href":"https:\/\/analyse.optim.biz\/index.php?rest_route=\/wp\/v2\/posts"}],"about":[{"href":"https:\/\/analyse.optim.biz\/index.php?rest_route=\/wp\/v2\/types\/post"}],"author":[{"embeddable":true,"href":"https:\/\/analyse.optim.biz\/index.php?rest_route=\/wp\/v2\/users\/1"}],"replies":[{"embeddable":true,"href":"https:\/\/analyse.optim.biz\/index.php?rest_route=%2Fwp%2Fv2%2Fcomments&post=210671"}],"version-history":[{"count":0,"href":"https:\/\/analyse.optim.biz\/index.php?rest_route=\/wp\/v2\/posts\/210671\/revisions"}],"wp:featuredmedia":[{"embeddable":true,"href":"https:\/\/analyse.optim.biz\/index.php?rest_route=\/wp\/v2\/media\/210672"}],"wp:attachment":[{"href":"https:\/\/analyse.optim.biz\/index.php?rest_route=%2Fwp%2Fv2%2Fmedia&parent=210671"}],"wp:term":[{"taxonomy":"category","embeddable":true,"href":"https:\/\/analyse.optim.biz\/index.php?rest_route=%2Fwp%2Fv2%2Fcategories&post=210671"},{"taxonomy":"post_tag","embeddable":true,"href":"https:\/\/analyse.optim.biz\/index.php?rest_route=%2Fwp%2Fv2%2Ftags&post=210671"}],"curies":[{"name":"wp","href":"https:\/\/api.w.org\/{rel}","templated":true}]}}