{"id":2106680,"date":"2026-08-22T13:55:57","date_gmt":"2026-08-22T10:55:57","guid":{"rendered":"https:\/\/analyse.optim.biz\/?p=2106680"},"modified":"2026-08-22T13:55:57","modified_gmt":"2026-08-22T10:55:57","slug":"as-it-happened-time-trial-goes-down-to-the-wire-at-stage-1-of-the-vuelta-a-espana-stage-1","status":"publish","type":"post","link":"https:\/\/analyse.optim.biz\/?p=2106680","title":{"rendered":"As it happened: Time trial goes down to the wire at stage 1 of the Vuelta a Espa\u00f1a stage 1"},"content":{"rendered":"<p>[analyse_image type=&#8221;featured&#8221; src=&#8221;https:\/\/cdn.mos.cms.futurecdn.net\/MiEh4b2a5tADEABr9Yp6w7-1024-80.jpg&#8221;]<\/p>\n<article class=\"m-0 box-border flex flex-row items-center pr-2.5 gap-[15px] w-[278px] h-20 flex-none upnext-article-divider\" role=\"listitem\" aria-label=\"Recommended article 1 of 3\">\n<div class=\"relative flex-none w-20 h-20\">\n    <source type=\"image\/webp\" srcset=\"https:\/\/cdn.mos.cms.futurecdn.net\/vXx3fTTYeYfvhBsZ8FoUhF-160-80.jpg.webp 160w, https:\/\/cdn.mos.cms.futurecdn.net\/vXx3fTTYeYfvhBsZ8FoUhF-80-80.jpg.webp 80w\" sizes=\"80px\" \/><\/p>\n<div class=\"flex items-center justify-center absolute w-4 h-6 left-0 top-0 bg-white\/90 flex-none z-[1]\" aria-hidden=\"true\"><span class=\"font-normal text-base leading-[17px] tracking-[1.3px] uppercase text-black flex-none\">1<\/span><\/div>\n<\/div>\n<div class=\"flex flex-col items-center justify-center gap-1.5 w-[173px] h-20 flex-none\">\n<p class=\"font-article-heading font-medium text-base leading-[21px] text-gray-800 w-[173px] line-clamp-3 group-hover:underline\">\n                                    Tadej Poga\u010dar vs the rest \u2013 Our analysis of the top 10 contenders at the Vuelta a Espa\u00f1a\n                                <\/p>\n<\/div>\n<\/article>\n<article class=\"m-0 box-border flex flex-row items-center pr-2.5 gap-[15px] w-[278px] h-20 flex-none upnext-article-divider\" role=\"listitem\" aria-label=\"Recommended article 2 of 3\">\n<div class=\"relative flex-none w-20 h-20\">\n    <source type=\"image\/webp\" srcset=\"https:\/\/cdn.mos.cms.futurecdn.net\/o9dfoYGxAgxmJ5j8ffMbSP-160-80.jpg.webp 160w, https:\/\/cdn.mos.cms.futurecdn.net\/o9dfoYGxAgxmJ5j8ffMbSP-80-80.jpg.webp 80w\" sizes=\"80px\" \/><\/p>\n<div class=\"flex items-center justify-center absolute w-[18px] h-6 left-0 top-0 bg-white\/90 flex-none z-[1]\" aria-hidden=\"true\"><span class=\"font-normal text-base leading-[17px] tracking-[1.3px] uppercase text-black flex-none\">2<\/span><\/div>\n<\/div>\n<div class=\"flex flex-col items-center justify-center gap-1.5 w-[173px] h-20 flex-none\">\n<p class=\"font-article-heading font-medium text-base leading-[21px] text-gray-800 w-[173px] line-clamp-3 group-hover:underline\">\n                                    Vuelta a Espa\u00f1a stage 1 time trial start times \u2013 When Jay Vine, Wout van Aert, Tadej Poga\u010dar and others take turns on twisting 9.6km route in Monaco\n                                <\/p>\n<\/div>\n<\/article>\n<article class=\"m-0 box-border flex flex-row items-center pr-2.5 gap-[15px] w-[278px] h-20 flex-none\" role=\"listitem\" aria-label=\"Recommended article 3 of 3\">\n<div class=\"relative flex-none w-20 h-20\">\n    <source type=\"image\/webp\" srcset=\"https:\/\/cdn.mos.cms.futurecdn.net\/tfLM6usLQ7FSegycrtArMn-160-80.jpg.webp 160w, https:\/\/cdn.mos.cms.futurecdn.net\/tfLM6usLQ7FSegycrtArMn-80-80.jpg.webp 80w\" sizes=\"80px\" \/><\/p>\n<div class=\"flex items-center justify-center absolute w-[18px] h-6 left-0 top-0 bg-white\/90 flex-none z-[1]\" aria-hidden=\"true\"><span class=\"font-normal text-base leading-[17px] tracking-[1.3px] uppercase text-black flex-none\">3<\/span><\/div>\n<\/div>\n<div class=\"flex flex-col items-center justify-center gap-1.5 w-[173px] h-20 flex-none\">\n<p class=\"font-article-heading font-medium text-base leading-[21px] text-gray-800 w-[173px] line-clamp-3 group-hover:underline\">\n                                    &#8216;It could be an opportunity to be close in GC&#8217; &#8211; Opening time trial in Monaco enticing incentive for Wout van Aert&#8217;s return to Vuelta a Espa\u00f1a\n                                <\/p>\n<\/div>\n<\/article>\n<article class=\"page-content-onecol flex-1\nlive-article\n\"><\/p>\n<div class=\"widget-area-group widget-area-group-2col flex flex-wrap box-border\">\n<div id=\"widgetArea16\" class=\"widget-area basis-full md:basis-2\/3 widget-area-g-md-vp-2-3 widget-area-g-lg-vp-2-3 widget-area-g-xl-vp-2-3 page-widget-area-16\">\n<div data-widget-type=\"hero\" id=\"hero\" class=\"clear-both widget widget-hero widget-hero widget-hero-hero hero-live news-article widget-hero widget-hero-fter-review\">\n<div data-component-name=\"Article:Hero\" class=\"news-article\">\n<div class=\"header-container\">\n<nav class=\"breadcrumb\" aria-label=\"Breadcrumbs\">\n<ol>\n<li>\nPro Cycling\n<\/li>\n<li>\nRacing\n<\/li>\n<li>\nRoad\n<\/li>\n<li>\nVuelta a Espa\u00f1a\n<\/li>\n<\/ol>\n<\/nav>\n<header>\n<div class=\"header-sub-container\">\n<h1 class=\"review-title-long live-report\">As it happened: Time trial goes down to the wire at stage 1 of the Vuelta a Espa\u00f1a stage 1<\/h1>\n<h2>Monaco to Monaco (ITT), 9.4 km<br \/>\n<\/h2>\n<div class=\"vds-byline-block flex flex-row flex-nowrap my-1.5 gap-2 text-left items-start justify-start\" data-component-name=\"Article:BylineBlock\">\n<p>Live-reports<\/p>\n<div class=\"my-auto vds-simple-byline\"><span class=\"inline-block vds-author\"><br \/>\nBy<br \/>\nStephen Puddicombe <\/span><\/p>\n<div class=\"flex gap-1 vds-byline-with-avatar__meta\"><span class=\"vds-date block font-normal tracking-normal normal-case text-xs\"><br \/>\nLast updated<br \/>\n<time data-component-name=\"UI:DateTime\" datetime=\"2026-08-22T17:39:33Z\" class=\"relative-date\"><br \/>\n22 August 2026<br \/>\n<\/time><\/span><\/div>\n<\/div>\n<\/div>\n<nav class=\"socialite-widget box less-space \" data-contexturl=\"https:\/\/www.cyclingnews.com\/pro-cycling\/live\/vuelta-a-espana-stage-1-live-tadej-pogacar-and-wout-van-aert-take-part-in-monaco-time-trial-gran-partida\/\" data-mrf-recirculation=\"socialite\">\n<ul class=\"socialite-widget-ul\">\n<li class=\"socialite-widget-item social-facebook\">\n<li class=\"socialite-widget-item social-twitter\">\n<li class=\"socialite-widget-item social-pinterest\">\n<li class=\"socialite-widget-item social-email\"><\/ul>\n<p><span class=\"text-[color:var(--comment-count-text-color,inherit)]\"><span>5<\/span><span class=\"visible hidden sm:inline-block\">Comments<\/span><\/span><span class=\"text-[color:var(--comment-count-text-color,inherit)] hidden visible sm:inline-block\">Join the conversation<\/span><\/nav>\n<aside class=\"text-gray-700 flex items-center mx-0 my-5 p-0 justify-start text-left\" id=\"affiliate-disclaimer\" data-component-name=\"AffiliateDisclaimer\" data-hawk-message=\"Affiliate disclaimer removed because hawk deemed there are no affiliate links on this page\">\n<p class=\"text-[color:var(--affiliate-disclaimer--text-color,inherit)] mb-2 text-[length:var(--affiliate-disclaimer--font-size,0.75rem)] leading-[18px] md:text-[13px] [&amp;&gt;a]:text-inherit [&amp;&gt;a]:underline\">\nWhen you purchase through links on our site, we may earn an affiliate commission. Here\u2019s how it works.\n<\/p>\n<\/aside>\n<\/div>\n<\/header>\n<figure>\n<source type=\"image\/webp\" srcset=\"https:\/\/cdn.mos.cms.futurecdn.net\/MiEh4b2a5tADEABr9Yp6w7-1024-80.jpg.webp 1920w, https:\/\/cdn.mos.cms.futurecdn.net\/MiEh4b2a5tADEABr9Yp6w7-1024-80.jpg.webp 1600w, https:\/\/cdn.mos.cms.futurecdn.net\/MiEh4b2a5tADEABr9Yp6w7-1024-80.jpg.webp 1200w, https:\/\/cdn.mos.cms.futurecdn.net\/MiEh4b2a5tADEABr9Yp6w7-1024-80.jpg.webp 1024w, https:\/\/cdn.mos.cms.futurecdn.net\/MiEh4b2a5tADEABr9Yp6w7-970-80.jpg.webp 970w, https:\/\/cdn.mos.cms.futurecdn.net\/MiEh4b2a5tADEABr9Yp6w7-750-80.jpg.webp 750w, https:\/\/cdn.mos.cms.futurecdn.net\/MiEh4b2a5tADEABr9Yp6w7-650-80.jpg.webp 650w, https:\/\/cdn.mos.cms.futurecdn.net\/MiEh4b2a5tADEABr9Yp6w7-480-80.jpg.webp 480w, https:\/\/cdn.mos.cms.futurecdn.net\/MiEh4b2a5tADEABr9Yp6w7-320-80.jpg.webp 320w\" sizes=\"(min-width: 1000px) 600px, 100vw\" \/><figcaption class=\"font-article-copy text-(--image--text--color) font-article-copy mt-2\"><span class=\"credit\">(Image credit: \u00a9 Getty Images)<\/span><\/figcaption><\/figure>\n<\/div>\n<\/div>\n<\/div>\n<div data-component-name=\"Article:JumpTo\" class=\"contents\" data-only-inline=\"1\">\n<div class=\"visible flex flex-row flex-nowrap sticky max-lg:-ml-5 top-[var(--site-header-height,60px)] sm:top-0 z-[9994] w-screen lg:w-full h-[50px] bg-white p-0 mb-5 border-neutral-200 border border-solid\" data-component-name=\"Article:JumpTo:Variants:Inline\" data-analytics-id=\"sticky-nav\" id=\"sticky-nav--inline\" data-mrf-recirculation=\"sticky-nav\">\n<div class=\"flex flex-row w-full h-full overflow-x-scroll overflow-y-hidden tracking-normal overscroll-x-contain\" id=\"sticky-nav__scroll-container\"><span class=\"pl-4 my-auto text-base font-semibold font-article-heading lg:pl-3 lg:text-sm whitespace-nowrap uppercase\">Jump To:<\/span><\/p>\n<ul class=\"flex flex-row w-auto border-y-0\">\n<li class=\"inline-flex after:content-[&apos;&apos;] after:inline-block after:relative after:h-3\/6 after:w-px after:bg-neutral-200 after:top-1\/4\nborder-b-[3px] border-b-(--jumpto-underline-color) border-solid font-semibold \" data-component-name=\"Article:JumpTo:Inline:Link\">\n<p>Race Situation<\/p>\n<\/li>\n<li class=\"inline-flex after:content-[&apos;&apos;] after:inline-block after:relative after:h-3\/6 after:w-px after:bg-neutral-200 after:top-1\/4\n\" data-component-name=\"Article:JumpTo:Inline:Link\">\n<p>Have your say!<\/p>\n<\/li>\n<li class=\"inline-flex after:content-[&apos;&apos;] after:inline-block after:relative after:h-3\/6 after:w-px after:bg-neutral-200 after:top-1\/4\n\" data-component-name=\"Article:JumpTo:Inline:Link\">\n<p>OFFICIAL START<\/p>\n<\/li>\n<li class=\"inline-flex after:content-[&apos;&apos;] after:inline-block after:relative after:h-3\/6 after:w-px after:bg-neutral-200 after:top-1\/4\n\" data-component-name=\"Article:JumpTo:Inline:Link\">\n<p>NEW FASTEST TIME &#8211; LEKNESSUND<\/p>\n<\/li>\n<li class=\"inline-flex after:content-[&apos;&apos;] after:inline-block after:relative after:h-3\/6 after:w-px after:bg-neutral-200 after:top-1\/4\n\" data-component-name=\"Article:JumpTo:Inline:Link\">\n<p>NEW FASTEST TIME &#8211; MATHIAS SUNEKAER NORSGAARD<\/p>\n<\/li>\n<li class=\"inline-flex after:content-[&apos;&apos;] after:inline-block after:relative after:h-3\/6 after:w-px after:bg-neutral-200 after:top-1\/4\n\" data-component-name=\"Article:JumpTo:Inline:Link\">\n<p>NEW FASTEST TIME &#8211; LABROSSE<\/p>\n<\/li>\n<li class=\"inline-flex after:content-[&apos;&apos;] after:inline-block after:relative after:h-3\/6 after:w-px after:bg-neutral-200 after:top-1\/4\n\" data-component-name=\"Article:JumpTo:Inline:Link\">\n<p>NEW FASTEST TIME &#8211; SANDER DE PESTEL<\/p>\n<\/li>\n<li class=\"inline-flex after:content-[&apos;&apos;] after:inline-block after:relative after:h-3\/6 after:w-px after:bg-neutral-200 after:top-1\/4\n\" data-component-name=\"Article:JumpTo:Inline:Link\">\n<p>NEW FASTEST TIME &#8211; MATTHEW BRENNAN<\/p>\n<\/li>\n<li class=\"inline-flex after:content-[&apos;&apos;] after:inline-block after:relative after:h-3\/6 after:w-px after:bg-neutral-200 after:top-1\/4\n\" data-component-name=\"Article:JumpTo:Inline:Link\">\n<p>NEW FASTEST TIME &#8211; ARTHUR KLUCKERS<\/p>\n<\/li>\n<li class=\"inline-flex after:content-[&apos;&apos;] after:inline-block after:relative after:h-3\/6 after:w-px after:bg-neutral-200 after:top-1\/4\n\" data-component-name=\"Article:JumpTo:Inline:Link\">\n<p>NEW FASTEST TIME &#8211; OSCAR CHAMBERLAIN<\/p>\n<\/li>\n<li class=\"inline-flex after:content-[&apos;&apos;] after:inline-block after:relative after:h-3\/6 after:w-px after:bg-neutral-200 after:top-1\/4\n\" data-component-name=\"Article:JumpTo:Inline:Link\">\n<p>NEW FASTEST TIME &#8211; LEO BISIAUX<\/p>\n<\/li>\n<li class=\"inline-flex after:content-[&apos;&apos;] after:inline-block after:relative after:h-3\/6 after:w-px after:bg-neutral-200 after:top-1\/4\n\" data-component-name=\"Article:JumpTo:Inline:Link\">\n<p>NEW FASTEST TIME &#8211; CALLUM THORNLEY<\/p>\n<\/li>\n<li class=\"inline-flex after:content-[&apos;&apos;] after:inline-block after:relative after:h-3\/6 after:w-px after:bg-neutral-200 after:top-1\/4\n\" data-component-name=\"Article:JumpTo:Inline:Link\">\n<p>NEW FASTEST TIME &#8211; JOSH TARLING<\/p>\n<\/li>\n<li class=\"inline-flex after:content-[&apos;&apos;] after:inline-block after:relative after:h-3\/6 after:w-px after:bg-neutral-200 after:top-1\/4\n\" data-component-name=\"Article:JumpTo:Inline:Link\">\n<p>NEW FASTEST TIME &#8211; ETHAN HAYTER<\/p>\n<\/li>\n<li class=\"inline-flex after:content-[&apos;&apos;] after:inline-block after:relative after:h-3\/6 after:w-px after:bg-neutral-200 after:top-1\/4\n\" data-component-name=\"Article:JumpTo:Inline:Link\">\n<p>NEW FASTEST TIME &#8211; TADEJ POGACAR<\/p>\n<\/li>\n<li class=\"inline-flex after:content-[&apos;&apos;] after:inline-block after:relative after:h-3\/6 after:w-px after:bg-neutral-200 after:top-1\/4\n\" data-component-name=\"Article:JumpTo:Inline:Link\">\n<p>POGACAR WINS<\/p>\n<\/li>\n<\/ul>\n<\/div>\n<\/div>\n<\/div>\n<div data-widget-type=\"contentparsed\" id=\"pinned-content\" class=\"clear-both widget widget-contentparsed widget-pinned-content widget-contentparsed-pinned-content widget-pinned news-article widget-content-parsed widget-content-parsed-default widget-content-parsed-live-feed \">\n<div class=\" article-body \">\n<div class><\/p>\n<p id=\"elk-2c3baace-98c5-11f1-8166-53c76d35a05a\"><strong>Vuelta a Espa\u00f1a 2026 &#8211; Everything you need to know<\/strong><\/p>\n<p><strong>Vuelta a Espa\u00f1a 2026 &#8211; Route<\/strong><\/p>\n<p id=\"elk-2c3baace-98c5-11f1-8166-53c76d35a05a-2\"><strong>Vuelta a Espa\u00f1a 2026 &#8211; Contenders<\/strong><\/p>\n<p><strong>Vuelta a Espa\u00f1a 2026 &#8211; stage 1 preview<\/strong><\/p>\n<p><strong>How to watch the 2026 Vuelta a Espa\u00f1a<\/strong><\/p>\n<p id=\"elk-51c5094c-98c6-11f1-a853-1f28c8980f57\"><strong>For unbeatable coverage across road, gravel and tech, subscribe to Cyclingnews. You&#8217;ll get comprehensive race coverage of La Vuelta a Espa\u00f1a, subscriber-exclusive analysis from our expert columnists, in-depth features and industry-leading tech insight. Plus, the Cyclingnews app lets you follow the action wherever you go! <\/strong><u><strong>Join today.<\/strong><\/u><\/p>\n<h3 class=\"article-body__section\" id=\"section-race-situation\"><span>Race Situation<\/span><\/h3>\n\n<h3 class=\"article-body__section\" id=\"section-have-your-say\"><span>Have your say!<\/span><\/h3>\n<\/div>\n<\/div>\n<\/div>\n<div data-widget-type=\"contentparsed\" id=\"live-feed-multipage\" class=\"clear-both widget widget-contentparsed widget-live-feed-multipage widget-contentparsed-live-feed-multipage news-article widget-content-parsed widget-content-parsed-default multipage widget-content-parsed-live-feed \">\n<div id=\"article-body\" class=\" article-body \">\n<div class=\"wcp-item-content\"><time class=\"no-wrap live-feed-date\" datetime=\"2026-08-22T17:39:33+00:00\">2026-08-22T17:39:33.958Z<\/time><\/p>\n<figure class=\"van-image-figure inline-layout\" data-bordeaux-image-check id=\"elk-7189a14a-9e50-11f1-9215-ff299cc52c58\">\n<div class=\"image-full-width-wrapper\">\n<div class=\"image-widthsetter\">\n<p class=\"vanilla-image-block\">\n<source type=\"image\/webp\" srcset=\"https:\/\/cdn.mos.cms.futurecdn.net\/MiEh4b2a5tADEABr9Yp6w7-1024-80.jpg.webp 1200w, https:\/\/cdn.mos.cms.futurecdn.net\/MiEh4b2a5tADEABr9Yp6w7-1024-80.jpg.webp 1024w, https:\/\/cdn.mos.cms.futurecdn.net\/MiEh4b2a5tADEABr9Yp6w7-970-80.jpg.webp 970w, https:\/\/cdn.mos.cms.futurecdn.net\/MiEh4b2a5tADEABr9Yp6w7-650-80.jpg.webp 650w, https:\/\/cdn.mos.cms.futurecdn.net\/MiEh4b2a5tADEABr9Yp6w7-480-80.jpg.webp 480w, https:\/\/cdn.mos.cms.futurecdn.net\/MiEh4b2a5tADEABr9Yp6w7-320-80.jpg.webp 320w\" sizes=\"(min-width: 1000px) 970px, calc(100vw - 40px)\" \/><\/p>\n<\/div>\n<\/div><figcaption class=\" inline-layout\"><span class=\"credit\">(Image credit: Getty Images)<\/span><\/figcaption><\/figure>\n<\/div>\n<div class=\"wcp-item-content\"><time class=\"no-wrap live-feed-date\" datetime=\"2026-08-22T17:34:29+00:00\">2026-08-22T17:34:29.338Z<\/time><\/p>\n<h3 class=\"article-body__section\" id=\"section-pogacar-wins\"><span>POGACAR WINS<\/span><\/h3>\n<p id=\"elk-bbd2e6d6-9e4f-11f1-a515-590b8fe5beb3\">The last man on the course, Primo\u017e Rogli\u010d, finishes down in 24th, confirming that, for the 128th time in his career, Tadej Poga\u010dar has won the race!<\/p>\n<\/div>\n<div class=\"wcp-item-content\"><time class=\"no-wrap live-feed-date\" datetime=\"2026-08-22T17:32:16+00:00\">2026-08-22T17:32:16.209Z<\/time><\/p>\n<h3 class=\"article-body__section\" id=\"section-new-fastest-time-tadej-pogacar\"><span>NEW FASTEST TIME &#8211; TADEJ POGACAR<\/span><\/h3>\n<p id=\"elk-6c762ff8-9e4f-11f1-8286-8d5acb457fd5\">The big man has done it again, but by the barest of margins! Tadej Poga\u010dar mercilessly attacked the final kilometres of the technical route, and defeated Hayter&#8217;s time by a mere nine hundreds of a second. Hayter must be devastated.<\/p>\n<\/div>\n<div class=\"wcp-item-content\"><time class=\"no-wrap live-feed-date\" datetime=\"2026-08-22T17:29:04+00:00\">2026-08-22T17:29:04.638Z<\/time><\/p>\n<p id=\"elk-fa5f2dd4-9e4e-11f1-ac98-a5c2169146b2\">Van Aert reaches the finish\u2026and he\u2019s 7th fastest!<\/p>\n<p>The stage isn\u2019t Hayter\u2019s yet, though. Poga\u010dar has yet to finish, and he was second fastest at the time check by two seconds. How hard will he go during the technical final section?<\/p>\n<\/div>\n<div class=\"wcp-item-content\"><time class=\"no-wrap live-feed-date\" datetime=\"2026-08-22T17:26:15+00:00\">2026-08-22T17:26:15.014Z<\/time><\/p>\n<p id=\"elk-9536c412-9e4e-11f1-8d85-0b7560ad3ed4\">Van Aert goes through the intermediate check, and he&#8217;s down a bit, 5th fastest. He will need to speed up a lot if he&#8217;s to win the stage.<\/p>\n<p>His points classification rival Pedersen reaches the finish down in 13, having slowed down in the second half.<\/p>\n<p id=\"elk-9536c412-9e4e-11f1-8d85-0b7560ad3ed4-2\">Multiple former winner Primo\u017e Rogli\u010d is also on the road, meaning there is nobody else left to start. We&#8217;ll know who the first wearer of the red jersey will be imminently.<\/p>\n<\/div>\n<div class=\"wcp-item-content\"><time class=\"no-wrap live-feed-date\" datetime=\"2026-08-22T17:21:01+00:00\">2026-08-22T17:21:01.052Z<\/time><\/p>\n<h3 class=\"article-body__section\" id=\"section-new-fastest-time-ethan-hayter\"><span>NEW FASTEST TIME &#8211; ETHAN HAYTER<\/span><\/h3>\n<p id=\"elk-da0ee46c-9e4d-11f1-b656-3d34d3858fae\">Hayter does it! He smashes Tarling&#8217;s time at the finish by four whole seconds.<\/p>\n<p>That&#8217;s going to be some time to beat, and there&#8217;s only a handful of riders left to finish. But one of them Tadej Poga\u010dar, who has just started his ride. This is going to be a hectic end to the stage.<\/p>\n<\/div>\n<div class=\"wcp-item-content\"><time class=\"no-wrap live-feed-date\" datetime=\"2026-08-22T17:18:55+00:00\">2026-08-22T17:18:55.759Z<\/time><\/p>\n<p id=\"elk-8fd5acfa-9e4d-11f1-bdc8-e1908a3367c3\">Only a few riders left, and one of them is among the very top favourites for the win today &#8211; Wout van Aert. He&#8217;s just taken off from the start ramp, and looks like he means business.<\/p>\n<p>Further up the road, Ethan Hayter is on a great day, and has just smashed Tarling&#8217;s time at the intermediate check by a whole three seconds! Could there been a swap of Brits at the hot seat?<\/p>\n<\/div>\n<div class=\"wcp-item-content\"><time class=\"no-wrap live-feed-date\" datetime=\"2026-08-22T17:13:57+00:00\">2026-08-22T17:13:57.443Z<\/time><\/p>\n<p id=\"elk-dda1a4f8-9e4c-11f1-8f75-6f40c7c5153e\">Some more of the race&#8217;s biggest names have just finished. Enric Mas loses 29 seconds with the 36th best time, a time you imagine he&#8217;ll be reasonably happy with given his dislike of this discipline. And intriguingly, Jo\u00e3o Almeida (pictured) finishes 13th fastest at 14 seconds &#8211; not his best ride, but a sign he has come into this Vuelta with some form, after such a rough season.<\/p>\n<p>Meanwhile Tarling&#8217;s time was immediately put under threat from Christophe Laporte, but the Frenchman must settle for third fastest, two seconds slower.<\/p>\n<figure class=\"van-image-figure inline-layout\" data-bordeaux-image-check id=\"elk-dda1a566-9e4c-11f1-829a-c57f98981732\">\n<div class=\"image-full-width-wrapper\">\n<div class=\"image-widthsetter\">\n<p class=\"vanilla-image-block\">\n<source type=\"image\/webp\" srcset=\"https:\/\/cdn.mos.cms.futurecdn.net\/WudH3P8jcAaytK4opiqRcg-1024-80.jpg.webp 1200w, https:\/\/cdn.mos.cms.futurecdn.net\/WudH3P8jcAaytK4opiqRcg-1024-80.jpg.webp 1024w, https:\/\/cdn.mos.cms.futurecdn.net\/WudH3P8jcAaytK4opiqRcg-970-80.jpg.webp 970w, https:\/\/cdn.mos.cms.futurecdn.net\/WudH3P8jcAaytK4opiqRcg-650-80.jpg.webp 650w, https:\/\/cdn.mos.cms.futurecdn.net\/WudH3P8jcAaytK4opiqRcg-480-80.jpg.webp 480w, https:\/\/cdn.mos.cms.futurecdn.net\/WudH3P8jcAaytK4opiqRcg-320-80.jpg.webp 320w\" sizes=\"(min-width: 1000px) 970px, calc(100vw - 40px)\" \/><\/p>\n<\/div>\n<\/div><figcaption class=\" inline-layout\"><span class=\"credit\">(Image credit: Getty Images)<\/span><\/figcaption><\/figure>\n<\/div>\n<div class=\"wcp-item-content\"><time class=\"no-wrap live-feed-date\" datetime=\"2026-08-22T17:05:03+00:00\">2026-08-22T17:05:03.103Z<\/time><\/p>\n<h3 class=\"article-body__section\" id=\"section-new-fastest-time-josh-tarling\"><span>NEW FASTEST TIME &#8211; JOSH TARLING<\/span><\/h3>\n<p id=\"elk-9f625e72-9e4b-11f1-94b2-0576dd7974ee\">Tarling has done it, just about! The Brit reaches the lines a mere second quicker than Thornley. He now waits on the host seat to see if that time will be beaten by any of the big names to come, but whatever happens from here, that was a moving performance.<\/p>\n<\/div>\n<div class=\"wcp-item-content\"><time class=\"no-wrap live-feed-date\" datetime=\"2026-08-22T16:59:36+00:00\">2026-08-22T16:59:36.222Z<\/time><\/p>\n<p id=\"elk-dc59a6d8-9e4a-11f1-a7b1-734c1f761180\">Tarling has made an excellent start! He&#8217;s quickest at the first check, by one second. Thornley did do a flyer of a second half on the more technical section, so he&#8217;ll have to keep going, but he&#8217;s looking good to take the lead.<\/p>\n<\/div>\n<div class=\"wcp-item-content\"><time class=\"no-wrap live-feed-date\" datetime=\"2026-08-22T16:54:43+00:00\">2026-08-22T16:54:43.248Z<\/time><\/p>\n<p id=\"elk-2d9b1a6e-9e4a-11f1-bd1b-f7f921529b85\">Josh Tarling is out on the road, and you can only imagine what he is going through. Only last week the Brit lost his youngest brother Finlay after a collision at the Volta a Portugal, and he is riding in his honour today.<\/p>\n<\/div>\n<div class=\"wcp-item-content\"><time class=\"no-wrap live-feed-date\" datetime=\"2026-08-22T16:50:19+00:00\">2026-08-22T16:50:19.365Z<\/time><\/p>\n<h3 class=\"article-body__section\" id=\"section-new-fastest-time-callum-thornley\"><span>NEW FASTEST TIME &#8211; CALLUM THORNLEY<\/span><\/h3>\n<p id=\"elk-92ba1158-9e49-11f1-8118-4da74b40c092\">Yet another new man on the hot seat, and it&#8217;s yet another shock &#8211; this time it&#8217;s a Red Bull young rider, Callum Thornley. Shortly after Jay Vine finished with the 6th fastest time, Thornley flew to the finish with a time three seconds quicker than Bisiaux.<\/p>\n<\/div>\n<div class=\"wcp-item-content\"><time class=\"no-wrap live-feed-date\" datetime=\"2026-08-22T16:44:35+00:00\">2026-08-22T16:44:35.721Z<\/time><\/p>\n<h3 class=\"article-body__section\" id=\"section-new-fastest-time-leo-bisiaux\"><span>NEW FASTEST TIME &#8211; LEO BISIAUX <\/span><\/h3>\n<p id=\"elk-c395cc32-9e48-11f1-a9f9-5b64d6fb3c50\">The same pattern repeats again &#8211; a Decathlon rider sets the new fastest time! Having been 4 seconds down at the first check, L\u00e9o Bisiaux rode a superb second half of the route to post the best time at the finish, a fraction of a second quicker than his teammate Chamberlain.<\/p>\n<\/div>\n<div class=\"wcp-item-content\"><time class=\"no-wrap live-feed-date\" datetime=\"2026-08-22T16:41:17+00:00\">2026-08-22T16:41:17.389Z<\/time><\/p>\n<p id=\"elk-4d8468c8-9e48-11f1-8101-b9adcff126e6\"><em><strong>For unbeatable coverage across road, gravel and tech, subscribe to Cyclingnews. You&#8217;ll get comprehensive race coverage of La Vuelta a Espa\u00f1a, subscriber-exclusive analysis from our expert columnists, in-depth features and industry-leading tech insight. Plus, the Cyclingnews app lets you follow the action wherever you go!<\/strong><\/em><em><strong> Join today<\/strong><\/em><em><strong>.<\/strong><\/em><\/p>\n<\/div>\n<div class=\"wcp-item-content\"><time class=\"no-wrap live-feed-date\" datetime=\"2026-08-22T16:36:19+00:00\">2026-08-22T16:36:19.770Z<\/time><\/p>\n<p id=\"elk-9be6eaaa-9e47-11f1-8c45-c15e639f634b\">Jay Vine is the latest stage contender to start. He&#8217;s quality against the clock, and was second behind Ganna in the time trial last year. But his questionable technique will be severely tested by this technical route.<\/p>\n<\/div>\n<div class=\"wcp-item-content\"><time class=\"no-wrap live-feed-date\" datetime=\"2026-08-22T16:30:13+00:00\">2026-08-22T16:30:13.434Z<\/time><\/p>\n<p id=\"elk-c19af076-9e46-11f1-971d-e7046236ac41\">Stefan K\u00fcng has finished, but he&#8217;s not up to the speed he was in Poland. The Swiss rider posts the fourth fastest time, and won&#8217;t be on the podium tonight.<\/p>\n<p>He&#8217;s narrowly slower than Alessandro Romele, another impressive young performer who has gone third fastest.<\/p>\n<\/div>\n<div class=\"wcp-item-content\"><time class=\"no-wrap live-feed-date\" datetime=\"2026-08-22T16:23:23+00:00\">2026-08-22T16:23:23.417Z<\/time><\/p>\n<h3 class=\"article-body__section\" id=\"section-new-fastest-time-oscar-chamberlain\"><span>NEW FASTEST TIME &#8211; OSCAR CHAMBERLAIN<\/span><\/h3>\n<p id=\"elk-cd2688a2-9e45-11f1-bb0e-c9f7f7da54c0\">Another surprise, and it&#8217;s another Decathlon rider who has delivered it. 21-year-old Oscar Chamberlain has gone two seconds quicker than Kluckers. That ride has come out of nowhere from a man making his Grand Tour debut, who has never before won a pro race.<\/p>\n<\/div>\n<div class=\"wcp-item-content\"><time class=\"no-wrap live-feed-date\" datetime=\"2026-08-22T16:18:40+00:00\">2026-08-22T16:18:40.682Z<\/time><\/p>\n<p id=\"elk-24a1104e-9e45-11f1-bfbd-93d2c626195e\">Veteran Mikel Landa has finished, and is a long way down, losing over a minute with the 90th best time so far. He&#8217;s never been a time trialist, and that ride suggests he hasn&#8217;t come into the kind of form necessary to push for the kind of high overall finishes he used to.<\/p>\n<p>One rider who is a time trialist is Stefan Kung, who has just started his ride. The Swiss rider is in form having won a the Tour of Poland recently, and won a time trial stage at the Vuelta two years ago.<\/p>\n<\/div>\n<div class=\"wcp-item-content\"><time class=\"no-wrap live-feed-date\" datetime=\"2026-08-22T16:09:01+00:00\">2026-08-22T16:09:01.619Z<\/time><\/p>\n<h3 class=\"article-body__section\" id=\"section-new-fastest-time-arthur-kluckers\"><span>NEW FASTEST TIME &#8211; ARTHUR KLUCKERS <\/span><\/h3>\n<p id=\"elk-cba0b0a4-9e43-11f1-ab46-3543322ab86c\">Brennan has been ousted from the hot seat! Kluckers had gone 2 seconds quicker at the time check, and extended that to 4 seconds by the finish. He might have finished 6th at the Tour of Poland time trial recently, but that&#8217;s still a surprising ride from the Luxembourger<\/p>\n<\/div>\n<div class=\"wcp-item-content\"><time class=\"no-wrap live-feed-date\" datetime=\"2026-08-22T15:59:30+00:00\">2026-08-22T15:59:30.023Z<\/time><\/p>\n<p id=\"elk-76b6b29c-9e42-11f1-8c5d-65b1556118b7\">Onley and Gall (pictured) have both now finished, and they\u2019ve both set similar times &#8211; both losing quite a bit of time. Onley was well down in with the 40th fastest time, losing 34 seconds to Brennan, while Gall (though normally the inferior time trialist) limited his losses to 30 seconds with the 33rd fastest time.<\/p>\n<p>Much quicker is young Pablo Torres, who has gone 6th quickest so far at his first ever stage at a Grand Tour.<\/p>\n<figure class=\"van-image-figure inline-layout\" data-bordeaux-image-check id=\"elk-76b6b314-9e42-11f1-83ad-95332bdbca57\">\n<div class=\"image-full-width-wrapper\">\n<div class=\"image-widthsetter\">\n<p class=\"vanilla-image-block\">\n<source type=\"image\/webp\" srcset=\"https:\/\/cdn.mos.cms.futurecdn.net\/3vo6tGi2RiKn8UcdUBcYXH-1024-80.jpg.webp 1200w, https:\/\/cdn.mos.cms.futurecdn.net\/3vo6tGi2RiKn8UcdUBcYXH-1024-80.jpg.webp 1024w, https:\/\/cdn.mos.cms.futurecdn.net\/3vo6tGi2RiKn8UcdUBcYXH-970-80.jpg.webp 970w, https:\/\/cdn.mos.cms.futurecdn.net\/3vo6tGi2RiKn8UcdUBcYXH-650-80.jpg.webp 650w, https:\/\/cdn.mos.cms.futurecdn.net\/3vo6tGi2RiKn8UcdUBcYXH-480-80.jpg.webp 480w, https:\/\/cdn.mos.cms.futurecdn.net\/3vo6tGi2RiKn8UcdUBcYXH-320-80.jpg.webp 320w\" sizes=\"(min-width: 1000px) 970px, calc(100vw - 40px)\" \/><\/p>\n<\/div>\n<\/div><figcaption class=\" inline-layout\"><span class=\"credit\">(Image credit: Getty Images)<\/span><\/figcaption><\/figure>\n<\/div>\n<div class=\"wcp-item-content\"><time class=\"no-wrap live-feed-date\" datetime=\"2026-08-22T15:53:54+00:00\">2026-08-22T15:53:54.580Z<\/time><\/p>\n<p id=\"elk-af084512-9e41-11f1-b496-adab9ecb61ce\">Another top name for the podium is on the road now, and, all things considered, is going OK. Felix Gall is 16th fastest at the time check, only 3 seconds slower than Carapaz and five seconds slower than Skjelmose. For a man whose Achilles&#8217; heel is the time trial, he will take this.<\/p>\n<\/div>\n<div class=\"wcp-item-content\"><time class=\"no-wrap live-feed-date\" datetime=\"2026-08-22T15:49:17+00:00\">2026-08-22T15:49:17.146Z<\/time><\/p>\n<p id=\"elk-096d2de8-9e41-11f1-a609-4d045b06f0be\"><em><strong>For unbeatable coverage across road, gravel and tech, subscribe to Cyclingnews. You&#8217;ll get comprehensive race coverage of La Vuelta a Espa\u00f1a, subscriber-exclusive analysis from our expert columnists, in-depth features and industry-leading tech insight. Plus, the Cyclingnews app lets you follow the action wherever you go!<\/strong><\/em><em><strong> Join today<\/strong><\/em><em><strong>.<\/strong><\/em><\/p>\n<\/div>\n<div class=\"wcp-item-content\"><time class=\"no-wrap live-feed-date\" datetime=\"2026-08-22T15:44:55+00:00\">2026-08-22T15:44:55.746Z<\/time><\/p>\n<p id=\"elk-6dc8d108-9e40-11f1-a66e-efd08cdf3523\">Oscar Onley is off an underway! Following an injury-disrupted start to the season, this will be his first Grand Tour since placing fourth at the Tour de France last year. Given the form he showed at the Vuelta a Burgos, he&#8217;s one of the top candidates for a podium finish overall, so will race hard today.<\/p>\n<\/div>\n<div class=\"wcp-item-content\"><time class=\"no-wrap live-feed-date\" datetime=\"2026-08-22T15:37:32+00:00\">2026-08-22T15:37:32.013Z<\/time><\/p>\n<h3 class=\"article-body__section\" id=\"section-new-fastest-time-matthew-brennan\"><span>NEW FASTEST TIME &#8211; MATTHEW BRENNAN<\/span><\/h3>\n<p id=\"elk-6520ea50-9e3f-11f1-85c6-a39bd9bc3c1a\">The Brit has indeed gone faster, beating De Pestel by two seconds! That&#8217;s one hell of a ride from Brennan, especially considering it&#8217;s the sprint we&#8217;re anticipating him making an impact at this Vuelta, rather than the time trial. He&#8217;s a huge talent whose versatility could become one of the stories of this race.<\/p>\n<p>And he was also one of the young riders we picked to look out for ahead of the race. Have a read to see who else we&#8217;re backing, in a race where young talent often comes to the fore.<\/p>\n<p id=\"elk-6520ea50-9e3f-11f1-85c6-a39bd9bc3c1a-2\">Cycling&#8217;s next generation heads to Spain \u2013 Young riders to watch at the Vuelta a Espa\u00f1a<\/p>\n<\/div>\n<div class=\"wcp-item-content\"><time class=\"no-wrap live-feed-date\" datetime=\"2026-08-22T15:34:41+00:00\">2026-08-22T15:34:41.992Z<\/time><\/p>\n<h3 class=\"article-body__section\" id=\"section-new-fastest-time-sander-de-pestel\"><span>NEW FASTEST TIME &#8211; SANDER DE PESTEL<\/span><\/h3>\n<p id=\"elk-ffea4582-9e3e-11f1-b116-371626d3717c\">A turn up for the books here &#8211; Sander De Pestel has just posted the best time, five seconds faster than his Decathlon teammate Labrosse. What did the Decathlon riders eat today for lunch? Whatever it is it&#8217;s working, as they&#8217;re on fire.<\/p>\n<p>De Pestel might not be in the hot seat for long though, as Brennan is flying and has the fastest time at the intermediate check. Watch this space&#8230;<\/p>\n<\/div>\n<div class=\"wcp-item-content\"><time class=\"no-wrap live-feed-date\" datetime=\"2026-08-22T15:32:03+00:00\">2026-08-22T15:32:03.475Z<\/time><\/p>\n<p id=\"elk-a167707a-9e3e-11f1-8455-a33aeb1fed5e\">A couple more significant GC times to report. Both Mattias Skjelmose (6th at the Tour de France this year) and Tobias Halland Johannessen (6th at the Tour de France last year) have finished 5 seconds slower than Laborsse, and are placed 4th and 3rd respectively on the virtual classification. Skjelmose might have wanted to go quicker than that, given how the time trial is usually one of his big weapons.<\/p>\n<figure class=\"van-image-figure inline-layout\" data-bordeaux-image-check id=\"elk-a16770d4-9e3e-11f1-81b3-5d4a04876b09\">\n<div class=\"image-full-width-wrapper\">\n<div class=\"image-widthsetter\">\n<p class=\"vanilla-image-block\">\n<source type=\"image\/webp\" srcset=\"https:\/\/cdn.mos.cms.futurecdn.net\/NsCrkgz6XghFZVnqRfqCgV-1024-80.jpg.webp 1200w, https:\/\/cdn.mos.cms.futurecdn.net\/NsCrkgz6XghFZVnqRfqCgV-1024-80.jpg.webp 1024w, https:\/\/cdn.mos.cms.futurecdn.net\/NsCrkgz6XghFZVnqRfqCgV-970-80.jpg.webp 970w, https:\/\/cdn.mos.cms.futurecdn.net\/NsCrkgz6XghFZVnqRfqCgV-650-80.jpg.webp 650w, https:\/\/cdn.mos.cms.futurecdn.net\/NsCrkgz6XghFZVnqRfqCgV-480-80.jpg.webp 480w, https:\/\/cdn.mos.cms.futurecdn.net\/NsCrkgz6XghFZVnqRfqCgV-320-80.jpg.webp 320w\" sizes=\"(min-width: 1000px) 970px, calc(100vw - 40px)\" \/><\/p>\n<\/div>\n<\/div><figcaption class=\" inline-layout\"><span class=\"credit\">(Image credit: Getty Images)<\/span><\/figcaption><\/figure>\n<\/div>\n<div class=\"wcp-item-content\"><time class=\"no-wrap live-feed-date\" datetime=\"2026-08-22T15:24:44+00:00\">2026-08-22T15:24:44.228Z<\/time><\/p>\n<p id=\"elk-9b895d40-9e3d-11f1-b535-1fd28b71dac5\">For the first time in his career, Matthew Brennan is riding at a Grand Tour! He&#8217;s just started his ride, bringing to a beginning a Vuelta debut which has attracted much hype. This probably won&#8217;t be a day for him, but he has his eyes on the sprints, which he is a genuine contender for a win based on his brilliant form this season.<\/p>\n<\/div>\n<div class=\"wcp-item-content\"><time class=\"no-wrap live-feed-date\" datetime=\"2026-08-22T15:16:13+00:00\">2026-08-22T15:16:13.321Z<\/time><\/p>\n<p id=\"elk-6af80e02-9e3c-11f1-9656-f932eb02f578\">Sepp Kuss has just finished, 22 seconds with the 13th fastest ride. That didn&#8217;t appear to be a ride from someone going as hard as possible to limit his losses, but nor did he sit up and take it easy.<\/p>\n<p>The 2023 champion has said that is prioritising chasing stage wins over the GC, but that ride suggests he isn&#8217;t totally sacrificing the former just yet.<\/p>\n<p>&#8216;A top 10 on GC isn&#8217;t as important as a stage win&#8217; \u2013 2023 Vuelta a Espa\u00f1a champion Sepp Kuss to make definitive decision on overall bid at end of first week<\/p>\n<figure class=\"van-image-figure inline-layout\" data-bordeaux-image-check id=\"elk-6af80e84-9e3c-11f1-88b1-a7b9cb65bbae\">\n<div class=\"image-full-width-wrapper\">\n<div class=\"image-widthsetter\">\n<p class=\"vanilla-image-block\">\n<source type=\"image\/webp\" srcset=\"https:\/\/cdn.mos.cms.futurecdn.net\/Pmq933JTdmmAPqjeockWEL-1024-80.jpg.webp 1200w, https:\/\/cdn.mos.cms.futurecdn.net\/Pmq933JTdmmAPqjeockWEL-1024-80.jpg.webp 1024w, https:\/\/cdn.mos.cms.futurecdn.net\/Pmq933JTdmmAPqjeockWEL-970-80.jpg.webp 970w, https:\/\/cdn.mos.cms.futurecdn.net\/Pmq933JTdmmAPqjeockWEL-650-80.jpg.webp 650w, https:\/\/cdn.mos.cms.futurecdn.net\/Pmq933JTdmmAPqjeockWEL-480-80.jpg.webp 480w, https:\/\/cdn.mos.cms.futurecdn.net\/Pmq933JTdmmAPqjeockWEL-320-80.jpg.webp 320w\" sizes=\"(min-width: 1000px) 970px, calc(100vw - 40px)\" \/><\/p>\n<\/div>\n<\/div><figcaption class=\" inline-layout\"><span class=\"credit\">(Image credit: Getty Images)<\/span><\/figcaption><\/figure>\n<\/div>\n<div class=\"wcp-item-content\"><time class=\"no-wrap live-feed-date\" datetime=\"2026-08-22T15:08:48+00:00\">2026-08-22T15:08:48.993Z<\/time><\/p>\n<p id=\"elk-620d320a-9e3b-11f1-bbf6-8f2f4c0d075b\">Labrosse\u2019s time is safe for now, with nobody threatening it at the intermediate time check.<\/p>\n<p>While there\u2019s a slight lull in what has been a hectic start, be sure to catch up on what\u2019s happened at both the Renewi Tour and Tour of Britain Women, both of which have finished.<\/p>\n<\/div>\n<div class=\"wcp-item-content\"><time class=\"no-wrap live-feed-date\" datetime=\"2026-08-22T15:01:59+00:00\">2026-08-22T15:01:59.445Z<\/time><\/p>\n<p id=\"elk-6e455c92-9e3a-11f1-a726-8d5bbab03670\">Richard Carapaz has finished his ride, and it looks pretty solid. He&#8217;s third fastest, with a time ten seconds slower than Labrosse. We&#8217;ll have a much better idea of how good it is later on, once the other non-time trial specialist GC riders start their rides.<\/p>\n<p>A couple of other such rider have just rolled off the start ramp &#8211; Matthew Riccitello, and former winner Sepp Kuss. Unlike Carapaz, they are only outside contenders, and may not go hard today if they&#8217;re not targetting it.<\/p>\n<figure class=\"van-image-figure inline-layout\" data-bordeaux-image-check id=\"elk-6e455cf6-9e3a-11f1-9c94-8f4cb6df3d52\">\n<div class=\"image-full-width-wrapper\">\n<div class=\"image-widthsetter\">\n<p class=\"vanilla-image-block\">\n<source type=\"image\/webp\" srcset=\"https:\/\/cdn.mos.cms.futurecdn.net\/HHNRM2BrZQojeQ4URVB4sL-1024-80.jpg.webp 1200w, https:\/\/cdn.mos.cms.futurecdn.net\/HHNRM2BrZQojeQ4URVB4sL-1024-80.jpg.webp 1024w, https:\/\/cdn.mos.cms.futurecdn.net\/HHNRM2BrZQojeQ4URVB4sL-970-80.jpg.webp 970w, https:\/\/cdn.mos.cms.futurecdn.net\/HHNRM2BrZQojeQ4URVB4sL-650-80.jpg.webp 650w, https:\/\/cdn.mos.cms.futurecdn.net\/HHNRM2BrZQojeQ4URVB4sL-480-80.jpg.webp 480w, https:\/\/cdn.mos.cms.futurecdn.net\/HHNRM2BrZQojeQ4URVB4sL-320-80.jpg.webp 320w\" sizes=\"(min-width: 1000px) 970px, calc(100vw - 40px)\" \/><\/p>\n<\/div>\n<\/div><figcaption class=\" inline-layout\"><span class=\"credit\">(Image credit: Getty Images)<\/span><\/figcaption><\/figure>\n<\/div>\n<div class=\"wcp-item-content\"><time class=\"no-wrap live-feed-date\" datetime=\"2026-08-22T14:52:17+00:00\">2026-08-22T14:52:17.454Z<\/time><\/p>\n<h3 class=\"article-body__section\" id=\"section-new-fastest-time-labrosse\"><span>NEW FASTEST TIME &#8211; LABROSSE<\/span><\/h3>\n<p id=\"elk-1331e86c-9e39-11f1-ac00-439e3b651cd1\">Another new leader is in the clubhouse, and this time by a big margin, as 23-year-old Jordan Labrosse (pictured) bests Norsgaard by a whole 16 seconds. That&#8217;s a mighty impressive ride, but even he was challenged moments later as sprinter Aulaur came within a second of beating him at the finish.<\/p>\n<figure class=\"van-image-figure inline-layout\" data-bordeaux-image-check id=\"elk-1331e8da-9e39-11f1-8902-a37a37a1e336\">\n<div class=\"image-full-width-wrapper\">\n<div class=\"image-widthsetter\">\n<p class=\"vanilla-image-block\">\n<source type=\"image\/webp\" srcset=\"https:\/\/cdn.mos.cms.futurecdn.net\/JjYiuFpv5kB6qMQ3ewBPR3-1024-80.jpg.webp 1200w, https:\/\/cdn.mos.cms.futurecdn.net\/JjYiuFpv5kB6qMQ3ewBPR3-1024-80.jpg.webp 1024w, https:\/\/cdn.mos.cms.futurecdn.net\/JjYiuFpv5kB6qMQ3ewBPR3-970-80.jpg.webp 970w, https:\/\/cdn.mos.cms.futurecdn.net\/JjYiuFpv5kB6qMQ3ewBPR3-650-80.jpg.webp 650w, https:\/\/cdn.mos.cms.futurecdn.net\/JjYiuFpv5kB6qMQ3ewBPR3-480-80.jpg.webp 480w, https:\/\/cdn.mos.cms.futurecdn.net\/JjYiuFpv5kB6qMQ3ewBPR3-320-80.jpg.webp 320w\" sizes=\"(min-width: 1000px) 970px, calc(100vw - 40px)\" \/><\/p>\n<\/div>\n<\/div><figcaption class=\" inline-layout\"><span class=\"credit\">(Image credit: Getty Images)<\/span><\/figcaption><\/figure>\n<\/div>\n<div class=\"wcp-item-content\"><time class=\"no-wrap live-feed-date\" datetime=\"2026-08-22T14:47:11+00:00\">2026-08-22T14:47:11.417Z<\/time><\/p>\n<h3 class=\"article-body__section\" id=\"section-new-fastest-time-mathias-sunekaer-norsgaard\"><span>NEW FASTEST TIME &#8211; MATHIAS SUNEKAER NORSGAARD <\/span><\/h3>\n<p id=\"elk-5cb43a18-9e38-11f1-8fc7-7f4618583edd\">A Norwegian has been usurped by a Dane! Lidl&#8217;s Norsgaard pips Leknessund&#8217;s time by a mere second, after Kaden Groves had himself fallen just one second short.<\/p>\n<p>Meanwhile at the start, the first major GC contender has just began &#8211; Richard Carapaz. After his star attacking turn at the Tour de France, he&#8217;s stated his intent to commit fully to GC at this race, so will go hard to concede as little time as possible.<\/p>\n<figure class=\"van-image-figure inline-layout\" data-bordeaux-image-check id=\"elk-9f3e4798-9e38-11f1-9dc1-9b5322254e5f\">\n<div class=\"image-full-width-wrapper\">\n<div class=\"image-widthsetter\">\n<p class=\"vanilla-image-block\">\n<source type=\"image\/webp\" srcset=\"https:\/\/cdn.mos.cms.futurecdn.net\/gBvBSKwNxuzZnPzm5DxQxU-1024-80.jpg.webp 1200w, https:\/\/cdn.mos.cms.futurecdn.net\/gBvBSKwNxuzZnPzm5DxQxU-1024-80.jpg.webp 1024w, https:\/\/cdn.mos.cms.futurecdn.net\/gBvBSKwNxuzZnPzm5DxQxU-970-80.jpg.webp 970w, https:\/\/cdn.mos.cms.futurecdn.net\/gBvBSKwNxuzZnPzm5DxQxU-650-80.jpg.webp 650w, https:\/\/cdn.mos.cms.futurecdn.net\/gBvBSKwNxuzZnPzm5DxQxU-480-80.jpg.webp 480w, https:\/\/cdn.mos.cms.futurecdn.net\/gBvBSKwNxuzZnPzm5DxQxU-320-80.jpg.webp 320w\" sizes=\"(min-width: 1000px) 970px, calc(100vw - 40px)\" \/><\/p>\n<\/div>\n<\/div><figcaption class=\" inline-layout\"><span class=\"credit\">(Image credit: Getty Images)<\/span><\/figcaption><\/figure>\n<\/div>\n<div class=\"wcp-item-content\"><time class=\"no-wrap live-feed-date\" datetime=\"2026-08-22T14:41:06+00:00\">2026-08-22T14:41:06.840Z<\/time><\/p>\n<h3 class=\"article-body__section\" id=\"section-new-fastest-time-leknessund\"><span>NEW FASTEST TIME &#8211; LEKNESSUND <\/span><\/h3>\n<p id=\"elk-8367a29a-9e37-11f1-a279-bbe24700d35d\">Uriarte\u2019s time has indeed been beaten, by three riders in quick succession &#8211; Beloki, Porter, then Leknessund, who has gone quicker by a whole nine seconds.<\/p>\n<p>He might have faced some stiff competition from Bruno Armirail, one of the few time trial specialists who have set off early, but the Frenchman\u2019s hopes have been dashed by a mechanical.<\/p>\n<\/div>\n<div class=\"wcp-item-content\"><time class=\"no-wrap live-feed-date\" datetime=\"2026-08-22T14:37:54+00:00\">2026-08-22T14:37:54.646Z<\/time><\/p>\n<p id=\"elk-10d02432-9e37-11f1-8288-c51addebd5af\">After taking off first, Diego Uriarte (pictured) has the fastest time at the finish, and none of the five riders who have joined him at the clubhouse so far have manage to better him. But his time is under threat by Andreas Leknessund, who is quicker than him at the intermediate check.<\/p>\n<figure class=\"van-image-figure inline-layout\" data-bordeaux-image-check id=\"elk-10d02496-9e37-11f1-81f3-63f5f4242e04\">\n<div class=\"image-full-width-wrapper\">\n<div class=\"image-widthsetter\">\n<p class=\"vanilla-image-block\">\n<source type=\"image\/webp\" srcset=\"https:\/\/cdn.mos.cms.futurecdn.net\/xtMCbzWpp5orLLdWxwfnGk-1024-80.jpg.webp 1200w, https:\/\/cdn.mos.cms.futurecdn.net\/xtMCbzWpp5orLLdWxwfnGk-1024-80.jpg.webp 1024w, https:\/\/cdn.mos.cms.futurecdn.net\/xtMCbzWpp5orLLdWxwfnGk-970-80.jpg.webp 970w, https:\/\/cdn.mos.cms.futurecdn.net\/xtMCbzWpp5orLLdWxwfnGk-650-80.jpg.webp 650w, https:\/\/cdn.mos.cms.futurecdn.net\/xtMCbzWpp5orLLdWxwfnGk-480-80.jpg.webp 480w, https:\/\/cdn.mos.cms.futurecdn.net\/xtMCbzWpp5orLLdWxwfnGk-320-80.jpg.webp 320w\" sizes=\"(min-width: 1000px) 970px, calc(100vw - 40px)\" \/><\/p>\n<\/div>\n<\/div><figcaption class=\" inline-layout\"><span class=\"credit\">(Image credit: Getty Images)<\/span><\/figcaption><\/figure>\n<\/div>\n<div class=\"wcp-item-content\"><time class=\"no-wrap live-feed-date\" datetime=\"2026-08-22T14:32:51+00:00\">2026-08-22T14:32:51.232Z<\/time><\/p>\n<p id=\"elk-5c0ed160-9e36-11f1-8638-91c974135d6d\">Kaden Groves is the latest to start. The Australian is on a mission to win what would be a third points classification at this race. But he&#8217;s unlikely to score any points today. The time trial might be short, but not quite short enough for a sprinter like himself.<\/p>\n<p>&#8216;We&#8217;re looking for the green jersey, but it&#8217;ll be difficult&#8217; &#8211; Kaden Groves tips Tadej Poga\u010dar as potential rival in hunt for Vuelta a Espa\u00f1a points classification<\/p>\n<\/div>\n<div class=\"wcp-item-content\"><time class=\"no-wrap live-feed-date\" datetime=\"2026-08-22T14:26:26+00:00\">2026-08-22T14:26:26.579Z<\/time><\/p>\n<p id=\"elk-76a68bae-9e35-11f1-a1e1-67b25161874c\">There are no real curve balls in the running order, with most of the top riders not setting off until later in the day. But there is one man already out that&#8217;s worth keeping an eye on &#8211; Markel Beloki. As the son of Joseba, he has the genes, and based on some of his performances since turning pro, he has the talent too.<\/p>\n<\/div>\n<div class=\"wcp-item-content\"><time class=\"no-wrap live-feed-date\" datetime=\"2026-08-22T14:18:57+00:00\">2026-08-22T14:18:57.399Z<\/time><\/p>\n<h3 class=\"article-body__section\" id=\"section-official-start\"><span>OFFICIAL START<\/span><\/h3>\n<p id=\"elk-6af64642-9e34-11f1-a825-6bdc2a38baa9\">The first rider is Diego Uriarte, and he rolls down the start ramp to get this year&#8217;s Vuelta a Espa\u00f1a underway!<\/p>\n<\/div>\n<div class=\"wcp-item-content\"><time class=\"no-wrap live-feed-date\" datetime=\"2026-08-22T14:14:26+00:00\">2026-08-22T14:14:26.498Z<\/time><\/p>\n<p id=\"elk-c969c4b6-9e33-11f1-995b-a9ee85103e3f\">In terms of the stage win today, there\u2019s very healthy competition among some quality time trialists all vying for the honor of wearing the red jersey. Poga\u010dar is inevitably a contender, but will be up against specialists like Wout van Aert and Josh Tarling. Here\u2019s the full running order of the day.<\/p>\n<p>Vuelta a Espa\u00f1a stage 1 time trial start times \u2013 When Jay Vine, Wout van Aert, Tadej Poga\u010dar and others take turns on twisting 9.6km route in Monaco<\/p>\n<\/div>\n<div class=\"wcp-item-content\"><time class=\"no-wrap live-feed-date\" datetime=\"2026-08-22T14:08:57+00:00\">2026-08-22T14:08:57.545Z<\/time><\/p>\n<p id=\"elk-056ac830-9e33-11f1-a6e4-fd057b6b252a\">Poga\u010dar and the other GC contenders\u2019 quest for the red jersey begins with a short, flat, but technical time trial in Monaco. It\u2019s not long enough to cause especially big gaps between the GC contenders, but there\u2019s been much talk about the tricky corners &#8211; anyone wanting a high GC finish will have to be careful not to make a mistake.<\/p>\n<p>Vuelta a Espa\u00f1a 2026 stage 1 preview<\/p>\n<\/div>\n<div class=\"wcp-item-content\"><time class=\"no-wrap live-feed-date\" datetime=\"2026-08-22T14:04:47+00:00\">2026-08-22T14:04:47.021Z<\/time><\/p>\n<p id=\"elk-701700a0-9e32-11f1-8f6c-3b92d34f966d\">It\u2019s time at last for the Vuelta a Espa\u00f1a, the final Grand Tour of the season! After all the thrills of the Tour de France in July and Tour de France Femmes in August, the attention of the cycling world now turns to Spain.<\/p>\n<p>Much like in France, it\u2019s the same man who is hogging all of the attention &#8211; Tadej Poga\u010dar The Slovenian is going into this race as even more of a favourite than he was for the Tour, and the world is braced for another special performance from him. Poga\u010dar himself, though, is stressing the need to approach intelligently, and not take things for granted.<\/p>\n<p>&#8216;I need to race smart&#8217; &#8211; Tadej Poga\u010dar looking to complete the Grand Slam of Grand Tours in the Vuelta a Espa\u00f1a, while still looking ahead<\/p>\n<figure class=\"van-image-figure inline-layout\" data-bordeaux-image-check id=\"elk-70170104-9e32-11f1-8ccf-55a22078a5a7\">\n<div class=\"image-full-width-wrapper\">\n<div class=\"image-widthsetter\">\n<p class=\"vanilla-image-block\">\n<source type=\"image\/webp\" srcset=\"https:\/\/cdn.mos.cms.futurecdn.net\/Xvpejryw6FfwdiNHbvjou6-1024-80.jpg.webp 1200w, https:\/\/cdn.mos.cms.futurecdn.net\/Xvpejryw6FfwdiNHbvjou6-1024-80.jpg.webp 1024w, https:\/\/cdn.mos.cms.futurecdn.net\/Xvpejryw6FfwdiNHbvjou6-970-80.jpg.webp 970w, https:\/\/cdn.mos.cms.futurecdn.net\/Xvpejryw6FfwdiNHbvjou6-650-80.jpg.webp 650w, https:\/\/cdn.mos.cms.futurecdn.net\/Xvpejryw6FfwdiNHbvjou6-480-80.jpg.webp 480w, https:\/\/cdn.mos.cms.futurecdn.net\/Xvpejryw6FfwdiNHbvjou6-320-80.jpg.webp 320w\" sizes=\"(min-width: 1000px) 970px, calc(100vw - 40px)\" \/><\/p>\n<\/div>\n<\/div><figcaption class=\" inline-layout\"><span class=\"credit\">(Image credit: Getty Images)<\/span><\/figcaption><\/figure>\n<\/div>\n<div class=\"wcp-item-content\"><time class=\"no-wrap live-feed-date\" datetime=\"2026-08-22T13:57:37+00:00\">2026-08-22T13:57:37.907Z<\/time><\/p>\n<p id=\"elk-2c430990-98c5-11f1-bb17-25a35fb027b6\">Hola and welcome to stage one of the 2026 Vuelta a Espa\u00f1a!<\/p>\n<\/div>\n<div class=\"relative max-w-[1070px] viafoura-twig-component mt-6\" data-component-name=\"Viafoura:Comments\" data-nosnippet data-community-guidelines-text=\"&lt;p class=&apos;vfcustom-community-guidelines&apos;&gt;Please follow our &lt;a href=&quot;https:\/\/www.cyclingnews.com\/about\/#section-community-guidelines&quot; target=&quot;_blank&quot;&gt;community guidelines&lt;\/a&gt;.&lt;\/p&gt;\" data-join-the-conversation-text=\"Join the Conversation\">\n<div class=\"absolute top-0 left-0 w-full h-full flex items-center justify-center z-50 bg-white\/90 border-1 rounded-b-[var(--comment-widget-border-radius,0)]\">\n<div class=\"p-2 text-center\">\n<p class=\"mb-3 text-lg!\">You must confirm your public display name before commenting<\/p>\n<p class=\"mb-3 text-sm!\">Please logout and then login again, you will then be prompted to enter your display name.<\/p>\n<\/div>\n<\/div>\n<\/div>\n<\/div>\n<\/div>\n<\/div>\n<div id=\"widgetArea17\" class=\"widget-area md:basis-1\/3 widget-area-g-md-vp-1-3 widget-area-g-lg-vp-1-3 widget-area-g-xl-vp-1-3 page-widget-area-17\">\n<div data-widget-type=\"dynamic\" id=\"mostpopular\" class=\"clear-both widget widget-dynamic widget-mostpopular widget-dynamic-mostpopular widget-dynamic-fter-popular-box\">\n<div class=\"wdn-fte-pb pos-relative space-t20\n\"><\/p>\n<div class=\"slice-container popular-box-slice\">\n<section class=\"popular-box\" data-component-name=\"Slice:PopularBox\">\n<div class=\"popular-box__label\">\n<div class=\"popular-box__label__tab popular-box__label__tab--active\" role=\"heading\">\nLATEST ARTICLES\n<\/div>\n<\/div>\n<ol class=\"popular-box__articles-list popular-box__articles-list--active\">\n<li class=\"popular-box__article-list\">\n<div class=\"popular-box__article-list__container\">\n<div class=\"popular-box__article-list__image-wrapper\">\n<div>\n<source type=\"image\/webp\" srcset=\"https:\/\/cdn.mos.cms.futurecdn.net\/DRQuxgf3dM9QoT2cxCjf4E-1280-80.jpg.webp 1280w, https:\/\/cdn.mos.cms.futurecdn.net\/DRQuxgf3dM9QoT2cxCjf4E-720-80.jpg.webp 720w, https:\/\/cdn.mos.cms.futurecdn.net\/DRQuxgf3dM9QoT2cxCjf4E-640-80.jpg.webp 640w, https:\/\/cdn.mos.cms.futurecdn.net\/DRQuxgf3dM9QoT2cxCjf4E-320-80.jpg.webp 320w\" sizes=\"99vw\" \/><\/div>\n<\/div>\n<div class=\"popular-box__article-list__content\">\n<div class=\"popular-box__article-list__number-text\">1<\/div>\n<div class=\"popular-box__article-list__heading\">\n<p>&#8216;We expected to be attacked left, right and centre&#8217; &#8211; Kim Le Court-Pienaar defends Tour of Britain Women GC lead on hilly stage 4<\/p>\n<\/div>\n<\/div>\n<\/div>\n<\/li>\n<li class=\"popular-box__article-list\">\n<div class=\"popular-box__article-list__container\">\n<div class=\"popular-box__article-list__content\">\n<div class=\"popular-box__article-list__number-text\">2<\/div>\n<div class=\"popular-box__article-list__heading\">\n<p>&#8216;I want to develop myself more in the hills&#8217; \u2013\u00a0After another impressive punchy display at the Tour of Britain Women, is Lorena Wiebes evolving?<\/p>\n<\/div>\n<\/div>\n<\/div>\n<\/li>\n<li class=\"popular-box__article-list\">\n<div class=\"popular-box__article-list__container\">\n<div class=\"popular-box__article-list__content\">\n<div class=\"popular-box__article-list__number-text\">3<\/div>\n<div class=\"popular-box__article-list__heading\">\n<p>Deutschland Tour: Giulio Pellizzari wins queen stage as Isaac del Toro retakes control of race lead<\/p>\n<\/div>\n<\/div>\n<\/div>\n<\/li>\n<li class=\"popular-box__article-list\">\n<div class=\"popular-box__article-list__container\">\n<div class=\"popular-box__article-list__content\">\n<div class=\"popular-box__article-list__number-text\">4<\/div>\n<div class=\"popular-box__article-list__heading\">\n<p>Tour of Britain Women: Lorena Wiebes claims hard-fought hat trick of victories on stage 4<\/p>\n<\/div>\n<\/div>\n<\/div>\n<\/li>\n<li class=\"popular-box__article-list\">\n<div class=\"popular-box__article-list__container\">\n<div class=\"popular-box__article-list__content\">\n<div class=\"popular-box__article-list__number-text\">5<\/div>\n<div class=\"popular-box__article-list__heading\">\n<p>Renewi Tour: Jasper Philipsen awarded photo-finish sprint to claim stage 4 victory, retakes leader&#8217;s jersey<\/p>\n<\/div>\n<\/div>\n<\/div>\n<\/li>\n<\/ol>\n<\/section>\n<\/div>\n<\/div>\n<\/div>\n<\/div>\n<\/div>\n<\/article>\n<div data-widget-type=\"hero\" id=\"hero\" class=\"clear-both widget widget-hero widget-hero widget-hero-hero hero-live news-article widget-hero widget-hero-fter-review\">\n<div data-component-name=\"Article:Hero\" class=\"news-article\">\n<div class=\"header-container\">\n<nav class=\"breadcrumb\" aria-label=\"Breadcrumbs\">\n<ol>\n<li>\nPro Cycling\n<\/li>\n<li>\nRacing\n<\/li>\n<li>\nRoad\n<\/li>\n<li>\nVuelta a Espa\u00f1a\n<\/li>\n<\/ol>\n<\/nav>\n<header>\n<div class=\"header-sub-container\">\n<h1 class=\"review-title-long live-report\">As it happened: Time trial goes down to the wire at stage 1 of the Vuelta a Espa\u00f1a stage 1<\/h1>\n<h2>Monaco to Monaco (ITT), 9.4 km<br \/>\n<\/h2>\n<div class=\"vds-byline-block flex flex-row flex-nowrap my-1.5 gap-2 text-left items-start justify-start\" data-component-name=\"Article:BylineBlock\">\n<p>Live-reports<\/p>\n<div class=\"my-auto vds-simple-byline\"><span class=\"inline-block vds-author\"><br \/>\nBy<br \/>\nStephen Puddicombe <\/span><\/p>\n<div class=\"flex gap-1 vds-byline-with-avatar__meta\"><span class=\"vds-date block font-normal tracking-normal normal-case text-xs\"><br \/>\nLast updated<br \/>\n<time data-component-name=\"UI:DateTime\" datetime=\"2026-08-22T17:39:33Z\" class=\"relative-date\"><br \/>\n22 August 2026<br \/>\n<\/time><\/span><\/div>\n<\/div>\n<\/div>\n<nav class=\"socialite-widget box less-space \" data-contexturl=\"https:\/\/www.cyclingnews.com\/pro-cycling\/live\/vuelta-a-espana-stage-1-live-tadej-pogacar-and-wout-van-aert-take-part-in-monaco-time-trial-gran-partida\/\" data-mrf-recirculation=\"socialite\">\n<ul class=\"socialite-widget-ul\">\n<li class=\"socialite-widget-item social-facebook\">\n<li class=\"socialite-widget-item social-twitter\">\n<li class=\"socialite-widget-item social-pinterest\">\n<li class=\"socialite-widget-item social-email\"><\/ul>\n<p><span class=\"text-[color:var(--comment-count-text-color,inherit)]\"><span>5<\/span><span class=\"visible hidden sm:inline-block\">Comments<\/span><\/span><span class=\"text-[color:var(--comment-count-text-color,inherit)] hidden visible sm:inline-block\">Join the conversation<\/span><\/nav>\n<aside class=\"text-gray-700 flex items-center mx-0 my-5 p-0 justify-start text-left\" id=\"affiliate-disclaimer\" data-component-name=\"AffiliateDisclaimer\" data-hawk-message=\"Affiliate disclaimer removed because hawk deemed there are no affiliate links on this page\">\n<p class=\"text-[color:var(--affiliate-disclaimer--text-color,inherit)] mb-2 text-[length:var(--affiliate-disclaimer--font-size,0.75rem)] leading-[18px] md:text-[13px] [&amp;&gt;a]:text-inherit [&amp;&gt;a]:underline\">\nWhen you purchase through links on our site, we may earn an affiliate commission. Here\u2019s how it works.\n<\/p>\n<\/aside>\n<\/div>\n<\/header>\n<figure>\n<source type=\"image\/webp\" srcset=\"https:\/\/cdn.mos.cms.futurecdn.net\/MiEh4b2a5tADEABr9Yp6w7-1024-80.jpg.webp 1920w, https:\/\/cdn.mos.cms.futurecdn.net\/MiEh4b2a5tADEABr9Yp6w7-1024-80.jpg.webp 1600w, https:\/\/cdn.mos.cms.futurecdn.net\/MiEh4b2a5tADEABr9Yp6w7-1024-80.jpg.webp 1200w, https:\/\/cdn.mos.cms.futurecdn.net\/MiEh4b2a5tADEABr9Yp6w7-1024-80.jpg.webp 1024w, https:\/\/cdn.mos.cms.futurecdn.net\/MiEh4b2a5tADEABr9Yp6w7-970-80.jpg.webp 970w, https:\/\/cdn.mos.cms.futurecdn.net\/MiEh4b2a5tADEABr9Yp6w7-750-80.jpg.webp 750w, https:\/\/cdn.mos.cms.futurecdn.net\/MiEh4b2a5tADEABr9Yp6w7-650-80.jpg.webp 650w, https:\/\/cdn.mos.cms.futurecdn.net\/MiEh4b2a5tADEABr9Yp6w7-480-80.jpg.webp 480w, https:\/\/cdn.mos.cms.futurecdn.net\/MiEh4b2a5tADEABr9Yp6w7-320-80.jpg.webp 320w\" sizes=\"(min-width: 1000px) 600px, 100vw\" \/><figcaption class=\"font-article-copy text-(--image--text--color) font-article-copy mt-2\"><span class=\"credit\">(Image credit: \u00a9 Getty Images)<\/span><\/figcaption><\/figure>\n<\/div>\n<\/div>\n<\/div>\n<div data-component-name=\"Article:Hero\" class=\"news-article\">\n<div class=\"header-container\">\n<nav class=\"breadcrumb\" aria-label=\"Breadcrumbs\">\n<ol>\n<li>\nPro Cycling\n<\/li>\n<li>\nRacing\n<\/li>\n<li>\nRoad\n<\/li>\n<li>\nVuelta a Espa\u00f1a\n<\/li>\n<\/ol>\n<\/nav>\n<header>\n<div class=\"header-sub-container\">\n<h1 class=\"review-title-long live-report\">As it happened: Time trial goes down to the wire at stage 1 of the Vuelta a Espa\u00f1a stage 1<\/h1>\n<h2>Monaco to Monaco (ITT), 9.4 km<br \/>\n<\/h2>\n<div class=\"vds-byline-block flex flex-row flex-nowrap my-1.5 gap-2 text-left items-start justify-start\" data-component-name=\"Article:BylineBlock\">\n<p>Live-reports<\/p>\n<div class=\"my-auto vds-simple-byline\"><span class=\"inline-block vds-author\"><br \/>\nBy<br \/>\nStephen Puddicombe <\/span><\/p>\n<div class=\"flex gap-1 vds-byline-with-avatar__meta\"><span class=\"vds-date block font-normal tracking-normal normal-case text-xs\"><br \/>\nLast updated<br \/>\n<time data-component-name=\"UI:DateTime\" datetime=\"2026-08-22T17:39:33Z\" class=\"relative-date\"><br \/>\n22 August 2026<br \/>\n<\/time><\/span><\/div>\n<\/div>\n<\/div>\n<nav class=\"socialite-widget box less-space \" data-contexturl=\"https:\/\/www.cyclingnews.com\/pro-cycling\/live\/vuelta-a-espana-stage-1-live-tadej-pogacar-and-wout-van-aert-take-part-in-monaco-time-trial-gran-partida\/\" data-mrf-recirculation=\"socialite\">\n<ul class=\"socialite-widget-ul\">\n<li class=\"socialite-widget-item social-facebook\">\n<li class=\"socialite-widget-item social-twitter\">\n<li class=\"socialite-widget-item social-pinterest\">\n<li class=\"socialite-widget-item social-email\"><\/ul>\n<p><span class=\"text-[color:var(--comment-count-text-color,inherit)]\"><span>5<\/span><span class=\"visible hidden sm:inline-block\">Comments<\/span><\/span><span class=\"text-[color:var(--comment-count-text-color,inherit)] hidden visible sm:inline-block\">Join the conversation<\/span><\/nav>\n<aside class=\"text-gray-700 flex items-center mx-0 my-5 p-0 justify-start text-left\" id=\"affiliate-disclaimer\" data-component-name=\"AffiliateDisclaimer\" data-hawk-message=\"Affiliate disclaimer removed because hawk deemed there are no affiliate links on this page\">\n<p class=\"text-[color:var(--affiliate-disclaimer--text-color,inherit)] mb-2 text-[length:var(--affiliate-disclaimer--font-size,0.75rem)] leading-[18px] md:text-[13px] [&amp;&gt;a]:text-inherit [&amp;&gt;a]:underline\">\nWhen you purchase through links on our site, we may earn an affiliate commission. Here\u2019s how it works.\n<\/p>\n<\/aside>\n<\/div>\n<\/header>\n<figure>\n<source type=\"image\/webp\" srcset=\"https:\/\/cdn.mos.cms.futurecdn.net\/MiEh4b2a5tADEABr9Yp6w7-1024-80.jpg.webp 1920w, https:\/\/cdn.mos.cms.futurecdn.net\/MiEh4b2a5tADEABr9Yp6w7-1024-80.jpg.webp 1600w, https:\/\/cdn.mos.cms.futurecdn.net\/MiEh4b2a5tADEABr9Yp6w7-1024-80.jpg.webp 1200w, https:\/\/cdn.mos.cms.futurecdn.net\/MiEh4b2a5tADEABr9Yp6w7-1024-80.jpg.webp 1024w, https:\/\/cdn.mos.cms.futurecdn.net\/MiEh4b2a5tADEABr9Yp6w7-970-80.jpg.webp 970w, https:\/\/cdn.mos.cms.futurecdn.net\/MiEh4b2a5tADEABr9Yp6w7-750-80.jpg.webp 750w, https:\/\/cdn.mos.cms.futurecdn.net\/MiEh4b2a5tADEABr9Yp6w7-650-80.jpg.webp 650w, https:\/\/cdn.mos.cms.futurecdn.net\/MiEh4b2a5tADEABr9Yp6w7-480-80.jpg.webp 480w, https:\/\/cdn.mos.cms.futurecdn.net\/MiEh4b2a5tADEABr9Yp6w7-320-80.jpg.webp 320w\" sizes=\"(min-width: 1000px) 600px, 100vw\" \/><figcaption class=\"font-article-copy text-(--image--text--color) font-article-copy mt-2\"><span class=\"credit\">(Image credit: \u00a9 Getty Images)<\/span><\/figcaption><\/figure>\n<\/div>\n<\/div>\n<div data-widget-type=\"contentparsed\" id=\"pinned-content\" class=\"clear-both widget widget-contentparsed widget-pinned-content widget-contentparsed-pinned-content widget-pinned news-article widget-content-parsed widget-content-parsed-default widget-content-parsed-live-feed \">\n<div class=\" article-body \">\n<div class><\/p>\n<p id=\"elk-2c3baace-98c5-11f1-8166-53c76d35a05a\"><strong>Vuelta a Espa\u00f1a 2026 &#8211; Everything you need to know<\/strong><\/p>\n<p><strong>Vuelta a Espa\u00f1a 2026 &#8211; Route<\/strong><\/p>\n<p id=\"elk-2c3baace-98c5-11f1-8166-53c76d35a05a-2\"><strong>Vuelta a Espa\u00f1a 2026 &#8211; Contenders<\/strong><\/p>\n<p><strong>Vuelta a Espa\u00f1a 2026 &#8211; stage 1 preview<\/strong><\/p>\n<p><strong>How to watch the 2026 Vuelta a Espa\u00f1a<\/strong><\/p>\n<p id=\"elk-51c5094c-98c6-11f1-a853-1f28c8980f57\"><strong>For unbeatable coverage across road, gravel and tech, subscribe to Cyclingnews. You&#8217;ll get comprehensive race coverage of La Vuelta a Espa\u00f1a, subscriber-exclusive analysis from our expert columnists, in-depth features and industry-leading tech insight. Plus, the Cyclingnews app lets you follow the action wherever you go! <\/strong><u><strong>Join today.<\/strong><\/u><\/p>\n<h3 class=\"article-body__section\" id=\"section-race-situation\"><span>Race Situation<\/span><\/h3>\n\n<h3 class=\"article-body__section\" id=\"section-have-your-say\"><span>Have your say!<\/span><\/h3>\n<\/div>\n<\/div>\n<\/div>\n<div data-widget-type=\"contentparsed\" id=\"live-feed-multipage\" class=\"clear-both widget widget-contentparsed widget-live-feed-multipage widget-contentparsed-live-feed-multipage news-article widget-content-parsed widget-content-parsed-default multipage widget-content-parsed-live-feed \">\n<div id=\"article-body\" class=\" article-body \">\n<div class=\"wcp-item-content\"><time class=\"no-wrap live-feed-date\" datetime=\"2026-08-22T17:39:33+00:00\">2026-08-22T17:39:33.958Z<\/time><\/p>\n<figure class=\"van-image-figure inline-layout\" data-bordeaux-image-check id=\"elk-7189a14a-9e50-11f1-9215-ff299cc52c58\">\n<div class=\"image-full-width-wrapper\">\n<div class=\"image-widthsetter\">\n<p class=\"vanilla-image-block\">\n<source type=\"image\/webp\" srcset=\"https:\/\/cdn.mos.cms.futurecdn.net\/MiEh4b2a5tADEABr9Yp6w7-1024-80.jpg.webp 1200w, https:\/\/cdn.mos.cms.futurecdn.net\/MiEh4b2a5tADEABr9Yp6w7-1024-80.jpg.webp 1024w, https:\/\/cdn.mos.cms.futurecdn.net\/MiEh4b2a5tADEABr9Yp6w7-970-80.jpg.webp 970w, https:\/\/cdn.mos.cms.futurecdn.net\/MiEh4b2a5tADEABr9Yp6w7-650-80.jpg.webp 650w, https:\/\/cdn.mos.cms.futurecdn.net\/MiEh4b2a5tADEABr9Yp6w7-480-80.jpg.webp 480w, https:\/\/cdn.mos.cms.futurecdn.net\/MiEh4b2a5tADEABr9Yp6w7-320-80.jpg.webp 320w\" sizes=\"(min-width: 1000px) 970px, calc(100vw - 40px)\" \/><\/p>\n<\/div>\n<\/div><figcaption class=\" inline-layout\"><span class=\"credit\">(Image credit: Getty Images)<\/span><\/figcaption><\/figure>\n<\/div>\n<div class=\"wcp-item-content\"><time class=\"no-wrap live-feed-date\" datetime=\"2026-08-22T17:34:29+00:00\">2026-08-22T17:34:29.338Z<\/time><\/p>\n<h3 class=\"article-body__section\" id=\"section-pogacar-wins\"><span>POGACAR WINS<\/span><\/h3>\n<p id=\"elk-bbd2e6d6-9e4f-11f1-a515-590b8fe5beb3\">The last man on the course, Primo\u017e Rogli\u010d, finishes down in 24th, confirming that, for the 128th time in his career, Tadej Poga\u010dar has won the race!<\/p>\n<\/div>\n<div class=\"wcp-item-content\"><time class=\"no-wrap live-feed-date\" datetime=\"2026-08-22T17:32:16+00:00\">2026-08-22T17:32:16.209Z<\/time><\/p>\n<h3 class=\"article-body__section\" id=\"section-new-fastest-time-tadej-pogacar\"><span>NEW FASTEST TIME &#8211; TADEJ POGACAR<\/span><\/h3>\n<p id=\"elk-6c762ff8-9e4f-11f1-8286-8d5acb457fd5\">The big man has done it again, but by the barest of margins! Tadej Poga\u010dar mercilessly attacked the final kilometres of the technical route, and defeated Hayter&#8217;s time by a mere nine hundreds of a second. Hayter must be devastated.<\/p>\n<\/div>\n<div class=\"wcp-item-content\"><time class=\"no-wrap live-feed-date\" datetime=\"2026-08-22T17:29:04+00:00\">2026-08-22T17:29:04.638Z<\/time><\/p>\n<p id=\"elk-fa5f2dd4-9e4e-11f1-ac98-a5c2169146b2\">Van Aert reaches the finish\u2026and he\u2019s 7th fastest!<\/p>\n<p>The stage isn\u2019t Hayter\u2019s yet, though. Poga\u010dar has yet to finish, and he was second fastest at the time check by two seconds. How hard will he go during the technical final section?<\/p>\n<\/div>\n<div class=\"wcp-item-content\"><time class=\"no-wrap live-feed-date\" datetime=\"2026-08-22T17:26:15+00:00\">2026-08-22T17:26:15.014Z<\/time><\/p>\n<p id=\"elk-9536c412-9e4e-11f1-8d85-0b7560ad3ed4\">Van Aert goes through the intermediate check, and he&#8217;s down a bit, 5th fastest. He will need to speed up a lot if he&#8217;s to win the stage.<\/p>\n<p>His points classification rival Pedersen reaches the finish down in 13, having slowed down in the second half.<\/p>\n<p id=\"elk-9536c412-9e4e-11f1-8d85-0b7560ad3ed4-2\">Multiple former winner Primo\u017e Rogli\u010d is also on the road, meaning there is nobody else left to start. We&#8217;ll know who the first wearer of the red jersey will be imminently.<\/p>\n<\/div>\n<div class=\"wcp-item-content\"><time class=\"no-wrap live-feed-date\" datetime=\"2026-08-22T17:21:01+00:00\">2026-08-22T17:21:01.052Z<\/time><\/p>\n<h3 class=\"article-body__section\" id=\"section-new-fastest-time-ethan-hayter\"><span>NEW FASTEST TIME &#8211; ETHAN HAYTER<\/span><\/h3>\n<p id=\"elk-da0ee46c-9e4d-11f1-b656-3d34d3858fae\">Hayter does it! He smashes Tarling&#8217;s time at the finish by four whole seconds.<\/p>\n<p>That&#8217;s going to be some time to beat, and there&#8217;s only a handful of riders left to finish. But one of them Tadej Poga\u010dar, who has just started his ride. This is going to be a hectic end to the stage.<\/p>\n<\/div>\n<div class=\"wcp-item-content\"><time class=\"no-wrap live-feed-date\" datetime=\"2026-08-22T17:18:55+00:00\">2026-08-22T17:18:55.759Z<\/time><\/p>\n<p id=\"elk-8fd5acfa-9e4d-11f1-bdc8-e1908a3367c3\">Only a few riders left, and one of them is among the very top favourites for the win today &#8211; Wout van Aert. He&#8217;s just taken off from the start ramp, and looks like he means business.<\/p>\n<p>Further up the road, Ethan Hayter is on a great day, and has just smashed Tarling&#8217;s time at the intermediate check by a whole three seconds! Could there been a swap of Brits at the hot seat?<\/p>\n<\/div>\n<div class=\"wcp-item-content\"><time class=\"no-wrap live-feed-date\" datetime=\"2026-08-22T17:13:57+00:00\">2026-08-22T17:13:57.443Z<\/time><\/p>\n<p id=\"elk-dda1a4f8-9e4c-11f1-8f75-6f40c7c5153e\">Some more of the race&#8217;s biggest names have just finished. Enric Mas loses 29 seconds with the 36th best time, a time you imagine he&#8217;ll be reasonably happy with given his dislike of this discipline. And intriguingly, Jo\u00e3o Almeida (pictured) finishes 13th fastest at 14 seconds &#8211; not his best ride, but a sign he has come into this Vuelta with some form, after such a rough season.<\/p>\n<p>Meanwhile Tarling&#8217;s time was immediately put under threat from Christophe Laporte, but the Frenchman must settle for third fastest, two seconds slower.<\/p>\n<figure class=\"van-image-figure inline-layout\" data-bordeaux-image-check id=\"elk-dda1a566-9e4c-11f1-829a-c57f98981732\">\n<div class=\"image-full-width-wrapper\">\n<div class=\"image-widthsetter\">\n<p class=\"vanilla-image-block\">\n<source type=\"image\/webp\" srcset=\"https:\/\/cdn.mos.cms.futurecdn.net\/WudH3P8jcAaytK4opiqRcg-1024-80.jpg.webp 1200w, https:\/\/cdn.mos.cms.futurecdn.net\/WudH3P8jcAaytK4opiqRcg-1024-80.jpg.webp 1024w, https:\/\/cdn.mos.cms.futurecdn.net\/WudH3P8jcAaytK4opiqRcg-970-80.jpg.webp 970w, https:\/\/cdn.mos.cms.futurecdn.net\/WudH3P8jcAaytK4opiqRcg-650-80.jpg.webp 650w, https:\/\/cdn.mos.cms.futurecdn.net\/WudH3P8jcAaytK4opiqRcg-480-80.jpg.webp 480w, https:\/\/cdn.mos.cms.futurecdn.net\/WudH3P8jcAaytK4opiqRcg-320-80.jpg.webp 320w\" sizes=\"(min-width: 1000px) 970px, calc(100vw - 40px)\" \/><\/p>\n<\/div>\n<\/div><figcaption class=\" inline-layout\"><span class=\"credit\">(Image credit: Getty Images)<\/span><\/figcaption><\/figure>\n<\/div>\n<div class=\"wcp-item-content\"><time class=\"no-wrap live-feed-date\" datetime=\"2026-08-22T17:05:03+00:00\">2026-08-22T17:05:03.103Z<\/time><\/p>\n<h3 class=\"article-body__section\" id=\"section-new-fastest-time-josh-tarling\"><span>NEW FASTEST TIME &#8211; JOSH TARLING<\/span><\/h3>\n<p id=\"elk-9f625e72-9e4b-11f1-94b2-0576dd7974ee\">Tarling has done it, just about! The Brit reaches the lines a mere second quicker than Thornley. He now waits on the host seat to see if that time will be beaten by any of the big names to come, but whatever happens from here, that was a moving performance.<\/p>\n<\/div>\n<div class=\"wcp-item-content\"><time class=\"no-wrap live-feed-date\" datetime=\"2026-08-22T16:59:36+00:00\">2026-08-22T16:59:36.222Z<\/time><\/p>\n<p id=\"elk-dc59a6d8-9e4a-11f1-a7b1-734c1f761180\">Tarling has made an excellent start! He&#8217;s quickest at the first check, by one second. Thornley did do a flyer of a second half on the more technical section, so he&#8217;ll have to keep going, but he&#8217;s looking good to take the lead.<\/p>\n<\/div>\n<div class=\"wcp-item-content\"><time class=\"no-wrap live-feed-date\" datetime=\"2026-08-22T16:54:43+00:00\">2026-08-22T16:54:43.248Z<\/time><\/p>\n<p id=\"elk-2d9b1a6e-9e4a-11f1-bd1b-f7f921529b85\">Josh Tarling is out on the road, and you can only imagine what he is going through. Only last week the Brit lost his youngest brother Finlay after a collision at the Volta a Portugal, and he is riding in his honour today.<\/p>\n<\/div>\n<div class=\"wcp-item-content\"><time class=\"no-wrap live-feed-date\" datetime=\"2026-08-22T16:50:19+00:00\">2026-08-22T16:50:19.365Z<\/time><\/p>\n<h3 class=\"article-body__section\" id=\"section-new-fastest-time-callum-thornley\"><span>NEW FASTEST TIME &#8211; CALLUM THORNLEY<\/span><\/h3>\n<p id=\"elk-92ba1158-9e49-11f1-8118-4da74b40c092\">Yet another new man on the hot seat, and it&#8217;s yet another shock &#8211; this time it&#8217;s a Red Bull young rider, Callum Thornley. Shortly after Jay Vine finished with the 6th fastest time, Thornley flew to the finish with a time three seconds quicker than Bisiaux.<\/p>\n<\/div>\n<div class=\"wcp-item-content\"><time class=\"no-wrap live-feed-date\" datetime=\"2026-08-22T16:44:35+00:00\">2026-08-22T16:44:35.721Z<\/time><\/p>\n<h3 class=\"article-body__section\" id=\"section-new-fastest-time-leo-bisiaux\"><span>NEW FASTEST TIME &#8211; LEO BISIAUX <\/span><\/h3>\n<p id=\"elk-c395cc32-9e48-11f1-a9f9-5b64d6fb3c50\">The same pattern repeats again &#8211; a Decathlon rider sets the new fastest time! Having been 4 seconds down at the first check, L\u00e9o Bisiaux rode a superb second half of the route to post the best time at the finish, a fraction of a second quicker than his teammate Chamberlain.<\/p>\n<\/div>\n<div class=\"wcp-item-content\"><time class=\"no-wrap live-feed-date\" datetime=\"2026-08-22T16:41:17+00:00\">2026-08-22T16:41:17.389Z<\/time><\/p>\n<p id=\"elk-4d8468c8-9e48-11f1-8101-b9adcff126e6\"><em><strong>For unbeatable coverage across road, gravel and tech, subscribe to Cyclingnews. You&#8217;ll get comprehensive race coverage of La Vuelta a Espa\u00f1a, subscriber-exclusive analysis from our expert columnists, in-depth features and industry-leading tech insight. Plus, the Cyclingnews app lets you follow the action wherever you go!<\/strong><\/em><em><strong> Join today<\/strong><\/em><em><strong>.<\/strong><\/em><\/p>\n<\/div>\n<div class=\"wcp-item-content\"><time class=\"no-wrap live-feed-date\" datetime=\"2026-08-22T16:36:19+00:00\">2026-08-22T16:36:19.770Z<\/time><\/p>\n<p id=\"elk-9be6eaaa-9e47-11f1-8c45-c15e639f634b\">Jay Vine is the latest stage contender to start. He&#8217;s quality against the clock, and was second behind Ganna in the time trial last year. But his questionable technique will be severely tested by this technical route.<\/p>\n<\/div>\n<div class=\"wcp-item-content\"><time class=\"no-wrap live-feed-date\" datetime=\"2026-08-22T16:30:13+00:00\">2026-08-22T16:30:13.434Z<\/time><\/p>\n<p id=\"elk-c19af076-9e46-11f1-971d-e7046236ac41\">Stefan K\u00fcng has finished, but he&#8217;s not up to the speed he was in Poland. The Swiss rider posts the fourth fastest time, and won&#8217;t be on the podium tonight.<\/p>\n<p>He&#8217;s narrowly slower than Alessandro Romele, another impressive young performer who has gone third fastest.<\/p>\n<\/div>\n<div class=\"wcp-item-content\"><time class=\"no-wrap live-feed-date\" datetime=\"2026-08-22T16:23:23+00:00\">2026-08-22T16:23:23.417Z<\/time><\/p>\n<h3 class=\"article-body__section\" id=\"section-new-fastest-time-oscar-chamberlain\"><span>NEW FASTEST TIME &#8211; OSCAR CHAMBERLAIN<\/span><\/h3>\n<p id=\"elk-cd2688a2-9e45-11f1-bb0e-c9f7f7da54c0\">Another surprise, and it&#8217;s another Decathlon rider who has delivered it. 21-year-old Oscar Chamberlain has gone two seconds quicker than Kluckers. That ride has come out of nowhere from a man making his Grand Tour debut, who has never before won a pro race.<\/p>\n<\/div>\n<div class=\"wcp-item-content\"><time class=\"no-wrap live-feed-date\" datetime=\"2026-08-22T16:18:40+00:00\">2026-08-22T16:18:40.682Z<\/time><\/p>\n<p id=\"elk-24a1104e-9e45-11f1-bfbd-93d2c626195e\">Veteran Mikel Landa has finished, and is a long way down, losing over a minute with the 90th best time so far. He&#8217;s never been a time trialist, and that ride suggests he hasn&#8217;t come into the kind of form necessary to push for the kind of high overall finishes he used to.<\/p>\n<p>One rider who is a time trialist is Stefan Kung, who has just started his ride. The Swiss rider is in form having won a the Tour of Poland recently, and won a time trial stage at the Vuelta two years ago.<\/p>\n<\/div>\n<div class=\"wcp-item-content\"><time class=\"no-wrap live-feed-date\" datetime=\"2026-08-22T16:09:01+00:00\">2026-08-22T16:09:01.619Z<\/time><\/p>\n<h3 class=\"article-body__section\" id=\"section-new-fastest-time-arthur-kluckers\"><span>NEW FASTEST TIME &#8211; ARTHUR KLUCKERS <\/span><\/h3>\n<p id=\"elk-cba0b0a4-9e43-11f1-ab46-3543322ab86c\">Brennan has been ousted from the hot seat! Kluckers had gone 2 seconds quicker at the time check, and extended that to 4 seconds by the finish. He might have finished 6th at the Tour of Poland time trial recently, but that&#8217;s still a surprising ride from the Luxembourger<\/p>\n<\/div>\n<div class=\"wcp-item-content\"><time class=\"no-wrap live-feed-date\" datetime=\"2026-08-22T15:59:30+00:00\">2026-08-22T15:59:30.023Z<\/time><\/p>\n<p id=\"elk-76b6b29c-9e42-11f1-8c5d-65b1556118b7\">Onley and Gall (pictured) have both now finished, and they\u2019ve both set similar times &#8211; both losing quite a bit of time. Onley was well down in with the 40th fastest time, losing 34 seconds to Brennan, while Gall (though normally the inferior time trialist) limited his losses to 30 seconds with the 33rd fastest time.<\/p>\n<p>Much quicker is young Pablo Torres, who has gone 6th quickest so far at his first ever stage at a Grand Tour.<\/p>\n<figure class=\"van-image-figure inline-layout\" data-bordeaux-image-check id=\"elk-76b6b314-9e42-11f1-83ad-95332bdbca57\">\n<div class=\"image-full-width-wrapper\">\n<div class=\"image-widthsetter\">\n<p class=\"vanilla-image-block\">\n<source type=\"image\/webp\" srcset=\"https:\/\/cdn.mos.cms.futurecdn.net\/3vo6tGi2RiKn8UcdUBcYXH-1024-80.jpg.webp 1200w, https:\/\/cdn.mos.cms.futurecdn.net\/3vo6tGi2RiKn8UcdUBcYXH-1024-80.jpg.webp 1024w, https:\/\/cdn.mos.cms.futurecdn.net\/3vo6tGi2RiKn8UcdUBcYXH-970-80.jpg.webp 970w, https:\/\/cdn.mos.cms.futurecdn.net\/3vo6tGi2RiKn8UcdUBcYXH-650-80.jpg.webp 650w, https:\/\/cdn.mos.cms.futurecdn.net\/3vo6tGi2RiKn8UcdUBcYXH-480-80.jpg.webp 480w, https:\/\/cdn.mos.cms.futurecdn.net\/3vo6tGi2RiKn8UcdUBcYXH-320-80.jpg.webp 320w\" sizes=\"(min-width: 1000px) 970px, calc(100vw - 40px)\" \/><\/p>\n<\/div>\n<\/div><figcaption class=\" inline-layout\"><span class=\"credit\">(Image credit: Getty Images)<\/span><\/figcaption><\/figure>\n<\/div>\n<div class=\"wcp-item-content\"><time class=\"no-wrap live-feed-date\" datetime=\"2026-08-22T15:53:54+00:00\">2026-08-22T15:53:54.580Z<\/time><\/p>\n<p id=\"elk-af084512-9e41-11f1-b496-adab9ecb61ce\">Another top name for the podium is on the road now, and, all things considered, is going OK. Felix Gall is 16th fastest at the time check, only 3 seconds slower than Carapaz and five seconds slower than Skjelmose. For a man whose Achilles&#8217; heel is the time trial, he will take this.<\/p>\n<\/div>\n<div class=\"wcp-item-content\"><time class=\"no-wrap live-feed-date\" datetime=\"2026-08-22T15:49:17+00:00\">2026-08-22T15:49:17.146Z<\/time><\/p>\n<p id=\"elk-096d2de8-9e41-11f1-a609-4d045b06f0be\"><em><strong>For unbeatable coverage across road, gravel and tech, subscribe to Cyclingnews. You&#8217;ll get comprehensive race coverage of La Vuelta a Espa\u00f1a, subscriber-exclusive analysis from our expert columnists, in-depth features and industry-leading tech insight. Plus, the Cyclingnews app lets you follow the action wherever you go!<\/strong><\/em><em><strong> Join today<\/strong><\/em><em><strong>.<\/strong><\/em><\/p>\n<\/div>\n<div class=\"wcp-item-content\"><time class=\"no-wrap live-feed-date\" datetime=\"2026-08-22T15:44:55+00:00\">2026-08-22T15:44:55.746Z<\/time><\/p>\n<p id=\"elk-6dc8d108-9e40-11f1-a66e-efd08cdf3523\">Oscar Onley is off an underway! Following an injury-disrupted start to the season, this will be his first Grand Tour since placing fourth at the Tour de France last year. Given the form he showed at the Vuelta a Burgos, he&#8217;s one of the top candidates for a podium finish overall, so will race hard today.<\/p>\n<\/div>\n<div class=\"wcp-item-content\"><time class=\"no-wrap live-feed-date\" datetime=\"2026-08-22T15:37:32+00:00\">2026-08-22T15:37:32.013Z<\/time><\/p>\n<h3 class=\"article-body__section\" id=\"section-new-fastest-time-matthew-brennan\"><span>NEW FASTEST TIME &#8211; MATTHEW BRENNAN<\/span><\/h3>\n<p id=\"elk-6520ea50-9e3f-11f1-85c6-a39bd9bc3c1a\">The Brit has indeed gone faster, beating De Pestel by two seconds! That&#8217;s one hell of a ride from Brennan, especially considering it&#8217;s the sprint we&#8217;re anticipating him making an impact at this Vuelta, rather than the time trial. He&#8217;s a huge talent whose versatility could become one of the stories of this race.<\/p>\n<p>And he was also one of the young riders we picked to look out for ahead of the race. Have a read to see who else we&#8217;re backing, in a race where young talent often comes to the fore.<\/p>\n<p id=\"elk-6520ea50-9e3f-11f1-85c6-a39bd9bc3c1a-2\">Cycling&#8217;s next generation heads to Spain \u2013 Young riders to watch at the Vuelta a Espa\u00f1a<\/p>\n<\/div>\n<div class=\"wcp-item-content\"><time class=\"no-wrap live-feed-date\" datetime=\"2026-08-22T15:34:41+00:00\">2026-08-22T15:34:41.992Z<\/time><\/p>\n<h3 class=\"article-body__section\" id=\"section-new-fastest-time-sander-de-pestel\"><span>NEW FASTEST TIME &#8211; SANDER DE PESTEL<\/span><\/h3>\n<p id=\"elk-ffea4582-9e3e-11f1-b116-371626d3717c\">A turn up for the books here &#8211; Sander De Pestel has just posted the best time, five seconds faster than his Decathlon teammate Labrosse. What did the Decathlon riders eat today for lunch? Whatever it is it&#8217;s working, as they&#8217;re on fire.<\/p>\n<p>De Pestel might not be in the hot seat for long though, as Brennan is flying and has the fastest time at the intermediate check. Watch this space&#8230;<\/p>\n<\/div>\n<div class=\"wcp-item-content\"><time class=\"no-wrap live-feed-date\" datetime=\"2026-08-22T15:32:03+00:00\">2026-08-22T15:32:03.475Z<\/time><\/p>\n<p id=\"elk-a167707a-9e3e-11f1-8455-a33aeb1fed5e\">A couple more significant GC times to report. Both Mattias Skjelmose (6th at the Tour de France this year) and Tobias Halland Johannessen (6th at the Tour de France last year) have finished 5 seconds slower than Laborsse, and are placed 4th and 3rd respectively on the virtual classification. Skjelmose might have wanted to go quicker than that, given how the time trial is usually one of his big weapons.<\/p>\n<figure class=\"van-image-figure inline-layout\" data-bordeaux-image-check id=\"elk-a16770d4-9e3e-11f1-81b3-5d4a04876b09\">\n<div class=\"image-full-width-wrapper\">\n<div class=\"image-widthsetter\">\n<p class=\"vanilla-image-block\">\n<source type=\"image\/webp\" srcset=\"https:\/\/cdn.mos.cms.futurecdn.net\/NsCrkgz6XghFZVnqRfqCgV-1024-80.jpg.webp 1200w, https:\/\/cdn.mos.cms.futurecdn.net\/NsCrkgz6XghFZVnqRfqCgV-1024-80.jpg.webp 1024w, https:\/\/cdn.mos.cms.futurecdn.net\/NsCrkgz6XghFZVnqRfqCgV-970-80.jpg.webp 970w, https:\/\/cdn.mos.cms.futurecdn.net\/NsCrkgz6XghFZVnqRfqCgV-650-80.jpg.webp 650w, https:\/\/cdn.mos.cms.futurecdn.net\/NsCrkgz6XghFZVnqRfqCgV-480-80.jpg.webp 480w, https:\/\/cdn.mos.cms.futurecdn.net\/NsCrkgz6XghFZVnqRfqCgV-320-80.jpg.webp 320w\" sizes=\"(min-width: 1000px) 970px, calc(100vw - 40px)\" \/><\/p>\n<\/div>\n<\/div><figcaption class=\" inline-layout\"><span class=\"credit\">(Image credit: Getty Images)<\/span><\/figcaption><\/figure>\n<\/div>\n<div class=\"wcp-item-content\"><time class=\"no-wrap live-feed-date\" datetime=\"2026-08-22T15:24:44+00:00\">2026-08-22T15:24:44.228Z<\/time><\/p>\n<p id=\"elk-9b895d40-9e3d-11f1-b535-1fd28b71dac5\">For the first time in his career, Matthew Brennan is riding at a Grand Tour! He&#8217;s just started his ride, bringing to a beginning a Vuelta debut which has attracted much hype. This probably won&#8217;t be a day for him, but he has his eyes on the sprints, which he is a genuine contender for a win based on his brilliant form this season.<\/p>\n<\/div>\n<div class=\"wcp-item-content\"><time class=\"no-wrap live-feed-date\" datetime=\"2026-08-22T15:16:13+00:00\">2026-08-22T15:16:13.321Z<\/time><\/p>\n<p id=\"elk-6af80e02-9e3c-11f1-9656-f932eb02f578\">Sepp Kuss has just finished, 22 seconds with the 13th fastest ride. That didn&#8217;t appear to be a ride from someone going as hard as possible to limit his losses, but nor did he sit up and take it easy.<\/p>\n<p>The 2023 champion has said that is prioritising chasing stage wins over the GC, but that ride suggests he isn&#8217;t totally sacrificing the former just yet.<\/p>\n<p>&#8216;A top 10 on GC isn&#8217;t as important as a stage win&#8217; \u2013 2023 Vuelta a Espa\u00f1a champion Sepp Kuss to make definitive decision on overall bid at end of first week<\/p>\n<figure class=\"van-image-figure inline-layout\" data-bordeaux-image-check id=\"elk-6af80e84-9e3c-11f1-88b1-a7b9cb65bbae\">\n<div class=\"image-full-width-wrapper\">\n<div class=\"image-widthsetter\">\n<p class=\"vanilla-image-block\">\n<source type=\"image\/webp\" srcset=\"https:\/\/cdn.mos.cms.futurecdn.net\/Pmq933JTdmmAPqjeockWEL-1024-80.jpg.webp 1200w, https:\/\/cdn.mos.cms.futurecdn.net\/Pmq933JTdmmAPqjeockWEL-1024-80.jpg.webp 1024w, https:\/\/cdn.mos.cms.futurecdn.net\/Pmq933JTdmmAPqjeockWEL-970-80.jpg.webp 970w, https:\/\/cdn.mos.cms.futurecdn.net\/Pmq933JTdmmAPqjeockWEL-650-80.jpg.webp 650w, https:\/\/cdn.mos.cms.futurecdn.net\/Pmq933JTdmmAPqjeockWEL-480-80.jpg.webp 480w, https:\/\/cdn.mos.cms.futurecdn.net\/Pmq933JTdmmAPqjeockWEL-320-80.jpg.webp 320w\" sizes=\"(min-width: 1000px) 970px, calc(100vw - 40px)\" \/><\/p>\n<\/div>\n<\/div><figcaption class=\" inline-layout\"><span class=\"credit\">(Image credit: Getty Images)<\/span><\/figcaption><\/figure>\n<\/div>\n<div class=\"wcp-item-content\"><time class=\"no-wrap live-feed-date\" datetime=\"2026-08-22T15:08:48+00:00\">2026-08-22T15:08:48.993Z<\/time><\/p>\n<p id=\"elk-620d320a-9e3b-11f1-bbf6-8f2f4c0d075b\">Labrosse\u2019s time is safe for now, with nobody threatening it at the intermediate time check.<\/p>\n<p>While there\u2019s a slight lull in what has been a hectic start, be sure to catch up on what\u2019s happened at both the Renewi Tour and Tour of Britain Women, both of which have finished.<\/p>\n<\/div>\n<div class=\"wcp-item-content\"><time class=\"no-wrap live-feed-date\" datetime=\"2026-08-22T15:01:59+00:00\">2026-08-22T15:01:59.445Z<\/time><\/p>\n<p id=\"elk-6e455c92-9e3a-11f1-a726-8d5bbab03670\">Richard Carapaz has finished his ride, and it looks pretty solid. He&#8217;s third fastest, with a time ten seconds slower than Labrosse. We&#8217;ll have a much better idea of how good it is later on, once the other non-time trial specialist GC riders start their rides.<\/p>\n<p>A couple of other such rider have just rolled off the start ramp &#8211; Matthew Riccitello, and former winner Sepp Kuss. Unlike Carapaz, they are only outside contenders, and may not go hard today if they&#8217;re not targetting it.<\/p>\n<figure class=\"van-image-figure inline-layout\" data-bordeaux-image-check id=\"elk-6e455cf6-9e3a-11f1-9c94-8f4cb6df3d52\">\n<div class=\"image-full-width-wrapper\">\n<div class=\"image-widthsetter\">\n<p class=\"vanilla-image-block\">\n<source type=\"image\/webp\" srcset=\"https:\/\/cdn.mos.cms.futurecdn.net\/HHNRM2BrZQojeQ4URVB4sL-1024-80.jpg.webp 1200w, https:\/\/cdn.mos.cms.futurecdn.net\/HHNRM2BrZQojeQ4URVB4sL-1024-80.jpg.webp 1024w, https:\/\/cdn.mos.cms.futurecdn.net\/HHNRM2BrZQojeQ4URVB4sL-970-80.jpg.webp 970w, https:\/\/cdn.mos.cms.futurecdn.net\/HHNRM2BrZQojeQ4URVB4sL-650-80.jpg.webp 650w, https:\/\/cdn.mos.cms.futurecdn.net\/HHNRM2BrZQojeQ4URVB4sL-480-80.jpg.webp 480w, https:\/\/cdn.mos.cms.futurecdn.net\/HHNRM2BrZQojeQ4URVB4sL-320-80.jpg.webp 320w\" sizes=\"(min-width: 1000px) 970px, calc(100vw - 40px)\" \/><\/p>\n<\/div>\n<\/div><figcaption class=\" inline-layout\"><span class=\"credit\">(Image credit: Getty Images)<\/span><\/figcaption><\/figure>\n<\/div>\n<div class=\"wcp-item-content\"><time class=\"no-wrap live-feed-date\" datetime=\"2026-08-22T14:52:17+00:00\">2026-08-22T14:52:17.454Z<\/time><\/p>\n<h3 class=\"article-body__section\" id=\"section-new-fastest-time-labrosse\"><span>NEW FASTEST TIME &#8211; LABROSSE<\/span><\/h3>\n<p id=\"elk-1331e86c-9e39-11f1-ac00-439e3b651cd1\">Another new leader is in the clubhouse, and this time by a big margin, as 23-year-old Jordan Labrosse (pictured) bests Norsgaard by a whole 16 seconds. That&#8217;s a mighty impressive ride, but even he was challenged moments later as sprinter Aulaur came within a second of beating him at the finish.<\/p>\n<figure class=\"van-image-figure inline-layout\" data-bordeaux-image-check id=\"elk-1331e8da-9e39-11f1-8902-a37a37a1e336\">\n<div class=\"image-full-width-wrapper\">\n<div class=\"image-widthsetter\">\n<p class=\"vanilla-image-block\">\n<source type=\"image\/webp\" srcset=\"https:\/\/cdn.mos.cms.futurecdn.net\/JjYiuFpv5kB6qMQ3ewBPR3-1024-80.jpg.webp 1200w, https:\/\/cdn.mos.cms.futurecdn.net\/JjYiuFpv5kB6qMQ3ewBPR3-1024-80.jpg.webp 1024w, https:\/\/cdn.mos.cms.futurecdn.net\/JjYiuFpv5kB6qMQ3ewBPR3-970-80.jpg.webp 970w, https:\/\/cdn.mos.cms.futurecdn.net\/JjYiuFpv5kB6qMQ3ewBPR3-650-80.jpg.webp 650w, https:\/\/cdn.mos.cms.futurecdn.net\/JjYiuFpv5kB6qMQ3ewBPR3-480-80.jpg.webp 480w, https:\/\/cdn.mos.cms.futurecdn.net\/JjYiuFpv5kB6qMQ3ewBPR3-320-80.jpg.webp 320w\" sizes=\"(min-width: 1000px) 970px, calc(100vw - 40px)\" \/><\/p>\n<\/div>\n<\/div><figcaption class=\" inline-layout\"><span class=\"credit\">(Image credit: Getty Images)<\/span><\/figcaption><\/figure>\n<\/div>\n<div class=\"wcp-item-content\"><time class=\"no-wrap live-feed-date\" datetime=\"2026-08-22T14:47:11+00:00\">2026-08-22T14:47:11.417Z<\/time><\/p>\n<h3 class=\"article-body__section\" id=\"section-new-fastest-time-mathias-sunekaer-norsgaard\"><span>NEW FASTEST TIME &#8211; MATHIAS SUNEKAER NORSGAARD <\/span><\/h3>\n<p id=\"elk-5cb43a18-9e38-11f1-8fc7-7f4618583edd\">A Norwegian has been usurped by a Dane! Lidl&#8217;s Norsgaard pips Leknessund&#8217;s time by a mere second, after Kaden Groves had himself fallen just one second short.<\/p>\n<p>Meanwhile at the start, the first major GC contender has just began &#8211; Richard Carapaz. After his star attacking turn at the Tour de France, he&#8217;s stated his intent to commit fully to GC at this race, so will go hard to concede as little time as possible.<\/p>\n<figure class=\"van-image-figure inline-layout\" data-bordeaux-image-check id=\"elk-9f3e4798-9e38-11f1-9dc1-9b5322254e5f\">\n<div class=\"image-full-width-wrapper\">\n<div class=\"image-widthsetter\">\n<p class=\"vanilla-image-block\">\n<source type=\"image\/webp\" srcset=\"https:\/\/cdn.mos.cms.futurecdn.net\/gBvBSKwNxuzZnPzm5DxQxU-1024-80.jpg.webp 1200w, https:\/\/cdn.mos.cms.futurecdn.net\/gBvBSKwNxuzZnPzm5DxQxU-1024-80.jpg.webp 1024w, https:\/\/cdn.mos.cms.futurecdn.net\/gBvBSKwNxuzZnPzm5DxQxU-970-80.jpg.webp 970w, https:\/\/cdn.mos.cms.futurecdn.net\/gBvBSKwNxuzZnPzm5DxQxU-650-80.jpg.webp 650w, https:\/\/cdn.mos.cms.futurecdn.net\/gBvBSKwNxuzZnPzm5DxQxU-480-80.jpg.webp 480w, https:\/\/cdn.mos.cms.futurecdn.net\/gBvBSKwNxuzZnPzm5DxQxU-320-80.jpg.webp 320w\" sizes=\"(min-width: 1000px) 970px, calc(100vw - 40px)\" \/><\/p>\n<\/div>\n<\/div><figcaption class=\" inline-layout\"><span class=\"credit\">(Image credit: Getty Images)<\/span><\/figcaption><\/figure>\n<\/div>\n<div class=\"wcp-item-content\"><time class=\"no-wrap live-feed-date\" datetime=\"2026-08-22T14:41:06+00:00\">2026-08-22T14:41:06.840Z<\/time><\/p>\n<h3 class=\"article-body__section\" id=\"section-new-fastest-time-leknessund\"><span>NEW FASTEST TIME &#8211; LEKNESSUND <\/span><\/h3>\n<p id=\"elk-8367a29a-9e37-11f1-a279-bbe24700d35d\">Uriarte\u2019s time has indeed been beaten, by three riders in quick succession &#8211; Beloki, Porter, then Leknessund, who has gone quicker by a whole nine seconds.<\/p>\n<p>He might have faced some stiff competition from Bruno Armirail, one of the few time trial specialists who have set off early, but the Frenchman\u2019s hopes have been dashed by a mechanical.<\/p>\n<\/div>\n<div class=\"wcp-item-content\"><time class=\"no-wrap live-feed-date\" datetime=\"2026-08-22T14:37:54+00:00\">2026-08-22T14:37:54.646Z<\/time><\/p>\n<p id=\"elk-10d02432-9e37-11f1-8288-c51addebd5af\">After taking off first, Diego Uriarte (pictured) has the fastest time at the finish, and none of the five riders who have joined him at the clubhouse so far have manage to better him. But his time is under threat by Andreas Leknessund, who is quicker than him at the intermediate check.<\/p>\n<figure class=\"van-image-figure inline-layout\" data-bordeaux-image-check id=\"elk-10d02496-9e37-11f1-81f3-63f5f4242e04\">\n<div class=\"image-full-width-wrapper\">\n<div class=\"image-widthsetter\">\n<p class=\"vanilla-image-block\">\n<source type=\"image\/webp\" srcset=\"https:\/\/cdn.mos.cms.futurecdn.net\/xtMCbzWpp5orLLdWxwfnGk-1024-80.jpg.webp 1200w, https:\/\/cdn.mos.cms.futurecdn.net\/xtMCbzWpp5orLLdWxwfnGk-1024-80.jpg.webp 1024w, https:\/\/cdn.mos.cms.futurecdn.net\/xtMCbzWpp5orLLdWxwfnGk-970-80.jpg.webp 970w, https:\/\/cdn.mos.cms.futurecdn.net\/xtMCbzWpp5orLLdWxwfnGk-650-80.jpg.webp 650w, https:\/\/cdn.mos.cms.futurecdn.net\/xtMCbzWpp5orLLdWxwfnGk-480-80.jpg.webp 480w, https:\/\/cdn.mos.cms.futurecdn.net\/xtMCbzWpp5orLLdWxwfnGk-320-80.jpg.webp 320w\" sizes=\"(min-width: 1000px) 970px, calc(100vw - 40px)\" \/><\/p>\n<\/div>\n<\/div><figcaption class=\" inline-layout\"><span class=\"credit\">(Image credit: Getty Images)<\/span><\/figcaption><\/figure>\n<\/div>\n<div class=\"wcp-item-content\"><time class=\"no-wrap live-feed-date\" datetime=\"2026-08-22T14:32:51+00:00\">2026-08-22T14:32:51.232Z<\/time><\/p>\n<p id=\"elk-5c0ed160-9e36-11f1-8638-91c974135d6d\">Kaden Groves is the latest to start. The Australian is on a mission to win what would be a third points classification at this race. But he&#8217;s unlikely to score any points today. The time trial might be short, but not quite short enough for a sprinter like himself.<\/p>\n<p>&#8216;We&#8217;re looking for the green jersey, but it&#8217;ll be difficult&#8217; &#8211; Kaden Groves tips Tadej Poga\u010dar as potential rival in hunt for Vuelta a Espa\u00f1a points classification<\/p>\n<\/div>\n<div class=\"wcp-item-content\"><time class=\"no-wrap live-feed-date\" datetime=\"2026-08-22T14:26:26+00:00\">2026-08-22T14:26:26.579Z<\/time><\/p>\n<p id=\"elk-76a68bae-9e35-11f1-a1e1-67b25161874c\">There are no real curve balls in the running order, with most of the top riders not setting off until later in the day. But there is one man already out that&#8217;s worth keeping an eye on &#8211; Markel Beloki. As the son of Joseba, he has the genes, and based on some of his performances since turning pro, he has the talent too.<\/p>\n<\/div>\n<div class=\"wcp-item-content\"><time class=\"no-wrap live-feed-date\" datetime=\"2026-08-22T14:18:57+00:00\">2026-08-22T14:18:57.399Z<\/time><\/p>\n<h3 class=\"article-body__section\" id=\"section-official-start\"><span>OFFICIAL START<\/span><\/h3>\n<p id=\"elk-6af64642-9e34-11f1-a825-6bdc2a38baa9\">The first rider is Diego Uriarte, and he rolls down the start ramp to get this year&#8217;s Vuelta a Espa\u00f1a underway!<\/p>\n<\/div>\n<div class=\"wcp-item-content\"><time class=\"no-wrap live-feed-date\" datetime=\"2026-08-22T14:14:26+00:00\">2026-08-22T14:14:26.498Z<\/time><\/p>\n<p id=\"elk-c969c4b6-9e33-11f1-995b-a9ee85103e3f\">In terms of the stage win today, there\u2019s very healthy competition among some quality time trialists all vying for the honor of wearing the red jersey. Poga\u010dar is inevitably a contender, but will be up against specialists like Wout van Aert and Josh Tarling. Here\u2019s the full running order of the day.<\/p>\n<p>Vuelta a Espa\u00f1a stage 1 time trial start times \u2013 When Jay Vine, Wout van Aert, Tadej Poga\u010dar and others take turns on twisting 9.6km route in Monaco<\/p>\n<\/div>\n<div class=\"wcp-item-content\"><time class=\"no-wrap live-feed-date\" datetime=\"2026-08-22T14:08:57+00:00\">2026-08-22T14:08:57.545Z<\/time><\/p>\n<p id=\"elk-056ac830-9e33-11f1-a6e4-fd057b6b252a\">Poga\u010dar and the other GC contenders\u2019 quest for the red jersey begins with a short, flat, but technical time trial in Monaco. It\u2019s not long enough to cause especially big gaps between the GC contenders, but there\u2019s been much talk about the tricky corners &#8211; anyone wanting a high GC finish will have to be careful not to make a mistake.<\/p>\n<p>Vuelta a Espa\u00f1a 2026 stage 1 preview<\/p>\n<\/div>\n<div class=\"wcp-item-content\"><time class=\"no-wrap live-feed-date\" datetime=\"2026-08-22T14:04:47+00:00\">2026-08-22T14:04:47.021Z<\/time><\/p>\n<p id=\"elk-701700a0-9e32-11f1-8f6c-3b92d34f966d\">It\u2019s time at last for the Vuelta a Espa\u00f1a, the final Grand Tour of the season! After all the thrills of the Tour de France in July and Tour de France Femmes in August, the attention of the cycling world now turns to Spain.<\/p>\n<p>Much like in France, it\u2019s the same man who is hogging all of the attention &#8211; Tadej Poga\u010dar The Slovenian is going into this race as even more of a favourite than he was for the Tour, and the world is braced for another special performance from him. Poga\u010dar himself, though, is stressing the need to approach intelligently, and not take things for granted.<\/p>\n<p>&#8216;I need to race smart&#8217; &#8211; Tadej Poga\u010dar looking to complete the Grand Slam of Grand Tours in the Vuelta a Espa\u00f1a, while still looking ahead<\/p>\n<figure class=\"van-image-figure inline-layout\" data-bordeaux-image-check id=\"elk-70170104-9e32-11f1-8ccf-55a22078a5a7\">\n<div class=\"image-full-width-wrapper\">\n<div class=\"image-widthsetter\">\n<p class=\"vanilla-image-block\">\n<source type=\"image\/webp\" srcset=\"https:\/\/cdn.mos.cms.futurecdn.net\/Xvpejryw6FfwdiNHbvjou6-1024-80.jpg.webp 1200w, https:\/\/cdn.mos.cms.futurecdn.net\/Xvpejryw6FfwdiNHbvjou6-1024-80.jpg.webp 1024w, https:\/\/cdn.mos.cms.futurecdn.net\/Xvpejryw6FfwdiNHbvjou6-970-80.jpg.webp 970w, https:\/\/cdn.mos.cms.futurecdn.net\/Xvpejryw6FfwdiNHbvjou6-650-80.jpg.webp 650w, https:\/\/cdn.mos.cms.futurecdn.net\/Xvpejryw6FfwdiNHbvjou6-480-80.jpg.webp 480w, https:\/\/cdn.mos.cms.futurecdn.net\/Xvpejryw6FfwdiNHbvjou6-320-80.jpg.webp 320w\" sizes=\"(min-width: 1000px) 970px, calc(100vw - 40px)\" \/><\/p>\n<\/div>\n<\/div><figcaption class=\" inline-layout\"><span class=\"credit\">(Image credit: Getty Images)<\/span><\/figcaption><\/figure>\n<\/div>\n<div class=\"wcp-item-content\"><time class=\"no-wrap live-feed-date\" datetime=\"2026-08-22T13:57:37+00:00\">2026-08-22T13:57:37.907Z<\/time><\/p>\n<p id=\"elk-2c430990-98c5-11f1-bb17-25a35fb027b6\">Hola and welcome to stage one of the 2026 Vuelta a Espa\u00f1a!<\/p>\n<\/div>\n<div class=\"relative max-w-[1070px] viafoura-twig-component mt-6\" data-component-name=\"Viafoura:Comments\" data-nosnippet data-community-guidelines-text=\"&lt;p class=&apos;vfcustom-community-guidelines&apos;&gt;Please follow our &lt;a href=&quot;https:\/\/www.cyclingnews.com\/about\/#section-community-guidelines&quot; target=&quot;_blank&quot;&gt;community guidelines&lt;\/a&gt;.&lt;\/p&gt;\" data-join-the-conversation-text=\"Join the Conversation\">\n<div class=\"absolute top-0 left-0 w-full h-full flex items-center justify-center z-50 bg-white\/90 border-1 rounded-b-[var(--comment-widget-border-radius,0)]\">\n<div class=\"p-2 text-center\">\n<p class=\"mb-3 text-lg!\">You must confirm your public display name before commenting<\/p>\n<p class=\"mb-3 text-sm!\">Please logout and then login again, you will then be prompted to enter your display name.<\/p>\n<\/div>\n<\/div>\n<\/div>\n<\/div>\n<\/div>\n<div id=\"article-body\" class=\" article-body \">\n<div class=\"wcp-item-content\"><time class=\"no-wrap live-feed-date\" datetime=\"2026-08-22T17:39:33+00:00\">2026-08-22T17:39:33.958Z<\/time><\/p>\n<figure class=\"van-image-figure inline-layout\" data-bordeaux-image-check id=\"elk-7189a14a-9e50-11f1-9215-ff299cc52c58\">\n<div class=\"image-full-width-wrapper\">\n<div class=\"image-widthsetter\">\n<p class=\"vanilla-image-block\">\n<source type=\"image\/webp\" srcset=\"https:\/\/cdn.mos.cms.futurecdn.net\/MiEh4b2a5tADEABr9Yp6w7-1024-80.jpg.webp 1200w, https:\/\/cdn.mos.cms.futurecdn.net\/MiEh4b2a5tADEABr9Yp6w7-1024-80.jpg.webp 1024w, https:\/\/cdn.mos.cms.futurecdn.net\/MiEh4b2a5tADEABr9Yp6w7-970-80.jpg.webp 970w, https:\/\/cdn.mos.cms.futurecdn.net\/MiEh4b2a5tADEABr9Yp6w7-650-80.jpg.webp 650w, https:\/\/cdn.mos.cms.futurecdn.net\/MiEh4b2a5tADEABr9Yp6w7-480-80.jpg.webp 480w, https:\/\/cdn.mos.cms.futurecdn.net\/MiEh4b2a5tADEABr9Yp6w7-320-80.jpg.webp 320w\" sizes=\"(min-width: 1000px) 970px, calc(100vw - 40px)\" \/><\/p>\n<\/div>\n<\/div><figcaption class=\" inline-layout\"><span class=\"credit\">(Image credit: Getty Images)<\/span><\/figcaption><\/figure>\n<\/div>\n<div class=\"wcp-item-content\"><time class=\"no-wrap live-feed-date\" datetime=\"2026-08-22T17:34:29+00:00\">2026-08-22T17:34:29.338Z<\/time><\/p>\n<h3 class=\"article-body__section\" id=\"section-pogacar-wins\"><span>POGACAR WINS<\/span><\/h3>\n<p id=\"elk-bbd2e6d6-9e4f-11f1-a515-590b8fe5beb3\">The last man on the course, Primo\u017e Rogli\u010d, finishes down in 24th, confirming that, for the 128th time in his career, Tadej Poga\u010dar has won the race!<\/p>\n<\/div>\n<div class=\"wcp-item-content\"><time class=\"no-wrap live-feed-date\" datetime=\"2026-08-22T17:32:16+00:00\">2026-08-22T17:32:16.209Z<\/time><\/p>\n<h3 class=\"article-body__section\" id=\"section-new-fastest-time-tadej-pogacar\"><span>NEW FASTEST TIME &#8211; TADEJ POGACAR<\/span><\/h3>\n<p id=\"elk-6c762ff8-9e4f-11f1-8286-8d5acb457fd5\">The big man has done it again, but by the barest of margins! Tadej Poga\u010dar mercilessly attacked the final kilometres of the technical route, and defeated Hayter&#8217;s time by a mere nine hundreds of a second. Hayter must be devastated.<\/p>\n<\/div>\n<div class=\"wcp-item-content\"><time class=\"no-wrap live-feed-date\" datetime=\"2026-08-22T17:29:04+00:00\">2026-08-22T17:29:04.638Z<\/time><\/p>\n<p id=\"elk-fa5f2dd4-9e4e-11f1-ac98-a5c2169146b2\">Van Aert reaches the finish\u2026and he\u2019s 7th fastest!<\/p>\n<p>The stage isn\u2019t Hayter\u2019s yet, though. Poga\u010dar has yet to finish, and he was second fastest at the time check by two seconds. How hard will he go during the technical final section?<\/p>\n<\/div>\n<div class=\"wcp-item-content\"><time class=\"no-wrap live-feed-date\" datetime=\"2026-08-22T17:26:15+00:00\">2026-08-22T17:26:15.014Z<\/time><\/p>\n<p id=\"elk-9536c412-9e4e-11f1-8d85-0b7560ad3ed4\">Van Aert goes through the intermediate check, and he&#8217;s down a bit, 5th fastest. He will need to speed up a lot if he&#8217;s to win the stage.<\/p>\n<p>His points classification rival Pedersen reaches the finish down in 13, having slowed down in the second half.<\/p>\n<p id=\"elk-9536c412-9e4e-11f1-8d85-0b7560ad3ed4-2\">Multiple former winner Primo\u017e Rogli\u010d is also on the road, meaning there is nobody else left to start. We&#8217;ll know who the first wearer of the red jersey will be imminently.<\/p>\n<\/div>\n<div class=\"wcp-item-content\"><time class=\"no-wrap live-feed-date\" datetime=\"2026-08-22T17:21:01+00:00\">2026-08-22T17:21:01.052Z<\/time><\/p>\n<h3 class=\"article-body__section\" id=\"section-new-fastest-time-ethan-hayter\"><span>NEW FASTEST TIME &#8211; ETHAN HAYTER<\/span><\/h3>\n<p id=\"elk-da0ee46c-9e4d-11f1-b656-3d34d3858fae\">Hayter does it! He smashes Tarling&#8217;s time at the finish by four whole seconds.<\/p>\n<p>That&#8217;s going to be some time to beat, and there&#8217;s only a handful of riders left to finish. But one of them Tadej Poga\u010dar, who has just started his ride. This is going to be a hectic end to the stage.<\/p>\n<\/div>\n<div class=\"wcp-item-content\"><time class=\"no-wrap live-feed-date\" datetime=\"2026-08-22T17:18:55+00:00\">2026-08-22T17:18:55.759Z<\/time><\/p>\n<p id=\"elk-8fd5acfa-9e4d-11f1-bdc8-e1908a3367c3\">Only a few riders left, and one of them is among the very top favourites for the win today &#8211; Wout van Aert. He&#8217;s just taken off from the start ramp, and looks like he means business.<\/p>\n<p>Further up the road, Ethan Hayter is on a great day, and has just smashed Tarling&#8217;s time at the intermediate check by a whole three seconds! Could there been a swap of Brits at the hot seat?<\/p>\n<\/div>\n<div class=\"wcp-item-content\"><time class=\"no-wrap live-feed-date\" datetime=\"2026-08-22T17:13:57+00:00\">2026-08-22T17:13:57.443Z<\/time><\/p>\n<p id=\"elk-dda1a4f8-9e4c-11f1-8f75-6f40c7c5153e\">Some more of the race&#8217;s biggest names have just finished. Enric Mas loses 29 seconds with the 36th best time, a time you imagine he&#8217;ll be reasonably happy with given his dislike of this discipline. And intriguingly, Jo\u00e3o Almeida (pictured) finishes 13th fastest at 14 seconds &#8211; not his best ride, but a sign he has come into this Vuelta with some form, after such a rough season.<\/p>\n<p>Meanwhile Tarling&#8217;s time was immediately put under threat from Christophe Laporte, but the Frenchman must settle for third fastest, two seconds slower.<\/p>\n<figure class=\"van-image-figure inline-layout\" data-bordeaux-image-check id=\"elk-dda1a566-9e4c-11f1-829a-c57f98981732\">\n<div class=\"image-full-width-wrapper\">\n<div class=\"image-widthsetter\">\n<p class=\"vanilla-image-block\">\n<source type=\"image\/webp\" srcset=\"https:\/\/cdn.mos.cms.futurecdn.net\/WudH3P8jcAaytK4opiqRcg-1024-80.jpg.webp 1200w, https:\/\/cdn.mos.cms.futurecdn.net\/WudH3P8jcAaytK4opiqRcg-1024-80.jpg.webp 1024w, https:\/\/cdn.mos.cms.futurecdn.net\/WudH3P8jcAaytK4opiqRcg-970-80.jpg.webp 970w, https:\/\/cdn.mos.cms.futurecdn.net\/WudH3P8jcAaytK4opiqRcg-650-80.jpg.webp 650w, https:\/\/cdn.mos.cms.futurecdn.net\/WudH3P8jcAaytK4opiqRcg-480-80.jpg.webp 480w, https:\/\/cdn.mos.cms.futurecdn.net\/WudH3P8jcAaytK4opiqRcg-320-80.jpg.webp 320w\" sizes=\"(min-width: 1000px) 970px, calc(100vw - 40px)\" \/><\/p>\n<\/div>\n<\/div><figcaption class=\" inline-layout\"><span class=\"credit\">(Image credit: Getty Images)<\/span><\/figcaption><\/figure>\n<\/div>\n<div class=\"wcp-item-content\"><time class=\"no-wrap live-feed-date\" datetime=\"2026-08-22T17:05:03+00:00\">2026-08-22T17:05:03.103Z<\/time><\/p>\n<h3 class=\"article-body__section\" id=\"section-new-fastest-time-josh-tarling\"><span>NEW FASTEST TIME &#8211; JOSH TARLING<\/span><\/h3>\n<p id=\"elk-9f625e72-9e4b-11f1-94b2-0576dd7974ee\">Tarling has done it, just about! The Brit reaches the lines a mere second quicker than Thornley. He now waits on the host seat to see if that time will be beaten by any of the big names to come, but whatever happens from here, that was a moving performance.<\/p>\n<\/div>\n<div class=\"wcp-item-content\"><time class=\"no-wrap live-feed-date\" datetime=\"2026-08-22T16:59:36+00:00\">2026-08-22T16:59:36.222Z<\/time><\/p>\n<p id=\"elk-dc59a6d8-9e4a-11f1-a7b1-734c1f761180\">Tarling has made an excellent start! He&#8217;s quickest at the first check, by one second. Thornley did do a flyer of a second half on the more technical section, so he&#8217;ll have to keep going, but he&#8217;s looking good to take the lead.<\/p>\n<\/div>\n<div class=\"wcp-item-content\"><time class=\"no-wrap live-feed-date\" datetime=\"2026-08-22T16:54:43+00:00\">2026-08-22T16:54:43.248Z<\/time><\/p>\n<p id=\"elk-2d9b1a6e-9e4a-11f1-bd1b-f7f921529b85\">Josh Tarling is out on the road, and you can only imagine what he is going through. Only last week the Brit lost his youngest brother Finlay after a collision at the Volta a Portugal, and he is riding in his honour today.<\/p>\n<\/div>\n<div class=\"wcp-item-content\"><time class=\"no-wrap live-feed-date\" datetime=\"2026-08-22T16:50:19+00:00\">2026-08-22T16:50:19.365Z<\/time><\/p>\n<h3 class=\"article-body__section\" id=\"section-new-fastest-time-callum-thornley\"><span>NEW FASTEST TIME &#8211; CALLUM THORNLEY<\/span><\/h3>\n<p id=\"elk-92ba1158-9e49-11f1-8118-4da74b40c092\">Yet another new man on the hot seat, and it&#8217;s yet another shock &#8211; this time it&#8217;s a Red Bull young rider, Callum Thornley. Shortly after Jay Vine finished with the 6th fastest time, Thornley flew to the finish with a time three seconds quicker than Bisiaux.<\/p>\n<\/div>\n<div class=\"wcp-item-content\"><time class=\"no-wrap live-feed-date\" datetime=\"2026-08-22T16:44:35+00:00\">2026-08-22T16:44:35.721Z<\/time><\/p>\n<h3 class=\"article-body__section\" id=\"section-new-fastest-time-leo-bisiaux\"><span>NEW FASTEST TIME &#8211; LEO BISIAUX <\/span><\/h3>\n<p id=\"elk-c395cc32-9e48-11f1-a9f9-5b64d6fb3c50\">The same pattern repeats again &#8211; a Decathlon rider sets the new fastest time! Having been 4 seconds down at the first check, L\u00e9o Bisiaux rode a superb second half of the route to post the best time at the finish, a fraction of a second quicker than his teammate Chamberlain.<\/p>\n<\/div>\n<div class=\"wcp-item-content\"><time class=\"no-wrap live-feed-date\" datetime=\"2026-08-22T16:41:17+00:00\">2026-08-22T16:41:17.389Z<\/time><\/p>\n<p id=\"elk-4d8468c8-9e48-11f1-8101-b9adcff126e6\"><em><strong>For unbeatable coverage across road, gravel and tech, subscribe to Cyclingnews. You&#8217;ll get comprehensive race coverage of La Vuelta a Espa\u00f1a, subscriber-exclusive analysis from our expert columnists, in-depth features and industry-leading tech insight. Plus, the Cyclingnews app lets you follow the action wherever you go!<\/strong><\/em><em><strong> Join today<\/strong><\/em><em><strong>.<\/strong><\/em><\/p>\n<\/div>\n<div class=\"wcp-item-content\"><time class=\"no-wrap live-feed-date\" datetime=\"2026-08-22T16:36:19+00:00\">2026-08-22T16:36:19.770Z<\/time><\/p>\n<p id=\"elk-9be6eaaa-9e47-11f1-8c45-c15e639f634b\">Jay Vine is the latest stage contender to start. He&#8217;s quality against the clock, and was second behind Ganna in the time trial last year. But his questionable technique will be severely tested by this technical route.<\/p>\n<\/div>\n<div class=\"wcp-item-content\"><time class=\"no-wrap live-feed-date\" datetime=\"2026-08-22T16:30:13+00:00\">2026-08-22T16:30:13.434Z<\/time><\/p>\n<p id=\"elk-c19af076-9e46-11f1-971d-e7046236ac41\">Stefan K\u00fcng has finished, but he&#8217;s not up to the speed he was in Poland. The Swiss rider posts the fourth fastest time, and won&#8217;t be on the podium tonight.<\/p>\n<p>He&#8217;s narrowly slower than Alessandro Romele, another impressive young performer who has gone third fastest.<\/p>\n<\/div>\n<div class=\"wcp-item-content\"><time class=\"no-wrap live-feed-date\" datetime=\"2026-08-22T16:23:23+00:00\">2026-08-22T16:23:23.417Z<\/time><\/p>\n<h3 class=\"article-body__section\" id=\"section-new-fastest-time-oscar-chamberlain\"><span>NEW FASTEST TIME &#8211; OSCAR CHAMBERLAIN<\/span><\/h3>\n<p id=\"elk-cd2688a2-9e45-11f1-bb0e-c9f7f7da54c0\">Another surprise, and it&#8217;s another Decathlon rider who has delivered it. 21-year-old Oscar Chamberlain has gone two seconds quicker than Kluckers. That ride has come out of nowhere from a man making his Grand Tour debut, who has never before won a pro race.<\/p>\n<\/div>\n<div class=\"wcp-item-content\"><time class=\"no-wrap live-feed-date\" datetime=\"2026-08-22T16:18:40+00:00\">2026-08-22T16:18:40.682Z<\/time><\/p>\n<p id=\"elk-24a1104e-9e45-11f1-bfbd-93d2c626195e\">Veteran Mikel Landa has finished, and is a long way down, losing over a minute with the 90th best time so far. He&#8217;s never been a time trialist, and that ride suggests he hasn&#8217;t come into the kind of form necessary to push for the kind of high overall finishes he used to.<\/p>\n<p>One rider who is a time trialist is Stefan Kung, who has just started his ride. The Swiss rider is in form having won a the Tour of Poland recently, and won a time trial stage at the Vuelta two years ago.<\/p>\n<\/div>\n<div class=\"wcp-item-content\"><time class=\"no-wrap live-feed-date\" datetime=\"2026-08-22T16:09:01+00:00\">2026-08-22T16:09:01.619Z<\/time><\/p>\n<h3 class=\"article-body__section\" id=\"section-new-fastest-time-arthur-kluckers\"><span>NEW FASTEST TIME &#8211; ARTHUR KLUCKERS <\/span><\/h3>\n<p id=\"elk-cba0b0a4-9e43-11f1-ab46-3543322ab86c\">Brennan has been ousted from the hot seat! Kluckers had gone 2 seconds quicker at the time check, and extended that to 4 seconds by the finish. He might have finished 6th at the Tour of Poland time trial recently, but that&#8217;s still a surprising ride from the Luxembourger<\/p>\n<\/div>\n<div class=\"wcp-item-content\"><time class=\"no-wrap live-feed-date\" datetime=\"2026-08-22T15:59:30+00:00\">2026-08-22T15:59:30.023Z<\/time><\/p>\n<p id=\"elk-76b6b29c-9e42-11f1-8c5d-65b1556118b7\">Onley and Gall (pictured) have both now finished, and they\u2019ve both set similar times &#8211; both losing quite a bit of time. Onley was well down in with the 40th fastest time, losing 34 seconds to Brennan, while Gall (though normally the inferior time trialist) limited his losses to 30 seconds with the 33rd fastest time.<\/p>\n<p>Much quicker is young Pablo Torres, who has gone 6th quickest so far at his first ever stage at a Grand Tour.<\/p>\n<figure class=\"van-image-figure inline-layout\" data-bordeaux-image-check id=\"elk-76b6b314-9e42-11f1-83ad-95332bdbca57\">\n<div class=\"image-full-width-wrapper\">\n<div class=\"image-widthsetter\">\n<p class=\"vanilla-image-block\">\n<source type=\"image\/webp\" srcset=\"https:\/\/cdn.mos.cms.futurecdn.net\/3vo6tGi2RiKn8UcdUBcYXH-1024-80.jpg.webp 1200w, https:\/\/cdn.mos.cms.futurecdn.net\/3vo6tGi2RiKn8UcdUBcYXH-1024-80.jpg.webp 1024w, https:\/\/cdn.mos.cms.futurecdn.net\/3vo6tGi2RiKn8UcdUBcYXH-970-80.jpg.webp 970w, https:\/\/cdn.mos.cms.futurecdn.net\/3vo6tGi2RiKn8UcdUBcYXH-650-80.jpg.webp 650w, https:\/\/cdn.mos.cms.futurecdn.net\/3vo6tGi2RiKn8UcdUBcYXH-480-80.jpg.webp 480w, https:\/\/cdn.mos.cms.futurecdn.net\/3vo6tGi2RiKn8UcdUBcYXH-320-80.jpg.webp 320w\" sizes=\"(min-width: 1000px) 970px, calc(100vw - 40px)\" \/><\/p>\n<\/div>\n<\/div><figcaption class=\" inline-layout\"><span class=\"credit\">(Image credit: Getty Images)<\/span><\/figcaption><\/figure>\n<\/div>\n<div class=\"wcp-item-content\"><time class=\"no-wrap live-feed-date\" datetime=\"2026-08-22T15:53:54+00:00\">2026-08-22T15:53:54.580Z<\/time><\/p>\n<p id=\"elk-af084512-9e41-11f1-b496-adab9ecb61ce\">Another top name for the podium is on the road now, and, all things considered, is going OK. Felix Gall is 16th fastest at the time check, only 3 seconds slower than Carapaz and five seconds slower than Skjelmose. For a man whose Achilles&#8217; heel is the time trial, he will take this.<\/p>\n<\/div>\n<div class=\"wcp-item-content\"><time class=\"no-wrap live-feed-date\" datetime=\"2026-08-22T15:49:17+00:00\">2026-08-22T15:49:17.146Z<\/time><\/p>\n<p id=\"elk-096d2de8-9e41-11f1-a609-4d045b06f0be\"><em><strong>For unbeatable coverage across road, gravel and tech, subscribe to Cyclingnews. You&#8217;ll get comprehensive race coverage of La Vuelta a Espa\u00f1a, subscriber-exclusive analysis from our expert columnists, in-depth features and industry-leading tech insight. Plus, the Cyclingnews app lets you follow the action wherever you go!<\/strong><\/em><em><strong> Join today<\/strong><\/em><em><strong>.<\/strong><\/em><\/p>\n<\/div>\n<div class=\"wcp-item-content\"><time class=\"no-wrap live-feed-date\" datetime=\"2026-08-22T15:44:55+00:00\">2026-08-22T15:44:55.746Z<\/time><\/p>\n<p id=\"elk-6dc8d108-9e40-11f1-a66e-efd08cdf3523\">Oscar Onley is off an underway! Following an injury-disrupted start to the season, this will be his first Grand Tour since placing fourth at the Tour de France last year. Given the form he showed at the Vuelta a Burgos, he&#8217;s one of the top candidates for a podium finish overall, so will race hard today.<\/p>\n<\/div>\n<div class=\"wcp-item-content\"><time class=\"no-wrap live-feed-date\" datetime=\"2026-08-22T15:37:32+00:00\">2026-08-22T15:37:32.013Z<\/time><\/p>\n<h3 class=\"article-body__section\" id=\"section-new-fastest-time-matthew-brennan\"><span>NEW FASTEST TIME &#8211; MATTHEW BRENNAN<\/span><\/h3>\n<p id=\"elk-6520ea50-9e3f-11f1-85c6-a39bd9bc3c1a\">The Brit has indeed gone faster, beating De Pestel by two seconds! That&#8217;s one hell of a ride from Brennan, especially considering it&#8217;s the sprint we&#8217;re anticipating him making an impact at this Vuelta, rather than the time trial. He&#8217;s a huge talent whose versatility could become one of the stories of this race.<\/p>\n<p>And he was also one of the young riders we picked to look out for ahead of the race. Have a read to see who else we&#8217;re backing, in a race where young talent often comes to the fore.<\/p>\n<p id=\"elk-6520ea50-9e3f-11f1-85c6-a39bd9bc3c1a-2\">Cycling&#8217;s next generation heads to Spain \u2013 Young riders to watch at the Vuelta a Espa\u00f1a<\/p>\n<\/div>\n<div class=\"wcp-item-content\"><time class=\"no-wrap live-feed-date\" datetime=\"2026-08-22T15:34:41+00:00\">2026-08-22T15:34:41.992Z<\/time><\/p>\n<h3 class=\"article-body__section\" id=\"section-new-fastest-time-sander-de-pestel\"><span>NEW FASTEST TIME &#8211; SANDER DE PESTEL<\/span><\/h3>\n<p id=\"elk-ffea4582-9e3e-11f1-b116-371626d3717c\">A turn up for the books here &#8211; Sander De Pestel has just posted the best time, five seconds faster than his Decathlon teammate Labrosse. What did the Decathlon riders eat today for lunch? Whatever it is it&#8217;s working, as they&#8217;re on fire.<\/p>\n<p>De Pestel might not be in the hot seat for long though, as Brennan is flying and has the fastest time at the intermediate check. Watch this space&#8230;<\/p>\n<\/div>\n<div class=\"wcp-item-content\"><time class=\"no-wrap live-feed-date\" datetime=\"2026-08-22T15:32:03+00:00\">2026-08-22T15:32:03.475Z<\/time><\/p>\n<p id=\"elk-a167707a-9e3e-11f1-8455-a33aeb1fed5e\">A couple more significant GC times to report. Both Mattias Skjelmose (6th at the Tour de France this year) and Tobias Halland Johannessen (6th at the Tour de France last year) have finished 5 seconds slower than Laborsse, and are placed 4th and 3rd respectively on the virtual classification. Skjelmose might have wanted to go quicker than that, given how the time trial is usually one of his big weapons.<\/p>\n<figure class=\"van-image-figure inline-layout\" data-bordeaux-image-check id=\"elk-a16770d4-9e3e-11f1-81b3-5d4a04876b09\">\n<div class=\"image-full-width-wrapper\">\n<div class=\"image-widthsetter\">\n<p class=\"vanilla-image-block\">\n<source type=\"image\/webp\" srcset=\"https:\/\/cdn.mos.cms.futurecdn.net\/NsCrkgz6XghFZVnqRfqCgV-1024-80.jpg.webp 1200w, https:\/\/cdn.mos.cms.futurecdn.net\/NsCrkgz6XghFZVnqRfqCgV-1024-80.jpg.webp 1024w, https:\/\/cdn.mos.cms.futurecdn.net\/NsCrkgz6XghFZVnqRfqCgV-970-80.jpg.webp 970w, https:\/\/cdn.mos.cms.futurecdn.net\/NsCrkgz6XghFZVnqRfqCgV-650-80.jpg.webp 650w, https:\/\/cdn.mos.cms.futurecdn.net\/NsCrkgz6XghFZVnqRfqCgV-480-80.jpg.webp 480w, https:\/\/cdn.mos.cms.futurecdn.net\/NsCrkgz6XghFZVnqRfqCgV-320-80.jpg.webp 320w\" sizes=\"(min-width: 1000px) 970px, calc(100vw - 40px)\" \/><\/p>\n<\/div>\n<\/div><figcaption class=\" inline-layout\"><span class=\"credit\">(Image credit: Getty Images)<\/span><\/figcaption><\/figure>\n<\/div>\n<div class=\"wcp-item-content\"><time class=\"no-wrap live-feed-date\" datetime=\"2026-08-22T15:24:44+00:00\">2026-08-22T15:24:44.228Z<\/time><\/p>\n<p id=\"elk-9b895d40-9e3d-11f1-b535-1fd28b71dac5\">For the first time in his career, Matthew Brennan is riding at a Grand Tour! He&#8217;s just started his ride, bringing to a beginning a Vuelta debut which has attracted much hype. This probably won&#8217;t be a day for him, but he has his eyes on the sprints, which he is a genuine contender for a win based on his brilliant form this season.<\/p>\n<\/div>\n<div class=\"wcp-item-content\"><time class=\"no-wrap live-feed-date\" datetime=\"2026-08-22T15:16:13+00:00\">2026-08-22T15:16:13.321Z<\/time><\/p>\n<p id=\"elk-6af80e02-9e3c-11f1-9656-f932eb02f578\">Sepp Kuss has just finished, 22 seconds with the 13th fastest ride. That didn&#8217;t appear to be a ride from someone going as hard as possible to limit his losses, but nor did he sit up and take it easy.<\/p>\n<p>The 2023 champion has said that is prioritising chasing stage wins over the GC, but that ride suggests he isn&#8217;t totally sacrificing the former just yet.<\/p>\n<p>&#8216;A top 10 on GC isn&#8217;t as important as a stage win&#8217; \u2013 2023 Vuelta a Espa\u00f1a champion Sepp Kuss to make definitive decision on overall bid at end of first week<\/p>\n<figure class=\"van-image-figure inline-layout\" data-bordeaux-image-check id=\"elk-6af80e84-9e3c-11f1-88b1-a7b9cb65bbae\">\n<div class=\"image-full-width-wrapper\">\n<div class=\"image-widthsetter\">\n<p class=\"vanilla-image-block\">\n<source type=\"image\/webp\" srcset=\"https:\/\/cdn.mos.cms.futurecdn.net\/Pmq933JTdmmAPqjeockWEL-1024-80.jpg.webp 1200w, https:\/\/cdn.mos.cms.futurecdn.net\/Pmq933JTdmmAPqjeockWEL-1024-80.jpg.webp 1024w, https:\/\/cdn.mos.cms.futurecdn.net\/Pmq933JTdmmAPqjeockWEL-970-80.jpg.webp 970w, https:\/\/cdn.mos.cms.futurecdn.net\/Pmq933JTdmmAPqjeockWEL-650-80.jpg.webp 650w, https:\/\/cdn.mos.cms.futurecdn.net\/Pmq933JTdmmAPqjeockWEL-480-80.jpg.webp 480w, https:\/\/cdn.mos.cms.futurecdn.net\/Pmq933JTdmmAPqjeockWEL-320-80.jpg.webp 320w\" sizes=\"(min-width: 1000px) 970px, calc(100vw - 40px)\" \/><\/p>\n<\/div>\n<\/div><figcaption class=\" inline-layout\"><span class=\"credit\">(Image credit: Getty Images)<\/span><\/figcaption><\/figure>\n<\/div>\n<div class=\"wcp-item-content\"><time class=\"no-wrap live-feed-date\" datetime=\"2026-08-22T15:08:48+00:00\">2026-08-22T15:08:48.993Z<\/time><\/p>\n<p id=\"elk-620d320a-9e3b-11f1-bbf6-8f2f4c0d075b\">Labrosse\u2019s time is safe for now, with nobody threatening it at the intermediate time check.<\/p>\n<p>While there\u2019s a slight lull in what has been a hectic start, be sure to catch up on what\u2019s happened at both the Renewi Tour and Tour of Britain Women, both of which have finished.<\/p>\n<\/div>\n<div class=\"wcp-item-content\"><time class=\"no-wrap live-feed-date\" datetime=\"2026-08-22T15:01:59+00:00\">2026-08-22T15:01:59.445Z<\/time><\/p>\n<p id=\"elk-6e455c92-9e3a-11f1-a726-8d5bbab03670\">Richard Carapaz has finished his ride, and it looks pretty solid. He&#8217;s third fastest, with a time ten seconds slower than Labrosse. We&#8217;ll have a much better idea of how good it is later on, once the other non-time trial specialist GC riders start their rides.<\/p>\n<p>A couple of other such rider have just rolled off the start ramp &#8211; Matthew Riccitello, and former winner Sepp Kuss. Unlike Carapaz, they are only outside contenders, and may not go hard today if they&#8217;re not targetting it.<\/p>\n<figure class=\"van-image-figure inline-layout\" data-bordeaux-image-check id=\"elk-6e455cf6-9e3a-11f1-9c94-8f4cb6df3d52\">\n<div class=\"image-full-width-wrapper\">\n<div class=\"image-widthsetter\">\n<p class=\"vanilla-image-block\">\n<source type=\"image\/webp\" srcset=\"https:\/\/cdn.mos.cms.futurecdn.net\/HHNRM2BrZQojeQ4URVB4sL-1024-80.jpg.webp 1200w, https:\/\/cdn.mos.cms.futurecdn.net\/HHNRM2BrZQojeQ4URVB4sL-1024-80.jpg.webp 1024w, https:\/\/cdn.mos.cms.futurecdn.net\/HHNRM2BrZQojeQ4URVB4sL-970-80.jpg.webp 970w, https:\/\/cdn.mos.cms.futurecdn.net\/HHNRM2BrZQojeQ4URVB4sL-650-80.jpg.webp 650w, https:\/\/cdn.mos.cms.futurecdn.net\/HHNRM2BrZQojeQ4URVB4sL-480-80.jpg.webp 480w, https:\/\/cdn.mos.cms.futurecdn.net\/HHNRM2BrZQojeQ4URVB4sL-320-80.jpg.webp 320w\" sizes=\"(min-width: 1000px) 970px, calc(100vw - 40px)\" \/><\/p>\n<\/div>\n<\/div><figcaption class=\" inline-layout\"><span class=\"credit\">(Image credit: Getty Images)<\/span><\/figcaption><\/figure>\n<\/div>\n<div class=\"wcp-item-content\"><time class=\"no-wrap live-feed-date\" datetime=\"2026-08-22T14:52:17+00:00\">2026-08-22T14:52:17.454Z<\/time><\/p>\n<h3 class=\"article-body__section\" id=\"section-new-fastest-time-labrosse\"><span>NEW FASTEST TIME &#8211; LABROSSE<\/span><\/h3>\n<p id=\"elk-1331e86c-9e39-11f1-ac00-439e3b651cd1\">Another new leader is in the clubhouse, and this time by a big margin, as 23-year-old Jordan Labrosse (pictured) bests Norsgaard by a whole 16 seconds. That&#8217;s a mighty impressive ride, but even he was challenged moments later as sprinter Aulaur came within a second of beating him at the finish.<\/p>\n<figure class=\"van-image-figure inline-layout\" data-bordeaux-image-check id=\"elk-1331e8da-9e39-11f1-8902-a37a37a1e336\">\n<div class=\"image-full-width-wrapper\">\n<div class=\"image-widthsetter\">\n<p class=\"vanilla-image-block\">\n<source type=\"image\/webp\" srcset=\"https:\/\/cdn.mos.cms.futurecdn.net\/JjYiuFpv5kB6qMQ3ewBPR3-1024-80.jpg.webp 1200w, https:\/\/cdn.mos.cms.futurecdn.net\/JjYiuFpv5kB6qMQ3ewBPR3-1024-80.jpg.webp 1024w, https:\/\/cdn.mos.cms.futurecdn.net\/JjYiuFpv5kB6qMQ3ewBPR3-970-80.jpg.webp 970w, https:\/\/cdn.mos.cms.futurecdn.net\/JjYiuFpv5kB6qMQ3ewBPR3-650-80.jpg.webp 650w, https:\/\/cdn.mos.cms.futurecdn.net\/JjYiuFpv5kB6qMQ3ewBPR3-480-80.jpg.webp 480w, https:\/\/cdn.mos.cms.futurecdn.net\/JjYiuFpv5kB6qMQ3ewBPR3-320-80.jpg.webp 320w\" sizes=\"(min-width: 1000px) 970px, calc(100vw - 40px)\" \/><\/p>\n<\/div>\n<\/div><figcaption class=\" inline-layout\"><span class=\"credit\">(Image credit: Getty Images)<\/span><\/figcaption><\/figure>\n<\/div>\n<div class=\"wcp-item-content\"><time class=\"no-wrap live-feed-date\" datetime=\"2026-08-22T14:47:11+00:00\">2026-08-22T14:47:11.417Z<\/time><\/p>\n<h3 class=\"article-body__section\" id=\"section-new-fastest-time-mathias-sunekaer-norsgaard\"><span>NEW FASTEST TIME &#8211; MATHIAS SUNEKAER NORSGAARD <\/span><\/h3>\n<p id=\"elk-5cb43a18-9e38-11f1-8fc7-7f4618583edd\">A Norwegian has been usurped by a Dane! Lidl&#8217;s Norsgaard pips Leknessund&#8217;s time by a mere second, after Kaden Groves had himself fallen just one second short.<\/p>\n<p>Meanwhile at the start, the first major GC contender has just began &#8211; Richard Carapaz. After his star attacking turn at the Tour de France, he&#8217;s stated his intent to commit fully to GC at this race, so will go hard to concede as little time as possible.<\/p>\n<figure class=\"van-image-figure inline-layout\" data-bordeaux-image-check id=\"elk-9f3e4798-9e38-11f1-9dc1-9b5322254e5f\">\n<div class=\"image-full-width-wrapper\">\n<div class=\"image-widthsetter\">\n<p class=\"vanilla-image-block\">\n<source type=\"image\/webp\" srcset=\"https:\/\/cdn.mos.cms.futurecdn.net\/gBvBSKwNxuzZnPzm5DxQxU-1024-80.jpg.webp 1200w, https:\/\/cdn.mos.cms.futurecdn.net\/gBvBSKwNxuzZnPzm5DxQxU-1024-80.jpg.webp 1024w, https:\/\/cdn.mos.cms.futurecdn.net\/gBvBSKwNxuzZnPzm5DxQxU-970-80.jpg.webp 970w, https:\/\/cdn.mos.cms.futurecdn.net\/gBvBSKwNxuzZnPzm5DxQxU-650-80.jpg.webp 650w, https:\/\/cdn.mos.cms.futurecdn.net\/gBvBSKwNxuzZnPzm5DxQxU-480-80.jpg.webp 480w, https:\/\/cdn.mos.cms.futurecdn.net\/gBvBSKwNxuzZnPzm5DxQxU-320-80.jpg.webp 320w\" sizes=\"(min-width: 1000px) 970px, calc(100vw - 40px)\" \/><\/p>\n<\/div>\n<\/div><figcaption class=\" inline-layout\"><span class=\"credit\">(Image credit: Getty Images)<\/span><\/figcaption><\/figure>\n<\/div>\n<div class=\"wcp-item-content\"><time class=\"no-wrap live-feed-date\" datetime=\"2026-08-22T14:41:06+00:00\">2026-08-22T14:41:06.840Z<\/time><\/p>\n<h3 class=\"article-body__section\" id=\"section-new-fastest-time-leknessund\"><span>NEW FASTEST TIME &#8211; LEKNESSUND <\/span><\/h3>\n<p id=\"elk-8367a29a-9e37-11f1-a279-bbe24700d35d\">Uriarte\u2019s time has indeed been beaten, by three riders in quick succession &#8211; Beloki, Porter, then Leknessund, who has gone quicker by a whole nine seconds.<\/p>\n<p>He might have faced some stiff competition from Bruno Armirail, one of the few time trial specialists who have set off early, but the Frenchman\u2019s hopes have been dashed by a mechanical.<\/p>\n<\/div>\n<div class=\"wcp-item-content\"><time class=\"no-wrap live-feed-date\" datetime=\"2026-08-22T14:37:54+00:00\">2026-08-22T14:37:54.646Z<\/time><\/p>\n<p id=\"elk-10d02432-9e37-11f1-8288-c51addebd5af\">After taking off first, Diego Uriarte (pictured) has the fastest time at the finish, and none of the five riders who have joined him at the clubhouse so far have manage to better him. But his time is under threat by Andreas Leknessund, who is quicker than him at the intermediate check.<\/p>\n<figure class=\"van-image-figure inline-layout\" data-bordeaux-image-check id=\"elk-10d02496-9e37-11f1-81f3-63f5f4242e04\">\n<div class=\"image-full-width-wrapper\">\n<div class=\"image-widthsetter\">\n<p class=\"vanilla-image-block\">\n<source type=\"image\/webp\" srcset=\"https:\/\/cdn.mos.cms.futurecdn.net\/xtMCbzWpp5orLLdWxwfnGk-1024-80.jpg.webp 1200w, https:\/\/cdn.mos.cms.futurecdn.net\/xtMCbzWpp5orLLdWxwfnGk-1024-80.jpg.webp 1024w, https:\/\/cdn.mos.cms.futurecdn.net\/xtMCbzWpp5orLLdWxwfnGk-970-80.jpg.webp 970w, https:\/\/cdn.mos.cms.futurecdn.net\/xtMCbzWpp5orLLdWxwfnGk-650-80.jpg.webp 650w, https:\/\/cdn.mos.cms.futurecdn.net\/xtMCbzWpp5orLLdWxwfnGk-480-80.jpg.webp 480w, https:\/\/cdn.mos.cms.futurecdn.net\/xtMCbzWpp5orLLdWxwfnGk-320-80.jpg.webp 320w\" sizes=\"(min-width: 1000px) 970px, calc(100vw - 40px)\" \/><\/p>\n<\/div>\n<\/div><figcaption class=\" inline-layout\"><span class=\"credit\">(Image credit: Getty Images)<\/span><\/figcaption><\/figure>\n<\/div>\n<div class=\"wcp-item-content\"><time class=\"no-wrap live-feed-date\" datetime=\"2026-08-22T14:32:51+00:00\">2026-08-22T14:32:51.232Z<\/time><\/p>\n<p id=\"elk-5c0ed160-9e36-11f1-8638-91c974135d6d\">Kaden Groves is the latest to start. The Australian is on a mission to win what would be a third points classification at this race. But he&#8217;s unlikely to score any points today. The time trial might be short, but not quite short enough for a sprinter like himself.<\/p>\n<p>&#8216;We&#8217;re looking for the green jersey, but it&#8217;ll be difficult&#8217; &#8211; Kaden Groves tips Tadej Poga\u010dar as potential rival in hunt for Vuelta a Espa\u00f1a points classification<\/p>\n<\/div>\n<div class=\"wcp-item-content\"><time class=\"no-wrap live-feed-date\" datetime=\"2026-08-22T14:26:26+00:00\">2026-08-22T14:26:26.579Z<\/time><\/p>\n<p id=\"elk-76a68bae-9e35-11f1-a1e1-67b25161874c\">There are no real curve balls in the running order, with most of the top riders not setting off until later in the day. But there is one man already out that&#8217;s worth keeping an eye on &#8211; Markel Beloki. As the son of Joseba, he has the genes, and based on some of his performances since turning pro, he has the talent too.<\/p>\n<\/div>\n<div class=\"wcp-item-content\"><time class=\"no-wrap live-feed-date\" datetime=\"2026-08-22T14:18:57+00:00\">2026-08-22T14:18:57.399Z<\/time><\/p>\n<h3 class=\"article-body__section\" id=\"section-official-start\"><span>OFFICIAL START<\/span><\/h3>\n<p id=\"elk-6af64642-9e34-11f1-a825-6bdc2a38baa9\">The first rider is Diego Uriarte, and he rolls down the start ramp to get this year&#8217;s Vuelta a Espa\u00f1a underway!<\/p>\n<\/div>\n<div class=\"wcp-item-content\"><time class=\"no-wrap live-feed-date\" datetime=\"2026-08-22T14:14:26+00:00\">2026-08-22T14:14:26.498Z<\/time><\/p>\n<p id=\"elk-c969c4b6-9e33-11f1-995b-a9ee85103e3f\">In terms of the stage win today, there\u2019s very healthy competition among some quality time trialists all vying for the honor of wearing the red jersey. Poga\u010dar is inevitably a contender, but will be up against specialists like Wout van Aert and Josh Tarling. Here\u2019s the full running order of the day.<\/p>\n<p>Vuelta a Espa\u00f1a stage 1 time trial start times \u2013 When Jay Vine, Wout van Aert, Tadej Poga\u010dar and others take turns on twisting 9.6km route in Monaco<\/p>\n<\/div>\n<div class=\"wcp-item-content\"><time class=\"no-wrap live-feed-date\" datetime=\"2026-08-22T14:08:57+00:00\">2026-08-22T14:08:57.545Z<\/time><\/p>\n<p id=\"elk-056ac830-9e33-11f1-a6e4-fd057b6b252a\">Poga\u010dar and the other GC contenders\u2019 quest for the red jersey begins with a short, flat, but technical time trial in Monaco. It\u2019s not long enough to cause especially big gaps between the GC contenders, but there\u2019s been much talk about the tricky corners &#8211; anyone wanting a high GC finish will have to be careful not to make a mistake.<\/p>\n<p>Vuelta a Espa\u00f1a 2026 stage 1 preview<\/p>\n<\/div>\n<div class=\"wcp-item-content\"><time class=\"no-wrap live-feed-date\" datetime=\"2026-08-22T14:04:47+00:00\">2026-08-22T14:04:47.021Z<\/time><\/p>\n<p id=\"elk-701700a0-9e32-11f1-8f6c-3b92d34f966d\">It\u2019s time at last for the Vuelta a Espa\u00f1a, the final Grand Tour of the season! After all the thrills of the Tour de France in July and Tour de France Femmes in August, the attention of the cycling world now turns to Spain.<\/p>\n<p>Much like in France, it\u2019s the same man who is hogging all of the attention &#8211; Tadej Poga\u010dar The Slovenian is going into this race as even more of a favourite than he was for the Tour, and the world is braced for another special performance from him. Poga\u010dar himself, though, is stressing the need to approach intelligently, and not take things for granted.<\/p>\n<p>&#8216;I need to race smart&#8217; &#8211; Tadej Poga\u010dar looking to complete the Grand Slam of Grand Tours in the Vuelta a Espa\u00f1a, while still looking ahead<\/p>\n<figure class=\"van-image-figure inline-layout\" data-bordeaux-image-check id=\"elk-70170104-9e32-11f1-8ccf-55a22078a5a7\">\n<div class=\"image-full-width-wrapper\">\n<div class=\"image-widthsetter\">\n<p class=\"vanilla-image-block\">\n<source type=\"image\/webp\" srcset=\"https:\/\/cdn.mos.cms.futurecdn.net\/Xvpejryw6FfwdiNHbvjou6-1024-80.jpg.webp 1200w, https:\/\/cdn.mos.cms.futurecdn.net\/Xvpejryw6FfwdiNHbvjou6-1024-80.jpg.webp 1024w, https:\/\/cdn.mos.cms.futurecdn.net\/Xvpejryw6FfwdiNHbvjou6-970-80.jpg.webp 970w, https:\/\/cdn.mos.cms.futurecdn.net\/Xvpejryw6FfwdiNHbvjou6-650-80.jpg.webp 650w, https:\/\/cdn.mos.cms.futurecdn.net\/Xvpejryw6FfwdiNHbvjou6-480-80.jpg.webp 480w, https:\/\/cdn.mos.cms.futurecdn.net\/Xvpejryw6FfwdiNHbvjou6-320-80.jpg.webp 320w\" sizes=\"(min-width: 1000px) 970px, calc(100vw - 40px)\" \/><\/p>\n<\/div>\n<\/div><figcaption class=\" inline-layout\"><span class=\"credit\">(Image credit: Getty Images)<\/span><\/figcaption><\/figure>\n<\/div>\n<div class=\"wcp-item-content\"><time class=\"no-wrap live-feed-date\" datetime=\"2026-08-22T13:57:37+00:00\">2026-08-22T13:57:37.907Z<\/time><\/p>\n<p id=\"elk-2c430990-98c5-11f1-bb17-25a35fb027b6\">Hola and welcome to stage one of the 2026 Vuelta a Espa\u00f1a!<\/p>\n<\/div>\n<div class=\"relative max-w-[1070px] viafoura-twig-component mt-6\" data-component-name=\"Viafoura:Comments\" data-nosnippet data-community-guidelines-text=\"&lt;p class=&apos;vfcustom-community-guidelines&apos;&gt;Please follow our &lt;a href=&quot;https:\/\/www.cyclingnews.com\/about\/#section-community-guidelines&quot; target=&quot;_blank&quot;&gt;community guidelines&lt;\/a&gt;.&lt;\/p&gt;\" data-join-the-conversation-text=\"Join the Conversation\">\n<div class=\"absolute top-0 left-0 w-full h-full flex items-center justify-center z-50 bg-white\/90 border-1 rounded-b-[var(--comment-widget-border-radius,0)]\">\n<div class=\"p-2 text-center\">\n<p class=\"mb-3 text-lg!\">You must confirm your public display name before commenting<\/p>\n<p class=\"mb-3 text-sm!\">Please logout and then login again, you will then be prompted to enter your display name.<\/p>\n<\/div>\n<\/div>\n<\/div>\n<\/div>\n<p>[analyse_source url=&#8221;https:\/\/www.cyclingnews.com\/pro-cycling\/live\/vuelta-a-espana-stage-1-live-tadej-pogacar-and-wout-van-aert-take-part-in-monaco-time-trial-gran-partida\/&#8221;]<\/p>\n","protected":false},"excerpt":{"rendered":"<p>[analyse_image type=&#8221;featured&#8221; src=&#8221;https:\/\/cdn.mos.cms.futurecdn.net\/MiEh4b2a5tADEABr9Yp6w7-1024-80.jpg&#8221;] 1 Tadej Poga\u010dar vs the rest \u2013 Our analysis of the top 10 contenders at the Vuelta a Espa\u00f1a 2 Vuelta a Espa\u00f1a stage 1 time trial start times \u2013 When Jay Vine, Wout van Aert, Tadej Poga\u010dar and others take turns on twisting 9.6km route in Monaco 3 &#8216;It could be [&hellip;]<\/p>\n","protected":false},"author":1,"featured_media":0,"comment_status":"open","ping_status":"","sticky":false,"template":"","format":"standard","meta":{"footnotes":""},"categories":[2],"tags":[226,68],"class_list":["post-2106680","post","type-post","status-publish","format-standard","hentry","category-politics","tag-crawlmanager","tag-cyclingnews-com"],"_links":{"self":[{"href":"https:\/\/analyse.optim.biz\/index.php?rest_route=\/wp\/v2\/posts\/2106680","targetHints":{"allow":["GET"]}}],"collection":[{"href":"https:\/\/analyse.optim.biz\/index.php?rest_route=\/wp\/v2\/posts"}],"about":[{"href":"https:\/\/analyse.optim.biz\/index.php?rest_route=\/wp\/v2\/types\/post"}],"author":[{"embeddable":true,"href":"https:\/\/analyse.optim.biz\/index.php?rest_route=\/wp\/v2\/users\/1"}],"replies":[{"embeddable":true,"href":"https:\/\/analyse.optim.biz\/index.php?rest_route=%2Fwp%2Fv2%2Fcomments&post=2106680"}],"version-history":[{"count":0,"href":"https:\/\/analyse.optim.biz\/index.php?rest_route=\/wp\/v2\/posts\/2106680\/revisions"}],"wp:attachment":[{"href":"https:\/\/analyse.optim.biz\/index.php?rest_route=%2Fwp%2Fv2%2Fmedia&parent=2106680"}],"wp:term":[{"taxonomy":"category","embeddable":true,"href":"https:\/\/analyse.optim.biz\/index.php?rest_route=%2Fwp%2Fv2%2Fcategories&post=2106680"},{"taxonomy":"post_tag","embeddable":true,"href":"https:\/\/analyse.optim.biz\/index.php?rest_route=%2Fwp%2Fv2%2Ftags&post=2106680"}],"curies":[{"name":"wp","href":"https:\/\/api.w.org\/{rel}","templated":true}]}}