{"id":2106662,"date":"2026-08-22T15:34:02","date_gmt":"2026-08-22T12:34:02","guid":{"rendered":"https:\/\/analyse.optim.biz\/?p=2106662"},"modified":"2026-08-22T15:34:02","modified_gmt":"2026-08-22T12:34:02","slug":"karol-g-maluma-more-unite-for-colombia-earthquake-relief-more-uplifting-moments-in-latin-music","status":"publish","type":"post","link":"https:\/\/analyse.optim.biz\/?p=2106662","title":{"rendered":"Karol G, Maluma &amp; More Unite for Colombia Earthquake Relief &amp; More Uplifting Moments in Latin Music"},"content":{"rendered":"<p>[analyse_image type=&#8221;featured&#8221; src=&#8221;https:\/\/www.billboard.com\/wp-content\/uploads\/2026\/07\/karol-g-cr-henry-hwu-press-billboard-1800.jpg?w=1024&#8243;]<\/p>\n<div class=\"a-content lrv-a-floated-parent lrv-a-glue-parent a-font-body-m u-font-size-19\">\n<div class=\"pmc-paywall\">\n<div class=\"pmc-contextual-player\" data-pmc-adm-ad-id=\"10140245\">\n<h3>\n\t\t\tTrending on Billboard\t\t<\/h3>\n<\/div>\n<p class=\"paragraph larva \/\/ lrv-u-margin-lr-auto  lrv-a-font-body-m   \"><em>From career milestones to new releases to major announcements and those little important moments,\u00a0<\/em>Billboard\u00a0<em>editors highlight\u00a0uplifting moments\u00a0in Latin music. Here\u2019s what happened in the Latin music world this week.<\/em><\/p>\n<div class=\"article-related-artists \/\/ lrv-u-margin-tb-1 lrv-u-flex u-flex-direction-column@desktop-xl u-flex-direction-column@desktop-xl-max lrv-u-align-items-center lrv-u-margin-l-00@desktop-xl a-glue@desktop-xl lrv-a-glue--t-0 lrv-a-glue--l-0 u-margin-t-29px@desktop u-margin-t-250@mobile-max u-margin-lr-auto@desktop-xl-max u-max-width-400@desktop-xl-max u-width-100p@mobile-max u-max-width-80@desktop-xl\">\n<div class=\"lrv-u-display-block u-width-100p lrv-u-background-color-black u-margin-b-1@desktop-xl-max\">\n<h3 id=\"title-of-a-story\" class=\"c-title  lrv-u-color-white a-font-primary-fancy-m lrv-u-text-transform-uppercase lrv-u-text-align-center a-article-related-module-title lrv-u-padding-tb-050\">\n<p>\t\t\t\t\tExplore\t\t<\/p>\n<\/h3>\n<\/div>\n<div class=\"a-article-related-module-wrap lrv-u-flex u-flex-direction-column@desktop-xl lrv-u-flex-grow-1 u-width-100p\">\n<div class=\"o-card lrv-u-flex u-flex-direction-column@desktop-xl u-flex-direction-column@desktop-xl-max u-align-items-center lrv-u-position-relative u-flex-basis-100p lrv-u-padding-b-075\">\n<div class=\"o-card__image-wrap lrv-u-flex lrv-u-flex-direction-column u-width-80 u-width-110@mobile-max lrv-a-glue-parent lrv-u-flex-shrink-0\">\n<div class=\"c-lazy-image  lrv-u-height-100p\">\n<div class=\"a-crop-1x1 lrv-u-height-100p\"><img decoding=\"async\" class=\"c-lazy-image__img lrv-u-background-color-grey-lightest lrv-u-width-100p lrv-u-display-block lrv-u-height-auto\" src=\"https:\/\/charts-static.billboard.com\/img\/2026\/08\/karol-g-2026sym-344x344.jpg\" alt height width><\/div>\n<\/div>\n<\/div>\n<div class=\"o-card__content lrv-u-flex lrv-u-flex-direction-column lrv-u-justify-content-center\">\n<div class=\"c_title \">\n<h3 id=\"title-of-a-story\" class=\"c-title  a-font-primary-fancy-m u-font-size-15@desktop u-line-height-15px a-children-link-color-black a-children-link-color-brand-accent-blue:hover lrv-u-padding-t-1 lrv-u-text-align-center a-article-related-module-link lrv-u-text-transform-uppercase\">\n<p>\t\t\t\t\tKarol G\t\t<\/p>\n<\/h3>\n<\/div>\n<\/div>\n<\/div>\n<div class=\"o-card lrv-u-flex u-flex-direction-column@desktop-xl u-flex-direction-column@desktop-xl-max u-align-items-center lrv-u-position-relative u-flex-basis-100p lrv-u-padding-b-075\">\n<div class=\"o-card__image-wrap lrv-u-flex lrv-u-flex-direction-column u-width-80 u-width-110@mobile-max lrv-a-glue-parent lrv-u-flex-shrink-0\">\n<div class=\"c-lazy-image  lrv-u-height-100p\">\n<div class=\"a-crop-1x1 lrv-u-height-100p\"><img decoding=\"async\" class=\"c-lazy-image__img lrv-u-background-color-grey-lightest lrv-u-width-100p lrv-u-display-block lrv-u-height-auto\" src=\"https:\/\/charts-static.billboard.com\/img\/2013\/11\/maluma-yzh-344x344.jpg\" alt height width><\/div>\n<\/div>\n<\/div>\n<div class=\"o-card__content lrv-u-flex lrv-u-flex-direction-column lrv-u-justify-content-center\">\n<div class=\"c_title \">\n<h3 id=\"title-of-a-story\" class=\"c-title  a-font-primary-fancy-m u-font-size-15@desktop u-line-height-15px a-children-link-color-black a-children-link-color-brand-accent-blue:hover lrv-u-padding-t-1 lrv-u-text-align-center a-article-related-module-link lrv-u-text-transform-uppercase\">\n<p>\t\t\t\t\tMaluma\t\t<\/p>\n<\/h3>\n<\/div>\n<\/div>\n<\/div>\n<div class=\"o-card lrv-u-flex u-flex-direction-column@desktop-xl u-flex-direction-column@desktop-xl-max u-align-items-center lrv-u-position-relative u-flex-basis-100p lrv-u-padding-b-075\">\n<div class=\"o-card__image-wrap lrv-u-flex lrv-u-flex-direction-column u-width-80 u-width-110@mobile-max lrv-a-glue-parent lrv-u-flex-shrink-0\">\n<div class=\"c-lazy-image  lrv-u-height-100p\">\n<div class=\"a-crop-1x1 lrv-u-height-100p\"><img decoding=\"async\" class=\"c-lazy-image__img lrv-u-background-color-grey-lightest lrv-u-width-100p lrv-u-display-block lrv-u-height-auto\" src=\"https:\/\/charts-static.billboard.com\/img\/1993\/05\/mana-8ts-344x344.jpg\" alt height width><\/div>\n<\/div>\n<\/div>\n<div class=\"o-card__content lrv-u-flex lrv-u-flex-direction-column lrv-u-justify-content-center\">\n<div class=\"c_title \">\n<h3 id=\"title-of-a-story\" class=\"c-title  a-font-primary-fancy-m u-font-size-15@desktop u-line-height-15px a-children-link-color-black a-children-link-color-brand-accent-blue:hover lrv-u-padding-t-1 lrv-u-text-align-center a-article-related-module-link lrv-u-text-transform-uppercase\">\n<p>\t\t\t\t\tMan\u00e1\t\t<\/p>\n<\/h3>\n<\/div>\n<\/div>\n<\/div>\n<\/div>\n<p class=\"c-tagline  a-font-secondary-fancy-xxxs@desktop-xl a-font-secondary-fancy-s@desktop-xl-max lrv-u-text-transform-uppercase lrv-u-color-black u-padding-t-13 lrv-u-padding-b-2 lrv-u-margin-tb-00 lrv-u-text-align-center lrv-u-border-t-1 lrv-u-border-color-black lrv-u-width-100p\">See latest videos, charts and news<\/p>\n<\/div>\n<h2 class=\"heading larva \/\/   a-font-secondary-fancy-xl   \">\n\t\tKarol G, <strong><strong>Maluma, Grupo Niche, Sebasti\u00e1n Yatra &amp; More Will Join Colombia: Voces por la Vida in Bogot\u00e1<\/strong><\/strong><\/h2>\n<p class=\"paragraph larva \/\/ lrv-u-margin-lr-auto  lrv-a-font-body-m   \">\n\tThe Latin music industry is coming together to support communities affected by recent earthquake events. On Sunday (Aug. 23),\u00a0\u201cColombia: Voces por la Vida\u201d\u00a0will bring together artists, promoters, companies and media partners at Bogot\u00e1\u2019s Vive Claro Distrito Cultural to raise funds for the country\u2019s rebuilding efforts.<\/p>\n<div class=\"injected-related-story \/\/ lrv-u-display-inline-block lrv-u-width-100p lrv-u-margin-t-2 u-margin-t-26@mobile-max u-margin-b-0.875@mobile-max u-margin-b-150@tablet u-border-t-12 lrv-u-padding-t-025 u-padding-b-1.313 lrv-u-padding-b-125@mobile-max lrv-u-border-color-black\">\n<div class>\n<h3 id=\"title-of-a-story\" class=\"c-title  lrv-a-unstyle-link lrv-u-whitespace-nowrap u-font-weight-700 lrv-u-display-inline-block u-line-height-18px a-font-accent u-letter-spacing-0225 u-font-size-16 lrv-u-color-black lrv-u-text-transform-uppercase u-article-badge-underline a-article-esp u-display-inline-flex lrv-u-margin-b-1@mobile-max u-margin-b-9@tablet\">\n<p>\t\t\t\t\tRelated\t\t<\/p>\n<\/h3>\n<\/div>\n<div class=\"injected-related-story-wrapper lrv-u-flex lrv-u-justify-content-space-between lrv-u-padding-tb-050@desktop a-children-border-vertical a-children-border--grey a-children-border-width-050\">\n<div class=\"o-card \">\n<div class=\"c-lazy-image  lrv-u-margin-b-075 lrv-u-margin-b-00@mobile-max u-width-130px@mobile-max\">\n<div class=\"a-crop-6x4 a-crop-3x2@mobile-max\"><img decoding=\"async\" class=\"c-lazy-image__img lrv-u-background-color-grey-lightest lrv-u-width-100p lrv-u-display-block lrv-u-height-auto\" src=\"https:\/\/www.billboard.com\/wp-content\/uploads\/2026\/06\/P115SW7Y.jpg?w=237&amp;h=147&amp;crop=1\" alt=\"Fivio Foreign at the Marc Jacobs x i-D Cochella Party in Indio, California on April 15, 2023.\" height width><\/div>\n<\/div>\n<div class=\"o-card__content \">\n<div class=\"c_title \">\n<h3 id=\"title-of-a-story\" class=\"c-title  a-font-basic-fancy u-font-size-15 u-font-size-15.5@mobile-max u-line-height-22px u-padding-r-0.188@desktop u-word-spacing-0013 u-line-height-22.5px@mobile-max a-truncate-ellipsis-4line@mobile-max a-truncate-ellipsis-3line\">\n<p>\t\t\t\t\tFivio Foreign Pivots to Christian Rap, But Don&#8217;t Call Him a Gospel Artist: &#8216;I Don&#8217;t Want to Put It in a Category&#8217;\t\t<\/p>\n<\/h3>\n<\/div>\n<\/div>\n<\/div>\n<div class=\"o-card \">\n<div class=\"c-lazy-image  lrv-u-margin-b-075 lrv-u-margin-b-00@mobile-max u-width-130px@mobile-max\">\n<div class=\"a-crop-6x4 a-crop-3x2@mobile-max\"><img decoding=\"async\" class=\"c-lazy-image__img lrv-u-background-color-grey-lightest lrv-u-width-100p lrv-u-display-block lrv-u-height-auto\" src=\"https:\/\/www.billboard.com\/wp-content\/uploads\/2026\/08\/the-game-july-2026-billboard-1800.jpg?w=237&amp;h=147&amp;crop=1\" alt=\"The Game performs at Apple Music and Complex present VERZUZ Live Match-Up: YG vs. The Game at Apple Music Studios on July 23, 2026 in Los Angeles, California.\" height width><\/div>\n<\/div>\n<div class=\"o-card__content \">\n<div class=\"c_title \">\n<h3 id=\"title-of-a-story\" class=\"c-title  a-font-basic-fancy u-font-size-15 u-font-size-15.5@mobile-max u-line-height-22px u-padding-r-0.188@desktop u-word-spacing-0013 u-line-height-22.5px@mobile-max a-truncate-ellipsis-4line@mobile-max a-truncate-ellipsis-3line\">\n<p>\t\t\t\t\tThe Game Responds to Allegations That He Takes Shots at Kendrick Lamar on New Album: &#8216;Ain&#8217;t Diss Nobody on That Song&#8217;\t\t<\/p>\n<\/h3>\n<\/div>\n<\/div>\n<\/div>\n<div class=\"o-card \">\n<div class=\"c-lazy-image  lrv-u-margin-b-075 lrv-u-margin-b-00@mobile-max u-width-130px@mobile-max\">\n<div class=\"a-crop-6x4 a-crop-3x2@mobile-max\"><img decoding=\"async\" class=\"c-lazy-image__img lrv-u-background-color-grey-lightest lrv-u-width-100p lrv-u-display-block lrv-u-height-auto\" src=\"https:\/\/www.billboard.com\/wp-content\/uploads\/2026\/08\/los-angeles-azules-tini-cr-seitrack-us-press-billboard-1800.jpg?w=237&amp;h=147&amp;crop=1\" alt=\"Los \u00c1ngeles Azules &amp; TINI\" height width><\/div>\n<\/div>\n<div class=\"o-card__content \">\n<div class=\"c_title \">\n<h3 id=\"title-of-a-story\" class=\"c-title  a-font-basic-fancy u-font-size-15 u-font-size-15.5@mobile-max u-line-height-22px u-padding-r-0.188@desktop u-word-spacing-0013 u-line-height-22.5px@mobile-max a-truncate-ellipsis-4line@mobile-max a-truncate-ellipsis-3line\">\n<p>\t\t\t\t\tLos \u00c1ngeles Azules &amp; TINI&#8217;s &#8216;Pa&#8217; \u00c9l&#8217; &amp; More: Vote for the Best New Latin Music Release This Week\t\t<\/p>\n<\/h3>\n<\/div>\n<\/div>\n<\/div>\n<\/div>\n<\/div>\n<p class=\"paragraph larva \/\/ lrv-u-margin-lr-auto  lrv-a-font-body-m   \">\n\tLed by Ocesa Colombia\u2019s Luz Angela Castro, the lineup includes Maluma, Kris R, Miguel Bos\u00e9, Greeicy, Silvestre Dangond, Eladio Carri\u00f3n, Draco Rosa, Sebasti\u00e1n Yatra, TIM\u00d8, Pedro Cap\u00f3, Manuel Turizo, Juan Duque and more, with Karol G joining via livestream through her Con Cora Foundation. More artists are expected to participate. The initiative quickly grew into a collective effort involving Ocesa Colombia, MOVE Concerts, P\u00e1ramo Presenta, CMN, Villal\u00f3n Group, Diomar Garc\u00eda Eventos and many others.<\/p>\n<div class=\"post-content-image \/\/  \">\n<figure class=\"o-figure   size-large alignnone lrv-u-max-width-100p\">\n<div class=\"c-lazy-image   lrv-u-margin-t-125 u-padding-b-10 u-margin-t-26@mobile-max lrv-u-display-inline-block lrv-u-width-100p\">\n<div class=\"lrv-a-crop-16x9\"><img loading=\"lazy\" decoding=\"async\" class=\"c-lazy-image__img lrv-u-background-color-grey-lightest lrv-u-width-100p lrv-u-display-block lrv-u-height-auto\" src=\"https:\/\/www.billboard.com\/wp-content\/uploads\/2026\/08\/Colombia-Voces-Por-La-Vida-Flyer.png?w=240\" alt height=\"1024\" width=\"819\"><\/div>\n<\/div><figcaption class=\"c-figcaption  lrv-u-flex lrv-u-flex-direction-column a-font-accent-xs lrv-u-color-black u-margin-t-n4px lrv-u-padding-lr-00@mobile-max lrv-u-padding-b-1 u-font-size-11 u-line-height-19px u-word-spacing-n0156px u-letter-spacing-0026 u-padding-b-0625@mobile-max\"><span class>Courtesy of Vive Claro.<\/span><\/figcaption><\/figure>\n<\/div>\n<h2 class=\"heading larva \/\/   a-font-secondary-fancy-xl   \">\n\t\tMan\u00e1 Becomes First Latin Act Featured in Apple Music\u2019s Rediscovered Series\t<\/h2>\n<p class=\"paragraph larva \/\/ lrv-u-margin-lr-auto  lrv-a-font-body-m   \">\n\tMore than three decades after its release on their groundbreaking <em>\u00bfD\u00f3nde Jugar\u00e1n los Ni\u00f1os?<\/em>, Man\u00e1 has become the first Latin act featured in Apple Music\u2019s Rediscovered series. Fronted by Fher Olvera, the band \u2014 comprised of drummer Alex Gonz\u00e1lez, guitarist Sergio Vall\u00edn and bassist Juan Calleros, with additional backup members \u2014 performed a new version of \u201cOye Mi Amor\u201d at Apple Music Studios in L.A.<\/p>\n<p class=\"paragraph larva \/\/ lrv-u-margin-lr-auto  lrv-a-font-body-m   \">\n\tThe session, recorded in Spatial Audio and released exclusively on Apple Music, celebrates one of Man\u00e1\u2019s most recognizable hits while adding another milestone to the Mexican band\u2019s legacy. With more than 50 million albums sold worldwide, four Grammy Awards, nine Latin Grammys, and 10 No. 1s on <em>Billboard<\/em>\u2018s\u00a0Hot Latin Songs\u00a0chart, the band continues its Vivir Sin Aire Tour across the U.S. and Latin America. Man\u00e1\u2019s performance joins recent Rediscovered sessions from Goo Goo Dolls, Norah Jones, Estelle, Ne-Yo, Billy Idol and Third Eye Blind. Watch their performance below. <\/p>\n<figure class=\"wp-block-embed is-type-video is-provider-youtube wp-block-embed-youtube\">\n<div class=\"wp-block-embed__wrapper\"><span class=\"embed-youtube\"><\/span><\/div>\n<\/figure>\n<h2 class=\"heading larva \/\/   a-font-secondary-fancy-xl   \">\n\t\tElvis Crespo Will Headline a Free Labor Day Celebration in the Bronx\t<\/h2>\n<p class=\"paragraph larva \/\/ lrv-u-margin-lr-auto  lrv-a-font-body-m   \">\n\tElvis Crespo is returning to the Bronx for a hometown celebration.\u00a0The Puerto Rican Grammy-winning merengue star will headline the finale of the 2026 Bronx Summer Concert Series on Sept. 6 at Orchard Beach Pavilion. The free, family-friendly event will run from 1-5 p.m. ET and close out the borough\u2019s annual summer concert series.<\/p>\n<p class=\"paragraph larva \/\/ lrv-u-margin-lr-auto  lrv-a-font-body-m   \">\n\t\u201cPerforming in New York City, where I was born, makes this moment meaningful,\u201d Crespo said in a statement. \u201cI can\u2019t wait to bring the energy of merengue back to the city that will always be part of who I am.\u201d <\/p>\n<p class=\"paragraph larva \/\/ lrv-u-margin-lr-auto  lrv-a-font-body-m   \">\n\tBronx Borough president Vanessa L. Gibson added, \u201cFrom salsa and\u00a0\u00a0merengue to freestyle and Caribbean sounds, this concert series reflects the vibrant\u00a0energy and diversity that define our borough. We are also thrilled to welcome the legendary Elvis Crespo for our Labor Day Weekend finale and invite everyone to join\u00a0us as we close out another unforgettable summer in the Bronx.\u201d<\/p>\n<div class=\"post-content-image \/\/  \">\n<figure class=\"o-figure   size-large alignnone lrv-u-max-width-100p\">\n<div class=\"c-lazy-image   lrv-u-margin-t-125 u-padding-b-10 u-margin-t-26@mobile-max lrv-u-display-inline-block lrv-u-width-100p\">\n<div class=\"lrv-a-crop-16x9\"><img loading=\"lazy\" decoding=\"async\" class=\"c-lazy-image__img lrv-u-background-color-grey-lightest lrv-u-width-100p lrv-u-display-block lrv-u-height-auto\" src=\"https:\/\/www.billboard.com\/wp-content\/uploads\/2026\/08\/GRAPHIC_Orchard-Beach-EC-ENG.jpeg?w=240\" alt height=\"480\" width=\"384\"><\/div>\n<\/div><figcaption class=\"c-figcaption  lrv-u-flex lrv-u-flex-direction-column a-font-accent-xs lrv-u-color-black u-margin-t-n4px lrv-u-padding-lr-00@mobile-max lrv-u-padding-b-1 u-font-size-11 u-line-height-19px u-word-spacing-n0156px u-letter-spacing-0026 u-padding-b-0625@mobile-max\"><span class>Courtesy of the artist.<\/span><\/figcaption><\/figure>\n<\/div>\n<h2 class=\"heading larva \/\/   a-font-secondary-fancy-xl   \">\n\t\tZZK Records Brings \u2018Onda Latina\u2019 Back to Venice Beach\t<\/h2>\n<p class=\"paragraph larva \/\/ lrv-u-margin-lr-auto  lrv-a-font-body-m   \">\n\tZZK Records \u2014 the indie Latin American electronic music label and cultural platform \u2014 is bringing its Onda Latina dance night back to Los Angeles on Sept. 10 at Townhouse Venice. The lineup will feature an evening of deep Latin sounds from Argentine producer Chancha V\u00eda Circuito, Mexico-born, Amsterdam-based DJ and broadcaster Coco Mar\u00eda, and ZZK\u2019s own El G, who will close out the night with a DJ set.<\/p>\n<p class=\"paragraph larva \/\/ lrv-u-margin-lr-auto  lrv-a-font-body-m   \">\n\tThe event continues ZZK\u2019s mission of spotlighting adventurous Latin electronic music, digital cumbia and folkloric sounds for L.A. audiences. Since relocating to the city in 2019, the label has hosted more than two dozen events featuring artists from 11 countries, helping connect the region\u2019s underground scenes with new audiences.  Buy tickets here.<\/p>\n<div class=\"post-content-image \/\/  \">\n<figure class=\"o-figure   size-large alignnone lrv-u-max-width-100p\">\n<div class=\"c-lazy-image   lrv-u-margin-t-125 u-padding-b-10 u-margin-t-26@mobile-max lrv-u-display-inline-block lrv-u-width-100p\">\n<div class=\"lrv-a-crop-16x9\"><img loading=\"lazy\" decoding=\"async\" class=\"c-lazy-image__img lrv-u-background-color-grey-lightest lrv-u-width-100p lrv-u-display-block lrv-u-height-auto\" src=\"https:\/\/www.billboard.com\/wp-content\/uploads\/2026\/08\/Onda-Latina-Chancha_Coco-Flyer.jpg?w=225\" alt height=\"1024\" width=\"768\"><\/div>\n<\/div><figcaption class=\"c-figcaption  lrv-u-flex lrv-u-flex-direction-column a-font-accent-xs lrv-u-color-black u-margin-t-n4px lrv-u-padding-lr-00@mobile-max lrv-u-padding-b-1 u-font-size-11 u-line-height-19px u-word-spacing-n0156px u-letter-spacing-0026 u-padding-b-0625@mobile-max\"><span class>Courtesy of ZZK Records.<\/span><\/figcaption><\/figure>\n<\/div>\n<h2 class=\"heading larva \/\/   a-font-secondary-fancy-xl   \">\n\t\tD Smoke and Drezz Celebrate Women With Sultry \u201cMujeres\u201d\t<\/h2>\n<p class=\"paragraph larva \/\/ lrv-u-margin-lr-auto  lrv-a-font-body-m   \">\n\tD Smoke and Drezz, who perform together as the Los Angeles-based Afro-Latin duo\u00a0STA-BN (short for \u2018Sta Bien), released \u201cMujeres\u201d on Friday (Aug. 21). The bilingual, mid-tempo track blends a sultry groove with lyrics celebrating women, individuality and connection across cultures. <\/p>\n<p class=\"paragraph larva \/\/ lrv-u-margin-lr-auto  lrv-a-font-body-m   \">\n\t\u201cMujeres is not only an ode to womankind, but a celebration of the individual woman, uniquely powerful and special,\u201d D Smoke tells <em>Billboard<\/em>. \u201cIt champions she who, amidst a crowd, maintains her center and her protects own original energy.\u201d <\/p>\n<p class=\"paragraph larva \/\/ lrv-u-margin-lr-auto  lrv-a-font-body-m   \">\n\tThe song marks another cross-cultural release from the Grammy-winning artist, who continues to bridge English- and Spanish-language sounds through his music. Listen below.<\/p>\n<figure class=\"wp-block-embed is-type-rich is-provider-spotify wp-block-embed-spotify\">\n<div class=\"wp-block-embed__wrapper\">\n\n<\/div>\n<\/figure>\n<p><img decoding=\"async\" src=\"https:\/\/i.imgur.com\/2HpFicp.png\" alt=\"Billboard VIP Pass\"><\/p>\n<\/div>\n<\/div>\n<p>[analyse_source url=&#8221;https:\/\/www.billboard.com\/music\/latin\/karol-g-maluma-colombia-earthquake-relief-mana-apple-music-1236322398\/&#8221;]<\/p>\n","protected":false},"excerpt":{"rendered":"<p>[analyse_image type=&#8221;featured&#8221; src=&#8221;https:\/\/www.billboard.com\/wp-content\/uploads\/2026\/07\/karol-g-cr-henry-hwu-press-billboard-1800.jpg?w=1024&#8243;] Trending on Billboard From career milestones to new releases to major announcements and those little important moments,\u00a0Billboard\u00a0editors highlight\u00a0uplifting moments\u00a0in Latin music. Here\u2019s what happened in the Latin music world this week. Explore Karol G Maluma Man\u00e1 See latest videos, charts and news Karol G, Maluma, Grupo Niche, Sebasti\u00e1n Yatra &amp; More Will [&hellip;]<\/p>\n","protected":false},"author":1,"featured_media":0,"comment_status":"open","ping_status":"","sticky":false,"template":"","format":"standard","meta":{"footnotes":""},"categories":[2],"tags":[48,226],"class_list":["post-2106662","post","type-post","status-publish","format-standard","hentry","category-politics","tag-billboard-com","tag-crawlmanager"],"_links":{"self":[{"href":"https:\/\/analyse.optim.biz\/index.php?rest_route=\/wp\/v2\/posts\/2106662","targetHints":{"allow":["GET"]}}],"collection":[{"href":"https:\/\/analyse.optim.biz\/index.php?rest_route=\/wp\/v2\/posts"}],"about":[{"href":"https:\/\/analyse.optim.biz\/index.php?rest_route=\/wp\/v2\/types\/post"}],"author":[{"embeddable":true,"href":"https:\/\/analyse.optim.biz\/index.php?rest_route=\/wp\/v2\/users\/1"}],"replies":[{"embeddable":true,"href":"https:\/\/analyse.optim.biz\/index.php?rest_route=%2Fwp%2Fv2%2Fcomments&post=2106662"}],"version-history":[{"count":0,"href":"https:\/\/analyse.optim.biz\/index.php?rest_route=\/wp\/v2\/posts\/2106662\/revisions"}],"wp:attachment":[{"href":"https:\/\/analyse.optim.biz\/index.php?rest_route=%2Fwp%2Fv2%2Fmedia&parent=2106662"}],"wp:term":[{"taxonomy":"category","embeddable":true,"href":"https:\/\/analyse.optim.biz\/index.php?rest_route=%2Fwp%2Fv2%2Fcategories&post=2106662"},{"taxonomy":"post_tag","embeddable":true,"href":"https:\/\/analyse.optim.biz\/index.php?rest_route=%2Fwp%2Fv2%2Ftags&post=2106662"}],"curies":[{"name":"wp","href":"https:\/\/api.w.org\/{rel}","templated":true}]}}