{"id":2106494,"date":"2026-08-02T00:00:00","date_gmt":"2026-08-01T21:00:00","guid":{"rendered":"https:\/\/analyse.optim.biz\/?p=2106494"},"modified":"2026-08-02T00:00:00","modified_gmt":"2026-08-01T21:00:00","slug":"karate-de-performanta-in-vrancea-cinci-sportivi-de-la-cs-satori-focsani-remarcati-la-selectia-lotului-national-skdun","status":"publish","type":"post","link":"https:\/\/analyse.optim.biz\/?p=2106494","title":{"rendered":"Karate de performan\u021b\u0103 \u00een Vrancea: cinci sportivi de la CS Satori Foc\u0219ani, remarca\u021bi la selec\u021bia Lotului Na\u021bional SKDUN"},"content":{"rendered":"<p>[analyse_image type=&#8221;featured&#8221; src=&#8221;https:\/\/zdvi.cname.ro\/_\/karate-de-performanta-in-vrancea-cinci-sportivi-de-la-cs-satori-focsani-remarcati-la-selectia-lotului-national-skdun\/mediaPool\/u30Rjno.jpg&#8221;]<\/p>\n<div class=\"main-content detaliu-articol\"><a class=\"titlu-cat-list\" href=\"https:\/\/ziaruldevrancea.ro\/special\/sport\">Sport<\/a><\/p>\n<h1>Karate de performan\u021b\u0103 \u00een Vrancea: cinci sportivi de la CS Satori Foc\u0219ani, remarca\u021bi la selec\u021bia Lotului Na\u021bional SKDUN<\/h1>\n<div class=\"date-articol clearfix\">\n<div class=\"distribuie-articol dropdown\">\n    Distribuie: \u00a0<br \/>\n    <em>|<\/em><\/div>\n<div class=\"autor-articol\"><a href=\"https:\/\/ziaruldevrancea.ro\/autor\/eduard-dascalu\/\"><img decoding=\"async\" class=\"img-circle\" src=\"https:\/\/zdvi.cname.ro\/50_50\/articleAuthor\/eduard-dascalu\/articleAuthor\/uMGQuqd.jpeg\" alt><\/a><\/p>\n<h5><a href=\"https:\/\/ziaruldevrancea.ro\/autor\/eduard-dascalu\/\">Eduard Dasc\u0103lu<\/a><\/h5>\n<div class=\"grup-spatiere\"><span class=\"cu-spatiere\"> 2 aug 2026<\/span><span class=\"cu-spatiere\">728 vizualiz\u0103ri<\/span><\/div>\n<\/div>\n<\/div>\n<div class=\"poza-mare\"><a href class=\"openGallery\"><img decoding=\"async\" class=\"img-responsive\" src=\"https:\/\/zdvi.cname.ro\/850_530\/karate-de-performanta-in-vrancea-cinci-sportivi-de-la-cs-satori-focsani-remarcati-la-selectia-lotului-national-skdun\/article\/mediaPool\/u30Rjno.jpg\" alt=\"Foto:Contul de facebook Sensei Daniel Fusaru - Club Sportiv Satori Foc\u0219ani \"><\/a><\/p>\n<div class=\"caption-poza\">Foto:Contul de facebook Sensei Daniel Fusaru &#8211; Club Sportiv Satori Foc\u0219ani <\/div>\n<\/div>\n<p><strong>Trei karateka din Foc\u0219ani s-au calificat pentru a fi selec\u021biona\u021bi \u00een Lotul Na\u021bional al Rom\u00e2niei pentru Campionatul Mondial din Italia, iar al\u021bi doi au fost inclu\u0219i \u00een Lotul Na\u021bional L\u0103rgit pentru Cupa Mondial\u0103.<\/strong><\/p>\n<div>\u00a0<\/div>\n<div>\n<div>\n<div>\n<div>\n<div dir=\"auto\">\n<div>\n<div>\n<p>Sportivii Clubului Sportiv Satori Foc\u0219ani au ob\u021binut rezultate care le asigur\u0103 prezen\u021ba \u00een competi\u021biile interna\u021bionale ale acestui an, \u00een urma particip\u0103rii la selec\u021bia Lotului Na\u021bional de Karate SKDUN, desf\u0103\u0219urat\u0103 la 1 august 2026.<\/p>\n<p>Potrivit informa\u021biilor publicate duminic\u0103, 2 august, pe pagina de Facebook a antrenorului <strong>Sensei Daniel Fusaru \u2013 Club Sportiv Satori Foc\u0219ani<\/strong>, clubul vr\u00e2ncean a fost reprezentat la selec\u021bia na\u021bional\u0103 de cinci sportivi, care au concurat \u00een probele de <strong>Kata individual, Kumite Jiyu Ippon, Kumite Shobu Ippon \u0219i Kumite Shobu Sanbon<\/strong>.<\/p>\n<p><strong>Din partea CS Satori Foc\u0219ani au participat:<\/strong><\/p>\n<ul>\n<li><strong>Pintilie Andrei<\/strong> \u2013 categoria Tineret;<\/li>\n<li><strong>Pan\u0103 David<\/strong> \u2013 Juniori;<\/li>\n<li><strong>Constantin Andreea<\/strong> \u2013 Juniori;<\/li>\n<li><strong>Necula Tudor<\/strong> \u2013 Cade\u021bi;<\/li>\n<li><strong>Pintilie Matei<\/strong> \u2013 Cade\u021bi.<\/li>\n<\/ul>\n<p>\u00cen urma rezultatelor ob\u021binute, <strong>trei sportivi ai clubului s-au calificat pentru a fi selec\u021biona\u021bi \u00een Lotul Na\u021bional al Rom\u00e2niei<\/strong>, urm\u00e2nd s\u0103 reprezinte \u021bara la <strong>Campionatul Mondial SKDUN<\/strong>, care va avea loc \u00een Italia.<\/p>\n<p>Ace\u0219tia sunt:<\/p>\n<ul>\n<li><strong>Necula Tudor<\/strong>, calificat la probele <strong>Jiyu Ippon Kumite<\/strong> \u0219i <strong>Shobu Ippon Kumite<\/strong>;<\/li>\n<li><strong>Constantin Andreea<\/strong>, calificat\u0103 la <strong>Shobu Sanbon Kumite<\/strong>;<\/li>\n<li><strong>Pan\u0103 David<\/strong>, calificat la <strong>Shobu Ippon Kumite<\/strong> \u0219i <strong>Shobu Sanbon Kumite<\/strong>.<\/li>\n<\/ul>\n<p>De asemenea, <strong>Pintilie Andrei<\/strong> \u0219i <strong>Pintilie Matei<\/strong> au fost inclu\u0219i \u00een <strong>Lotul Na\u021bional L\u0103rgit<\/strong>, urm\u00e2nd s\u0103 participe la <strong>Cupa Mondial\u0103 SKDUN<\/strong>.<\/p>\n<p>\u00cen mesajul publicat dup\u0103 selec\u021bie, reprezentan\u021bii Clubului Sportiv Satori Foc\u0219ani au transmis c\u0103 sportivii s-au prezentat \u00een compania celor mai buni karateka din \u021bar\u0103, eviden\u021biind seriozitatea, preg\u0103tirea \u0219i determinarea acestora.<\/p>\n<p>Rezultatele ob\u021binute confirm\u0103 prezen\u021ba constant\u0103 a sportivilor vr\u00e2nceni \u00een competi\u021biile na\u021bionale de karate \u0219i ofer\u0103 acestora oportunitatea de a evolua \u00een \u00eentreceri interna\u021bionale sub culorile Rom\u00e2niei.<\/p>\n<p>Participarea la Campionatul Mondial \u0219i la Cupa Mondial\u0103 SKDUN reprezint\u0103 urm\u0103torul obiectiv pentru karateka legitima\u021bi la <strong>CS Satori Foc\u0219ani<\/strong>, care vor \u00eencerca s\u0103 confirme \u0219i pe plan interna\u021bional evolu\u021biile care le-au adus calificarea \u00een loturile na\u021bionale.<\/p>\n<p><strong>Eduard Dasc\u0103lu\u00a0<\/strong><\/p>\n<\/div>\n<\/div>\n<\/div>\n<\/div>\n<\/div>\n<\/div>\n<\/div>\n<hr>\n<div class=\"bloc-widget widget-rosu\">\n<p>\u00cen lipsa unui acord scris din partea Ziarului de Vrancea, pute\u0163i prelua maxim 500 de caractere din acest articol dac\u0103 preciza\u0163i sursa \u015fi insera\u0163i vizibil link-ul articolului:\u00a0<span>#insertcurrentlinkhere<\/span><\/p>\n<\/div>\n<div class=\"extra-articol listing-anunturi\">\n<h6>Anun\u021buri <span class=\"text-primary\">ZdV<\/span> Premium<\/h6>\n<div class=\"row\">\n<div class=\"col-lg-4 col-md-6 bloc-egal\"><a class=\"card-anunt\" href=\"https:\/\/ziaruldevrancea.ro\/anunturi\/altele\/anulare-acte\/de-vanzare\"><strong class=\"titlu\">Vanzari diverse<\/strong><span class=\"text-anunt\">V\u00e2nd cazan \u021buic\u0103 65 litri, instala\u021bie&#8230;<\/span><span class=\"data-anunt\">21.08.2026  <\/span><\/a><\/div>\n<div class=\"col-lg-4 col-md-6 bloc-egal\"><a class=\"card-anunt\" href=\"https:\/\/ziaruldevrancea.ro\/anunturi\/necrolog\/condoleante\/dumnezeu-sa-l-odihneasca-in-pace-si-lumina-sincere-condoleante-familiei\"><strong class=\"titlu\">Condolean\u021be<\/strong><span class=\"text-anunt\">Cu profund\u0103 triste\u021be am aflat vestea trecerii la&#8230;<\/span><span class=\"data-anunt\">20.08.2026  <\/span><\/a><\/div>\n<div class=\"col-lg-4 col-md-6 bloc-egal\"><a class=\"card-anunt\" href=\"https:\/\/ziaruldevrancea.ro\/anunturi\/inchirieri\/locuinte-oferte\/Inchirieri-anunt-72845\"><strong class=\"titlu\">Locuin\u021be oferte<\/strong><span class=\"text-anunt\">Ofer spre \u00eenchiriere spa\u021biu \u00eentr-o&#8230;<\/span><span class=\"data-anunt\">18.08.2026  <\/span><\/a><\/div>\n<\/div>\n<\/div>\n<div class=\"extra-articol alte-articole\">\n<div class=\"row\">\n<div class=\"col-lg-6 bloc-egal\">\n<div class=\"card articol-listing\">\n<h6>\u00cen categoria <a href=\"https:\/\/ziaruldevrancea.ro\/special\/sport\">Sport<\/a><\/h6>\n<div class=\"grup-articol-listing\">\n<div class=\"cont-pils\"><a href=\"https:\/\/ziaruldevrancea.ro\/special\/sport\/echipa-de-fotbal-csm-adjud-1946-si-a-aflat-programul-in-liga-a-iii-a-debut-acasa-cu-aerostar-bacau-pe-29-august\"><img decoding=\"async\" src=\"https:\/\/zdvi.cname.ro\/180_135\/special\/sport\/echipa-de-fotbal-csm-adjud-1946-si-a-aflat-programul-in-liga-a-iii-a-debut-acasa-cu-aerostar-bacau-pe-29-august\/mediaPool\/uFnLqs7.jpg\" class=\"img-responsive img-180\" alt><\/a><\/div>\n<h2><a class=\"link-titlu\" href=\"https:\/\/ziaruldevrancea.ro\/special\/sport\/echipa-de-fotbal-csm-adjud-1946-si-a-aflat-programul-in-liga-a-iii-a-debut-acasa-cu-aerostar-bacau-pe-29-august\">Echipa de fotbal CSM Adjud 1946 \u0219i-a aflat programul \u00een Liga a III-a: debut acas\u0103 cu Aerostar Bac\u0103u, pe 29 august<\/a><\/h2>\n<div class=\"date-post\"><a href=\"https:\/\/ziaruldevrancea.ro\/autor\/eduard-dascalu\">Eduard Dasc\u0103lu<\/a>, 22 aug 2026  <\/div>\n<\/div>\n<div class=\"grup-articol-listing\">\n<div class=\"cont-pils\"><a href=\"https:\/\/ziaruldevrancea.ro\/special\/sport\/video-astazi-despre-costica-stefanescu-fundas-central-in-nationala-de-vis-a-romaniei-supranumit-ministrul-apararii\"><img decoding=\"async\" src=\"https:\/\/zdvi.cname.ro\/180_135\/special\/sport\/video-astazi-despre-costica-stefanescu-fundas-central-in-nationala-de-vis-a-romaniei-supranumit-ministrul-apararii\/mediaPool\/upTQOCw.jpg\" class=\"img-responsive img-180\" alt><\/a><\/div>\n<h2><a class=\"link-titlu\" href=\"https:\/\/ziaruldevrancea.ro\/special\/sport\/video-astazi-despre-costica-stefanescu-fundas-central-in-nationala-de-vis-a-romaniei-supranumit-ministrul-apararii\">VIDEO Ast\u0103zi despre: Fotbalistul cu o carier\u0103 de poveste cu v\u00e2rfuri la Craiova Maxima \u015fi Na\u0163ional\u0103: Costic\u0103 \u0218tef\u0103nescu, funda\u015f central \u00een Na\u0163ionala de vis a Rom\u00e2niei, supranumit \u201eMinistrul ap\u0103r\u0103rii din fotbalul rom\u00e2nesc\u201d<\/a><\/h2>\n<div class=\"date-post\"><a href=\"https:\/\/ziaruldevrancea.ro\/autor\/ziarul-de-vrancea\">Ziarul de Vrancea<\/a>, 20 aug 2026  <\/div>\n<\/div>\n<div class=\"grup-articol-listing\">\n<div class=\"cont-pils\"><a href=\"https:\/\/ziaruldevrancea.ro\/special\/sport\/csm-adjud-1946-si-a-aflat-adversarele-din-liga-3-echipa-de-fotbal-a-vrancei-repartizata-in-seria-1\"><img decoding=\"async\" src=\"https:\/\/zdvi.cname.ro\/180_135\/special\/sport\/csm-adjud-1946-si-a-aflat-adversarele-din-liga-3-echipa-de-fotbal-a-vrancei-repartizata-in-seria-1\/mediaPool\/uohX0XK.jpg\" class=\"img-responsive img-180\" alt><\/a><\/div>\n<h2><a class=\"link-titlu\" href=\"https:\/\/ziaruldevrancea.ro\/special\/sport\/csm-adjud-1946-si-a-aflat-adversarele-din-liga-3-echipa-de-fotbal-a-vrancei-repartizata-in-seria-1\">CSM Adjud 1946 \u0219i-a aflat adversarele din Liga 3: echipa de fotbal a Vrancei, repartizat\u0103 \u00een Seria 1<\/a><\/h2>\n<div class=\"date-post\"><a href=\"https:\/\/ziaruldevrancea.ro\/autor\/eduard-dascalu\">Eduard Dasc\u0103lu<\/a>, 18 aug 2026  <\/div>\n<\/div>\n<\/div>\n<\/div>\n<div class=\"col-lg-6 bloc-egal\">\n<div class=\"card articol-listing\">\n<h6>De acela\u0219i <a href=\"https:\/\/ziaruldevrancea.ro\/autor\/eduard-dascalu\/\">autor<\/a><\/h6>\n<div class=\"grup-articol-listing\">\n<div class=\"cont-pils\"><a href=\"https:\/\/ziaruldevrancea.ro\/timp-liber\/vrancea-montana-run-2026-aduce-la-paulesti-circa-350-de-alergatori-din-24-de-judete.-sport-si-traditii-locale-pe-30-august\"><img decoding=\"async\" src=\"https:\/\/zdvi.cname.ro\/180_135\/timp-liber\/vrancea-montana-run-2026-aduce-la-paulesti-circa-350-de-alergatori-din-24-de-judete.-sport-si-traditii-locale-pe-30-august\/mediaPool\/u5WXfy5.jpg\" class=\"img-responsive img-180\" alt><\/a><\/div>\n<h2><a class=\"link-titlu\" href=\"https:\/\/ziaruldevrancea.ro\/timp-liber\/vrancea-montana-run-2026-aduce-la-paulesti-circa-350-de-alergatori-din-24-de-judete.-sport-si-traditii-locale-pe-30-august\">Vrancea Montan\u0103 Run 2026 aduce la P\u0103ule\u0219ti circa 350 de alerg\u0103tori din 24 de jude\u021be. Sport \u0219i tradi\u021bii locale, pe 30 august<\/a><\/h2>\n<div class=\"date-post\"><a href=\"https:\/\/ziaruldevrancea.ro\/autor\/eduard-dascalu\">Eduard Dasc\u0103lu<\/a>, 21 aug 2026  <\/div>\n<\/div>\n<div class=\"grup-articol-listing\">\n<div class=\"cont-pils\"><a href=\"https:\/\/ziaruldevrancea.ro\/promo\/evenimente-speciale\/video--foto-vranceanul-catalin-olteanu-capitan-al-nationalei-soferilor-in-victoria-cu-spania\"><img decoding=\"async\" src=\"https:\/\/zdvi.cname.ro\/180_135\/promo\/evenimente-speciale\/video--foto-vranceanul-catalin-olteanu-capitan-al-nationalei-soferilor-in-victoria-cu-spania\/mediaPool\/urP0mmR.jpg\" class=\"img-responsive img-180\" alt><\/a><\/div>\n<h2><a class=\"link-titlu\" href=\"https:\/\/ziaruldevrancea.ro\/promo\/evenimente-speciale\/video--foto-vranceanul-catalin-olteanu-capitan-al-nationalei-soferilor-in-victoria-cu-spania\">VIDEO + Foto | Vr\u00e2nceanul C\u0103t\u0103lin Olteanu, c\u0103pitan al Na\u021bionalei \u0218oferilor \u00een victoria cu Spania<\/a><\/h2>\n<div class=\"date-post\"><a href=\"https:\/\/ziaruldevrancea.ro\/autor\/eduard-dascalu\">Eduard Dasc\u0103lu<\/a>, 17 aug 2026  <\/div>\n<\/div>\n<div class=\"grup-articol-listing\">\n<div class=\"cont-pils\"><a href=\"https:\/\/ziaruldevrancea.ro\/timp-liber\/video-focsaneanul-david-pana-ghindi-de-la-aurul-mondial-la-karate-la-tobele-trupei-warblade.-a-participat-la-intalnirea-tobosarilor-2026\"><img decoding=\"async\" src=\"https:\/\/zdvi.cname.ro\/180_135\/timp-liber\/video-focsaneanul-david-pana-ghindi-de-la-aurul-mondial-la-karate-la-tobele-trupei-warblade.-a-participat-la-intalnirea-tobosarilor-2026\/mediaPool\/uHJcDtl.png\" class=\"img-responsive img-180\" alt><\/a><\/div>\n<h2><a class=\"link-titlu\" href=\"https:\/\/ziaruldevrancea.ro\/timp-liber\/video-focsaneanul-david-pana-ghindi-de-la-aurul-mondial-la-karate-la-tobele-trupei-warblade.-a-participat-la-intalnirea-tobosarilor-2026\">VIDEO | Foc\u0219\u0103neanul David Pan\u0103 \u201eGhindi\u201d, de la aurul mondial la karate la tobele trupei Warblade. A participat la \u00cent\u00e2lnirea Tobo\u0219arilor 2026<\/a><\/h2>\n<div class=\"date-post\"><a href=\"https:\/\/ziaruldevrancea.ro\/autor\/eduard-dascalu\">Eduard Dasc\u0103lu<\/a>, 17 aug 2026  <\/div>\n<\/div>\n<\/div>\n<\/div>\n<\/div>\n<\/div>\n<div class=\"extra-articol listing-anunturi\">\n<h6>Anun\u021buri <span class=\"text-primary\">ZdV<\/span> Premium<\/h6>\n<div class=\"row\">\n<div class=\"col-lg-4 col-md-6 bloc-egal\"><a class=\"card-anunt\" href=\"https:\/\/ziaruldevrancea.ro\/anunturi\/imobiliare\/vanzari-ap-2-camere\/vanzare-apartament-2-camere\"><strong class=\"titlu\">V\u00e2nz\u0103ri ap 2 camere<\/strong><span class=\"text-anunt\">V\u00e2nd apartament 2 camere, et.3\/3,&#8230;<\/span><span class=\"data-anunt\">12.08.2026  <\/span><\/a><\/div>\n<div class=\"col-lg-4 col-md-6 bloc-egal\"><a class=\"card-anunt\" href=\"https:\/\/ziaruldevrancea.ro\/anunturi\/imobiliare\/vanzari-terenuri\/vand-teren-anunt-72841\"><strong class=\"titlu\">V\u00e2nz\u0103ri terenuri<\/strong><span class=\"text-anunt\">V\u00e2nd teren intravilan 3600 mp, intersec\u021bia&#8230;<\/span><span class=\"data-anunt\">17.08.2026  <\/span><\/a><\/div>\n<div class=\"col-lg-4 col-md-6 bloc-egal\"><a class=\"card-anunt\" href=\"https:\/\/ziaruldevrancea.ro\/anunturi\/angajari\/oferte-angajari\/oferta-de-angajare-anunt-72842\"><strong class=\"titlu\">Oferte<\/strong><span class=\"text-anunt\">SC angajeaz\u0103 2 persoane calificate \u0219i cu&#8230;<\/span><span class=\"data-anunt\">17.08.2026  <\/span><\/a><\/div>\n<\/div>\n<\/div>\n<div class=\"bloc-widget widget-albastru\">\n    Ziarul de Vrancea \u00a0nu este responsabil juridic pentru con\u0163inutul textelor din comentariile de mai jos. Responsabilitatea pentru mesajele dumneavoastra v\u0103 revine \u00een exclusivitate.\n<\/div>\n<div class=\"comentarii-articol\" id=\"comentarii\">\n<h3>Comentarii: <span class=\"text-primary\">0<\/span><\/h3>\n<p><a href=\"https:\/\/ziaruldevrancea.ro\/special\/sport\/karate-de-performanta-in-vrancea-cinci-sportivi-de-la-cs-satori-focsani-remarcati-la-selectia-lotului-national-skdun\" class=\"btn btn-success btn-adauga-com\" data-toggle=\"modal\" data-parent=\"0\" data-target=\"#commentModal\">Adaug\u0103 comentariu<\/a><\/p>\n<div class=\"loadMask comments-mask\"><img decoding=\"async\" src=\"https:\/\/zdvs.cname.ro\/images\/loader_40.gif\"><\/div>\n<div class=\"comenteaza-jos\">Trebuie s\u0103 fii <a href=\"https:\/\/ziaruldevrancea.ro\/account\">autentificat<\/a> pentru a putea <a href=\"https:\/\/ziaruldevrancea.ro\/special\/sport\/karate-de-performanta-in-vrancea-cinci-sportivi-de-la-cs-satori-focsani-remarcati-la-selectia-lotului-national-skdun\" class data-toggle=\"modal\" data-parent=\"0\" data-target=\"#commentModal\">posta un comentariu<\/a>.<\/div>\n<\/div>\n<div class=\"modal fade\" id=\"commentModal\" role=\"dialog\" aria-labelledby=\"commentModalLabel\">\n<div class=\"modal-dialog modal-lg\" role=\"document\">\n<div class=\"modal-content\">\n<div class=\"modal-header\">\n<h3 class=\"modal-title\" id=\"commentModalLabel\">Comenteaz\u0103<\/h3>\n<\/div>\n<div class=\"modal-body\">\n<div class=\"tabel tabel-full\">\n<div class=\"celula\">\n              Trebuie s\u0103 fii <a href=\"https:\/\/ziaruldevrancea.ro\/account\">autentificat<\/a> pentru a putea posta un comentariu.\n            <\/div>\n<\/div>\n<\/div>\n<div class=\"modal-footer\">\n<div id=\"commentPending\" class=\"formPending pull-left\"><img decoding=\"async\" src=\"https:\/\/zdvs.cname.ro\/images\/loader_40.gif\"> In curs de procesare&#8230;<\/div>\n<p><a href=\"https:\/\/ziaruldevrancea.ro\/special\/sport\/karate-de-performanta-in-vrancea-cinci-sportivi-de-la-cs-satori-focsani-remarcati-la-selectia-lotului-national-skdun\" class=\"btn btn-default\" data-dismiss=\"modal\">Anuleaz\u0103<\/a><\/div>\n<\/div>\n<\/div>\n<\/div>\n<div class=\"modal fade\" id=\"commentReportModal\" role=\"dialog\" aria-labelledby=\"commentReportModalLabel\">\n<div class=\"modal-dialog modal-lg\" role=\"document\">\n<div class=\"modal-content\">\n<div class=\"modal-header\">\n<h3 class=\"modal-title\" id=\"commentReportModalLabel\">Raporteaza comentariu<\/h3>\n<\/div>\n<div class=\"modal-body\">\n<div class=\"tabel tabel-full\">\n<div class=\"celula\">\n              Trebuie s\u0103 fii <a href=\"https:\/\/ziaruldevrancea.ro\/account\">autentificat<\/a> pentru a putea raporta un comentariu.\n            <\/div>\n<\/div>\n<\/div>\n<div class=\"modal-footer\">\n<div id=\"commentReportPending\" class=\"formPending pull-left\"><img decoding=\"async\" src=\"https:\/\/zdvs.cname.ro\/images\/loader_40.gif\"> In curs de procesare&#8230;<\/div>\n<p><a href=\"https:\/\/ziaruldevrancea.ro\/special\/sport\/karate-de-performanta-in-vrancea-cinci-sportivi-de-la-cs-satori-focsani-remarcati-la-selectia-lotului-national-skdun\" class=\"btn btn-default\" data-dismiss=\"modal\">Anuleaz\u0103<\/a><\/div>\n<\/div>\n<\/div>\n<\/div>\n<div class=\"modal fade\" id=\"commentLikeModal\" role=\"dialog\" aria-labelledby=\"commentLikeModalLabel\">\n<div class=\"modal-dialog modal-lg\" role=\"document\">\n<div class=\"modal-content\">\n<div class=\"modal-header\">\n<h3 class=\"modal-title\" id=\"commentReportModalLabel\">Apreciaza comentariu<\/h3>\n<\/div>\n<div class=\"modal-body\">\n<div class=\"tabel tabel-full\">\n<div class=\"celula\">\n            Trebuie s\u0103 fii <a href=\"https:\/\/ziaruldevrancea.ro\/account\">autentificat<\/a> pentru a putea aprecia un comentariu.\n          <\/div>\n<\/div>\n<\/div>\n<div class=\"modal-footer\"><a href=\"https:\/\/ziaruldevrancea.ro\/special\/sport\/karate-de-performanta-in-vrancea-cinci-sportivi-de-la-cs-satori-focsani-remarcati-la-selectia-lotului-national-skdun\" class=\"btn btn-default\" data-dismiss=\"modal\">Anuleaz\u0103<\/a><\/div>\n<\/div>\n<\/div>\n<\/div>\n<div class=\"bloc-widget widget-rosu\"><span><small>Ziarul de Vrancea doreste ca acest site sa fie un spatiu al discutiilor civilizate, al comentariilor de bun simt. Din acest motiv, cei care posteaza comentarii la articole trebuie sa respecte urmatoarele reguli:<br \/>\n1. Sa se refere doar la articolul la care posteaza comentarii.<br \/>\n2. Sa foloseasca un limbaj civilizat, fara injurii, calomnii, comentarii antisemite, xenofobe sau rasiste.<br \/>\n3. Sunt interzise atacurile la adresa autorilor, daca acestea nu au legatura cu textul.<br \/>\n4. Username-ul sa nu fie nume de personalitati ale vietii publice sau parodieri ale acestora.<br \/>\nAutorul unui articol poate fi criticat pentru eventuale greseli, incoerenta, lipsa de documentare etc.<br \/>\nNerespectarea regulilor mentionate mai sus va duce la stergerea comentariilor, fara avertisment si fara explicatii.<br \/>\nAbaterile repetate vor avea drept consecinta interdictia accesului la aceasta facilitate a site-ului.<\/small><\/span><\/div>\n<\/div>\n<p>[analyse_source url=&#8221;https:\/\/ziaruldevrancea.ro\/special\/sport\/karate-de-performanta-in-vrancea-cinci-sportivi-de-la-cs-satori-focsani-remarcati-la-selectia-lotului-national-skdun&#8221;]<\/p>\n","protected":false},"excerpt":{"rendered":"<p>[analyse_image type=&#8221;featured&#8221; src=&#8221;https:\/\/zdvi.cname.ro\/_\/karate-de-performanta-in-vrancea-cinci-sportivi-de-la-cs-satori-focsani-remarcati-la-selectia-lotului-national-skdun\/mediaPool\/u30Rjno.jpg&#8221;] Sport Karate de performan\u021b\u0103 \u00een Vrancea: cinci sportivi de la CS Satori Foc\u0219ani, remarca\u021bi la selec\u021bia Lotului Na\u021bional SKDUN Distribuie: \u00a0 | Eduard Dasc\u0103lu 2 aug 2026728 vizualiz\u0103ri Foto:Contul de facebook Sensei Daniel Fusaru &#8211; Club Sportiv Satori Foc\u0219ani Trei karateka din Foc\u0219ani s-au calificat pentru a fi selec\u021biona\u021bi \u00een Lotul Na\u021bional [&hellip;]<\/p>\n","protected":false},"author":1,"featured_media":0,"comment_status":"open","ping_status":"","sticky":false,"template":"","format":"standard","meta":{"footnotes":""},"categories":[89],"tags":[226,208],"class_list":["post-2106494","post","type-post","status-publish","format-standard","hentry","category-romania","tag-crawlmanager","tag-ziaruldevrancea-ro"],"_links":{"self":[{"href":"https:\/\/analyse.optim.biz\/index.php?rest_route=\/wp\/v2\/posts\/2106494","targetHints":{"allow":["GET"]}}],"collection":[{"href":"https:\/\/analyse.optim.biz\/index.php?rest_route=\/wp\/v2\/posts"}],"about":[{"href":"https:\/\/analyse.optim.biz\/index.php?rest_route=\/wp\/v2\/types\/post"}],"author":[{"embeddable":true,"href":"https:\/\/analyse.optim.biz\/index.php?rest_route=\/wp\/v2\/users\/1"}],"replies":[{"embeddable":true,"href":"https:\/\/analyse.optim.biz\/index.php?rest_route=%2Fwp%2Fv2%2Fcomments&post=2106494"}],"version-history":[{"count":0,"href":"https:\/\/analyse.optim.biz\/index.php?rest_route=\/wp\/v2\/posts\/2106494\/revisions"}],"wp:attachment":[{"href":"https:\/\/analyse.optim.biz\/index.php?rest_route=%2Fwp%2Fv2%2Fmedia&parent=2106494"}],"wp:term":[{"taxonomy":"category","embeddable":true,"href":"https:\/\/analyse.optim.biz\/index.php?rest_route=%2Fwp%2Fv2%2Fcategories&post=2106494"},{"taxonomy":"post_tag","embeddable":true,"href":"https:\/\/analyse.optim.biz\/index.php?rest_route=%2Fwp%2Fv2%2Ftags&post=2106494"}],"curies":[{"name":"wp","href":"https:\/\/api.w.org\/{rel}","templated":true}]}}