{"id":210648,"date":"2014-03-02T12:17:35","date_gmt":"2014-03-02T09:17:35","guid":{"rendered":"https:\/\/analyse.optim.biz\/?p=210648"},"modified":"2014-03-02T12:17:35","modified_gmt":"2014-03-02T09:17:35","slug":"traian-basescu-se-vede-in-postura-de-premier-in-tandem-cu-emil-boc-presedinte","status":"publish","type":"post","link":"https:\/\/analyse.optim.biz\/?p=210648","title":{"rendered":"Traian B\u0103sescu se vede \u00een postura de premier, \u00een tandem cu Emil Boc pre\u0219edinte"},"content":{"rendered":"<div class=\"entry data-app-meta data-app-meta-article\" data-embed-base-url-canonical=\"https:\/\/www.digi24.ro\/embed\/stiri\/actualitate\/politica\/traian-basescu-se-vede-in-postura-de-premier-in-tandem-cu-emil-boc-presedinte-208112\">\n<p data-index=\"1\">\u201eNu spun c\u0103 nu m\u0103 v\u0103d (prim-ministru \u2013 n.r.)\u201d, a spus Traian B\u0103sescu, \u00eentrebat dac\u0103 ar vrea s\u0103 ocupa \u0219efia Executivului.<\/p>\n<p data-index=\"2\">\u201e<span>\u00centr-un tandem Boc la prezinden\u0163iale, un om \u00een care a\u015f avea cea mai mare \u00eencredere, \u0219i de onestitate, \u0219i de credin\u021b\u0103 fa\u021b\u0103 de \u021bar\u0103, \u0219i de faptul c\u0103 \u0219tie s\u0103 pun\u0103 priorit\u0103\u021bile na\u021bionale deasupra priorit\u0103\u021bilor de partid, deci cu Boc candidat la preziden\u021biale \u0219i c\u00e2\u0219tig\u0103tor\u201d, a precizat \u0219eful statului.<\/span><\/p>\n<\/div>\n<p> Source URL: https:\/\/www.digi24.ro\/stiri\/actualitate\/politica\/traian-basescu-se-vede-in-postura-de-premier-in-tandem-cu-emil-boc-presedinte-208112<\/p>\n","protected":false},"excerpt":{"rendered":"<p>\u201eNu spun c\u0103 nu m\u0103 v\u0103d (prim-ministru \u2013 n.r.)\u201d, a spus Traian B\u0103sescu, \u00eentrebat dac\u0103 ar vrea s\u0103 ocupa \u0219efia Executivului. \u201e\u00centr-un tandem Boc la prezinden\u0163iale, un om \u00een care a\u015f avea cea mai mare \u00eencredere, \u0219i de onestitate, \u0219i de credin\u021b\u0103 fa\u021b\u0103 de \u021bar\u0103, \u0219i de faptul c\u0103 \u0219tie s\u0103 pun\u0103 priorit\u0103\u021bile na\u021bionale deasupra [&hellip;]<\/p>\n","protected":false},"author":1,"featured_media":210649,"comment_status":"open","ping_status":"","sticky":false,"template":"","format":"standard","meta":{"footnotes":""},"categories":[2],"tags":[11],"class_list":["post-210648","post","type-post","status-publish","format-standard","has-post-thumbnail","hentry","category-politics","tag-digi24"],"_links":{"self":[{"href":"https:\/\/analyse.optim.biz\/index.php?rest_route=\/wp\/v2\/posts\/210648","targetHints":{"allow":["GET"]}}],"collection":[{"href":"https:\/\/analyse.optim.biz\/index.php?rest_route=\/wp\/v2\/posts"}],"about":[{"href":"https:\/\/analyse.optim.biz\/index.php?rest_route=\/wp\/v2\/types\/post"}],"author":[{"embeddable":true,"href":"https:\/\/analyse.optim.biz\/index.php?rest_route=\/wp\/v2\/users\/1"}],"replies":[{"embeddable":true,"href":"https:\/\/analyse.optim.biz\/index.php?rest_route=%2Fwp%2Fv2%2Fcomments&post=210648"}],"version-history":[{"count":0,"href":"https:\/\/analyse.optim.biz\/index.php?rest_route=\/wp\/v2\/posts\/210648\/revisions"}],"wp:featuredmedia":[{"embeddable":true,"href":"https:\/\/analyse.optim.biz\/index.php?rest_route=\/wp\/v2\/media\/210649"}],"wp:attachment":[{"href":"https:\/\/analyse.optim.biz\/index.php?rest_route=%2Fwp%2Fv2%2Fmedia&parent=210648"}],"wp:term":[{"taxonomy":"category","embeddable":true,"href":"https:\/\/analyse.optim.biz\/index.php?rest_route=%2Fwp%2Fv2%2Fcategories&post=210648"},{"taxonomy":"post_tag","embeddable":true,"href":"https:\/\/analyse.optim.biz\/index.php?rest_route=%2Fwp%2Fv2%2Ftags&post=210648"}],"curies":[{"name":"wp","href":"https:\/\/api.w.org\/{rel}","templated":true}]}}