{"id":210645,"date":"2014-03-02T12:58:01","date_gmt":"2014-03-02T09:58:01","guid":{"rendered":"https:\/\/analyse.optim.biz\/?p=210645"},"modified":"2014-03-02T12:58:01","modified_gmt":"2014-03-02T09:58:01","slug":"traian-basescu-klaus-iohannis-poate-castiga-presedintia-si-daca-ar-candida-independent","status":"publish","type":"post","link":"https:\/\/analyse.optim.biz\/?p=210645","title":{"rendered":"Traian B\u0103sescu: Klaus Iohannis poate c\u00e2\u015ftiga Pre\u015fedin\u0163ia \u015fi dac\u0103 ar candida independent"},"content":{"rendered":"<div class=\"entry data-app-meta data-app-meta-article\" data-embed-base-url-canonical=\"https:\/\/www.digi24.ro\/embed\/stiri\/actualitate\/politica\/traian-basescu-klaus-iohannis-poate-castiga-presedintia-si-daca-ar-candida-independent-208114\">\n<p data-index=\"1\"><img decoding=\"async\" src=\"https:\/\/analyse.optim.biz\/wp-content\/uploads\/2024\/09\/anbnjnc9odawjmhhc2g9zmm2ntdkmzi1mgvkyta4nmjhnwm1ndmwzdi0zjm5otg-thumb_.jpg\" data-skip-htmlfix=\"1\" title=\"anbnjnc9odawjmhhc2g9zmm2ntdkmzi1mgvkyta4nmjhnwm1ndmwzdi0zjm5otg-thumb_\"><\/p>\n<p data-index=\"2\">Pre\u0219edintele a fost \u00eentrebat, \u00een cadrul unei emisiuni televizate, dac\u0103 \u00een cursa pentru preziden\u0163iale un candidat de succes nu poate fi un \u201eoutsider\u201d, cum ar fi Klaus Iohannis.<\/p>\n<p data-index=\"3\">\u201eIohannis poate fi (&#8230;) V\u0103d o rocad\u0103 distrug\u0103toare care \u00eei va trimite la co\u015ful de gunoi \u015fi pe Crin Antonescu \u015fi pe Victor Ponta apari\u0163ia lui Iohannis. Dac\u0103 ar candida \u015fi independent, \u00eentre Ponta, Antonescu \u015fi Iohannis, eu l-a\u015f vota pe Iohannis f\u0103r\u0103 s\u0103 m\u0103 \u00eentreb\u201d, a replicat \u015feful statului.<\/p>\n<p data-index=\"4\">\u00cen opinia sa, mul\u021bi rom\u00e2ni cred acela\u0219i lucru.<\/p>\n<p data-index=\"5\">\u201eEu cred c\u0103 Iohannis ast\u0103zi poate c\u00e2\u015ftiga alegerile pentru Pre\u015fedin\u0163ia Rom\u00e2niei \u015fi candid\u00e2nd ca independent\u201d, a mai spus Traian B\u0103sescu.<\/p>\n<p data-index=\"6\">El a men\u0163ionat c\u0103 nu este vorba de \u00eencrederea sa \u00een Klaus Iohannis, ci este o apreciere legat\u0103 de modul \u00een care \u201ese proiecteaz\u0103 oamenii ca imagine\u201d, potrivit Mediafax.<\/p>\n<p data-index=\"7\">\u201eA fost un moment \u00een care nu am vrut s\u0103-i dau Guvernul lui Iohannis, momentul \u00een care s-a dus \u015fi-l unsese Voiculescu de la Grivco. Sper c\u0103 \u00eentre timp a \u00een\u0163eles ce \u00eenseamn\u0103 s\u0103 fii \u00een tandem sau s\u0103 fii crea\u0163ia politic\u0103 a lui Voiculescu, pentru c\u0103 acum v\u0103d c\u0103 s-a reorientat. Atunci mi s-a p\u0103rut un gest abominabil pe care l-a f\u0103cut Iohannis, s\u0103 se duc\u0103 la Grivco s\u0103-l ung\u0103 prim-ministru Voiculescu\u201d, a mai afirmat Traian B\u0103sescu.<\/p>\n<p data-index=\"8\">Pre\u015fedintele a fost \u00eentrebat dac\u0103 l-a \u201ereevaluat\u201d pe Klaus Iohannis.<\/p>\n<p data-index=\"9\">\u201eNu, s-a reevaluat el. \u015ei-a reevaluat modul de a evolua \u00een politic\u0103\u201d, a mai precizat \u015feful statului.<\/p>\n<\/div>\n<p> Source URL: https:\/\/www.digi24.ro\/stiri\/actualitate\/politica\/traian-basescu-klaus-iohannis-poate-castiga-presedintia-si-daca-ar-candida-independent-208114<\/p>\n","protected":false},"excerpt":{"rendered":"<p>Pre\u0219edintele a fost \u00eentrebat, \u00een cadrul unei emisiuni televizate, dac\u0103 \u00een cursa pentru preziden\u0163iale un candidat de succes nu poate fi un \u201eoutsider\u201d, cum ar fi Klaus Iohannis. \u201eIohannis poate fi (&#8230;) V\u0103d o rocad\u0103 distrug\u0103toare care \u00eei va trimite la co\u015ful de gunoi \u015fi pe Crin Antonescu \u015fi pe Victor Ponta apari\u0163ia lui Iohannis. [&hellip;]<\/p>\n","protected":false},"author":1,"featured_media":210646,"comment_status":"open","ping_status":"","sticky":false,"template":"","format":"standard","meta":{"footnotes":""},"categories":[2],"tags":[11],"class_list":["post-210645","post","type-post","status-publish","format-standard","has-post-thumbnail","hentry","category-politics","tag-digi24"],"_links":{"self":[{"href":"https:\/\/analyse.optim.biz\/index.php?rest_route=\/wp\/v2\/posts\/210645","targetHints":{"allow":["GET"]}}],"collection":[{"href":"https:\/\/analyse.optim.biz\/index.php?rest_route=\/wp\/v2\/posts"}],"about":[{"href":"https:\/\/analyse.optim.biz\/index.php?rest_route=\/wp\/v2\/types\/post"}],"author":[{"embeddable":true,"href":"https:\/\/analyse.optim.biz\/index.php?rest_route=\/wp\/v2\/users\/1"}],"replies":[{"embeddable":true,"href":"https:\/\/analyse.optim.biz\/index.php?rest_route=%2Fwp%2Fv2%2Fcomments&post=210645"}],"version-history":[{"count":0,"href":"https:\/\/analyse.optim.biz\/index.php?rest_route=\/wp\/v2\/posts\/210645\/revisions"}],"wp:featuredmedia":[{"embeddable":true,"href":"https:\/\/analyse.optim.biz\/index.php?rest_route=\/wp\/v2\/media\/210646"}],"wp:attachment":[{"href":"https:\/\/analyse.optim.biz\/index.php?rest_route=%2Fwp%2Fv2%2Fmedia&parent=210645"}],"wp:term":[{"taxonomy":"category","embeddable":true,"href":"https:\/\/analyse.optim.biz\/index.php?rest_route=%2Fwp%2Fv2%2Fcategories&post=210645"},{"taxonomy":"post_tag","embeddable":true,"href":"https:\/\/analyse.optim.biz\/index.php?rest_route=%2Fwp%2Fv2%2Ftags&post=210645"}],"curies":[{"name":"wp","href":"https:\/\/api.w.org\/{rel}","templated":true}]}}