{"id":210642,"date":"2014-03-02T15:34:25","date_gmt":"2014-03-02T12:34:25","guid":{"rendered":"https:\/\/analyse.optim.biz\/?p=210642"},"modified":"2014-03-02T15:34:25","modified_gmt":"2014-03-02T12:34:25","slug":"crin-antonescu-vrea-ca-parlamentul-sa-adopte-marti-o-declaratie-privind-situatia-din-ucraina","status":"publish","type":"post","link":"https:\/\/analyse.optim.biz\/?p=210642","title":{"rendered":"Crin Antonescu vrea ca Parlamentul s\u0103 adopte mar\u0163i o declara\u0163ie privind situa\u0163ia din Ucraina"},"content":{"rendered":"<div class=\"entry data-app-meta data-app-meta-article\" data-embed-base-url-canonical=\"https:\/\/www.digi24.ro\/embed\/stiri\/actualitate\/politica\/crin-antonescu-vrea-ca-parlamentul-sa-adopte-marti-o-declaratie-privind-situatia-din-ucraina-208137\">\n<p data-index=\"1\"><img decoding=\"async\" src=\"https:\/\/analyse.optim.biz\/wp-content\/uploads\/2024\/09\/agfzad03mzjkodfkmzg3otezngexogy5yti1mdi1ogq3ode1ng-thumb_.jpg\" data-skip-htmlfix=\"1\" title=\"agfzad03mzjkodfkmzg3otezngexogy5yti1mdi1ogq3ode1ng-thumb_\"><\/p>\n<p data-index=\"2\"><strong><span>Foto: Mediafax<\/span><\/strong><\/p>\n<p data-index=\"3\">\u201e<a href=\"https:\/\/www.digi24.ro\/Stiri\/Digi24\/Extern\/Europa\/Oficial+ucrainean+In+Crimeea+sunt+deja+15+000+de+militari+rusi+U\" target=\"_blank\" data-skip-linkfix=\"1\" rel=\"noopener\">Evenimentele care au loc \u00een Estul Ucrainei, \u00een special \u00een Crimeea<\/a>, sunt deosebit de grave \u015fi pot afecta stabilitatea \u00een zona M\u0103rii Negre. Este necesar ca Uniunea European\u0103, Statele Unite ale Americii, celelalte \u0163\u0103ri ale NATO, ONU s\u0103-\u015fi exprime ferm suportul pentru statul ucrainean, care are dreptul de a decide singur, f\u0103r\u0103 a fi supus unor presiuni militare, politice sau economice, asupra oportunit\u0103\u0163ii ader\u0103rii la spa\u0163iul valorilor democratice europene \u015fi euro-atlantice&#8221;, arat\u0103 Crin Antonescu \u00eentr-un comunicat al PNL.<\/p>\n<p data-index=\"4\">\u00cen comunicat se precizeaz\u0103 c\u0103 Rom\u00e2nia este o \u0163ar\u0103 care a avut de suferit de pe urma politicii sferelor de influen\u0163\u0103.<\/p>\n<p data-index=\"5\">\u201eTocmai de aceea cred c\u0103 trebuie s\u0103 ne manifest\u0103m f\u0103r\u0103 ezitare solidaritatea cu Ucraina, condamn\u00e2nd orice ac\u0163iune de for\u0163\u0103 care poate fi interpretat\u0103 ca o agresiune la adresa unui stat independent. \u015ei tocmai de aceea cred c\u0103 trebuie s\u0103 ne manifest\u0103m f\u0103r\u0103 ezitare solidaritatea cu Ucraina, condamn\u00e2nd orice ac\u0163iune de for\u0163\u0103 care poate fi interpretat\u0103 ca o agresiune la adresa unui stat independent\u201d, afirm\u0103 Crin Antonescu, citat de Mediafax.<\/p>\n<p data-index=\"6\">El anun\u0163\u0103 c\u0103 va solicita, luni, convocarea Birourilor Permanente, pentru ca, mar\u0163i, Parlamentul, reunit \u00een \u015fedin\u0163\u0103 comun\u0103, s\u0103 adopte o declara\u0163ie privind situa\u0163ia din Ucraina.<\/p>\n<p data-index=\"7\">\u201e\u00cen calitatea pe care o am de pre\u015fedinte al Senatului, voi solicita, luni, convocarea Birourilor Permanente, pentru ca mar\u0163i, Parlamentul, reunit \u00een \u015fedin\u0163\u0103 comun\u0103, s\u0103 adopte o declara\u0163ie privind situa\u0163ia din Ucraina pentru a ne manifesta astfel preocuparea fa\u0163\u0103 de evenimentele grave care au loc \u00een apropierea noastr\u0103. Ca \u0163ar\u0103 vecin\u0103 cu Ucraina, ca \u0163ar\u0103 situat\u0103 la frontiera r\u0103s\u0103ritean\u0103 a UE \u015fi NATO, Rom\u00e2nia trebuie s\u0103 aib\u0103 un profil mult mai pronun\u0163at \u00een aceste zile, s\u0103 fie mult mai activ\u0103 \u00een plan diplomatic \u015fi sper ca acest lucru s\u0103 se observe la urm\u0103toarele reuniuni interna\u0163ionale \u00een care se analizeaz\u0103 situa\u0163ia din Ucraina\u201d, se mai arat\u0103 \u00een comunicat.<\/p>\n<\/div>\n<p> Source URL: https:\/\/www.digi24.ro\/stiri\/actualitate\/politica\/crin-antonescu-vrea-ca-parlamentul-sa-adopte-marti-o-declaratie-privind-situatia-din-ucraina-208137<\/p>\n","protected":false},"excerpt":{"rendered":"<p>Foto: Mediafax \u201eEvenimentele care au loc \u00een Estul Ucrainei, \u00een special \u00een Crimeea, sunt deosebit de grave \u015fi pot afecta stabilitatea \u00een zona M\u0103rii Negre. Este necesar ca Uniunea European\u0103, Statele Unite ale Americii, celelalte \u0163\u0103ri ale NATO, ONU s\u0103-\u015fi exprime ferm suportul pentru statul ucrainean, care are dreptul de a decide singur, f\u0103r\u0103 a [&hellip;]<\/p>\n","protected":false},"author":1,"featured_media":210643,"comment_status":"open","ping_status":"","sticky":false,"template":"","format":"standard","meta":{"footnotes":""},"categories":[2],"tags":[11],"class_list":["post-210642","post","type-post","status-publish","format-standard","has-post-thumbnail","hentry","category-politics","tag-digi24"],"_links":{"self":[{"href":"https:\/\/analyse.optim.biz\/index.php?rest_route=\/wp\/v2\/posts\/210642","targetHints":{"allow":["GET"]}}],"collection":[{"href":"https:\/\/analyse.optim.biz\/index.php?rest_route=\/wp\/v2\/posts"}],"about":[{"href":"https:\/\/analyse.optim.biz\/index.php?rest_route=\/wp\/v2\/types\/post"}],"author":[{"embeddable":true,"href":"https:\/\/analyse.optim.biz\/index.php?rest_route=\/wp\/v2\/users\/1"}],"replies":[{"embeddable":true,"href":"https:\/\/analyse.optim.biz\/index.php?rest_route=%2Fwp%2Fv2%2Fcomments&post=210642"}],"version-history":[{"count":0,"href":"https:\/\/analyse.optim.biz\/index.php?rest_route=\/wp\/v2\/posts\/210642\/revisions"}],"wp:featuredmedia":[{"embeddable":true,"href":"https:\/\/analyse.optim.biz\/index.php?rest_route=\/wp\/v2\/media\/210643"}],"wp:attachment":[{"href":"https:\/\/analyse.optim.biz\/index.php?rest_route=%2Fwp%2Fv2%2Fmedia&parent=210642"}],"wp:term":[{"taxonomy":"category","embeddable":true,"href":"https:\/\/analyse.optim.biz\/index.php?rest_route=%2Fwp%2Fv2%2Fcategories&post=210642"},{"taxonomy":"post_tag","embeddable":true,"href":"https:\/\/analyse.optim.biz\/index.php?rest_route=%2Fwp%2Fv2%2Ftags&post=210642"}],"curies":[{"name":"wp","href":"https:\/\/api.w.org\/{rel}","templated":true}]}}