{"id":2106407,"date":"2026-08-21T16:25:00","date_gmt":"2026-08-21T13:25:00","guid":{"rendered":"https:\/\/analyse.optim.biz\/?p=2106407"},"modified":"2026-08-21T16:25:00","modified_gmt":"2026-08-21T13:25:00","slug":"tusk-cere-germaniei-sa-nu-i-urmareasca-penal-pe-suspectii-in-cazul-nord-stream-sa-le-fie-rusine-celor-care-au-construit-conductele","status":"publish","type":"post","link":"https:\/\/analyse.optim.biz\/?p=2106407","title":{"rendered":"Tusk cere Germaniei s\u0103 nu-i urm\u0103reasc\u0103 penal pe suspec\u021bii \u00een cazul Nord Stream: \u201eS\u0103 le fie ru\u0219ine celor care au construit conductele\u201d"},"content":{"rendered":"<p>[analyse_image type=&#8221;featured&#8221; src=&#8221;https:\/\/radiogoldfm.ro\/wp-content\/uploads\/2026\/08\/Tusk-768&#215;512-1.jpghttps:\/\/radiogoldfm.ro\/wp-content\/uploads\/2026\/08\/Tusk-768&#215;512-1.jpg&#8221;]<\/p>\n<div class=\"qt-the-content\">\n<p>Premierul polonez Donald Tusk a declarat c\u0103 Germania nu ar trebui s\u0103-i urm\u0103reasc\u0103 penal pe suspec\u021bii acuza\u021bi de sabotarea conductelor Nord Stream, afirm\u00e2nd c\u0103 \u201ear trebui s\u0103 le fie ru\u0219ine celor care au construit aceast\u0103 conduct\u0103, nu celor care au scos-o din func\u021biune\u201d. Declara\u021bia vine dup\u0103 arestarea \u00een Croa\u021bia a unui cet\u0103\u021bean ucrainean c\u0103utat de procurorii germani \u00een dosarul exploziilor din 2022.<\/p>\n<p>\u00centrebat joi dac\u0103 \u00ee\u0219i men\u021bine pozi\u021bia potrivit c\u0103reia suspectul nu ar trebui tras la r\u0103spundere penal\u0103, Tusk a r\u0103spuns c\u0103 nu \u0219i-a schimbat opinia.<\/p>\n<p>Premierul polonez a amintit c\u0103 Var\u0219ovia s-a opus de la \u00eenceput proiectului Nord Stream 2 \u0219i a \u00eencercat s\u0103 \u00eempiedice construirea acestuia, avertiz\u00e2nd c\u0103 gazoductul va cre\u0219te dependen\u021ba energetic\u0103 a Europei fa\u021b\u0103 de Rusia.<\/p>\n<p>\u201eGermania avea atunci o opinie diferit\u0103. \u0218i-au schimbat p\u0103rerea, dar prea t\u00e2rziu\u201d, a declarat Tusk.<\/p>\n<p>Liderul polonez a mers mai departe, afirm\u00e2nd c\u0103 Berlinul nu ar trebui s\u0103-i urm\u0103reasc\u0103 penal pe cei care ar fi ac\u021bionat \u00eempotriva conductelor \u00een condi\u021biile \u00een care \u021bara lor era atacat\u0103.<\/p>\n<p>\u201eNu-mi voi schimba opinia \u00een aceast\u0103 privin\u021b\u0103 \u0219i cred c\u0103 ar trebui s\u0103 le fie ru\u0219ine celor care au construit aceast\u0103 conduct\u0103, nu celor care au scos-o din func\u021biune\u201d, a spus premierul Poloniei.<\/p>\n<p>Declara\u021biile sale au fost f\u0103cute dup\u0103 ce Volodimir Juravliov, un ucrainean suspectat de implicare \u00een sabotarea Nord Stream, a fost re\u021binut miercuri \u00een Croa\u021bia \u00een baza unui mandat european de arestare emis de Germania.<\/p>\n<p>Juravliov fusese re\u021binut anterior \u00een Polonia, \u00een septembrie 2025, \u00eens\u0103 o instan\u021b\u0103 de la Var\u0219ovia a refuzat extr\u0103darea sa \u00een Germania \u0219i a dispus eliberarea acestuia \u00een luna urm\u0103toare.<\/p>\n<p>Ucraineanul neag\u0103 implicarea \u0219i sus\u021bine c\u0103 se afla \u00een Ucraina \u00een momentul exploziilor. Procurorii federali germani \u00eel suspecteaz\u0103 \u00eens\u0103 de provocarea \u00een comun a unei explozii, sabotaj \u0219i distrugerea unor obiective de infrastructur\u0103.<\/p>\n<p>Anchetatorii afirm\u0103 c\u0103 acesta era un scafandru experimentat \u0219i ar fi f\u0103cut parte din grupul care a amplasat explozibili pe conductele Nord Stream 1 \u0219i Nord Stream 2 \u00een apropierea insulei daneze Bornholm.<\/p>\n<p>Un alt suspect, fostul militar ucrainean Serghei K., este acuzat de procurorii germani c\u0103 ar fi coordonat grupul implicat \u00een opera\u021biune. Acesta a fost arestat \u00een Italia \u00een 2025 \u0219i ulterior transferat \u00een Germania. \u0218i el neag\u0103 acuza\u021biile.<\/p>\n<p>Conductele Nord Stream, construite pentru transportarea gazelor naturale ruse\u0219ti direct c\u0103tre Germania prin Marea Baltic\u0103, au fost avariate de explozii \u00een septembrie 2022, la \u0219apte luni dup\u0103 declan\u0219area invaziei ruse la scar\u0103 larg\u0103 \u00een Ucraina. Trei dintre cele patru conducte ale sistemelor Nord Stream 1 \u0219i Nord Stream 2 au fost afectate.<\/p>\n<p>Nimeni nu \u0219i-a asumat responsabilitatea pentru sabotaj. Kievul a negat \u00een repetate r\u00e2nduri orice implicare a statului ucrainean \u00een explozii.<\/p>\n<p><em><strong>surs\u0103: <a href=\"https:\/\/ziua.md\/tusk-cere-germaniei-sa-nu-i-urmareasca-penal-pe-suspectii-in-cazul-nord-stream-sa-le-fie-rusine-celor-care-au-construit-conductele\/\">ziua.md<\/a><\/strong><\/em><\/p>\n<div class=\"tagcloud qt-spacer-m\"><span class=\"qt-title\">Tagged as <\/span><a href=\"https:\/\/radiogoldfm.ro\/tag\/donald-tusk\/\" rel=\"tag\">donald tusk<\/a><a href=\"https:\/\/radiogoldfm.ro\/tag\/europa\/\" rel=\"tag\">europa<\/a><a href=\"https:\/\/radiogoldfm.ro\/tag\/gold-fm\/\" rel=\"tag\">GOLD FM<\/a><a href=\"https:\/\/radiogoldfm.ro\/tag\/nord-stream\/\" rel=\"tag\">nord stream<\/a><a href=\"https:\/\/radiogoldfm.ro\/tag\/nord-streamue\/\" rel=\"tag\">nord streamue<\/a><a href=\"https:\/\/radiogoldfm.ro\/tag\/romania\/\" rel=\"tag\">romania<\/a><a href=\"https:\/\/radiogoldfm.ro\/tag\/suspecti\/\" rel=\"tag\">suspecti<\/a><\/div>\n<div class=\"qt-post-author qt-card\">\n<div class=\"row\">\n<div class=\"qt-post-author-data col s10 m7 l7\">\n<h6>Profil<\/h6>\n<h4><a href=\"https:\/\/radiogoldfm.ro\/tusk-cere-germaniei-sa-nu-i-urmareasca-penal-pe-suspectii-in-cazul-nord-stream-sa-le-fie-rusine-celor-care-au-construit-conductele\/#author_page\">Gold FM Radio<\/a><\/h4>\n<\/div>\n<div class=\"qt-post-author-link col s12 m3 l4 \"><a href=\"https:\/\/radiogoldfm.ro\/author\/gold-fm\/\" class=\"qt-btn qt-btn-large qt-btn-primary aligncenter\">Arhiva postari<\/a><\/div>\n<\/div>\n<\/div>\n<\/div>\n<p>[analyse_source url=&#8221;https:\/\/radiogoldfm.ro\/tusk-cere-germaniei-sa-nu-i-urmareasca-penal-pe-suspectii-in-cazul-nord-stream-sa-le-fie-rusine-celor-care-au-construit-conductele\/&#8221;]<\/p>\n","protected":false},"excerpt":{"rendered":"<p>[analyse_image type=&#8221;featured&#8221; src=&#8221;https:\/\/radiogoldfm.ro\/wp-content\/uploads\/2026\/08\/Tusk-768&#215;512-1.jpghttps:\/\/radiogoldfm.ro\/wp-content\/uploads\/2026\/08\/Tusk-768&#215;512-1.jpg&#8221;] Premierul polonez Donald Tusk a declarat c\u0103 Germania nu ar trebui s\u0103-i urm\u0103reasc\u0103 penal pe suspec\u021bii acuza\u021bi de sabotarea conductelor Nord Stream, afirm\u00e2nd c\u0103 \u201ear trebui s\u0103 le fie ru\u0219ine celor care au construit aceast\u0103 conduct\u0103, nu celor care au scos-o din func\u021biune\u201d. Declara\u021bia vine dup\u0103 arestarea \u00een Croa\u021bia a unui cet\u0103\u021bean [&hellip;]<\/p>\n","protected":false},"author":1,"featured_media":0,"comment_status":"open","ping_status":"","sticky":false,"template":"","format":"standard","meta":{"footnotes":""},"categories":[89],"tags":[226,96],"class_list":["post-2106407","post","type-post","status-publish","format-standard","hentry","category-romania","tag-crawlmanager","tag-radiogoldfm-ro"],"_links":{"self":[{"href":"https:\/\/analyse.optim.biz\/index.php?rest_route=\/wp\/v2\/posts\/2106407","targetHints":{"allow":["GET"]}}],"collection":[{"href":"https:\/\/analyse.optim.biz\/index.php?rest_route=\/wp\/v2\/posts"}],"about":[{"href":"https:\/\/analyse.optim.biz\/index.php?rest_route=\/wp\/v2\/types\/post"}],"author":[{"embeddable":true,"href":"https:\/\/analyse.optim.biz\/index.php?rest_route=\/wp\/v2\/users\/1"}],"replies":[{"embeddable":true,"href":"https:\/\/analyse.optim.biz\/index.php?rest_route=%2Fwp%2Fv2%2Fcomments&post=2106407"}],"version-history":[{"count":0,"href":"https:\/\/analyse.optim.biz\/index.php?rest_route=\/wp\/v2\/posts\/2106407\/revisions"}],"wp:attachment":[{"href":"https:\/\/analyse.optim.biz\/index.php?rest_route=%2Fwp%2Fv2%2Fmedia&parent=2106407"}],"wp:term":[{"taxonomy":"category","embeddable":true,"href":"https:\/\/analyse.optim.biz\/index.php?rest_route=%2Fwp%2Fv2%2Fcategories&post=2106407"},{"taxonomy":"post_tag","embeddable":true,"href":"https:\/\/analyse.optim.biz\/index.php?rest_route=%2Fwp%2Fv2%2Ftags&post=2106407"}],"curies":[{"name":"wp","href":"https:\/\/api.w.org\/{rel}","templated":true}]}}