{"id":2106406,"date":"2026-08-21T14:55:00","date_gmt":"2026-08-21T11:55:00","guid":{"rendered":"https:\/\/analyse.optim.biz\/?p=2106406"},"modified":"2026-08-21T14:55:00","modified_gmt":"2026-08-21T11:55:00","slug":"portugalia-a-interzis-purtarea-valului-islamic-in-spatiul-public-care-sunt-consecintele-pentru-cei-care-nu-respecta-legea","status":"publish","type":"post","link":"https:\/\/analyse.optim.biz\/?p=2106406","title":{"rendered":"Portugalia a interzis purtarea v\u0103lului islamic \u00een spa\u021biul public. Care sunt consecin\u021bele pentru cei care nu respect\u0103 legea"},"content":{"rendered":"<p>[analyse_image type=&#8221;featured&#8221; src=&#8221;https:\/\/radiogoldfm.ro\/wp-content\/uploads\/2026\/08\/https___www.gandul.ro_wp-content_uploads_2026_08_shutterstock_2403918617-scaled-1-1280&#215;720-1.webphttps:\/\/radiogoldfm.ro\/wp-content\/uploads\/2026\/08\/https___www.gandul.ro_wp-content_uploads_2026_08_shutterstock_2403918617-scaled-1-1280&#215;720-1.webp&#8221;]<\/p>\n<div class=\"qt-the-content\">\n<p id=\"p-0\">Pre\u0219edintele Portugaliei, Ant\u00f3nio Jos\u00e9 Seguro, a promulgat oficial \u201elegea Burka\u201d care interzice ascunderea fe\u021bei \u00een spa\u021biile publice, o m\u0103sur\u0103 care vizeaz\u0103 \u00een mod direct purtarea v\u0103lului islamic integral, relateaz\u0103\u00a0<a href=\"https:\/\/www.lefigaro.fr\/international\/le-visage-doit-etre-considere-comme-un-element-central-de-l-identite-humaine-le-portugal-interdit-le-port-du-voile-integral-20260819\">Le Figaro<\/a>. \u0218eful statului portughez a subliniat c\u0103 \u201efa\u021ba trebuie considerat\u0103 un element central al identit\u0103\u021bii \u0219i comunic\u0103rii umane\u201d.<\/p>\n<blockquote class=\"wp-block-quote is-layout-flow wp-block-quote-is-layout-flow\">\n<p id=\"p-1\">\u201eChipul trebuie considerat un element central al identit\u0103\u021bii umane \u0219i al comunic\u0103rii\u201d, a explicat Ant\u00f3nio Jos\u00e9 Seguro \u00eentr-un comunicat de pres\u0103. Fostul lider al Partidului Socialist a recunoscut \u00eens\u0103 c\u0103 acesta este un subiect \u201ede mare sensibilitate social\u0103 \u0219i cultural\u0103\u201d.<\/p>\n<\/blockquote>\n<div class=\"wp-block-image\">\n<figure class=\"aligncenter\"><img decoding=\"async\" src=\"https:\/\/media.gandul.ro\/rF4BRAV9cXS5hgaeBpfkYBUkSjQ=\/700x541\/smart\/filters:contrast(5):format(webp):quality(80)\/https%3A%2F%2Fwww.gandul.ro%2Fwp-content%2Fuploads%2F2026%2F08%2Fgettyimages-2243240700-1019x788-1.jpg\" alt class=\"wp-image-20985376\"><\/figure>\n<\/div>\n<p id=\"p-9\">Proiectul legislativ a fost adoptat de Parlament, fiind sus\u021binut de coali\u021bia guvernamental\u0103 de dreapta \u0219i de partidul de extrem\u0103 dreapta Chega, \u00een timp ce partidele de st\u00e2nga au votat \u00eempotriv\u0103. Sus\u021bin\u0103torii legii argumenteaz\u0103 c\u0103 m\u0103sura va garanta siguran\u021ba public\u0103, va permite identificarea rapid\u0103 a cet\u0103\u021benilor \u0219i sprijin\u0103 egalitatea de gen. Cu toate acestea, de cealalt\u0103 parte, organiza\u021biile pentru drepturile omului \u0219i criticii legii afirm\u0103 c\u0103 m\u0103sura este discriminatorie deoarece \u00eencalc\u0103 libertatea religioas\u0103 \u0219i afecteaz\u0103 o comunitate musulman\u0103 foarte restr\u00e2ns\u0103 din Portugalia, unde num\u0103rul femeilor care poart\u0103 v\u0103l integral este destul de mic.<\/p>\n<div class=\"wp-block-image\">\n<figure class=\"aligncenter\"><img decoding=\"async\" src=\"https:\/\/media.gandul.ro\/2jtY1wxmC7YbWX6o6K3ShPFWCIc=\/700x467\/smart\/filters:contrast(5):format(webp):quality(80)\/https%3A%2F%2Fwww.gandul.ro%2Fwp-content%2Fuploads%2F2026%2F08%2Fburka-vs-hijab.jpg\" alt class=\"wp-image-20985375\"><\/figure>\n<\/div>\n<p id=\"p-11\">Persoanele care \u00eencalc\u0103 noua reglementare \u0219i \u00ee\u0219i acoper\u0103 fa\u021ba \u00een public risc\u0103 amenzi cuprinse \u00eentre 150 \u0219i 3.000 de euro. De asemenea, legea \u00eei pedepse\u0219te drastic \u0219i pe cei care oblig\u0103 o persoan\u0103 s\u0103 \u00ee\u0219i acopere fa\u021ba din motive de gen, religie, v\u00e2rst\u0103 sau origine, fapt\u0103 care poate atrage o pedeaps\u0103 de p\u00e2n\u0103 la 3 ani de \u00eenchisoare. Aceast\u0103 interdic\u021bie este valabil\u0103 \u00een toate spa\u021biile publice, inclusiv pe str\u0103zi, cl\u0103diri guvernamentale, \u0219coli \u0219i \u00een mijloacele de transport \u00een comun.<\/p>\n<p id=\"p-12\">Legea permite \u00eens\u0103 acoperirea fe\u021bei doar din motive de s\u0103n\u0103tate, motive profesionale, artistice sau meteorologice, sau \u00een incinta misiunilor diplomatice \u0219i a l\u0103ca\u0219urilor de cult.<br \/>Prin aceast\u0103 decizie, Portugalia se al\u0103tur\u0103 altor state europene care au implementat restric\u021bii similare privind acoperirea fe\u021bei, cum ar fi Fran\u021ba, Belgia, Austria \u0219i \u021a\u0103rile de Jos.<\/p>\n<p><strong><em>surs\u0103: <strong><em><a href=\"https:\/\/www.gandul.ro\/international\/portugalia-interzice-valul-islamic-legea-burka-20985373\">gandul.ro<\/a><\/em><\/strong><\/em><\/strong><\/p>\n<div class=\"tagcloud qt-spacer-m\"><span class=\"qt-title\">Tagged as <\/span><a href=\"https:\/\/radiogoldfm.ro\/tag\/europa\/\" rel=\"tag\">europa<\/a><a href=\"https:\/\/radiogoldfm.ro\/tag\/gold-fm\/\" rel=\"tag\">GOLD FM<\/a><a href=\"https:\/\/radiogoldfm.ro\/tag\/interdictie\/\" rel=\"tag\">interdictie<\/a><a href=\"https:\/\/radiogoldfm.ro\/tag\/portugalia\/\" rel=\"tag\">portugalia<\/a><a href=\"https:\/\/radiogoldfm.ro\/tag\/romania\/\" rel=\"tag\">romania<\/a><a href=\"https:\/\/radiogoldfm.ro\/tag\/ue\/\" rel=\"tag\">UE<\/a><a href=\"https:\/\/radiogoldfm.ro\/tag\/val-islamic\/\" rel=\"tag\">val islamic<\/a><\/div>\n<div class=\"qt-post-author qt-card\">\n<div class=\"row\">\n<div class=\"qt-post-author-data col s10 m7 l7\">\n<h6>Profil<\/h6>\n<h4><a href=\"https:\/\/radiogoldfm.ro\/portugalia-a-interzis-purtarea-valului-islamic-in-spatiul-public-care-sunt-consecintele-pentru-cei-care-nu-respecta-legea\/#author_page\">Gold FM Radio<\/a><\/h4>\n<\/div>\n<div class=\"qt-post-author-link col s12 m3 l4 \"><a href=\"https:\/\/radiogoldfm.ro\/author\/gold-fm\/\" class=\"qt-btn qt-btn-large qt-btn-primary aligncenter\">Arhiva postari<\/a><\/div>\n<\/div>\n<\/div>\n<\/div>\n<p>[analyse_source url=&#8221;https:\/\/radiogoldfm.ro\/portugalia-a-interzis-purtarea-valului-islamic-in-spatiul-public-care-sunt-consecintele-pentru-cei-care-nu-respecta-legea\/&#8221;]<\/p>\n","protected":false},"excerpt":{"rendered":"<p>[analyse_image type=&#8221;featured&#8221; src=&#8221;https:\/\/radiogoldfm.ro\/wp-content\/uploads\/2026\/08\/https___www.gandul.ro_wp-content_uploads_2026_08_shutterstock_2403918617-scaled-1-1280&#215;720-1.webphttps:\/\/radiogoldfm.ro\/wp-content\/uploads\/2026\/08\/https___www.gandul.ro_wp-content_uploads_2026_08_shutterstock_2403918617-scaled-1-1280&#215;720-1.webp&#8221;] Pre\u0219edintele Portugaliei, Ant\u00f3nio Jos\u00e9 Seguro, a promulgat oficial \u201elegea Burka\u201d care interzice ascunderea fe\u021bei \u00een spa\u021biile publice, o m\u0103sur\u0103 care vizeaz\u0103 \u00een mod direct purtarea v\u0103lului islamic integral, relateaz\u0103\u00a0Le Figaro. \u0218eful statului portughez a subliniat c\u0103 \u201efa\u021ba trebuie considerat\u0103 un element central al identit\u0103\u021bii \u0219i comunic\u0103rii umane\u201d. \u201eChipul trebuie considerat un element [&hellip;]<\/p>\n","protected":false},"author":1,"featured_media":0,"comment_status":"open","ping_status":"","sticky":false,"template":"","format":"standard","meta":{"footnotes":""},"categories":[89],"tags":[226,96],"class_list":["post-2106406","post","type-post","status-publish","format-standard","hentry","category-romania","tag-crawlmanager","tag-radiogoldfm-ro"],"_links":{"self":[{"href":"https:\/\/analyse.optim.biz\/index.php?rest_route=\/wp\/v2\/posts\/2106406","targetHints":{"allow":["GET"]}}],"collection":[{"href":"https:\/\/analyse.optim.biz\/index.php?rest_route=\/wp\/v2\/posts"}],"about":[{"href":"https:\/\/analyse.optim.biz\/index.php?rest_route=\/wp\/v2\/types\/post"}],"author":[{"embeddable":true,"href":"https:\/\/analyse.optim.biz\/index.php?rest_route=\/wp\/v2\/users\/1"}],"replies":[{"embeddable":true,"href":"https:\/\/analyse.optim.biz\/index.php?rest_route=%2Fwp%2Fv2%2Fcomments&post=2106406"}],"version-history":[{"count":0,"href":"https:\/\/analyse.optim.biz\/index.php?rest_route=\/wp\/v2\/posts\/2106406\/revisions"}],"wp:attachment":[{"href":"https:\/\/analyse.optim.biz\/index.php?rest_route=%2Fwp%2Fv2%2Fmedia&parent=2106406"}],"wp:term":[{"taxonomy":"category","embeddable":true,"href":"https:\/\/analyse.optim.biz\/index.php?rest_route=%2Fwp%2Fv2%2Fcategories&post=2106406"},{"taxonomy":"post_tag","embeddable":true,"href":"https:\/\/analyse.optim.biz\/index.php?rest_route=%2Fwp%2Fv2%2Ftags&post=2106406"}],"curies":[{"name":"wp","href":"https:\/\/api.w.org\/{rel}","templated":true}]}}