{"id":2106403,"date":"2026-08-21T11:55:00","date_gmt":"2026-08-21T08:55:00","guid":{"rendered":"https:\/\/analyse.optim.biz\/?p=2106403"},"modified":"2026-08-21T11:55:00","modified_gmt":"2026-08-21T08:55:00","slug":"politico-fedorov-castiga-teren-ca-rival-al-lui-zelenski-dar-propunerea-privind-alegerile-pe-timp-de-razboi-ii-poate-afecta-viitorul-politic","status":"publish","type":"post","link":"https:\/\/analyse.optim.biz\/?p=2106403","title":{"rendered":"POLITICO: Fedorov c\u00e2\u0219tig\u0103 teren ca rival al lui Zelenski, dar propunerea privind alegerile pe timp de r\u0103zboi \u00eei poate afecta viitorul politic"},"content":{"rendered":"<p>[analyse_image type=&#8221;featured&#8221; src=&#8221;https:\/\/radiogoldfm.ro\/wp-content\/uploads\/2026\/08\/mihailo_fedorov_200826-768&#215;512-1.jpghttps:\/\/radiogoldfm.ro\/wp-content\/uploads\/2026\/08\/mihailo_fedorov_200826-768&#215;512-1.jpg&#8221;]<\/p>\n<div class=\"qt-the-content\">\n<p>Fostul ministru ucrainean al Ap\u0103r\u0103rii, Mihailo Fedorov, s-a conturat drept unul dintre poten\u021bialii rivali politici ai pre\u0219edintelui Volodimir Zelenski, \u00eens\u0103 apelul s\u0103u pentru organizarea alegerilor \u00een timpul r\u0103zboiului a provocat imediat un val de critici, relateaz\u0103\u00a0<a href=\"https:\/\/www.politico.eu\/article\/mykhailo-fedorov-volodymyr-zelenskyy-ukraine-overplays-hand-election-push\/\">POLITICO<\/a>.<\/p>\n<p>\u00centr-un mesaj video publicat mar\u021bi seara, Fedorov a lansat una dintre cele mai directe provoc\u0103ri la adresa administra\u021biei Zelenski de la \u00eenceputul invaziei ruse la scar\u0103 larg\u0103. Fostul ministru a acuzat corup\u021bia c\u0103 afecteaz\u0103 efortul de r\u0103zboi \u0219i a criticat centralizarea \u0219i lipsa de transparen\u021b\u0103 \u00een procesul decizional.<\/p>\n<p>Fedorov a lucrat \u00een administra\u021bia Zelenski timp de aproximativ \u0219apte ani \u0219i era considerat unul dintre oamenii loiali pre\u0219edintelui. Situa\u021bia s-a schimbat dup\u0103 demiterea sa surprinz\u0103toare din func\u021bia de ministru al Ap\u0103r\u0103rii, luna trecut\u0103. Decizia a provocat proteste, mii de oameni cer\u00e2nd fie reinstalarea sa, fie explica\u021bii din partea \u0219efului statului.<\/p>\n<blockquote class=\"wp-block-quote is-layout-flow wp-block-quote-is-layout-flow\">\n<p>\u201eOamenii nu pot tr\u0103i la nesf\u00e2r\u0219it \u00eentr-o situa\u021bie \u00een care nu \u00een\u021beleg de ce sunt luate anumite decizii. De ce unele reforme avanseaz\u0103, iar altele sunt blocate. De ce deciziile necesare ast\u0103zi pe front circul\u0103 luni \u00eentregi prin birourile guvernamentale\u201d, a declarat Fedorov.<\/p>\n<\/blockquote>\n<p>El a avertizat c\u0103 este periculos dac\u0103 \u00een societate apare percep\u021bia c\u0103 \u201eprincipalul criteriu pentru o numire nu este profesionalismul, rezultatele sau capacitatea de a transforma \u021bara, ci loialitatea personal\u0103 fa\u021b\u0103 de sistem\u201d.<\/p>\n<p>Cea mai controversat\u0103 parte a interven\u021biei sale a fost \u00eens\u0103 apelul pentru organizarea alegerilor. Propunerea a provocat reac\u021bii negative din mai multe zone ale spectrului politic ucrainean. Criticii sus\u021bin c\u0103 scrutinul nu poate fi organizat \u00een condi\u021biile legii mar\u021biale, ar fi extrem de dificil de desf\u0103\u0219urat \u00een timpul atacurilor ruse\u0219ti \u0219i ar putea provoca diviziuni interne \u00een avantajul Moscovei.<\/p>\n<p>Un oficial de rang \u00eenalt din administra\u021bia preziden\u021bial\u0103, citat anonim de POLITICO, a respins criticile lui Fedorov privind lipsa explica\u021biilor din partea lui Zelenski. Potrivit acestuia, unele decizii privind numirile \u00een timpul r\u0103zboiului \u021bin de securitatea na\u021bional\u0103, iar pre\u0219edintele are dreptul s\u0103 decid\u0103 cine conduce Ministerul Ap\u0103r\u0103rii.<\/p>\n<p>Oficialul a ironizat \u0219i ideea organiz\u0103rii alegerilor \u00een timpul atacurilor ruse\u0219ti.<\/p>\n<blockquote class=\"wp-block-quote is-layout-flow wp-block-quote-is-layout-flow\">\n<p>\u201eS\u0103 a\u0219tept\u0103m s\u0103 treac\u0103 \u00eenc\u0103 un atac balistic masiv al Rusiei \u0219i apoi s\u0103 mergem la vot\u201d.<\/p>\n<\/blockquote>\n<p>\u0218efa organiza\u021biei de monitorizare electoral\u0103 OPORA, Olga Aivazovska, a atras aten\u021bia c\u0103 Rusia ar avea la dispozi\u021bie \u201esute de scenarii \u0219i ac\u021biuni\u201d prin care ar putea \u00eencerca s\u0103 perturbe un eventual proces electoral.<\/p>\n<p>Deputatul Roman Lozinski, membru al partidului liberal de opozi\u021bie Golos, a avertizat, la r\u00e2ndul s\u0103u, c\u0103 apelul la organizarea alegerilor \u00een timpul r\u0103zboiului risc\u0103 s\u0103 provoace diviziuni profunde \u00een societatea ucrainean\u0103.<\/p>\n<blockquote class=\"wp-block-quote is-layout-flow wp-block-quote-is-layout-flow\">\n<p>\u201eOamenii \u00een\u021beleg c\u0103 alegerile \u00een timpul r\u0103zboiului sunt \u00een m\u00e2inile inamicului. C\u0103 va fi un r\u0103zboi al tuturor \u00eempotriva tuturor\u201d, a afirmat parlamentarul.<\/p>\n<\/blockquote>\n<p>Inclusiv veteranul de r\u0103zboi Dmitro Koziatinski, unul dintre liderii protestelor declan\u0219ate dup\u0103 demiterea lui Fedorov, s-a pronun\u021bat \u00eempotriva organiz\u0103rii alegerilor \u00een timpul conflictului, invoc\u00e2nd riscul dezbin\u0103rii societ\u0103\u021bii \u0219i consecin\u021bele asupra r\u0103zboiului.<\/p>\n<p>Economistul Timothy Ash, care urm\u0103re\u0219te \u00eendeaproape situa\u021bia din Ucraina, a apreciat c\u0103 Fedorov a comis \u201eo eroare politic\u0103 extraordinar\u0103 de apreciere\u201d, care ar putea fi folosit\u0103 \u00eempotriva lui dac\u0103 va decide \u00een viitor s\u0103 candideze la pre\u0219edin\u021bie.<\/p>\n<p>\u00cen pofida controverselor, Fedorov se bucur\u0103 de o popularitate ridicat\u0103. Potrivit unui sondaj al Institutului Interna\u021bional de Sociologie din Kiev, publicat \u00een august, 63% dintre responden\u021bi au declarat c\u0103 au \u00eencredere \u00een fostul ministru. El este devansat doar de fostul comandant-\u0219ef al armatei Valerii Zalujn\u00eei, \u00een prezent ambasador \u00een Marea Britanie. \u00cen acela\u0219i sondaj, Zelenski beneficiaz\u0103 de \u00eencrederea a 56% dintre responden\u021bi.<\/p>\n<p>POLITICO noteaz\u0103 c\u0103 nemul\u021bumirile privind centralizarea puterii sunt \u00een cre\u0219tere. Un alt sondaj arat\u0103 c\u0103, \u00een 2022, 79% dintre ucraineni considerau acceptabil ca Zelenski s\u0103 dep\u0103\u0219easc\u0103 \u00een anumite situa\u021bii limitele separ\u0103rii constitu\u021bionale a puterilor, \u00een contextul invaziei. \u00cen mai 2026, procentul sc\u0103zuse la 52%.<\/p>\n<p>Corup\u021bia reprezint\u0103 o alt\u0103 vulnerabilitate pentru administra\u021bia preziden\u021bial\u0103. Mai mul\u021bi fo\u0219ti sau actuali alia\u021bi ai lui Zelenski au ajuns \u00een vizorul institu\u021biilor anticorup\u021bie, iar miercuri pre\u0219edintele a demis-o pe Irina Mudra din func\u021bia de adjunct al \u0219efului Administra\u021biei Preziden\u021biale, la c\u00e2teva ore dup\u0103 ce anchetatorii i-au perchezi\u021bionat locul de munc\u0103 \u00eentr-un dosar privind o presupus\u0103 organiza\u021bie criminal\u0103.<\/p>\n<p>Deputatul de opozi\u021bie Iaroslav Jelezniak consider\u0103 c\u0103 acumularea acestor probleme \u00eel va afecta politic pe Zelenski. El a comparat situa\u021bia pre\u0219edintelui ucrainean cu cea a lui Winston Churchill, care a pierdut alegerile britanice din 1945 dup\u0103 ce condusese \u021bara \u00een cea mai mare parte a celui de-Al Doilea R\u0103zboi Mondial.<\/p>\n<blockquote class=\"wp-block-quote is-layout-flow wp-block-quote-is-layout-flow\">\n<p>\u201eIndiferent cine vor fi contracandida\u021bii \u2013 Zalujn\u00eei, Budanov, Fedorov sau altcineva \u2013 cred c\u0103 vom ajunge la o situa\u021bie ca \u00een 2019, c\u00e2nd \u00een turul al doilea va c\u00e2\u0219tiga oricine \u00een afar\u0103 de cel aflat la putere\u201d, a declarat Jelezniak.<\/p>\n<\/blockquote>\n<blockquote class=\"wp-block-quote is-layout-flow wp-block-quote-is-layout-flow\">\n<p>\u201eOamenii vor schimbare\u201d, a ad\u0103ugat parlamentarul.<\/p>\n<\/blockquote>\n<p><em><strong>surs\u0103:<a href=\"https:\/\/ziua.md\/politico-fedorov-castiga-teren-ca-rival-al-lui-zelenski-dar-propunerea-privind-alegerile-pe-timp-de-razboi-ii-poate-afecta-viitorul-politic\/\"> ziua.md<\/a><\/strong><\/em><\/p>\n<div class=\"tagcloud qt-spacer-m\"><span class=\"qt-title\">Tagged as <\/span><a href=\"https:\/\/radiogoldfm.ro\/tag\/fedorov\/\" rel=\"tag\">fedorov<\/a><a href=\"https:\/\/radiogoldfm.ro\/tag\/gold-fm\/\" rel=\"tag\">GOLD FM<\/a><a href=\"https:\/\/radiogoldfm.ro\/tag\/razboi\/\" rel=\"tag\">razboi<\/a><a href=\"https:\/\/radiogoldfm.ro\/tag\/romania\/\" rel=\"tag\">romania<\/a><a href=\"https:\/\/radiogoldfm.ro\/tag\/rusia\/\" rel=\"tag\">rusia<\/a><a href=\"https:\/\/radiogoldfm.ro\/tag\/ucraina\/\" rel=\"tag\">ucraina<\/a><\/div>\n<div class=\"qt-post-author qt-card\">\n<div class=\"row\">\n<div class=\"qt-post-author-data col s10 m7 l7\">\n<h6>Profil<\/h6>\n<h4><a href=\"https:\/\/radiogoldfm.ro\/politico-fedorov-castiga-teren-ca-rival-al-lui-zelenski-dar-propunerea-privind-alegerile-pe-timp-de-razboi-ii-poate-afecta-viitorul-politic\/#author_page\">Gold FM Radio<\/a><\/h4>\n<\/div>\n<div class=\"qt-post-author-link col s12 m3 l4 \"><a href=\"https:\/\/radiogoldfm.ro\/author\/gold-fm\/\" class=\"qt-btn qt-btn-large qt-btn-primary aligncenter\">Arhiva postari<\/a><\/div>\n<\/div>\n<\/div>\n<\/div>\n<p>[analyse_source url=&#8221;https:\/\/radiogoldfm.ro\/politico-fedorov-castiga-teren-ca-rival-al-lui-zelenski-dar-propunerea-privind-alegerile-pe-timp-de-razboi-ii-poate-afecta-viitorul-politic\/&#8221;]<\/p>\n","protected":false},"excerpt":{"rendered":"<p>[analyse_image type=&#8221;featured&#8221; src=&#8221;https:\/\/radiogoldfm.ro\/wp-content\/uploads\/2026\/08\/mihailo_fedorov_200826-768&#215;512-1.jpghttps:\/\/radiogoldfm.ro\/wp-content\/uploads\/2026\/08\/mihailo_fedorov_200826-768&#215;512-1.jpg&#8221;] Fostul ministru ucrainean al Ap\u0103r\u0103rii, Mihailo Fedorov, s-a conturat drept unul dintre poten\u021bialii rivali politici ai pre\u0219edintelui Volodimir Zelenski, \u00eens\u0103 apelul s\u0103u pentru organizarea alegerilor \u00een timpul r\u0103zboiului a provocat imediat un val de critici, relateaz\u0103\u00a0POLITICO. \u00centr-un mesaj video publicat mar\u021bi seara, Fedorov a lansat una dintre cele mai directe provoc\u0103ri la [&hellip;]<\/p>\n","protected":false},"author":1,"featured_media":0,"comment_status":"open","ping_status":"","sticky":false,"template":"","format":"standard","meta":{"footnotes":""},"categories":[89],"tags":[226,96],"class_list":["post-2106403","post","type-post","status-publish","format-standard","hentry","category-romania","tag-crawlmanager","tag-radiogoldfm-ro"],"_links":{"self":[{"href":"https:\/\/analyse.optim.biz\/index.php?rest_route=\/wp\/v2\/posts\/2106403","targetHints":{"allow":["GET"]}}],"collection":[{"href":"https:\/\/analyse.optim.biz\/index.php?rest_route=\/wp\/v2\/posts"}],"about":[{"href":"https:\/\/analyse.optim.biz\/index.php?rest_route=\/wp\/v2\/types\/post"}],"author":[{"embeddable":true,"href":"https:\/\/analyse.optim.biz\/index.php?rest_route=\/wp\/v2\/users\/1"}],"replies":[{"embeddable":true,"href":"https:\/\/analyse.optim.biz\/index.php?rest_route=%2Fwp%2Fv2%2Fcomments&post=2106403"}],"version-history":[{"count":0,"href":"https:\/\/analyse.optim.biz\/index.php?rest_route=\/wp\/v2\/posts\/2106403\/revisions"}],"wp:attachment":[{"href":"https:\/\/analyse.optim.biz\/index.php?rest_route=%2Fwp%2Fv2%2Fmedia&parent=2106403"}],"wp:term":[{"taxonomy":"category","embeddable":true,"href":"https:\/\/analyse.optim.biz\/index.php?rest_route=%2Fwp%2Fv2%2Fcategories&post=2106403"},{"taxonomy":"post_tag","embeddable":true,"href":"https:\/\/analyse.optim.biz\/index.php?rest_route=%2Fwp%2Fv2%2Ftags&post=2106403"}],"curies":[{"name":"wp","href":"https:\/\/api.w.org\/{rel}","templated":true}]}}