{"id":2106402,"date":"2026-08-22T13:47:34","date_gmt":"2026-08-22T10:47:34","guid":{"rendered":"https:\/\/analyse.optim.biz\/?p=2106402"},"modified":"2026-08-22T13:47:34","modified_gmt":"2026-08-22T10:47:34","slug":"george-scarlat-operatiunea-merdeneaua-e-despre-realegerea-lui-nicusor-dan-pe-traseul-neaosismului","status":"publish","type":"post","link":"https:\/\/analyse.optim.biz\/?p=2106402","title":{"rendered":"George Scarlat: Opera\u021biunea MERDENEAUA e despre \u201crealegerea lui Nicu\u0219or Dan\u201d, pe traseul NEAO\u0218ISMULUI!"},"content":{"rendered":"<p>[analyse_image type=&#8221;featured&#8221; src=&#8221;https:\/\/solidnews.ro\/wp-content\/uploads\/2026\/08\/783727637_122314887638208448_2310513060731775226_n.jpg&#8221;]<\/p>\n<div class=\"td_block_wrap tdb_single_content tdi_120 td-pb-border-top td_block_template_1 td-post-content tagdiv-type\" data-td-block-uid=\"tdi_120\">\n<div class=\"tdb-block-inner td-fix-index\">\n<div class=\"xdj266r x14z9mp xat24cr x1lziwak x1vvkbs x126k92a\">\n<div dir=\"auto\">Realegerea lui Nicu\u0219or Dan\/Opera\u021biunea \u201cMerdeneaua\u201d<\/div>\n<\/div>\n<div class=\"x14z9mp xat24cr x1lziwak x1vvkbs xtlvy1s x126k92a\">\n<div dir=\"auto\"><span class=\"html-span xexx8yu xyri2b x18d9i69 x1c1uobl x1hl2dhg x16tdsg8 x1vvkbs x3nfvp2 x1j61x8r x1fcty0u xdj266r xat24cr xm2jcoa x1mpyi22 xxymvpz xlup9mm x1kky2od\"><img loading=\"lazy\" decoding=\"async\" class=\"xz74otr x15mokao x1ga7v0g x16uus16 xbiv7yw\" src=\"https:\/\/static.xx.fbcdn.net\/images\/emoji.php\/v9\/t40\/1\/16\/25b6.png\" alt=\"\u25b6\ufe0f\" width=\"16\" height=\"16\"><\/span> Bula progresist\u0103 \u0219 \u201cproeuropean\u0103\u201d a fost inflamat\u0103 de episodul \u201cmerdenea vs croissant\u201d.<\/div>\n<div dir=\"auto\">DIGI 24 TV \u0219i alte organe mass-media au \u00eencercat s\u0103 r\u0103sp\u00e2ndeasc\u0103 \u00een afara bulei campania de PR \u201cmerdenea vs croissant\u201d.<\/div>\n<\/div>\n<div class=\"x14z9mp xat24cr x1lziwak x1vvkbs xtlvy1s x126k92a\">\n<div dir=\"auto\"><span class=\"html-span xexx8yu xyri2b x18d9i69 x1c1uobl x1hl2dhg x16tdsg8 x1vvkbs x3nfvp2 x1j61x8r x1fcty0u xdj266r xat24cr xm2jcoa x1mpyi22 xxymvpz xlup9mm x1kky2od\"><img loading=\"lazy\" decoding=\"async\" class=\"xz74otr x15mokao x1ga7v0g x16uus16 xbiv7yw\" src=\"https:\/\/static.xx.fbcdn.net\/images\/emoji.php\/v9\/t40\/1\/16\/25b6.png\" alt=\"\u25b6\ufe0f\" width=\"16\" height=\"16\"><\/span> Edmund Neculu\u0219c\u0103 este imaginea stabilimentului \u201cLa Mi\u021ba biciclista\u201d din Pia\u021ba Amzei, din Bucure\u0219ti. Este o cl\u0103dire monument istoric renovat\u0103 de proprietari si se spune c\u0103 ar fi apar\u021binut celebrei prostituate Mi\u021ba biciclista, o extravagant\u0103 considerat\u0103 a fi prima femeie din Bucure\u0219ti care a mers pe biciclet\u0103.<\/div>\n<div dir=\"auto\">Stabilimentul are braserie cu profil fran\u021buzesc, precum \u0219i o brut\u0103rie-patiserie unde printre altele se v\u00e2nd croissante.<\/div>\n<\/div>\n<div class=\"x14z9mp xat24cr x1lziwak x1vvkbs xtlvy1s x126k92a\">\n<div dir=\"auto\"><span class=\"html-span xexx8yu xyri2b x18d9i69 x1c1uobl x1hl2dhg x16tdsg8 x1vvkbs x3nfvp2 x1j61x8r x1fcty0u xdj266r xat24cr xm2jcoa x1mpyi22 xxymvpz xlup9mm x1kky2od\"><img loading=\"lazy\" decoding=\"async\" class=\"xz74otr x15mokao x1ga7v0g x16uus16 xbiv7yw\" src=\"https:\/\/static.xx.fbcdn.net\/images\/emoji.php\/v9\/t40\/1\/16\/25b6.png\" alt=\"\u25b6\ufe0f\" width=\"16\" height=\"16\"><\/span> Edmond Neculu\u0219c\u0103, promoterul stabilimentului \u201cLa Mi\u021ba biciclista\u201ds-a filmat \u00een partea opus\u0103 a Pie\u021bei Amzei, \u00een fa\u021ba unei patiserii care vinde marfa la fereastr\u0103 \u0219i s-a ar\u0103tat dispre\u021buitor fa\u021b\u0103 de produsele acestei firme, \u201cmerdenele cu margarin\u0103 \u0219i sp\u0103rtur\u0103 de br\u00e2nz\u0103\u201d. Totodat\u0103, \u0219i-a manifestat dispre\u021bul \u0219i fa\u021b\u0103 de clien\u021bii patiseriei, cump\u0103r\u0103torii de merdenele, care ar fi \u201co specie\u201d. Ace\u0219tia, dup\u0103 p\u0103rerea lui Neculu\u0219c\u0103, ar considera c\u0103 cea mai bun\u0103 patiserie este \u201cla Nea Mihai\u201d, pentru c\u0103 toat\u0103 via\u021ba au m\u00e2ncat merdenele cu margarin\u0103 \u0219i sp\u0103rtur\u0103 de br\u00e2nz\u0103 \u0219i nu au a\u0219adar termen de compara\u021bie, \u201cp\u00e2n\u0103 nu gust\u0103 untul\u201d. E vorba despre untul con\u021binut \u00een crossantele de la \u201cMi\u021ba biciclista\u201d.<\/div>\n<\/div>\n<div class=\"x14z9mp xat24cr x1lziwak x1vvkbs xtlvy1s x126k92a\">\n<div dir=\"auto\"><span class=\"html-span xexx8yu xyri2b x18d9i69 x1c1uobl x1hl2dhg x16tdsg8 x1vvkbs x3nfvp2 x1j61x8r x1fcty0u xdj266r xat24cr xm2jcoa x1mpyi22 xxymvpz xlup9mm x1kky2od\"><img loading=\"lazy\" decoding=\"async\" class=\"xz74otr x15mokao x1ga7v0g x16uus16 xbiv7yw\" src=\"https:\/\/static.xx.fbcdn.net\/images\/emoji.php\/v9\/t40\/1\/16\/25b6.png\" alt=\"\u25b6\ufe0f\" width=\"16\" height=\"16\"><\/span> Anomalia din textul acestui video este aceea c\u0103 Neculu\u0219c\u0103 a personalizat \u021binta sa. Patiseria cu merdenele se nume\u0219te neutru \u201cPatiserie Amzei\/laborator propriu\u201d, \u00eens\u0103 Neculu\u0219c\u0103 a personalizat-o numind-o \u201cLa nea Mihai\u201d, dup\u0103 numele patronului. De unde p\u00e2n\u0103 unde? O premis\u0103 a lin\u0219ajului este depersonalizarea \u021bintei, anonimizarea sa. Neculu\u0219c\u0103 \u00eens\u0103 parc\u0103 ne \u00eendemna s\u0103 empatiz\u0103m cu Nea Mihai, chiar cel care ar atenta la valorile gastronomice autentice, cu margarina lui. Deci Nea Mihai e bun, sau e r\u0103u? Campania este despre merdenele vs croissant, sau \u00een realitate este despre cu totul altceva?<\/div>\n<\/div>\n<div class=\"x14z9mp xat24cr x1lziwak x1vvkbs xtlvy1s x126k92a\">\n<div dir=\"auto\"><span class=\"html-span xexx8yu xyri2b x18d9i69 x1c1uobl x1hl2dhg x16tdsg8 x1vvkbs x3nfvp2 x1j61x8r x1fcty0u xdj266r xat24cr xm2jcoa x1mpyi22 xxymvpz xlup9mm x1kky2od\"><img loading=\"lazy\" decoding=\"async\" class=\"xz74otr x15mokao x1ga7v0g x16uus16 xbiv7yw\" src=\"https:\/\/static.xx.fbcdn.net\/images\/emoji.php\/v9\/t50\/1\/16\/2757.png\" alt=\"\u2757\ufe0f\" width=\"16\" height=\"16\"><\/span>Imediat dup\u0103 postarea clipului s-au inflamat re\u021belele de socializare. Oameni se declarau \u201cJe suis merdenea\u201d. \u00cesi aminteau revolta\u021bi cum m\u00e2ncau ei merdenele c\u00e2nd erau elevi sau studen\u021bi, poate chiar de la patiseria din Pia\u021ba Amzei.<\/div>\n<div dir=\"auto\">Concluzia se tr\u0103gea singur\u0103. Din indignare \u0219i revolt\u0103 trebuie s\u0103 ne solidariz\u0103m! S-a creat \u0219i un eveniment pe Facebook intitulat \u201c\u201eSavur\u0103m o merdenea \u00een fa\u021b\u0103 la Mi\u021ba Biciclista\u201d, la care au r\u0103spuns 1.000 de persoane, conform articolului publicat de adev\u0103rul, un alt organ de pres\u0103 sus\u021bin\u0103tor al regimului.<\/div>\n<\/div>\n<div class=\"x14z9mp xat24cr x1lziwak x1vvkbs xtlvy1s x126k92a\">\n<div dir=\"auto\"><span class=\"html-span xexx8yu xyri2b x18d9i69 x1c1uobl x1hl2dhg x16tdsg8 x1vvkbs x3nfvp2 x1j61x8r x1fcty0u xdj266r xat24cr xm2jcoa x1mpyi22 xxymvpz xlup9mm x1kky2od\"><img loading=\"lazy\" decoding=\"async\" class=\"xz74otr x15mokao x1ga7v0g x16uus16 xbiv7yw\" src=\"https:\/\/static.xx.fbcdn.net\/images\/emoji.php\/v9\/t77\/1\/16\/203c.png\" alt=\"\u203c\ufe0f\" width=\"16\" height=\"16\"><\/span> Ca atare, \u00een pofida caniculei, joi s-a format o coad\u0103 de zeci de persoane la patiseria din Amzei, care a\u0219teptau s\u0103 cumpere merdenele.<\/div>\n<div dir=\"auto\">Din punct de vedere politic, axa de polarizare propus\u0103 de Neculu\u0219c\u0103 ar fi trebuit s\u0103 fie plebea, mahalaua (de orientare suveranist\u0103) m\u00e2nc\u0103toare de merdenele, versus prooccidentalii sofistica\u021bi (\u0219i la vot progresi\u0219ti), adep\u021bi ai culturii occidentale, inclusiv \u00een domeniul gastronomic.<\/div>\n<div dir=\"auto\">Numai c\u0103 cei care st\u0103teau la coad\u0103 la merdenele \u00een semn de protest p\u0103reau cu to\u021bii trotineti\u0219ti\/progresisti\/useri\u0219ti. Reporterul publica\u021biei g\u00e2ndul l-a g\u0103sit acolo \u0219i pe Dan Teodorescu de la Taxi, un cunoscut propagandist al regimului, care a declarat c\u0103 \u201cAm venit de nervi \u0219i de poft\u0103\u201d. Teodorescu l-a persiflat apoi pe Facebook pe Neculu\u0219c\u0103.<\/div>\n<\/div>\n<div class=\"x14z9mp xat24cr x1lziwak x1vvkbs xtlvy1s x126k92a\">\n<div dir=\"auto\"><span class=\"html-span xexx8yu xyri2b x18d9i69 x1c1uobl x1hl2dhg x16tdsg8 x1vvkbs x3nfvp2 x1j61x8r x1fcty0u xdj266r xat24cr xm2jcoa x1mpyi22 xxymvpz xlup9mm x1kky2od\"><img loading=\"lazy\" decoding=\"async\" class=\"xz74otr x15mokao x1ga7v0g x16uus16 xbiv7yw\" src=\"https:\/\/static.xx.fbcdn.net\/images\/emoji.php\/v9\/t40\/1\/16\/25b6.png\" alt=\"\u25b6\ufe0f\" width=\"16\" height=\"16\"><\/span> Televiziunea DIGI 24 TV care este un instrument de propagand\u0103 al regimului a \u00eencercat s\u0103 scoat\u0103 \u201cOpera\u021biunea Merdeneaua\u201d din bula re\u021belelor sociale \u0219i s\u0103 o ridice \u00een mainstream, f\u0103c\u00e2nd un reportaj despre eveniment. Inevitabil, DIGI 24 s-a pozi\u021bionat de partea m\u00e2nc\u0103torilor de merdenele. Realizatoarea le spunea telespectatorilor c\u0103 \u201c\u00eei miros degetele a merdenele\u201d, pentru c\u0103 au adus colegii \u00een redac\u021bie.<\/div>\n<\/div>\n<div class=\"x14z9mp xat24cr x1lziwak x1vvkbs xtlvy1s x126k92a\">\n<div dir=\"auto\"><span class=\"html-span xexx8yu xyri2b x18d9i69 x1c1uobl x1hl2dhg x16tdsg8 x1vvkbs x3nfvp2 x1j61x8r x1fcty0u xdj266r xat24cr xm2jcoa x1mpyi22 xxymvpz xlup9mm x1kky2od\"><img loading=\"lazy\" decoding=\"async\" class=\"xz74otr x15mokao x1ga7v0g x16uus16 xbiv7yw\" src=\"https:\/\/static.xx.fbcdn.net\/images\/emoji.php\/v9\/t40\/1\/16\/25b6.png\" alt=\"\u25b6\ufe0f\" width=\"16\" height=\"16\"><\/span> Iat\u0103 cum vectorii progresi\u0219ti ca Teodorescu \u0219i DIGI se pozi\u021bioneaz\u0103 la polul merdenelelor, al \u201cplebei\u201d \u0219i \u201cmahalalei inepte\u201d, al \u201c\u0219tirbilor\u201d lui Liiceanu \u0219i \u00een schimb, asemenra putini\u0219tilor, atac\u0103 Occidentul \u0219i valorile sale, fran\u021buzita tab\u0103r\u0103 a croissant \u0219i a \u201cMi\u021bei biciclista\u201d, care prin elitismul s\u0103u ofenseaz\u0103 \u201c\u0219tirbii\u201d.<\/div>\n<div dir=\"auto\">Care este explica\u021bia faptului aparent paradoxal?<\/div>\n<\/div>\n<div class=\"x14z9mp xat24cr x1lziwak x1vvkbs xtlvy1s x126k92a\">\n<div dir=\"auto\"><span class=\"html-span xexx8yu xyri2b x18d9i69 x1c1uobl x1hl2dhg x16tdsg8 x1vvkbs x3nfvp2 x1j61x8r x1fcty0u xdj266r xat24cr xm2jcoa x1mpyi22 xxymvpz xlup9mm x1kky2od\"><img loading=\"lazy\" decoding=\"async\" class=\"xz74otr x15mokao x1ga7v0g x16uus16 xbiv7yw\" src=\"https:\/\/static.xx.fbcdn.net\/images\/emoji.php\/v9\/t40\/1\/16\/25b6.png\" alt=\"\u25b6\ufe0f\" width=\"16\" height=\"16\"><\/span> Edmond Neculu\u0219c\u0103, care a ini\u021biat \u201cOpera\u021biunea Merdeneaua\u201d este unul dintre oamenii lui Nicusor Dan. Neculu\u0219c\u0103 este fondatorul oengeului ARCEN care organiza tururi tematice prin Bucure\u0219ti, ca pentru a ridica naratiunea lui Nicu\u0219or Dan despre salvarea patrimoniului ora\u0219ului. Ca atare, dup\u0103 ce a fost ales \u00een primul mandat de primar, Nicu\u0219or Dan l-a numit pe Neculu\u0219c\u0103 mai \u00eent\u00e2i consilier personal \u0219i apoi director adjunct al Administra\u021biei Municipale pentru Consolidarea Cl\u0103dirilor cu Risc Seismic.<\/div>\n<div dir=\"auto\">\u00cen martie 2026 un grup de suverani\u0219ti a organizat un protest la Ambasada Fran\u021bei, care se afl\u0103 al\u0103turi de cl\u0103direa \u201cMi\u021ba biciclista\u201d.<\/div>\n<div dir=\"auto\">Pe durata protestului, administratorii de la \u201cMi\u021ba biciclista\u201d au permis unui provocator s\u0103 arboreze pe fa\u021bada cl\u0103dirii un banner inscrip\u021bionat \u201cMar\u0219 la Moscova\u201d.<\/div>\n<\/div>\n<div class=\"x14z9mp xat24cr x1lziwak x1vvkbs xtlvy1s x126k92a\">\n<div dir=\"auto\"><span class=\"html-span xexx8yu xyri2b x18d9i69 x1c1uobl x1hl2dhg x16tdsg8 x1vvkbs x3nfvp2 x1j61x8r x1fcty0u xdj266r xat24cr xm2jcoa x1mpyi22 xxymvpz xlup9mm x1kky2od\"><img loading=\"lazy\" decoding=\"async\" class=\"xz74otr x15mokao x1ga7v0g x16uus16 xbiv7yw\" src=\"https:\/\/static.xx.fbcdn.net\/images\/emoji.php\/v9\/t40\/1\/16\/25b6.png\" alt=\"\u25b6\ufe0f\" width=\"16\" height=\"16\"><\/span> Strategii lui Nicu\u0219or Dan \u0219tiu foarte bine c\u0103 pre\u0219edintele nu poate fi reales doar cu voturi \u201ctrotinetiste\u201d, care mai trebuie \u00eemp\u0103r\u021bite \u0219i cu un eventual candidat bolojenist-userist.<\/div>\n<div dir=\"auto\">Prin \u201cOpera\u021biunea Merdeneaua\u201d se urm\u0103re\u0219te crearea unui neao\u0219ism \u201ccu voie de la poli\u021bie\u201d, ca s\u0103 \u00eel parafrazez pe Caragiale cu \u201crevolu\u021bia cu voie de la poli\u021bie\u201d.<\/div>\n<div dir=\"auto\">\u201cNeao\u0219ismul\u201d, adic\u0103 preferin\u021ba pentru lucruri neao\u0219e, este atribuit\u0103 \u00een mod eronat \u00een exclusivitate suverani\u0219tilor.<\/div>\n<div dir=\"auto\">Neao\u0219ismul se reflect\u0103 \u0219i \u00een obiceiurile de consum. Patiseriile \u0219i covrig\u0103riile de la parter de bloc care v\u00e2nd produse nes\u0103n\u0103toase dar ieftine, sunt asociate pe drept sau nu cu locuitorii cartierelor, pe care proeuropenii \u00eei consider\u0103 plebe, \u0219tirbi, etc.<\/div>\n<div dir=\"auto\">Neao\u0219ismul \u201ccu voie de la poli\u021bie\u201d. \u00eenseamn\u0103 c\u0103 n-ai dec\u00e2t s\u0103 m\u0103n\u00e2nci p\u00e2n\u0103 cr\u0103pi produse nes\u0103n\u0103toase preferate de \u201cplebea\u201d suveranist\u0103, cum ar fi merdenele, parizer sau pufule\u021bi. Important e s\u0103 fii cu noi, s\u0103 votezi progresist, s\u0103 fii de acord c\u0103 OMV a venit \u00een Rom\u00e2nia ca s\u0103 ne dea s\u0103 m\u00e2nc\u0103m \u0219i s\u0103 te opui suveranit\u0103\u021bii Rom\u00e2niei, pentru c\u0103 este o idee putinist\u0103.<\/div>\n<\/div>\n<div class=\"x14z9mp xat24cr x1lziwak x1vvkbs xtlvy1s x126k92a\">\n<div dir=\"auto\"><span class=\"html-span xexx8yu xyri2b x18d9i69 x1c1uobl x1hl2dhg x16tdsg8 x1vvkbs x3nfvp2 x1j61x8r x1fcty0u xdj266r xat24cr xm2jcoa x1mpyi22 xxymvpz xlup9mm x1kky2od\"><img loading=\"lazy\" decoding=\"async\" class=\"xz74otr x15mokao x1ga7v0g x16uus16 xbiv7yw\" src=\"https:\/\/static.xx.fbcdn.net\/images\/emoji.php\/v9\/t40\/1\/16\/25b6.png\" alt=\"\u25b6\ufe0f\" width=\"16\" height=\"16\"><\/span> Desigur c\u0103 nu to\u021bi consumatorii de patiserie ieftin\u0103 sunt \u201cplebe\u201d suveranist\u0103. Mai e \u0219i \u201cprecariatul corporatist\u201d, tinerii care se duc zilnic cu metroul \u00een Pipera s\u0103 trudeasc\u0103 pe planta\u021biile corporatiilor \u0219i cump\u0103r\u0103 \u0219i ei patiserie ieftin\u0103 din lips\u0103 de timp sau de bani. De exemplu, reclamele de la re\u021beaua de patiserii \u201cLuca\u201d lor li se adreseaz\u0103, nu \u201cplebei\u201d suveraniste.<\/div>\n<div dir=\"auto\">Nici acest electorat nu e de neglijat, pentru c\u0103 ar putea fi atras de nurii lui Bolojan sau de extrema st\u00e2ng\u0103 de la SENS \u0219i ar putea uita de Nicu\u0219or.<\/div>\n<\/div>\n<div class=\"x14z9mp xat24cr x1lziwak x1vvkbs xtlvy1s x126k92a\">\n<div dir=\"auto\"><span class=\"html-span xexx8yu xyri2b x18d9i69 x1c1uobl x1hl2dhg x16tdsg8 x1vvkbs x3nfvp2 x1j61x8r x1fcty0u xdj266r xat24cr xm2jcoa x1mpyi22 xxymvpz xlup9mm x1kky2od\"><img loading=\"lazy\" decoding=\"async\" class=\"xz74otr x15mokao x1ga7v0g x16uus16 xbiv7yw\" src=\"https:\/\/static.xx.fbcdn.net\/images\/emoji.php\/v9\/t40\/1\/16\/25b6.png\" alt=\"\u25b6\ufe0f\" width=\"16\" height=\"16\"><\/span> O s\u0103 m\u0103 \u00eentreba\u021bi care este logica ipotezei mele. Dac\u0103 \u201cOpera\u021biunea Merdeneaua\u201d este realizat\u0103 \u00een scop politico-electoral, atunci cum anume se asociaz\u0103 aceasta cu imaginea lui Nicu\u0219or Dan \u0219i \u00een ce fel a profitat el de opera\u021biune?<\/div>\n<div dir=\"auto\">Explica\u021bia este c\u0103 \u00een acest moment nici nu e necesar\u0103 asocierea cu Nicu\u0219or Dan. Alegerile sunt abia \u00een 2030. Deocamdat\u0103 inginerii sociali prin manevre gen \u201cOperariunea Merdeneaua\u201d sunt ocupa\u021bi s\u0103 traseze ni\u0219te tendin\u021be \u00een societate. Reglajul fin vine mai t\u00e2rziu.<\/div>\n<\/div>\n<div class=\"x14z9mp xat24cr x1lziwak x1vvkbs xtlvy1s x126k92a\">\n<div dir=\"auto\"><span class=\"html-span xexx8yu xyri2b x18d9i69 x1c1uobl x1hl2dhg x16tdsg8 x1vvkbs x3nfvp2 x1j61x8r x1fcty0u xdj266r xat24cr xm2jcoa x1mpyi22 xxymvpz xlup9mm x1kky2od\"><img loading=\"lazy\" decoding=\"async\" class=\"xz74otr x15mokao x1ga7v0g x16uus16 xbiv7yw\" src=\"https:\/\/static.xx.fbcdn.net\/images\/emoji.php\/v9\/t40\/1\/16\/25b6.png\" alt=\"\u25b6\ufe0f\" width=\"16\" height=\"16\"><\/span> Inginerii sociali par s\u0103 urmeze o strategie tip Legea lui Murphy: \u201cDac\u0103 nu po\u021bi s\u0103-i convingi\u201d, atunci z\u0103p\u0103ce\u0219te-i! Astfel vor s\u0103 creeze \u0219i un conservatorism de circumstan\u021b\u0103, care este doar globalism cu parfum de \u201cDoamne, Doamne\u201d. Mai vor s\u0103 fac\u0103 \u0219i patriotism de circumstan\u021b\u0103 \u0219i tot a\u0219a.<\/div>\n<\/div>\n<div class=\"x14z9mp xat24cr x1lziwak x1vvkbs xtlvy1s x126k92a\">\n<div dir=\"auto\"><span class=\"html-span xexx8yu xyri2b x18d9i69 x1c1uobl x1hl2dhg x16tdsg8 x1vvkbs x3nfvp2 x1j61x8r x1fcty0u xdj266r xat24cr xm2jcoa x1mpyi22 xxymvpz xlup9mm x1kky2od\"><img loading=\"lazy\" decoding=\"async\" class=\"xz74otr x15mokao x1ga7v0g x16uus16 xbiv7yw\" src=\"https:\/\/static.xx.fbcdn.net\/images\/emoji.php\/v9\/t50\/1\/16\/2757.png\" alt=\"\u2757\ufe0f\" width=\"16\" height=\"16\"><\/span><span class=\"html-span xexx8yu xyri2b x18d9i69 x1c1uobl x1hl2dhg x16tdsg8 x1vvkbs x3nfvp2 x1j61x8r x1fcty0u xdj266r xat24cr xm2jcoa x1mpyi22 xxymvpz xlup9mm x1kky2od\"><img loading=\"lazy\" decoding=\"async\" class=\"xz74otr x15mokao x1ga7v0g x16uus16 xbiv7yw\" src=\"https:\/\/static.xx.fbcdn.net\/images\/emoji.php\/v9\/t77\/1\/16\/203c.png\" alt=\"\u203c\ufe0f\" width=\"16\" height=\"16\"><\/span> Dragi prieteni, eu doar constat.<\/div>\n<div dir=\"auto\">\u201cOpera\u021biunea Merdeneaua\u201d a fost lansat\u0103 de omul lui Nicu\u0219or Dan.<\/div>\n<div dir=\"auto\">Mediatizarea opera\u021biunii \u0219i \u201crevolta\u201d fa\u021b\u0103 de elitismul snob \u0219i opresor au fost realizate de organele de pres\u0103 aservite regimului.<\/div>\n<div dir=\"auto\">Voi nu ave\u021bi dec\u00e2t s\u0103 trage\u021bi ce concluzii dori\u021bi: Eu v-am prezentat faptele.<\/div>\n<div dir=\"auto\"><img decoding=\"async\" loading=\"lazy\" class=\"alignnone size-full wp-image-72540\" src=\"https:\/\/solidnews.ro\/wp-content\/uploads\/2026\/08\/WhatsApp-Image-2026-08-22-at-16.31.58.jpeg\" alt width=\"1080\" height=\"745\"><\/div>\n<\/div>\n<div dir=\"auto\"><iframe loading=\"lazy\" src=\"https:\/\/www.facebook.com\/plugins\/post.php?href=https%3A%2F%2Fwww.facebook.com%2Fpermalink.php%3Fstory_fbid%3Dpfbid02YtkTJ3hZoxUwmJ9pEKTdtvn1wUrjJ7kv4tSyYffkVuut6nzCRfZd7M7UtY96ihMil%26id%3D61556253456638&amp;show_text=true&amp;width=500\" width=\"500\" height=\"250\" frameborder scrolling=\"no\" allowfullscreen=\"allowfullscreen\"><\/iframe><\/div>\n<\/div>\n<\/div>\n<div class=\"td_block_wrap tdb_single_content tdi_120 td-pb-border-top td_block_template_1 td-post-content tagdiv-type\" data-td-block-uid=\"tdi_120\">\n<div class=\"tdb-block-inner td-fix-index\">\n<div class=\"xdj266r x14z9mp xat24cr x1lziwak x1vvkbs x126k92a\">\n<div dir=\"auto\">Realegerea lui Nicu\u0219or Dan\/Opera\u021biunea \u201cMerdeneaua\u201d<\/div>\n<\/div>\n<div class=\"x14z9mp xat24cr x1lziwak x1vvkbs xtlvy1s x126k92a\">\n<div dir=\"auto\"><span class=\"html-span xexx8yu xyri2b x18d9i69 x1c1uobl x1hl2dhg x16tdsg8 x1vvkbs x3nfvp2 x1j61x8r x1fcty0u xdj266r xat24cr xm2jcoa x1mpyi22 xxymvpz xlup9mm x1kky2od\"><img loading=\"lazy\" decoding=\"async\" class=\"xz74otr x15mokao x1ga7v0g x16uus16 xbiv7yw\" src=\"https:\/\/static.xx.fbcdn.net\/images\/emoji.php\/v9\/t40\/1\/16\/25b6.png\" alt=\"\u25b6\ufe0f\" width=\"16\" height=\"16\"><\/span> Bula progresist\u0103 \u0219 \u201cproeuropean\u0103\u201d a fost inflamat\u0103 de episodul \u201cmerdenea vs croissant\u201d.<\/div>\n<div dir=\"auto\">DIGI 24 TV \u0219i alte organe mass-media au \u00eencercat s\u0103 r\u0103sp\u00e2ndeasc\u0103 \u00een afara bulei campania de PR \u201cmerdenea vs croissant\u201d.<\/div>\n<\/div>\n<div class=\"x14z9mp xat24cr x1lziwak x1vvkbs xtlvy1s x126k92a\">\n<div dir=\"auto\"><span class=\"html-span xexx8yu xyri2b x18d9i69 x1c1uobl x1hl2dhg x16tdsg8 x1vvkbs x3nfvp2 x1j61x8r x1fcty0u xdj266r xat24cr xm2jcoa x1mpyi22 xxymvpz xlup9mm x1kky2od\"><img loading=\"lazy\" decoding=\"async\" class=\"xz74otr x15mokao x1ga7v0g x16uus16 xbiv7yw\" src=\"https:\/\/static.xx.fbcdn.net\/images\/emoji.php\/v9\/t40\/1\/16\/25b6.png\" alt=\"\u25b6\ufe0f\" width=\"16\" height=\"16\"><\/span> Edmund Neculu\u0219c\u0103 este imaginea stabilimentului \u201cLa Mi\u021ba biciclista\u201d din Pia\u021ba Amzei, din Bucure\u0219ti. Este o cl\u0103dire monument istoric renovat\u0103 de proprietari si se spune c\u0103 ar fi apar\u021binut celebrei prostituate Mi\u021ba biciclista, o extravagant\u0103 considerat\u0103 a fi prima femeie din Bucure\u0219ti care a mers pe biciclet\u0103.<\/div>\n<div dir=\"auto\">Stabilimentul are braserie cu profil fran\u021buzesc, precum \u0219i o brut\u0103rie-patiserie unde printre altele se v\u00e2nd croissante.<\/div>\n<\/div>\n<div class=\"x14z9mp xat24cr x1lziwak x1vvkbs xtlvy1s x126k92a\">\n<div dir=\"auto\"><span class=\"html-span xexx8yu xyri2b x18d9i69 x1c1uobl x1hl2dhg x16tdsg8 x1vvkbs x3nfvp2 x1j61x8r x1fcty0u xdj266r xat24cr xm2jcoa x1mpyi22 xxymvpz xlup9mm x1kky2od\"><img loading=\"lazy\" decoding=\"async\" class=\"xz74otr x15mokao x1ga7v0g x16uus16 xbiv7yw\" src=\"https:\/\/static.xx.fbcdn.net\/images\/emoji.php\/v9\/t40\/1\/16\/25b6.png\" alt=\"\u25b6\ufe0f\" width=\"16\" height=\"16\"><\/span> Edmond Neculu\u0219c\u0103, promoterul stabilimentului \u201cLa Mi\u021ba biciclista\u201ds-a filmat \u00een partea opus\u0103 a Pie\u021bei Amzei, \u00een fa\u021ba unei patiserii care vinde marfa la fereastr\u0103 \u0219i s-a ar\u0103tat dispre\u021buitor fa\u021b\u0103 de produsele acestei firme, \u201cmerdenele cu margarin\u0103 \u0219i sp\u0103rtur\u0103 de br\u00e2nz\u0103\u201d. Totodat\u0103, \u0219i-a manifestat dispre\u021bul \u0219i fa\u021b\u0103 de clien\u021bii patiseriei, cump\u0103r\u0103torii de merdenele, care ar fi \u201co specie\u201d. Ace\u0219tia, dup\u0103 p\u0103rerea lui Neculu\u0219c\u0103, ar considera c\u0103 cea mai bun\u0103 patiserie este \u201cla Nea Mihai\u201d, pentru c\u0103 toat\u0103 via\u021ba au m\u00e2ncat merdenele cu margarin\u0103 \u0219i sp\u0103rtur\u0103 de br\u00e2nz\u0103 \u0219i nu au a\u0219adar termen de compara\u021bie, \u201cp\u00e2n\u0103 nu gust\u0103 untul\u201d. E vorba despre untul con\u021binut \u00een crossantele de la \u201cMi\u021ba biciclista\u201d.<\/div>\n<\/div>\n<div class=\"x14z9mp xat24cr x1lziwak x1vvkbs xtlvy1s x126k92a\">\n<div dir=\"auto\"><span class=\"html-span xexx8yu xyri2b x18d9i69 x1c1uobl x1hl2dhg x16tdsg8 x1vvkbs x3nfvp2 x1j61x8r x1fcty0u xdj266r xat24cr xm2jcoa x1mpyi22 xxymvpz xlup9mm x1kky2od\"><img loading=\"lazy\" decoding=\"async\" class=\"xz74otr x15mokao x1ga7v0g x16uus16 xbiv7yw\" src=\"https:\/\/static.xx.fbcdn.net\/images\/emoji.php\/v9\/t40\/1\/16\/25b6.png\" alt=\"\u25b6\ufe0f\" width=\"16\" height=\"16\"><\/span> Anomalia din textul acestui video este aceea c\u0103 Neculu\u0219c\u0103 a personalizat \u021binta sa. Patiseria cu merdenele se nume\u0219te neutru \u201cPatiserie Amzei\/laborator propriu\u201d, \u00eens\u0103 Neculu\u0219c\u0103 a personalizat-o numind-o \u201cLa nea Mihai\u201d, dup\u0103 numele patronului. De unde p\u00e2n\u0103 unde? O premis\u0103 a lin\u0219ajului este depersonalizarea \u021bintei, anonimizarea sa. Neculu\u0219c\u0103 \u00eens\u0103 parc\u0103 ne \u00eendemna s\u0103 empatiz\u0103m cu Nea Mihai, chiar cel care ar atenta la valorile gastronomice autentice, cu margarina lui. Deci Nea Mihai e bun, sau e r\u0103u? Campania este despre merdenele vs croissant, sau \u00een realitate este despre cu totul altceva?<\/div>\n<\/div>\n<div class=\"x14z9mp xat24cr x1lziwak x1vvkbs xtlvy1s x126k92a\">\n<div dir=\"auto\"><span class=\"html-span xexx8yu xyri2b x18d9i69 x1c1uobl x1hl2dhg x16tdsg8 x1vvkbs x3nfvp2 x1j61x8r x1fcty0u xdj266r xat24cr xm2jcoa x1mpyi22 xxymvpz xlup9mm x1kky2od\"><img loading=\"lazy\" decoding=\"async\" class=\"xz74otr x15mokao x1ga7v0g x16uus16 xbiv7yw\" src=\"https:\/\/static.xx.fbcdn.net\/images\/emoji.php\/v9\/t50\/1\/16\/2757.png\" alt=\"\u2757\ufe0f\" width=\"16\" height=\"16\"><\/span>Imediat dup\u0103 postarea clipului s-au inflamat re\u021belele de socializare. Oameni se declarau \u201cJe suis merdenea\u201d. \u00cesi aminteau revolta\u021bi cum m\u00e2ncau ei merdenele c\u00e2nd erau elevi sau studen\u021bi, poate chiar de la patiseria din Pia\u021ba Amzei.<\/div>\n<div dir=\"auto\">Concluzia se tr\u0103gea singur\u0103. Din indignare \u0219i revolt\u0103 trebuie s\u0103 ne solidariz\u0103m! S-a creat \u0219i un eveniment pe Facebook intitulat \u201c\u201eSavur\u0103m o merdenea \u00een fa\u021b\u0103 la Mi\u021ba Biciclista\u201d, la care au r\u0103spuns 1.000 de persoane, conform articolului publicat de adev\u0103rul, un alt organ de pres\u0103 sus\u021bin\u0103tor al regimului.<\/div>\n<\/div>\n<div class=\"x14z9mp xat24cr x1lziwak x1vvkbs xtlvy1s x126k92a\">\n<div dir=\"auto\"><span class=\"html-span xexx8yu xyri2b x18d9i69 x1c1uobl x1hl2dhg x16tdsg8 x1vvkbs x3nfvp2 x1j61x8r x1fcty0u xdj266r xat24cr xm2jcoa x1mpyi22 xxymvpz xlup9mm x1kky2od\"><img loading=\"lazy\" decoding=\"async\" class=\"xz74otr x15mokao x1ga7v0g x16uus16 xbiv7yw\" src=\"https:\/\/static.xx.fbcdn.net\/images\/emoji.php\/v9\/t77\/1\/16\/203c.png\" alt=\"\u203c\ufe0f\" width=\"16\" height=\"16\"><\/span> Ca atare, \u00een pofida caniculei, joi s-a format o coad\u0103 de zeci de persoane la patiseria din Amzei, care a\u0219teptau s\u0103 cumpere merdenele.<\/div>\n<div dir=\"auto\">Din punct de vedere politic, axa de polarizare propus\u0103 de Neculu\u0219c\u0103 ar fi trebuit s\u0103 fie plebea, mahalaua (de orientare suveranist\u0103) m\u00e2nc\u0103toare de merdenele, versus prooccidentalii sofistica\u021bi (\u0219i la vot progresi\u0219ti), adep\u021bi ai culturii occidentale, inclusiv \u00een domeniul gastronomic.<\/div>\n<div dir=\"auto\">Numai c\u0103 cei care st\u0103teau la coad\u0103 la merdenele \u00een semn de protest p\u0103reau cu to\u021bii trotineti\u0219ti\/progresisti\/useri\u0219ti. Reporterul publica\u021biei g\u00e2ndul l-a g\u0103sit acolo \u0219i pe Dan Teodorescu de la Taxi, un cunoscut propagandist al regimului, care a declarat c\u0103 \u201cAm venit de nervi \u0219i de poft\u0103\u201d. Teodorescu l-a persiflat apoi pe Facebook pe Neculu\u0219c\u0103.<\/div>\n<\/div>\n<div class=\"x14z9mp xat24cr x1lziwak x1vvkbs xtlvy1s x126k92a\">\n<div dir=\"auto\"><span class=\"html-span xexx8yu xyri2b x18d9i69 x1c1uobl x1hl2dhg x16tdsg8 x1vvkbs x3nfvp2 x1j61x8r x1fcty0u xdj266r xat24cr xm2jcoa x1mpyi22 xxymvpz xlup9mm x1kky2od\"><img loading=\"lazy\" decoding=\"async\" class=\"xz74otr x15mokao x1ga7v0g x16uus16 xbiv7yw\" src=\"https:\/\/static.xx.fbcdn.net\/images\/emoji.php\/v9\/t40\/1\/16\/25b6.png\" alt=\"\u25b6\ufe0f\" width=\"16\" height=\"16\"><\/span> Televiziunea DIGI 24 TV care este un instrument de propagand\u0103 al regimului a \u00eencercat s\u0103 scoat\u0103 \u201cOpera\u021biunea Merdeneaua\u201d din bula re\u021belelor sociale \u0219i s\u0103 o ridice \u00een mainstream, f\u0103c\u00e2nd un reportaj despre eveniment. Inevitabil, DIGI 24 s-a pozi\u021bionat de partea m\u00e2nc\u0103torilor de merdenele. Realizatoarea le spunea telespectatorilor c\u0103 \u201c\u00eei miros degetele a merdenele\u201d, pentru c\u0103 au adus colegii \u00een redac\u021bie.<\/div>\n<\/div>\n<div class=\"x14z9mp xat24cr x1lziwak x1vvkbs xtlvy1s x126k92a\">\n<div dir=\"auto\"><span class=\"html-span xexx8yu xyri2b x18d9i69 x1c1uobl x1hl2dhg x16tdsg8 x1vvkbs x3nfvp2 x1j61x8r x1fcty0u xdj266r xat24cr xm2jcoa x1mpyi22 xxymvpz xlup9mm x1kky2od\"><img loading=\"lazy\" decoding=\"async\" class=\"xz74otr x15mokao x1ga7v0g x16uus16 xbiv7yw\" src=\"https:\/\/static.xx.fbcdn.net\/images\/emoji.php\/v9\/t40\/1\/16\/25b6.png\" alt=\"\u25b6\ufe0f\" width=\"16\" height=\"16\"><\/span> Iat\u0103 cum vectorii progresi\u0219ti ca Teodorescu \u0219i DIGI se pozi\u021bioneaz\u0103 la polul merdenelelor, al \u201cplebei\u201d \u0219i \u201cmahalalei inepte\u201d, al \u201c\u0219tirbilor\u201d lui Liiceanu \u0219i \u00een schimb, asemenra putini\u0219tilor, atac\u0103 Occidentul \u0219i valorile sale, fran\u021buzita tab\u0103r\u0103 a croissant \u0219i a \u201cMi\u021bei biciclista\u201d, care prin elitismul s\u0103u ofenseaz\u0103 \u201c\u0219tirbii\u201d.<\/div>\n<div dir=\"auto\">Care este explica\u021bia faptului aparent paradoxal?<\/div>\n<\/div>\n<div class=\"x14z9mp xat24cr x1lziwak x1vvkbs xtlvy1s x126k92a\">\n<div dir=\"auto\"><span class=\"html-span xexx8yu xyri2b x18d9i69 x1c1uobl x1hl2dhg x16tdsg8 x1vvkbs x3nfvp2 x1j61x8r x1fcty0u xdj266r xat24cr xm2jcoa x1mpyi22 xxymvpz xlup9mm x1kky2od\"><img loading=\"lazy\" decoding=\"async\" class=\"xz74otr x15mokao x1ga7v0g x16uus16 xbiv7yw\" src=\"https:\/\/static.xx.fbcdn.net\/images\/emoji.php\/v9\/t40\/1\/16\/25b6.png\" alt=\"\u25b6\ufe0f\" width=\"16\" height=\"16\"><\/span> Edmond Neculu\u0219c\u0103, care a ini\u021biat \u201cOpera\u021biunea Merdeneaua\u201d este unul dintre oamenii lui Nicusor Dan. Neculu\u0219c\u0103 este fondatorul oengeului ARCEN care organiza tururi tematice prin Bucure\u0219ti, ca pentru a ridica naratiunea lui Nicu\u0219or Dan despre salvarea patrimoniului ora\u0219ului. Ca atare, dup\u0103 ce a fost ales \u00een primul mandat de primar, Nicu\u0219or Dan l-a numit pe Neculu\u0219c\u0103 mai \u00eent\u00e2i consilier personal \u0219i apoi director adjunct al Administra\u021biei Municipale pentru Consolidarea Cl\u0103dirilor cu Risc Seismic.<\/div>\n<div dir=\"auto\">\u00cen martie 2026 un grup de suverani\u0219ti a organizat un protest la Ambasada Fran\u021bei, care se afl\u0103 al\u0103turi de cl\u0103direa \u201cMi\u021ba biciclista\u201d.<\/div>\n<div dir=\"auto\">Pe durata protestului, administratorii de la \u201cMi\u021ba biciclista\u201d au permis unui provocator s\u0103 arboreze pe fa\u021bada cl\u0103dirii un banner inscrip\u021bionat \u201cMar\u0219 la Moscova\u201d.<\/div>\n<\/div>\n<div class=\"x14z9mp xat24cr x1lziwak x1vvkbs xtlvy1s x126k92a\">\n<div dir=\"auto\"><span class=\"html-span xexx8yu xyri2b x18d9i69 x1c1uobl x1hl2dhg x16tdsg8 x1vvkbs x3nfvp2 x1j61x8r x1fcty0u xdj266r xat24cr xm2jcoa x1mpyi22 xxymvpz xlup9mm x1kky2od\"><img loading=\"lazy\" decoding=\"async\" class=\"xz74otr x15mokao x1ga7v0g x16uus16 xbiv7yw\" src=\"https:\/\/static.xx.fbcdn.net\/images\/emoji.php\/v9\/t40\/1\/16\/25b6.png\" alt=\"\u25b6\ufe0f\" width=\"16\" height=\"16\"><\/span> Strategii lui Nicu\u0219or Dan \u0219tiu foarte bine c\u0103 pre\u0219edintele nu poate fi reales doar cu voturi \u201ctrotinetiste\u201d, care mai trebuie \u00eemp\u0103r\u021bite \u0219i cu un eventual candidat bolojenist-userist.<\/div>\n<div dir=\"auto\">Prin \u201cOpera\u021biunea Merdeneaua\u201d se urm\u0103re\u0219te crearea unui neao\u0219ism \u201ccu voie de la poli\u021bie\u201d, ca s\u0103 \u00eel parafrazez pe Caragiale cu \u201crevolu\u021bia cu voie de la poli\u021bie\u201d.<\/div>\n<div dir=\"auto\">\u201cNeao\u0219ismul\u201d, adic\u0103 preferin\u021ba pentru lucruri neao\u0219e, este atribuit\u0103 \u00een mod eronat \u00een exclusivitate suverani\u0219tilor.<\/div>\n<div dir=\"auto\">Neao\u0219ismul se reflect\u0103 \u0219i \u00een obiceiurile de consum. Patiseriile \u0219i covrig\u0103riile de la parter de bloc care v\u00e2nd produse nes\u0103n\u0103toase dar ieftine, sunt asociate pe drept sau nu cu locuitorii cartierelor, pe care proeuropenii \u00eei consider\u0103 plebe, \u0219tirbi, etc.<\/div>\n<div dir=\"auto\">Neao\u0219ismul \u201ccu voie de la poli\u021bie\u201d. \u00eenseamn\u0103 c\u0103 n-ai dec\u00e2t s\u0103 m\u0103n\u00e2nci p\u00e2n\u0103 cr\u0103pi produse nes\u0103n\u0103toase preferate de \u201cplebea\u201d suveranist\u0103, cum ar fi merdenele, parizer sau pufule\u021bi. Important e s\u0103 fii cu noi, s\u0103 votezi progresist, s\u0103 fii de acord c\u0103 OMV a venit \u00een Rom\u00e2nia ca s\u0103 ne dea s\u0103 m\u00e2nc\u0103m \u0219i s\u0103 te opui suveranit\u0103\u021bii Rom\u00e2niei, pentru c\u0103 este o idee putinist\u0103.<\/div>\n<\/div>\n<div class=\"x14z9mp xat24cr x1lziwak x1vvkbs xtlvy1s x126k92a\">\n<div dir=\"auto\"><span class=\"html-span xexx8yu xyri2b x18d9i69 x1c1uobl x1hl2dhg x16tdsg8 x1vvkbs x3nfvp2 x1j61x8r x1fcty0u xdj266r xat24cr xm2jcoa x1mpyi22 xxymvpz xlup9mm x1kky2od\"><img loading=\"lazy\" decoding=\"async\" class=\"xz74otr x15mokao x1ga7v0g x16uus16 xbiv7yw\" src=\"https:\/\/static.xx.fbcdn.net\/images\/emoji.php\/v9\/t40\/1\/16\/25b6.png\" alt=\"\u25b6\ufe0f\" width=\"16\" height=\"16\"><\/span> Desigur c\u0103 nu to\u021bi consumatorii de patiserie ieftin\u0103 sunt \u201cplebe\u201d suveranist\u0103. Mai e \u0219i \u201cprecariatul corporatist\u201d, tinerii care se duc zilnic cu metroul \u00een Pipera s\u0103 trudeasc\u0103 pe planta\u021biile corporatiilor \u0219i cump\u0103r\u0103 \u0219i ei patiserie ieftin\u0103 din lips\u0103 de timp sau de bani. De exemplu, reclamele de la re\u021beaua de patiserii \u201cLuca\u201d lor li se adreseaz\u0103, nu \u201cplebei\u201d suveraniste.<\/div>\n<div dir=\"auto\">Nici acest electorat nu e de neglijat, pentru c\u0103 ar putea fi atras de nurii lui Bolojan sau de extrema st\u00e2ng\u0103 de la SENS \u0219i ar putea uita de Nicu\u0219or.<\/div>\n<\/div>\n<div class=\"x14z9mp xat24cr x1lziwak x1vvkbs xtlvy1s x126k92a\">\n<div dir=\"auto\"><span class=\"html-span xexx8yu xyri2b x18d9i69 x1c1uobl x1hl2dhg x16tdsg8 x1vvkbs x3nfvp2 x1j61x8r x1fcty0u xdj266r xat24cr xm2jcoa x1mpyi22 xxymvpz xlup9mm x1kky2od\"><img loading=\"lazy\" decoding=\"async\" class=\"xz74otr x15mokao x1ga7v0g x16uus16 xbiv7yw\" src=\"https:\/\/static.xx.fbcdn.net\/images\/emoji.php\/v9\/t40\/1\/16\/25b6.png\" alt=\"\u25b6\ufe0f\" width=\"16\" height=\"16\"><\/span> O s\u0103 m\u0103 \u00eentreba\u021bi care este logica ipotezei mele. Dac\u0103 \u201cOpera\u021biunea Merdeneaua\u201d este realizat\u0103 \u00een scop politico-electoral, atunci cum anume se asociaz\u0103 aceasta cu imaginea lui Nicu\u0219or Dan \u0219i \u00een ce fel a profitat el de opera\u021biune?<\/div>\n<div dir=\"auto\">Explica\u021bia este c\u0103 \u00een acest moment nici nu e necesar\u0103 asocierea cu Nicu\u0219or Dan. Alegerile sunt abia \u00een 2030. Deocamdat\u0103 inginerii sociali prin manevre gen \u201cOperariunea Merdeneaua\u201d sunt ocupa\u021bi s\u0103 traseze ni\u0219te tendin\u021be \u00een societate. Reglajul fin vine mai t\u00e2rziu.<\/div>\n<\/div>\n<div class=\"x14z9mp xat24cr x1lziwak x1vvkbs xtlvy1s x126k92a\">\n<div dir=\"auto\"><span class=\"html-span xexx8yu xyri2b x18d9i69 x1c1uobl x1hl2dhg x16tdsg8 x1vvkbs x3nfvp2 x1j61x8r x1fcty0u xdj266r xat24cr xm2jcoa x1mpyi22 xxymvpz xlup9mm x1kky2od\"><img loading=\"lazy\" decoding=\"async\" class=\"xz74otr x15mokao x1ga7v0g x16uus16 xbiv7yw\" src=\"https:\/\/static.xx.fbcdn.net\/images\/emoji.php\/v9\/t40\/1\/16\/25b6.png\" alt=\"\u25b6\ufe0f\" width=\"16\" height=\"16\"><\/span> Inginerii sociali par s\u0103 urmeze o strategie tip Legea lui Murphy: \u201cDac\u0103 nu po\u021bi s\u0103-i convingi\u201d, atunci z\u0103p\u0103ce\u0219te-i! Astfel vor s\u0103 creeze \u0219i un conservatorism de circumstan\u021b\u0103, care este doar globalism cu parfum de \u201cDoamne, Doamne\u201d. Mai vor s\u0103 fac\u0103 \u0219i patriotism de circumstan\u021b\u0103 \u0219i tot a\u0219a.<\/div>\n<\/div>\n<div class=\"x14z9mp xat24cr x1lziwak x1vvkbs xtlvy1s x126k92a\">\n<div dir=\"auto\"><span class=\"html-span xexx8yu xyri2b x18d9i69 x1c1uobl x1hl2dhg x16tdsg8 x1vvkbs x3nfvp2 x1j61x8r x1fcty0u xdj266r xat24cr xm2jcoa x1mpyi22 xxymvpz xlup9mm x1kky2od\"><img loading=\"lazy\" decoding=\"async\" class=\"xz74otr x15mokao x1ga7v0g x16uus16 xbiv7yw\" src=\"https:\/\/static.xx.fbcdn.net\/images\/emoji.php\/v9\/t50\/1\/16\/2757.png\" alt=\"\u2757\ufe0f\" width=\"16\" height=\"16\"><\/span><span class=\"html-span xexx8yu xyri2b x18d9i69 x1c1uobl x1hl2dhg x16tdsg8 x1vvkbs x3nfvp2 x1j61x8r x1fcty0u xdj266r xat24cr xm2jcoa x1mpyi22 xxymvpz xlup9mm x1kky2od\"><img loading=\"lazy\" decoding=\"async\" class=\"xz74otr x15mokao x1ga7v0g x16uus16 xbiv7yw\" src=\"https:\/\/static.xx.fbcdn.net\/images\/emoji.php\/v9\/t77\/1\/16\/203c.png\" alt=\"\u203c\ufe0f\" width=\"16\" height=\"16\"><\/span> Dragi prieteni, eu doar constat.<\/div>\n<div dir=\"auto\">\u201cOpera\u021biunea Merdeneaua\u201d a fost lansat\u0103 de omul lui Nicu\u0219or Dan.<\/div>\n<div dir=\"auto\">Mediatizarea opera\u021biunii \u0219i \u201crevolta\u201d fa\u021b\u0103 de elitismul snob \u0219i opresor au fost realizate de organele de pres\u0103 aservite regimului.<\/div>\n<div dir=\"auto\">Voi nu ave\u021bi dec\u00e2t s\u0103 trage\u021bi ce concluzii dori\u021bi: Eu v-am prezentat faptele.<\/div>\n<div dir=\"auto\"><img decoding=\"async\" loading=\"lazy\" class=\"alignnone size-full wp-image-72540\" src=\"https:\/\/solidnews.ro\/wp-content\/uploads\/2026\/08\/WhatsApp-Image-2026-08-22-at-16.31.58.jpeg\" alt width=\"1080\" height=\"745\"><\/div>\n<\/div>\n<div dir=\"auto\"><iframe loading=\"lazy\" src=\"https:\/\/www.facebook.com\/plugins\/post.php?href=https%3A%2F%2Fwww.facebook.com%2Fpermalink.php%3Fstory_fbid%3Dpfbid02YtkTJ3hZoxUwmJ9pEKTdtvn1wUrjJ7kv4tSyYffkVuut6nzCRfZd7M7UtY96ihMil%26id%3D61556253456638&amp;show_text=true&amp;width=500\" width=\"500\" height=\"250\" frameborder scrolling=\"no\" allowfullscreen=\"allowfullscreen\"><\/iframe><\/div>\n<\/div>\n<\/div>\n<p>[analyse_source url=&#8221;https:\/\/solidnews.ro\/george-scarlat-operatiunea-merdeneaua-e-despre-realegerea-lui-nicusor-dan-pe-traseul-neaosismului\/&#8221;]<\/p>\n","protected":false},"excerpt":{"rendered":"<p>[analyse_image type=&#8221;featured&#8221; src=&#8221;https:\/\/solidnews.ro\/wp-content\/uploads\/2026\/08\/783727637_122314887638208448_2310513060731775226_n.jpg&#8221;] Realegerea lui Nicu\u0219or Dan\/Opera\u021biunea \u201cMerdeneaua\u201d Bula progresist\u0103 \u0219 \u201cproeuropean\u0103\u201d a fost inflamat\u0103 de episodul \u201cmerdenea vs croissant\u201d. DIGI 24 TV \u0219i alte organe mass-media au \u00eencercat s\u0103 r\u0103sp\u00e2ndeasc\u0103 \u00een afara bulei campania de PR \u201cmerdenea vs croissant\u201d. Edmund Neculu\u0219c\u0103 este imaginea stabilimentului \u201cLa Mi\u021ba biciclista\u201d din Pia\u021ba Amzei, din Bucure\u0219ti. Este o [&hellip;]<\/p>\n","protected":false},"author":1,"featured_media":0,"comment_status":"open","ping_status":"","sticky":false,"template":"","format":"standard","meta":{"footnotes":""},"categories":[89],"tags":[226,97],"class_list":["post-2106402","post","type-post","status-publish","format-standard","hentry","category-romania","tag-crawlmanager","tag-solidnews-ro"],"_links":{"self":[{"href":"https:\/\/analyse.optim.biz\/index.php?rest_route=\/wp\/v2\/posts\/2106402","targetHints":{"allow":["GET"]}}],"collection":[{"href":"https:\/\/analyse.optim.biz\/index.php?rest_route=\/wp\/v2\/posts"}],"about":[{"href":"https:\/\/analyse.optim.biz\/index.php?rest_route=\/wp\/v2\/types\/post"}],"author":[{"embeddable":true,"href":"https:\/\/analyse.optim.biz\/index.php?rest_route=\/wp\/v2\/users\/1"}],"replies":[{"embeddable":true,"href":"https:\/\/analyse.optim.biz\/index.php?rest_route=%2Fwp%2Fv2%2Fcomments&post=2106402"}],"version-history":[{"count":0,"href":"https:\/\/analyse.optim.biz\/index.php?rest_route=\/wp\/v2\/posts\/2106402\/revisions"}],"wp:attachment":[{"href":"https:\/\/analyse.optim.biz\/index.php?rest_route=%2Fwp%2Fv2%2Fmedia&parent=2106402"}],"wp:term":[{"taxonomy":"category","embeddable":true,"href":"https:\/\/analyse.optim.biz\/index.php?rest_route=%2Fwp%2Fv2%2Fcategories&post=2106402"},{"taxonomy":"post_tag","embeddable":true,"href":"https:\/\/analyse.optim.biz\/index.php?rest_route=%2Fwp%2Fv2%2Ftags&post=2106402"}],"curies":[{"name":"wp","href":"https:\/\/api.w.org\/{rel}","templated":true}]}}