{"id":2106396,"date":"2026-08-21T16:42:00","date_gmt":"2026-08-21T13:42:00","guid":{"rendered":"https:\/\/analyse.optim.biz\/?p=2106396"},"modified":"2026-08-21T16:42:00","modified_gmt":"2026-08-21T13:42:00","slug":"6-septembrie-zi-de-sarbatoare-la-vernesti-unde-va-avea-loc-evenimentul-anul-acesta","status":"publish","type":"post","link":"https:\/\/analyse.optim.biz\/?p=2106396","title":{"rendered":"6 septembrie, zi de s\u0103rb\u0103toare la Verne\u0219ti. Unde va avea loc evenimentul anul acesta"},"content":{"rendered":"<p>[analyse_image type=&#8221;featured&#8221; src=&#8221;https:\/\/www.campusbuzau.ro\/wp-content\/uploads\/2026\/08\/ziua-comunei-vernesti-1.jpghttps:\/\/www.campusbuzau.ro\/wp-content\/uploads\/2026\/08\/ziua-comunei-vernesti-1.jpg&#8221;]<\/p>\n<div class=\"entry-content\">\n<p><strong><em><mark class=\"has-inline-color has-maincolor-color\">Locuitorii comunei Verne\u0219ti sunt a\u0219tepta\u021bi, pe 6 septembrie, la o nou\u0103 edi\u021bie a Zilei Comunei Verne\u0219ti, eveniment care vine anul acesta cu o schimbare important\u0103 \u00een ceea ce prive\u0219te locul de desf\u0103\u0219urare.<\/mark><\/em><\/strong><\/p>\n<p>Dac\u0103, \u00een mod tradi\u021bional, s\u0103rb\u0103toarea era organizat\u0103 pe terenul de fotbal, lucr\u0103rile pentru construirea unei cre\u0219e au f\u0103cut necesar\u0103 mutarea evenimentului. Astfel, petrecerea din acest an va avea loc \u00een zona \u00een care se amenajeaz\u0103 T\u00e2rgul de Cr\u0103ciun \u0219i Toamna Verne\u0219tean\u0103, spa\u021biu care va fi transformat, pentru o zi, \u00eentr-un loc de s\u0103rb\u0103toare pentru \u00eentreaga comunitate.<\/p>\n<figure class=\"wp-block-image size-full\"><img loading=\"lazy\" decoding=\"async\" width=\"900\" height=\"506\" src=\"https:\/\/www.campusbuzau.ro\/wp-content\/uploads\/2026\/08\/ziua-comunei-vernesti-2.jpg\" alt class=\"wp-image-156608\"><\/figure>\n<p>Programul preg\u0103tit de organizatori promite mai multe surprize, iar afi\u0219ul complet urmeaz\u0103 s\u0103 fie dezv\u0103luit. O certitudine este, \u00eens\u0103, prezen\u021ba lui Daniel Trifu, devenit deja un prieten tradi\u021bional al verne\u0219tenilor. Acesta nu va fi doar unul dintre momentele apreciate ale zilei, ci va avea \u0219i rolul de maestru de ceremonii.<\/p>\n<p>Un alt punct de interes \u00eel vor reprezenta standurile cu tot felul de bun\u0103t\u0103\u021bi, mici \u0219i bere. Dac\u0103 num\u0103rul participan\u021bilor \u0219i al expozan\u021bilor o va impune, standurile ar putea fi extinse de-a lungul \u00eentregii alei, p\u00e2n\u0103 \u00een zona Prim\u0103riei.<\/p>\n<p>Pe 6 septembrie, Verne\u0219tiul \u00ee\u0219i d\u0103 \u00eent\u00e2lnire \u00een noul spa\u021biu de evenimente, iar surprizele de pe afi\u0219 sunt \u00eenc\u0103 a\u0219teptate.<\/p>\n<figure class=\"wp-block-embed is-type-video is-provider-youtube wp-block-embed-youtube wp-embed-aspect-16-9 wp-has-aspect-ratio\">\n<div class=\"wp-block-embed__wrapper\">\n<iframe loading=\"lazy\" title=\"ZIUA COMUNEI VERNE\u015eTI VA AVEA LOC PE 6 SEPTEMBRIE | LOCA\u0162IE SCHIMBAT\u0102\" width=\"500\" height=\"281\" src=\"https:\/\/www.youtube.com\/embed\/vZ9Go2pHy9E?feature=oembed\" frameborder allow=\"accelerometer; autoplay; clipboard-write; encrypted-media; gyroscope; picture-in-picture; web-share\" referrerpolicy=\"strict-origin-when-cross-origin\" allowfullscreen><\/iframe>\n<\/div>\n<\/figure>\n<\/div>\n<p>[analyse_source url=&#8221;https:\/\/www.campusbuzau.ro\/6-septembrie-zi-de-sarbatoare-la-vernesti-unde-va-avea-loc-evenimentul-anul-acesta\/&#8221;]<\/p>\n","protected":false},"excerpt":{"rendered":"<p>[analyse_image type=&#8221;featured&#8221; src=&#8221;https:\/\/www.campusbuzau.ro\/wp-content\/uploads\/2026\/08\/ziua-comunei-vernesti-1.jpghttps:\/\/www.campusbuzau.ro\/wp-content\/uploads\/2026\/08\/ziua-comunei-vernesti-1.jpg&#8221;] Locuitorii comunei Verne\u0219ti sunt a\u0219tepta\u021bi, pe 6 septembrie, la o nou\u0103 edi\u021bie a Zilei Comunei Verne\u0219ti, eveniment care vine anul acesta cu o schimbare important\u0103 \u00een ceea ce prive\u0219te locul de desf\u0103\u0219urare. Dac\u0103, \u00een mod tradi\u021bional, s\u0103rb\u0103toarea era organizat\u0103 pe terenul de fotbal, lucr\u0103rile pentru construirea unei cre\u0219e au f\u0103cut necesar\u0103 mutarea [&hellip;]<\/p>\n","protected":false},"author":1,"featured_media":0,"comment_status":"open","ping_status":"","sticky":false,"template":"","format":"standard","meta":{"footnotes":""},"categories":[2],"tags":[118,226],"class_list":["post-2106396","post","type-post","status-publish","format-standard","hentry","category-politics","tag-campusbuzau-ro","tag-crawlmanager"],"_links":{"self":[{"href":"https:\/\/analyse.optim.biz\/index.php?rest_route=\/wp\/v2\/posts\/2106396","targetHints":{"allow":["GET"]}}],"collection":[{"href":"https:\/\/analyse.optim.biz\/index.php?rest_route=\/wp\/v2\/posts"}],"about":[{"href":"https:\/\/analyse.optim.biz\/index.php?rest_route=\/wp\/v2\/types\/post"}],"author":[{"embeddable":true,"href":"https:\/\/analyse.optim.biz\/index.php?rest_route=\/wp\/v2\/users\/1"}],"replies":[{"embeddable":true,"href":"https:\/\/analyse.optim.biz\/index.php?rest_route=%2Fwp%2Fv2%2Fcomments&post=2106396"}],"version-history":[{"count":0,"href":"https:\/\/analyse.optim.biz\/index.php?rest_route=\/wp\/v2\/posts\/2106396\/revisions"}],"wp:attachment":[{"href":"https:\/\/analyse.optim.biz\/index.php?rest_route=%2Fwp%2Fv2%2Fmedia&parent=2106396"}],"wp:term":[{"taxonomy":"category","embeddable":true,"href":"https:\/\/analyse.optim.biz\/index.php?rest_route=%2Fwp%2Fv2%2Fcategories&post=2106396"},{"taxonomy":"post_tag","embeddable":true,"href":"https:\/\/analyse.optim.biz\/index.php?rest_route=%2Fwp%2Fv2%2Ftags&post=2106396"}],"curies":[{"name":"wp","href":"https:\/\/api.w.org\/{rel}","templated":true}]}}