{"id":2106253,"date":"2026-08-21T15:22:02","date_gmt":"2026-08-21T12:22:02","guid":{"rendered":"https:\/\/analyse.optim.biz\/?p=2106253"},"modified":"2026-08-21T15:22:02","modified_gmt":"2026-08-21T12:22:02","slug":"primii-kilometri-de-asfalt-pe-autostrada-a1-margina-holdea-lucrarile-au-ajuns-la-72-video","status":"publish","type":"post","link":"https:\/\/analyse.optim.biz\/?p=2106253","title":{"rendered":"Primii kilometri de asfalt pe autostrada A1 Margina\u2013Holdea. Lucr\u0103rile au ajuns la 72% (video)"},"content":{"rendered":"<p>[analyse_image type=&#8221;featured&#8221; src=&#8221;https:\/\/orasul-timisoara.ro\/wp-content\/uploads\/2026\/08\/primul-asfalt-marginea-holdea.jpg&#8221;]<\/p>\n<article id=\"post-40433\" class=\"td-post-template-7 post-40433 post type-post status-publish format-standard has-post-thumbnail category-featured category-investitii-in-timisoara category-stiri-timisoara category-turism tag-a1 tag-autostrada-2 tag-autostrada-a1 tag-cnair tag-holdea tag-margina tag-pnrr tag-stiri-timis-2 tag-tuneluri tag-umm-spedition td-container-wrap\">\n<div class=\"td-full-screen-header-image-wrap\">\n<div class=\"td-container td-post-header\">\n<div class=\"td-crumb-container\">\n<div class=\"entry-crumbs\"><span><a title=\"Vede\u021bi toate articolele \u00een Investitii in Timisoara\" class=\"entry-crumb\" href=\"https:\/\/orasul-timisoara.ro\/local-category\/investitii-in-timisoara\/\">Investitii in Timisoara<\/a><\/span><span class=\"td-bred-no-url-last\">Primii kilometri de asfalt pe autostrada A1 Margina\u2013Holdea. Lucr\u0103rile au ajuns la&#8230;<\/span><\/div>\n<\/div>\n<div class=\"td-post-header-holder\">\n<div class=\"td-parallax-header\">\n<header class=\"td-post-title\">\n<ul class=\"td-category\">\n<li class=\"entry-category\"><a href=\"https:\/\/orasul-timisoara.ro\/local-category\/investitii-in-timisoara\/\">Investitii in Timisoara<\/a><\/li>\n<li class=\"entry-category\"><a href=\"https:\/\/orasul-timisoara.ro\/local-category\/stiri-timisoara\/\">\u0218tiri Locale<\/a><\/li>\n<li class=\"entry-category\"><a href=\"https:\/\/orasul-timisoara.ro\/local-category\/turism\/\">Turism<\/a><\/li>\n<\/ul>\n<h1 class=\"entry-title\">Primii kilometri de asfalt pe autostrada A1 Margina\u2013Holdea. Lucr\u0103rile au ajuns la 72% (video)<\/h1>\n<div class=\"td-module-meta-info\">\n<div class=\"td-post-author-name\">\n<div class=\"td-author-by\">De c\u0103tre<\/div>\n<p><a href=\"https:\/\/orasul-timisoara.ro\/author\/timisoara\/\">redactia<\/a><\/p>\n<div class=\"td-author-line\"> &#8211; <\/div>\n<\/div>\n<p><span class=\"td-post-date\"><time class=\"entry-date updated td-module-date\" datetime=\"2026-08-21T18:22:02+03:00\">21\/08\/2026<\/time><\/span><\/div>\n<\/header>\n<\/div>\n<\/div>\n<\/div>\n<div id=\"td-full-screen-header-image\" class=\"td-image-gradient-style7\"><img decoding=\"async\" class=\"td-backstretch\" src=\"https:\/\/orasul-timisoara.ro\/wp-content\/uploads\/2026\/08\/primul-asfalt-marginea-holdea.jpg\"><\/div>\n<\/div>\n<div class=\"td-container\">\n<div class=\"td-pb-row\">\n<div class=\"td-pb-span8 td-main-content\" role=\"main\">\n<div class=\"td-ss-main-content\">\n<div class=\"td-post-sharing-top\">\n<div class=\"td-post-sharing-classic\"><iframe title=\"topFacebookLike\" frameborder src=\"https:\/\/www.facebook.com\/plugins\/like.php?href=https:\/\/orasul-timisoara.ro\/local-40433\/&amp;layout=button_count&amp;show_faces=false&amp;width=105&amp;action=like&amp;colorscheme=light&amp;height=21\"><\/iframe><\/div>\n<div id=\"td_social_sharing_article_top\" class=\"td-post-sharing td-ps-bg td-ps-notext td-post-sharing-style1 \">\n<div class=\"td-post-sharing-visible\"><a class=\"td-social-sharing-button td-social-sharing-button-js td-social-network td-social-facebook\" href=\"https:\/\/www.facebook.com\/sharer.php?u=https%3A%2F%2Forasul-timisoara.ro%2Flocal-40433%2F\" title=\"Facebook\"><\/p>\n<div class=\"td-social-but-text\">Facebook<\/div>\n<p><\/a><a class=\"td-social-sharing-button td-social-sharing-button-js td-social-network td-social-twitter\" href=\"https:\/\/twitter.com\/intent\/tweet?text=Primii+kilometri+de+asfalt+pe+autostrada+A1+Margina%E2%80%93Holdea.+Lucr%C4%83rile+au+ajuns+la+72%25+%28video%29&amp;url=https%3A%2F%2Forasul-timisoara.ro%2Flocal-40433%2F&amp;via=orasultm\" title=\"Twitter\"><\/p>\n<div class=\"td-social-but-text\">Twitter<\/div>\n<p><\/a><a class=\"td-social-sharing-button td-social-sharing-button-js td-social-network td-social-whatsapp\" href=\"https:\/\/api.whatsapp.com\/send?text=Primii+kilometri+de+asfalt+pe+autostrada+A1+Margina%E2%80%93Holdea.+Lucr%C4%83rile+au+ajuns+la+72%25+%28video%29%20%0A%0A%20https:\/\/orasul-timisoara.ro\/local-40433\/\" title=\"WhatsApp\"><\/p>\n<div class=\"td-social-but-text\">WhatsApp<\/div>\n<p><\/a><a class=\"td-social-sharing-button td-social-sharing-button-js td-social-network td-social-linkedin\" href=\"https:\/\/www.linkedin.com\/shareArticle?mini=true&amp;url=https:\/\/orasul-timisoara.ro\/local-40433\/&amp;title=Primii+kilometri+de+asfalt+pe+autostrada+A1+Margina%E2%80%93Holdea.+Lucr%C4%83rile+au+ajuns+la+72%25+%28video%29\" title=\"Linkedin\"><\/p>\n<div class=\"td-social-but-text\">Linkedin<\/div>\n<p><\/a><a class=\"td-social-sharing-button td-social-sharing-button-js td-social-network td-social-reddit\" href=\"https:\/\/reddit.com\/submit?url=https:\/\/orasul-timisoara.ro\/local-40433\/&amp;title=Primii+kilometri+de+asfalt+pe+autostrada+A1+Margina%E2%80%93Holdea.+Lucr%C4%83rile+au+ajuns+la+72%25+%28video%29\" title=\"ReddIt\"><\/p>\n<div class=\"td-social-but-text\">ReddIt<\/div>\n<p><\/a><a class=\"td-social-sharing-button td-social-sharing-button-js td-social-network td-social-mail\" href=\"mailto:?subject=Primii%20kilometri%20de%20asfalt%20pe%20autostrada%20A1%20Margina%E2%80%93Holdea.%20Lucr%C4%83rile%20au%20ajuns%20la%2072%25%20(video)&amp;body=https:\/\/orasul-timisoara.ro\/local-40433\/\" title=\"Email\"><\/p>\n<div class=\"td-social-but-text\">Email<\/div>\n<p><\/a><a class=\"td-social-sharing-button td-social-sharing-button-js td-social-network td-social-print\" href=\"https:\/\/orasul-timisoara.ro\/local-40433\/\" title=\"Imprimare\"><\/p>\n<div class=\"td-social-but-text\">Imprimare<\/div>\n<p><\/a><\/div>\n<\/div>\n<\/div>\n<div class=\"td-post-content tagdiv-type\">\n<p class=\"wp-block-paragraph\">Lucr\u0103rile pe sec\u021biunea A1 Margina\u2013Holdea au intrat \u00eentr-o etap\u0103 important\u0103, dup\u0103 ce antreprenorul a \u00eenceput s\u0103 a\u0219tearn\u0103 asfalt pe primii kilometri ai autostr\u0103zii. Potrivit directorului general al CNAIR, Cristian Pistol, stadiul fizic al \u00eentregului \u0219antier a ajuns la 72%, iar \u00een paralel continu\u0103 lucr\u0103rile la poduri, viaducte \u0219i cele dou\u0103 tuneluri.<\/p>\n<h2 class=\"wp-block-heading\">Asfalt pe primii kilometri ai A1 Margina\u2013Holdea<\/h2>\n<p class=\"wp-block-paragraph\">Antreprenorul rom\u00e2n UMB Spedition a \u00eenceput a\u0219ternerea stratului de baz\u0103 pe aproximativ 4 kilometri ai sec\u021biunii Margina\u2013Holdea. P\u00e2n\u0103 \u00een prezent au fost utilizate aproximativ 3.000 de tone de asfalt.<\/p>\n<p class=\"wp-block-paragraph\">\u201eSe a\u0219terne asfalt pe primii kilometri ai Sec\u021biunii de autostrad\u0103 Margina \u2013 Holdea (#A1)! Lucr\u0103rile pe \u00eentregul \u0219antier au ajuns deja la un stadiu fizic de 72%\u201d, a anun\u021bat Cristian Pistol, directorul general al CNAIR.<\/p>\n<h2 class=\"wp-block-heading\">Fabrica de grinzi prefabricate este opera\u021bional\u0103<\/h2>\n<p class=\"wp-block-paragraph\">\u00cen paralel cu lucr\u0103rile de asfaltare, antreprenorul a montat pe \u0219antier fabrica de grinzi prefabricate. \u00cen aceast\u0103 unitate vor fi produse cele <strong>328 de grinzi<\/strong> necesare pentru cele cinci structuri prev\u0103zute pe traseu, respectiv trei pasaje \u0219i dou\u0103 viaducte.<\/p>\n<p class=\"wp-block-paragraph\">Primele 18 grinzi au fost deja livrate pe \u0219antier. Acestea au o lungime de 40 de metri \u0219i vor fi utilizate \u00een cadrul lucr\u0103rilor la structurile de pe traseul autostr\u0103zii.<\/p>\n<figure class=\"wp-block-embed is-type-video is-provider-youtube wp-block-embed-youtube wp-embed-aspect-16-9 wp-has-aspect-ratio\">\n<div class=\"wp-block-embed__wrapper\">\n<div class=\"youtube-embed\" data-video_id=\"qlOMTmhpUVw\"><iframe loading=\"lazy\" title=\"A1 Margina\u2013Holdea: primii kilometri de asfalt! \ud83d\udea7\" width=\"696\" height=\"392\" src=\"https:\/\/www.youtube.com\/embed\/qlOMTmhpUVw?feature=oembed&amp;enablejsapi=1\" frameborder allow=\"accelerometer; autoplay; clipboard-write; encrypted-media; gyroscope; picture-in-picture; web-share\" referrerpolicy=\"strict-origin-when-cross-origin\" allowfullscreen><\/iframe><\/div>\n<\/div>\n<\/figure>\n<h2 class=\"wp-block-heading\">Lucr\u0103rile la cele dou\u0103 tuneluri continu\u0103<\/h2>\n<p class=\"wp-block-paragraph\">Pe l\u00e2ng\u0103 lucr\u0103rile de terasamente \u0219i asfaltare, constructorul continu\u0103 interven\u021biile la cele dou\u0103 tuneluri ale sec\u021biunii Margina\u2013Holdea.<\/p>\n<p class=\"wp-block-paragraph\">La <strong>Tunelul 1<\/strong>, ambele galerii au fost deja str\u0103punse. Prima galerie are o lungime de 415 metri, iar cea de-a doua 367,5 metri. \u00cen prezent, lucr\u0103rile continu\u0103 la sistemul de drenaj.<\/p>\n<p class=\"wp-block-paragraph\">La <strong>Tunelul 2<\/strong>, format din dou\u0103 galerii cu lungimi de 1.985 de metri \u0219i 1.825 de metri, continu\u0103 lucr\u0103rile de excavare. La galeria din st\u00e2nga mai sunt de excavat 85 de metri, \u00een timp ce la galeria din dreapta au mai r\u0103mas doar 5 metri.<\/p>\n<h2 class=\"wp-block-heading\">Investi\u021bie de 1,82 miliarde de lei<\/h2>\n<p class=\"wp-block-paragraph\">Contractul pentru sec\u021biunea Margina\u2013Holdea are o valoare de <strong>1,82 miliarde de lei, f\u0103r\u0103 TVA<\/strong>, \u0219i este finan\u021bat prin Planul Na\u021bional de Redresare \u0219i Rezilien\u021b\u0103 (PNRR).<\/p>\n<p class=\"wp-block-paragraph\">Sec\u021biunea are o lungime de <strong>9,13 kilometri<\/strong> \u0219i reprezint\u0103 una dintre cele mai importante componente ale autostr\u0103zii A1 \u00een vederea asigur\u0103rii continuit\u0103\u021bii traficului de mare vitez\u0103 \u00eentre vestul \u0219i centrul \u021b\u0103rii.<\/p>\n<p class=\"wp-block-paragraph\">Dup\u0103 finalizarea lucr\u0103rilor \u0219i deschiderea circula\u021biei pe cei 9,13 kilometri dintre Margina \u0219i Holdea, va fi asigurat\u0103 leg\u0103tura complet\u0103 pe autostrad\u0103 \u00eentre Boi\u021ba, jude\u021bul Sibiu, \u0219i frontiera de vest a Rom\u00e2niei, la N\u0103dlac.<\/p>\n<p class=\"wp-block-paragraph\">Traseul continuu de autostrad\u0103 dintre Boi\u021ba \u0219i N\u0103dlac va avea astfel peste <strong>360 de kilometri<\/strong>, elimin\u00e2nd una dintre ultimele \u00eentreruperi majore de pe A1.<\/p>\n<\/div>\n<footer>\n<div class=\"td-post-source-tags\">\n<ul class=\"td-tags td-post-small-box clearfix\">\n<li><span>ETICHETE<\/span><\/li>\n<li><a href=\"https:\/\/orasul-timisoara.ro\/local-tag\/a1\/\">a1<\/a><\/li>\n<li><a href=\"https:\/\/orasul-timisoara.ro\/local-tag\/autostrada-2\/\">autostrad\u0103<\/a><\/li>\n<li><a href=\"https:\/\/orasul-timisoara.ro\/local-tag\/autostrada-a1\/\">autostrada a1<\/a><\/li>\n<li><a href=\"https:\/\/orasul-timisoara.ro\/local-tag\/cnair\/\">CNAIR<\/a><\/li>\n<li><a href=\"https:\/\/orasul-timisoara.ro\/local-tag\/holdea\/\">Holdea<\/a><\/li>\n<li><a href=\"https:\/\/orasul-timisoara.ro\/local-tag\/margina\/\">margina<\/a><\/li>\n<li><a href=\"https:\/\/orasul-timisoara.ro\/local-tag\/pnrr\/\">pnrr<\/a><\/li>\n<li><a href=\"https:\/\/orasul-timisoara.ro\/local-tag\/stiri-timis-2\/\">\u0219tiri Timi\u0219<\/a><\/li>\n<li><a href=\"https:\/\/orasul-timisoara.ro\/local-tag\/tuneluri\/\">tuneluri<\/a><\/li>\n<li><a href=\"https:\/\/orasul-timisoara.ro\/local-tag\/umm-spedition\/\">umm spedition<\/a><\/li>\n<\/ul>\n<\/div>\n<div class=\"td-post-sharing-bottom\">\n<div class=\"td-post-sharing-classic\"><iframe title=\"bottomFacebookLike\" frameborder src=\"https:\/\/www.facebook.com\/plugins\/like.php?href=https:\/\/orasul-timisoara.ro\/local-40433\/&amp;layout=button_count&amp;show_faces=false&amp;width=105&amp;action=like&amp;colorscheme=light&amp;height=21\"><\/iframe><\/div>\n<div id=\"td_social_sharing_article_bottom\" class=\"td-post-sharing td-ps-bg td-ps-notext td-post-sharing-style1 \">\n<div class=\"td-post-sharing-visible\"><a class=\"td-social-sharing-button td-social-sharing-button-js td-social-network td-social-facebook\" href=\"https:\/\/www.facebook.com\/sharer.php?u=https%3A%2F%2Forasul-timisoara.ro%2Flocal-40433%2F\" title=\"Facebook\"><\/p>\n<div class=\"td-social-but-text\">Facebook<\/div>\n<p><\/a><a class=\"td-social-sharing-button td-social-sharing-button-js td-social-network td-social-twitter\" href=\"https:\/\/twitter.com\/intent\/tweet?text=Primii+kilometri+de+asfalt+pe+autostrada+A1+Margina%E2%80%93Holdea.+Lucr%C4%83rile+au+ajuns+la+72%25+%28video%29&amp;url=https%3A%2F%2Forasul-timisoara.ro%2Flocal-40433%2F&amp;via=orasultm\" title=\"Twitter\"><\/p>\n<div class=\"td-social-but-text\">Twitter<\/div>\n<p><\/a><a class=\"td-social-sharing-button td-social-sharing-button-js td-social-network td-social-whatsapp\" href=\"https:\/\/api.whatsapp.com\/send?text=Primii+kilometri+de+asfalt+pe+autostrada+A1+Margina%E2%80%93Holdea.+Lucr%C4%83rile+au+ajuns+la+72%25+%28video%29%20%0A%0A%20https:\/\/orasul-timisoara.ro\/local-40433\/\" title=\"WhatsApp\"><\/p>\n<div class=\"td-social-but-text\">WhatsApp<\/div>\n<p><\/a><a class=\"td-social-sharing-button td-social-sharing-button-js td-social-network td-social-linkedin\" href=\"https:\/\/www.linkedin.com\/shareArticle?mini=true&amp;url=https:\/\/orasul-timisoara.ro\/local-40433\/&amp;title=Primii+kilometri+de+asfalt+pe+autostrada+A1+Margina%E2%80%93Holdea.+Lucr%C4%83rile+au+ajuns+la+72%25+%28video%29\" title=\"Linkedin\"><\/p>\n<div class=\"td-social-but-text\">Linkedin<\/div>\n<p><\/a><a class=\"td-social-sharing-button td-social-sharing-button-js td-social-network td-social-reddit\" href=\"https:\/\/reddit.com\/submit?url=https:\/\/orasul-timisoara.ro\/local-40433\/&amp;title=Primii+kilometri+de+asfalt+pe+autostrada+A1+Margina%E2%80%93Holdea.+Lucr%C4%83rile+au+ajuns+la+72%25+%28video%29\" title=\"ReddIt\"><\/p>\n<div class=\"td-social-but-text\">ReddIt<\/div>\n<p><\/a><a class=\"td-social-sharing-button td-social-sharing-button-js td-social-network td-social-mail\" href=\"mailto:?subject=Primii%20kilometri%20de%20asfalt%20pe%20autostrada%20A1%20Margina%E2%80%93Holdea.%20Lucr%C4%83rile%20au%20ajuns%20la%2072%25%20(video)&amp;body=https:\/\/orasul-timisoara.ro\/local-40433\/\" title=\"Email\"><\/p>\n<div class=\"td-social-but-text\">Email<\/div>\n<p><\/a><a class=\"td-social-sharing-button td-social-sharing-button-js td-social-network td-social-print\" href=\"https:\/\/orasul-timisoara.ro\/local-40433\/\" title=\"Imprimare\"><\/p>\n<div class=\"td-social-but-text\">Imprimare<\/div>\n<p><\/a><\/div>\n<\/div>\n<\/div>\n<div class=\"td-block-row td-post-next-prev\">\n<div class=\"td-block-span6 td-post-prev-post\">\n<div class=\"td-post-next-prev-content\"><span>Articolul precedent<\/span><a href=\"https:\/\/orasul-timisoara.ro\/local-40431\/\">Aeroportul Timi\u0219oara preia temporar cursele spre Antalya de la Arad, pe fondul caniculei<\/a><\/div>\n<\/div>\n<div class=\"td-block-span6 td-post-next-post\">\n<div class=\"td-post-next-prev-content\"><span>Articolul urm\u0103tor<\/span><a href=\"https:\/\/orasul-timisoara.ro\/local-40438\/\">Politehnica Timi\u0219oara \u00eencepe Cupa Rom\u00e2niei cu Rapid! Grup\u0103 cu UTA, Corvinul \u0219i Boto\u0219ani<\/a><\/div>\n<\/div>\n<\/div>\n<div class=\"td-author-name vcard author\"><span class=\"fn\"><a href=\"https:\/\/orasul-timisoara.ro\/author\/timisoara\/\">redactia<\/a><\/span><\/div>\n<p><span class=\"td-page-meta\"><\/span><span class=\"td-page-meta\"><span class=\"td-page-meta\"><\/span><\/span><span class=\"td-page-meta\"><\/span><\/footer>\n<div class=\"td_block_wrap td_block_related_posts tdi_3 td_with_ajax_pagination td-pb-border-top td_block_template_8\" data-td-block-uid=\"tdi_3\">\n<h4 class=\"td-related-title td-block-title\"><a id=\"tdi_4\" class=\"td-related-left td-cur-simple-item\" data-td_filter_value data-td_block_id=\"tdi_3\" href=\"https:\/\/orasul-timisoara.ro\/local-40433\/\">ARTICOLE SIMILARE<\/a><a id=\"tdi_5\" class=\"td-related-right\" data-td_filter_value=\"td_related_more_from_author\" data-td_block_id=\"tdi_3\" href=\"https:\/\/orasul-timisoara.ro\/local-40433\/\">DE LA ACELA\u0218I AUTOR<\/a><\/h4>\n<div id=\"tdi_3\" class=\"td_block_inner\">\n<div class=\"td-related-row\">\n<div class=\"td-related-span4\">\n<div class=\"td_module_related_posts td-animation-stack td_mod_related_posts\">\n<div class=\"td-module-image\">\n<div class=\"td-module-thumb\"><a href=\"https:\/\/orasul-timisoara.ro\/local-40290\/\" rel=\"bookmark\" class=\"td-image-wrap \" title=\"Sens giratoriu nou la drumul de intrare \u00een Deva dinspre Mintia\/A1. Investi\u021bie de peste 40 de milioane de lei\"><img loading=\"lazy\" decoding=\"async\" class=\"entry-thumb\" src=\"https:\/\/orasul-timisoara.ro\/wp-content\/uploads\/2026\/08\/778985958_4616061858640985_8255177491180235566_n-436x300.jpg\" alt title=\"Sens giratoriu nou la drumul de intrare \u00een Deva dinspre Mintia\/A1. Investi\u021bie de peste 40 de milioane de lei\" width=\"218\" height=\"150\"><\/a><\/div>\n<\/div>\n<div class=\"item-details\">\n<h3 class=\"entry-title td-module-title\"><a href=\"https:\/\/orasul-timisoara.ro\/local-40290\/\" rel=\"bookmark\" title=\"Sens giratoriu nou la drumul de intrare \u00een Deva dinspre Mintia\/A1. Investi\u021bie de peste 40 de milioane de lei\">Sens giratoriu nou la drumul de intrare \u00een Deva dinspre Mintia\/A1. Investi\u021bie de peste 40 de milioane de lei<\/a><\/h3>\n<\/div>\n<\/div>\n<\/div>\n<div class=\"td-related-span4\">\n<div class=\"td_module_related_posts td-animation-stack td_mod_related_posts\">\n<div class=\"td-module-image\">\n<div class=\"td-module-thumb\"><a href=\"https:\/\/orasul-timisoara.ro\/local-40176\/\" rel=\"bookmark\" class=\"td-image-wrap \" title=\"\u0218antierul Centurii Timi\u0219oara Vest a ajuns la 13%. Lucr\u0103rile avanseaz\u0103 pe mai multe fronturi (foto)\"><img loading=\"lazy\" decoding=\"async\" class=\"entry-thumb\" src=\"https:\/\/orasul-timisoara.ro\/wp-content\/uploads\/2026\/08\/Centura-vest-augusst-2026-10-1-436x300.jpg\" alt title=\"\u0218antierul Centurii Timi\u0219oara Vest a ajuns la 13%. Lucr\u0103rile avanseaz\u0103 pe mai multe fronturi (foto)\" width=\"218\" height=\"150\"><\/a><\/div>\n<\/div>\n<div class=\"item-details\">\n<h3 class=\"entry-title td-module-title\"><a href=\"https:\/\/orasul-timisoara.ro\/local-40176\/\" rel=\"bookmark\" title=\"\u0218antierul Centurii Timi\u0219oara Vest a ajuns la 13%. Lucr\u0103rile avanseaz\u0103 pe mai multe fronturi (foto)\">\u0218antierul Centurii Timi\u0219oara Vest a ajuns la 13%. Lucr\u0103rile avanseaz\u0103 pe mai multe fronturi (foto)<\/a><\/h3>\n<\/div>\n<\/div>\n<\/div>\n<div class=\"td-related-span4\">\n<div class=\"td_module_related_posts td-animation-stack td_mod_related_posts\">\n<div class=\"td-module-image\">\n<div class=\"td-module-thumb\"><a href=\"https:\/\/orasul-timisoara.ro\/local-40141\/\" rel=\"bookmark\" class=\"td-image-wrap \" title=\"Rom\u00e2nia implementeaz\u0103 STRR \u0219i TollRo din 31 august 2026. C\u00e2nd \u00eencepe plata tarifelor\"><img loading=\"lazy\" decoding=\"async\" class=\"entry-thumb\" src=\"https:\/\/orasul-timisoara.ro\/wp-content\/uploads\/2026\/08\/autostrada-TollRo-436x300.jpg\" alt title=\"Rom\u00e2nia implementeaz\u0103 STRR \u0219i TollRo din 31 august 2026. C\u00e2nd \u00eencepe plata tarifelor\" width=\"218\" height=\"150\"><\/a><\/div>\n<\/div>\n<div class=\"item-details\">\n<h3 class=\"entry-title td-module-title\"><a href=\"https:\/\/orasul-timisoara.ro\/local-40141\/\" rel=\"bookmark\" title=\"Rom\u00e2nia implementeaz\u0103 STRR \u0219i TollRo din 31 august 2026. C\u00e2nd \u00eencepe plata tarifelor\">Rom\u00e2nia implementeaz\u0103 STRR \u0219i TollRo din 31 august 2026. C\u00e2nd \u00eencepe plata tarifelor<\/a><\/h3>\n<\/div>\n<\/div>\n<\/div>\n<\/div>\n<\/div>\n<\/div>\n<div class=\"comments\" id=\"comments\">\n<div id=\"respond\" class=\"comment-respond\">\n<h3 id=\"reply-title\" class=\"comment-reply-title\">L\u0102SA\u021aI UN MESAJ<\/h3>\n<div class=\"comment-form-input-wrap td-form-comment\">\n<div class=\"td-warning-comment\">V\u0103 rug\u0103m s\u0103 introduce\u021bi comentariul dvs.!<\/div>\n<\/div>\n<div class=\"comment-form-input-wrap td-form-author\">\n<div class=\"td-warning-author\">Introduce\u021bi aici numele dvs.<\/div>\n<\/div>\n<div class=\"comment-form-input-wrap td-form-email\">\n<div class=\"td-warning-email-error\">A\u021bi introdus o adres\u0103 de e-mail incorect\u0103!<\/div>\n<div class=\"td-warning-email\">V\u0103 rug\u0103m s\u0103 introduce\u021bi adresa dvs. de e-mail aici<\/div>\n<\/div>\n<\/div>\n<p class=\"akismet_comment_form_privacy_notice\">Acest site folose\u0219te Akismet pentru a reduce spamul. <a href=\"https:\/\/akismet.com\/privacy\/\" target=\"_blank\" rel=\"nofollow noopener\">Afl\u0103 cum sunt procesate datele comentariilor tale<\/a>.<\/p>\n<\/div>\n<\/div>\n<\/div>\n<div class=\"td-pb-span4 td-main-sidebar\" role=\"complementary\">\n<div class=\"td-ss-main-sidebar\">\n<aside id=\"block-4\" class=\"td_block_template_8 widget block-4 widget_block widget_media_image\">\n<figure class=\"wp-block-image size-full\"><img loading=\"lazy\" decoding=\"async\" width=\"336\" height=\"280\" src=\"https:\/\/orasul-timisoara.ro\/wp-content\/uploads\/2024\/11\/ReTIM-Abonamentul-Verde-Google-Ads-336x280px.gif\" alt class=\"wp-image-29257\"><\/figure>\n<\/aside>\n<div class=\"td_block_wrap td_block_social_counter td_block_widget tdi_6 td-social-style5 td-social-boxed td-pb-border-top td_block_template_8\">\n<div class=\"td-block-title-wrap\">\n<h4 class=\"td-block-title\"><span>Urm\u0103re\u0219te-ne pe Social Media<\/span><\/h4>\n<\/div>\n<div class=\"td-social-list\">\n<div class=\"td_social_type td-pb-margin-side td_social_facebook\">\n<div class=\"td-social-box\"><span class=\"td_social_info td_social_info_counter\">344,595<\/span><span class=\"td_social_info td_social_info_name\">Fani<\/span><span class=\"td_social_button\"><a href=\"https:\/\/www.facebook.com\/247timisoara\" target=\"_blank\" rel=\"nofollow\">\u00cemi place<\/a><\/span><\/div>\n<\/div>\n<div class=\"td_social_type td-pb-margin-side td_social_instagram\">\n<div class=\"td-social-box\"><span class=\"td_social_info td_social_info_counter\">4,416<\/span><span class=\"td_social_info td_social_info_name\">Cititori<\/span><span class=\"td_social_button\"><a href=\"https:\/\/instagram.com\/orasultimisoararo\/\" target=\"_blank\" rel=\"nofollow\">Conecta\u021bi-v\u0103<\/a><\/span><\/div>\n<\/div>\n<div class=\"td_social_type td-pb-margin-side td_social_rss\">\n<div class=\"td-social-box\"><span class=\"td_social_info td_social_info_counter\">12,506<\/span><span class=\"td_social_info td_social_info_name\">Cititori<\/span><span class=\"td_social_button\"><a href=\"https:\/\/orasul-timisoara.ro\/feed\/\" target=\"_blank\" rel=\"nofollow\">Conecta\u021bi-v\u0103<\/a><\/span><\/div>\n<\/div>\n<div class=\"td_social_type td-pb-margin-side td_social_tiktok\">\n<div class=\"td-social-box\"><span class=\"td_social_info td_social_info_counter\">1,500<\/span><span class=\"td_social_info td_social_info_name\">Cititori<\/span><span class=\"td_social_button\"><a href=\"https:\/\/www.tiktok.com\/@orasultimisoara\" target=\"_blank\" rel=\"nofollow\">Conecta\u021bi-v\u0103<\/a><\/span><\/div>\n<\/div>\n<div class=\"td_social_type td-pb-margin-side td_social_twitter\">\n<div class=\"td-social-box\"><span class=\"td_social_info td_social_info_counter\">1,595<\/span><span class=\"td_social_info td_social_info_name\">Cititori<\/span><span class=\"td_social_button\"><a href=\"https:\/\/twitter.com\/orasultm\" target=\"_blank\" rel=\"nofollow\">Conecta\u021bi-v\u0103<\/a><\/span><\/div>\n<\/div>\n<div class=\"td_social_type td-pb-margin-side td_social_youtube\">\n<div class=\"td-social-box\"><span class=\"td_social_info td_social_info_counter\">3,506<\/span><span class=\"td_social_info td_social_info_name\">Abona\u021bi<\/span><span class=\"td_social_button\"><a href=\"https:\/\/www.youtube.com\/channel\/UCQNsQvs2XCSIm1Z-AHRturw?sub_confirmation=1\" target=\"_blank\" rel=\"nofollow\">Abona\u021bi-v\u0103<\/a><\/span><\/div>\n<\/div>\n<\/div>\n<\/div>\n<aside id=\"text-7\" class=\"td_block_template_8 widget text-7 widget_text\">\n<h4 class=\"td-block-title\"><span>C\u0103ut\u0103ri populare pe OTM<\/span><\/h4>\n<div class=\"textwidget\"><a href=\"https:\/\/orasul-timisoara.ro\/?s=timisoara\"><span>Timisoara<\/span><\/a><a href=\"https:\/\/orasul-timisoara.ro\/?s=calin+dobra\"><span>Calin Dobra<\/span><\/a><a href=\"https:\/\/orasul-timisoara.ro\/?s=primaria+timisoara\"><span>Primaria Timisoara<\/span><\/a><a href=\"https:\/\/orasul-timisoara.ro\/?s=dominic+fritz\"><span>Dominic Fritz<\/span><\/a><a href=\"https:\/\/orasul-timisoara.ro\/?s=nicolae+robu\"><span>Nicolae Robu<\/span><\/a><a href=\"https:\/\/orasul-timisoara.ro\/?s=consiliul+local+timisoara\">Consiliul Local Timisoara<\/a><a href=\"https:\/\/orasul-timisoara.ro\/?s=consiliul+judetean+timis\"><span>Consiliul Judetean Timis<\/span><\/a><a href=\"https:\/\/orasul-timisoara.ro\/?s=cjt\"><span>CJT<\/span><\/a><a href=\"https:\/\/orasul-timisoara.ro\/?s=Alfred+Simonis\"><span>Alfred Simonis<\/span><\/a><a href=\"https:\/\/orasul-timisoara.ro\/?s=PNL\"><span>PNL<\/span><\/a><a href=\"https:\/\/orasul-timisoara.ro\/?s=coronavirus\"><span>coronavirus<\/span><\/a><a href=\"https:\/\/orasul-timisoara.ro\/?s=teatru+timisoara\">teatru Timisoara<\/a><a href=\"https:\/\/orasul-timisoara.ro\/?s=restaurante\"><span>restaurante Timisoara<\/span><\/a><a href=\"https:\/\/orasul-timisoara.ro\/?s=diskoteka\"><span>Diskoteka<\/span><\/a><a href=\"https:\/\/orasul-timisoara.ro\/?s=iulius+town\"><span>Iulius Town<\/span><\/a><a href=\"https:\/\/orasul-timisoara.ro\/?s=iulius+mall\"><span>Iulius Mall<\/span><\/a><a href=\"https:\/\/orasul-timisoara.ro\/?s=stpt\"><span>STPT<\/span><\/a><a href=\"https:\/\/orasul-timisoara.ro\/?s=alin+nica\"><span>Alin Nica<\/span><\/a><a href=\"https:\/\/orasul-timisoara.ro\/?s=psd\"><span>PSD<\/span><\/a><a href=\"https:\/\/orasul-timisoara.ro\/?s=aeroport\"><span>Aeroportul International Timisoara<\/span><\/a><a href=\"https:\/\/orasul-timisoara.ro\/?s=babes\"><span>Spitalul Victor Babes Timisoara<\/span><\/a><a href=\"https:\/\/orasul-timisoara.ro\/?s=poli\"><span>Poli Timi\u0219oara<\/span><\/a><a href=\"https:\/\/orasul-timisoara.ro\/?s=carantina\"><span>carantina<\/span><\/a><a href=\"https:\/\/orasul-timisoara.ro\/?s=aquatim\"><span>Aquatim<\/span><\/a><a href=\"https:\/\/orasul-timisoara.ro\/local-category\/stiri-timisoara\/\"><span>Stiri Timisoara<\/span><\/a><a href=\"https:\/\/orasul-timisoara.ro\/local-category\/investitii-in-timisoara\/\"><span>Investi\u021bii in Timi\u0219oara<\/span><\/a><a href=\"https:\/\/orasul-timisoara.ro\/local-9463\/\"><span>shaorma<\/span><\/a><a href=\"https:\/\/orasul-timisoara.ro\/?s=trafic\"><span>trafic rutier<\/span><\/a><a href=\"https:\/\/orasul-timisoara.ro\/?s=politia\"><span>politia locala timisoara<\/span><\/a><a href=\"https:\/\/orasul-timisoara.ro\/?s=roxana\"><span>Roxana Iliescu<\/span><\/a><a href=\"https:\/\/orasul-timisoara.ro\/?s=colterm\"><span>Colterm<\/span><\/a><a href=\"https:\/\/orasul-timisoara.ro\/?s=latcau\"><span>Ruben La\u021bc\u0103u<\/span><\/a><a href=\"https:\/\/orasul-timisoara.ro\/?s=timis\"><span>\u0218tiri din Timi\u0219<\/span><\/a><a href=\"https:\/\/orasul-timisoara.ro\/?s=spital\"><span>Spitale din Timi\u0219oara<\/span><\/a><a href=\"https:\/\/orasul-timisoara.ro\/?s=tabara\"><span>Cosmin Tab\u0103r\u0103<\/span><\/a><\/div>\n<\/aside>\n<aside id=\"rss-2\" class=\"td_block_template_8 widget rss-2 widget_rss\">\n<h4 class=\"td-block-title\"><span><a class=\"rsswidget rss-widget-feed\" href=\"https:\/\/fashionfridays.ro\/feed\"><img decoding=\"async\" class=\"rss-widget-icon\" width=\"14\" height=\"14\" src=\"https:\/\/orasul-timisoara.ro\/wp-includes\/images\/rss.png\" alt=\"Flux RSS: Fashion Fridays\" loading=\"lazy\"><\/a><a class=\"rsswidget rss-widget-title\" href=\"https:\/\/fashionfridays.ro\/\">Fashion Fridays<\/a><\/span><\/h4>\n<ul>\n<li><a class=\"rsswidget\" href=\"https:\/\/fashionfridays.ro\/romania-devine-a-29-a-piata-vogue-o-noua-era-pentru-industria-locala-de-moda\/\">Rom\u00e2nia devine a 29-a pia\u021b\u0103 Vogue: o nou\u0103 er\u0103 pentru industria local\u0103 de mod\u0103<\/a>\n<div class=\"rssSummary\">Revista Vogue \u00ee\u0219i extinde prezen\u021ba global\u0103 \u0219i va fi lansat\u0103 oficial \u00een Rom\u00e2nia \u00een prim\u0103vara anului 2027, marc\u00e2nd intrarea pe cea de-a 29-a pia\u021b\u0103 interna\u021bional\u0103. Proiectul este realizat \u00een parteneriat cu AEMME Publishing, o companie media recent \u00eenfiin\u021bat\u0103, care va publica edi\u021bia local\u0103 sub licen\u021b\u0103. Noua edi\u021bie, Vogue Rom\u00e2nia, \u00ee\u0219i propune s\u0103 combine autoritatea global\u0103 [\u2026]<\/div>\n<\/li>\n<\/ul>\n<\/aside>\n<aside id=\"rss-4\" class=\"td_block_template_8 widget rss-4 widget_rss\">\n<h4 class=\"td-block-title\"><span><a class=\"rsswidget rss-widget-feed\" href=\"https:\/\/emasini.ro\/feed\"><img decoding=\"async\" class=\"rss-widget-icon\" width=\"14\" height=\"14\" src=\"https:\/\/orasul-timisoara.ro\/wp-includes\/images\/rss.png\" alt=\"Flux RSS: eMasini\" loading=\"lazy\"><\/a><a class=\"rsswidget rss-widget-title\" href=\"https:\/\/emasini.ro\/\">eMasini<\/a><\/span><\/h4>\n<ul>\n<li><a class=\"rsswidget\" href=\"https:\/\/emasini.ro\/adio-bordurilor-pline-de-ecrane-mercedes-benz-readuce-butoanele-in-noile-masini-produse\/\">Adio bordurilor pline de ecrane? Mercedes-Benz readuce butoanele \u00een noile ma\u0219ini produse<\/a>\n<div class=\"rssSummary\">Mercedes-Benz \u00ee\u0219i schimb\u0103 direc\u021bia \u00een ceea ce prive\u0219te designul interioarelor \u0219i va readuce comenzile fizice pentru anumite func\u021bii importante. Constructorul german nu renun\u021b\u0103 la ecranele mari \u0219i la tehnologiile digitale, dar recunoa\u0219te c\u0103 a mers prea departe prin eliminarea unor butoane \u0219i comenzi tactile. Ola K\u00e4llenius, pre\u0219edintele Consiliului de Administra\u021bie al Mercedes-Benz Group \u0219i CEO [\u2026]<\/div>\n<\/li>\n<\/ul>\n<\/aside>\n<\/div>\n<\/div>\n<\/div>\n<\/div>\n<\/article>\n<div class=\"td-post-content tagdiv-type\">\n<p class=\"wp-block-paragraph\">Lucr\u0103rile pe sec\u021biunea A1 Margina\u2013Holdea au intrat \u00eentr-o etap\u0103 important\u0103, dup\u0103 ce antreprenorul a \u00eenceput s\u0103 a\u0219tearn\u0103 asfalt pe primii kilometri ai autostr\u0103zii. Potrivit directorului general al CNAIR, Cristian Pistol, stadiul fizic al \u00eentregului \u0219antier a ajuns la 72%, iar \u00een paralel continu\u0103 lucr\u0103rile la poduri, viaducte \u0219i cele dou\u0103 tuneluri.<\/p>\n<h2 class=\"wp-block-heading\">Asfalt pe primii kilometri ai A1 Margina\u2013Holdea<\/h2>\n<p class=\"wp-block-paragraph\">Antreprenorul rom\u00e2n UMB Spedition a \u00eenceput a\u0219ternerea stratului de baz\u0103 pe aproximativ 4 kilometri ai sec\u021biunii Margina\u2013Holdea. P\u00e2n\u0103 \u00een prezent au fost utilizate aproximativ 3.000 de tone de asfalt.<\/p>\n<p class=\"wp-block-paragraph\">\u201eSe a\u0219terne asfalt pe primii kilometri ai Sec\u021biunii de autostrad\u0103 Margina \u2013 Holdea (#A1)! Lucr\u0103rile pe \u00eentregul \u0219antier au ajuns deja la un stadiu fizic de 72%\u201d, a anun\u021bat Cristian Pistol, directorul general al CNAIR.<\/p>\n<h2 class=\"wp-block-heading\">Fabrica de grinzi prefabricate este opera\u021bional\u0103<\/h2>\n<p class=\"wp-block-paragraph\">\u00cen paralel cu lucr\u0103rile de asfaltare, antreprenorul a montat pe \u0219antier fabrica de grinzi prefabricate. \u00cen aceast\u0103 unitate vor fi produse cele <strong>328 de grinzi<\/strong> necesare pentru cele cinci structuri prev\u0103zute pe traseu, respectiv trei pasaje \u0219i dou\u0103 viaducte.<\/p>\n<p class=\"wp-block-paragraph\">Primele 18 grinzi au fost deja livrate pe \u0219antier. Acestea au o lungime de 40 de metri \u0219i vor fi utilizate \u00een cadrul lucr\u0103rilor la structurile de pe traseul autostr\u0103zii.<\/p>\n<figure class=\"wp-block-embed is-type-video is-provider-youtube wp-block-embed-youtube wp-embed-aspect-16-9 wp-has-aspect-ratio\">\n<div class=\"wp-block-embed__wrapper\">\n<div class=\"youtube-embed\" data-video_id=\"qlOMTmhpUVw\"><iframe loading=\"lazy\" title=\"A1 Margina\u2013Holdea: primii kilometri de asfalt! \ud83d\udea7\" width=\"696\" height=\"392\" src=\"https:\/\/www.youtube.com\/embed\/qlOMTmhpUVw?feature=oembed&amp;enablejsapi=1\" frameborder allow=\"accelerometer; autoplay; clipboard-write; encrypted-media; gyroscope; picture-in-picture; web-share\" referrerpolicy=\"strict-origin-when-cross-origin\" allowfullscreen><\/iframe><\/div>\n<\/div>\n<\/figure>\n<h2 class=\"wp-block-heading\">Lucr\u0103rile la cele dou\u0103 tuneluri continu\u0103<\/h2>\n<p class=\"wp-block-paragraph\">Pe l\u00e2ng\u0103 lucr\u0103rile de terasamente \u0219i asfaltare, constructorul continu\u0103 interven\u021biile la cele dou\u0103 tuneluri ale sec\u021biunii Margina\u2013Holdea.<\/p>\n<p class=\"wp-block-paragraph\">La <strong>Tunelul 1<\/strong>, ambele galerii au fost deja str\u0103punse. Prima galerie are o lungime de 415 metri, iar cea de-a doua 367,5 metri. \u00cen prezent, lucr\u0103rile continu\u0103 la sistemul de drenaj.<\/p>\n<p class=\"wp-block-paragraph\">La <strong>Tunelul 2<\/strong>, format din dou\u0103 galerii cu lungimi de 1.985 de metri \u0219i 1.825 de metri, continu\u0103 lucr\u0103rile de excavare. La galeria din st\u00e2nga mai sunt de excavat 85 de metri, \u00een timp ce la galeria din dreapta au mai r\u0103mas doar 5 metri.<\/p>\n<h2 class=\"wp-block-heading\">Investi\u021bie de 1,82 miliarde de lei<\/h2>\n<p class=\"wp-block-paragraph\">Contractul pentru sec\u021biunea Margina\u2013Holdea are o valoare de <strong>1,82 miliarde de lei, f\u0103r\u0103 TVA<\/strong>, \u0219i este finan\u021bat prin Planul Na\u021bional de Redresare \u0219i Rezilien\u021b\u0103 (PNRR).<\/p>\n<p class=\"wp-block-paragraph\">Sec\u021biunea are o lungime de <strong>9,13 kilometri<\/strong> \u0219i reprezint\u0103 una dintre cele mai importante componente ale autostr\u0103zii A1 \u00een vederea asigur\u0103rii continuit\u0103\u021bii traficului de mare vitez\u0103 \u00eentre vestul \u0219i centrul \u021b\u0103rii.<\/p>\n<p class=\"wp-block-paragraph\">Dup\u0103 finalizarea lucr\u0103rilor \u0219i deschiderea circula\u021biei pe cei 9,13 kilometri dintre Margina \u0219i Holdea, va fi asigurat\u0103 leg\u0103tura complet\u0103 pe autostrad\u0103 \u00eentre Boi\u021ba, jude\u021bul Sibiu, \u0219i frontiera de vest a Rom\u00e2niei, la N\u0103dlac.<\/p>\n<p class=\"wp-block-paragraph\">Traseul continuu de autostrad\u0103 dintre Boi\u021ba \u0219i N\u0103dlac va avea astfel peste <strong>360 de kilometri<\/strong>, elimin\u00e2nd una dintre ultimele \u00eentreruperi majore de pe A1.<\/p>\n<\/div>\n<p>[analyse_source url=&#8221;https:\/\/orasul-timisoara.ro\/local-40433\/&#8221;]<\/p>\n","protected":false},"excerpt":{"rendered":"<p>[analyse_image type=&#8221;featured&#8221; src=&#8221;https:\/\/orasul-timisoara.ro\/wp-content\/uploads\/2026\/08\/primul-asfalt-marginea-holdea.jpg&#8221;] Investitii in TimisoaraPrimii kilometri de asfalt pe autostrada A1 Margina\u2013Holdea. Lucr\u0103rile au ajuns la&#8230; Investitii in Timisoara \u0218tiri Locale Turism Primii kilometri de asfalt pe autostrada A1 Margina\u2013Holdea. Lucr\u0103rile au ajuns la 72% (video) De c\u0103tre redactia &#8211; 21\/08\/2026 Facebook Twitter WhatsApp Linkedin ReddIt Email Imprimare Lucr\u0103rile pe sec\u021biunea A1 Margina\u2013Holdea au [&hellip;]<\/p>\n","protected":false},"author":1,"featured_media":0,"comment_status":"open","ping_status":"","sticky":false,"template":"","format":"standard","meta":{"footnotes":""},"categories":[89],"tags":[226,189],"class_list":["post-2106253","post","type-post","status-publish","format-standard","hentry","category-romania","tag-crawlmanager","tag-orasul-timisoara-ro"],"_links":{"self":[{"href":"https:\/\/analyse.optim.biz\/index.php?rest_route=\/wp\/v2\/posts\/2106253","targetHints":{"allow":["GET"]}}],"collection":[{"href":"https:\/\/analyse.optim.biz\/index.php?rest_route=\/wp\/v2\/posts"}],"about":[{"href":"https:\/\/analyse.optim.biz\/index.php?rest_route=\/wp\/v2\/types\/post"}],"author":[{"embeddable":true,"href":"https:\/\/analyse.optim.biz\/index.php?rest_route=\/wp\/v2\/users\/1"}],"replies":[{"embeddable":true,"href":"https:\/\/analyse.optim.biz\/index.php?rest_route=%2Fwp%2Fv2%2Fcomments&post=2106253"}],"version-history":[{"count":0,"href":"https:\/\/analyse.optim.biz\/index.php?rest_route=\/wp\/v2\/posts\/2106253\/revisions"}],"wp:attachment":[{"href":"https:\/\/analyse.optim.biz\/index.php?rest_route=%2Fwp%2Fv2%2Fmedia&parent=2106253"}],"wp:term":[{"taxonomy":"category","embeddable":true,"href":"https:\/\/analyse.optim.biz\/index.php?rest_route=%2Fwp%2Fv2%2Fcategories&post=2106253"},{"taxonomy":"post_tag","embeddable":true,"href":"https:\/\/analyse.optim.biz\/index.php?rest_route=%2Fwp%2Fv2%2Ftags&post=2106253"}],"curies":[{"name":"wp","href":"https:\/\/api.w.org\/{rel}","templated":true}]}}