{"id":2106218,"date":"2026-08-22T09:17:34","date_gmt":"2026-08-22T06:17:34","guid":{"rendered":"https:\/\/analyse.optim.biz\/?p=2106218"},"modified":"2026-08-22T09:17:34","modified_gmt":"2026-08-22T06:17:34","slug":"e-fals-a-zis-pas-procuratura-confirma-fratele-baronului-ionas-are-dosar-penal-cat-de-credibil-mai-e-cuvantul-partidului-zanei-maia-sandu","status":"publish","type":"post","link":"https:\/\/analyse.optim.biz\/?p=2106218","title":{"rendered":"\u201eE fals!\u201d a zis PAS. Procuratura confirm\u0103: Fratele baronului Ionas are dosar penal. C\u00e2t de credibil mai e cuv\u00e2ntul partidului z\u00e2nei Maia Sandu?"},"content":{"rendered":"<p>[analyse_image type=&#8221;featured&#8221; src=&#8221;https:\/\/solidnews.ro\/wp-content\/uploads\/2026\/08\/WhatsApp-Image-2026-08-22-at-12.13.13.jpeg&#8221;]<\/p>\n<div class=\"td_block_wrap tdb_single_content tdi_120 td-pb-border-top td_block_template_1 td-post-content tagdiv-type\" data-td-block-uid=\"tdi_120\">\n<div class=\"tdb-block-inner td-fix-index\">\n<p><em><strong>Autor: Aurel Badea<\/strong><\/em><\/p>\n<p>\nDup\u0103 ce <a href=\"https:\/\/solidnews.ro\/zero-raspunsuri-toate-probele-cum-familia-deputatului-pas-ionas-a-capturat-primaria-costesti-cu-complicitatea-tacerii-maia-sandu-investigatie-solid-news\/\">Solid News<\/a> a documentat cum familia deputatului PAS Ilie Ionas a transformat Prim\u0103ria Coste\u0219ti \u00een SRL de familie, Procuratura General\u0103 confirm\u0103 c\u0103 fratele s\u0103u, Gheorghe Ionas, este vizat de un dosar penal pentru agresiuni. Aceea\u0219i re\u021bet\u0103 de negare o folose\u0219te PAS \u0219i pentru afacerile de 19 milioane de lei?<br \/>\n21 august 2026. Procuratura General\u0103 a confirmat, la solicitarea presei, c\u0103 Gheorghe Ionas, fratele deputatului PAS Ilie Ionas, este vizat de un dosar penal pentru \u201epresupuse b\u0103t\u0103i \u0219i amenin\u021b\u0103ri\u201d la adresa unei femei.<br \/>\nConfirmarea vine la o lun\u0103 dup\u0103 ce scandalul a izbucnit \u00een spa\u021biul public, iar Partidul Ac\u021biune \u0219i Solidaritate a reac\u021bionat exact cum reac\u021bioneaz\u0103 \u0219i c\u00e2nd e vorba de banii publici: a negat, a minimalizat, a acuzat presa de campanie de discreditare.<br \/>\nServiciul de pres\u0103 al PAS a calificat informa\u021biile drept \u201efals\u201d. Deputatul PAS Vasile Gr\u0103dinaru a declarat c\u0103 e vorba de o \u201eminciun\u0103\u201d \u0219i o campanie \u00eempotriva partidului.<br \/>\nAzi, Procuratura spune altceva. Dosar penal, art. 274 Cod de procedur\u0103 penal\u0103, IP Buiucani.<br \/>\nAdic\u0103, pe rom\u00e2ne\u0219te: PAS a min\u021bit. Iar minciuna lor a fost demontat\u0103 de institu\u021bia pe care o controleaz\u0103.<\/p>\n<p><strong>Cronologia unei mu\u0219amaliz\u0103ri e\u0219uate<\/strong><br \/>\n12 iulie 2026. Gheorghe Ionas are un \u201econflict\u201d cu o femeie. Apel la 112.<br \/>\n15 iulie. Poli\u021bia \u00eel sanc\u021bioneaz\u0103 contraven\u021bional. Caz \u00eenchis, nimic de v\u0103zut.<br \/>\n24 iulie. Apare \u00een spa\u021biul public un alt episod de agresiune, de data aceasta \u00eentr-un local din centrul Chi\u0219in\u0103ului. Poli\u021bia spune c\u0103 \u201enu s-a confirmat\u201d.<br \/>\n30 iulie. Deputata Ana \u021aurcanu-Oboroc (Democra\u021bia Acas\u0103) ia cuv\u00e2ntul \u00een Parlament \u0219i descrie un scenariu tulbur\u0103tor: \u201eLa apelul victimei la 112, ma\u0219inile de Poli\u021bie sosite au fost telefonate de c\u0103tre cineva \u0219i individul a sc\u0103pat. Deci toate cazurile sunt fotografiate, filmate. Sunt dovezile din partea victimei \u0219i totu\u0219i s-a mu\u0219amalizat.\u201d<br \/>\nReac\u021bia PAS? \u201eFals\u201d. \u201eMinciun\u0103\u201d. \u201eCampanie de discreditare\u201d.<br \/>\n21 august. Procuratura confirm\u0103: dosar penal. Nu doar contraven\u021bie. Penal.<br \/>\nProcuratura nu precizeaz\u0103 c\u00e2nd a fost pornit dosarul \u2013 exist\u0103 suspiciunea rezonabil\u0103 c\u0103 anchet\u0103 a fost deschis\u0103 abia dup\u0103 presiunea mediatic\u0103 \u0219i parlamentar\u0103, nu \u00een urma activit\u0103\u021bii fire\u0219ti a Poli\u021biei.<br \/>\nAdic\u0103, dac\u0103 presa \u0219i opozi\u021bia nu urlau, Gheorghe Ionas ar fi r\u0103mas cu o simpl\u0103 amend\u0103 contraven\u021bional\u0103 pentru b\u0103t\u0103i \u0219i amenin\u021b\u0103ri.<\/p>\n<p><strong>Re\u021beta clanului: negi, mu\u0219amalizezi, supravie\u021buie\u0219ti<\/strong><br \/>\nCe ne \u00eenva\u021b\u0103 cazul Gheorghe Ionas despre cazul Ilie Ionas?<br \/>\nAceea\u0219i re\u021bet\u0103:<br \/>\n1. Faptele apar \u00een pres\u0103. Fie c\u0103 e vorba de 19 milioane de lei \u00eencasa\u021bi de firma mamei de la Prim\u0103rie, fie de agresiuni asupra unei femei.<br \/>\n2. PAS neag\u0103. \u201eFals\u201d. \u201eNu v\u0103d o problem\u0103 moral\u0103\u201d. \u201eCampanie de discreditare\u201d.<br \/>\n3. Institu\u021biile tac sau mu\u0219amalizeaz\u0103. ANI spune c\u0103 totul e legal. Poli\u021bia d\u0103 o amend\u0103 \u0219i \u00eenchide cazul.<br \/>\n4. Presiunea public\u0103 for\u021beaz\u0103 m\u00e2na. Procuratura deschide dosar penal. Dar doar dup\u0103 ce scandalul devine na\u021bional.<br \/>\nDac\u0103 pentru un dosar penal cu victim\u0103, fotografii \u0219i apeluri la 112, PAS a avut tupeul s\u0103 spun\u0103 \u201ee fals\u201d, de ce am crede c\u0103 spune adev\u0103rul c\u00e2nd neag\u0103 acuza\u021biile de capturare a Prim\u0103riei Coste\u0219ti?<br \/>\nDac\u0103 pentru fratele deputatului, Poli\u021bia a fost \u201etelefonat\u0103\u201d \u0219i agresorul a sc\u0103pat, de ce am crede c\u0103 licita\u021biile Prim\u0103riei Coste\u0219ti \u2013 cu un singur ofertant, mama primarului \u2013 au fost curate?<\/p>\n<p><strong>Ilie, Gheorghe, Parascovia: un clan, dou\u0103 fe\u021be, aceea\u0219i protec\u021bie<\/strong><br \/>\nS\u0103 facem portretul de familie:<br \/>\n\u2022 Ilie Ionas \u2013 deputat PAS, secretar al Comisiei pentru economie, buget \u0219i finan\u021be. Transform\u0103 prim\u0103ria \u00een SRL de familie. 19 milioane lei c\u0103tre mama. 15,35 ha de teren agricol transformat \u00een parc industrial pentru firma mamei. Comisia pe care o conduce nu a f\u0103cut niciodat\u0103 o audiere.<br \/>\n\u2022 Parascovia Ionas \u2013 mama. Administreaz\u0103 \u201eService Tulis\u201d (19 milioane lei de la Prim\u0103rie) \u0219i \u201eIona\u0219 Estate\u201d (parc industrial de 400 milioane lei pe teren luat de la stat).<br \/>\n\u2022 Gheorghe Ionas \u2013 fratele. Dosar penal pentru agresiuni \u0219i amenin\u021b\u0103ri. Sc\u0103pat ini\u021bial cu o amend\u0103, \u00een timp ce PAS striga \u201efals!\u201d.<br \/>\nTo\u021bi trei sunt proteja\u021bi de acela\u0219i scut: Partidul Ac\u021biune \u0219i Solidaritate \u0219i t\u0103cerea Maiei Sandu.<\/p>\n<p><strong>\u00centreb\u0103rile la care PAS trebuie s\u0103 r\u0103spund\u0103 ACUM<\/strong><br \/>\n1. Deputatul Vasile Gr\u0103dinaru \u2013 \u00ee\u0219i men\u021bine afirma\u021bia c\u0103 dosarul fratelui lui Ionas este \u201efals\u201d \u0219i \u201eminciun\u0103\u201d, acum c\u0103 Procuratura a confirmat dosarul penal?<br \/>\n2. Serviciul de pres\u0103 al PAS \u2013 cum explic\u0103 faptul c\u0103 a calificat drept \u201efals\u201d o anchet\u0103 penal\u0103 confirmat\u0103 oficial?<br \/>\n3. Ilie Ionas \u2013 \u0219tia fratele s\u0103u despre dosar \u00een momentul \u00een care PAS nega public? A intervenit telefonic pe l\u00e2ng\u0103 cineva pentru mu\u0219amalizare, a\u0219a cum se suspecteaz\u0103 \u00een cazul Poli\u021biei de la 112?<br \/>\n4. Maia Sandu \u2013 Pre\u0219edin\u021bia a t\u0103cut la investiga\u021bia noastr\u0103 despre Coste\u0219ti. Va t\u0103ce \u0219i acum, c\u00e2nd un membru al clanului protejat de partidul s\u0103u are dosar penal pentru violen\u021b\u0103?<br \/>\n5. Ministerul Afacerilor Interne \u2013 cine a \u201etelefonat\u201d ma\u0219inilor de Poli\u021bie sosite la 112, a\u0219a cum a declarat deputata \u021aurcanu-Oboroc \u00een Parlament? Cine a \u00eencercat mu\u0219amalizarea?<\/p>\n<p><strong>Concluzie<\/strong><br \/>\nProcuratura a confirmat ce Solid News suspecta deja: familia Ionas nu respect\u0103 legea, iar PAS \u00eei protejeaz\u0103 cu minciuni.<br \/>\nDac\u0103 pentru un dosar penal cu victim\u0103 \u0219i probe PAS a avut tupeul s\u0103 spun\u0103 \u201ee fals\u201d, atunci pentru 19 milioane de lei \u0219i 15,35 hectare de teren \u2013 unde nu exist\u0103 victim\u0103 care s\u0103 \u021bipe la 112, ci doar un buget local jefuit \u2013 negarea lor e doar o formalitate.<br \/>\nDiferen\u021ba e c\u0103, \u00een cazul Coste\u0219tiului, t\u0103cerea institu\u021biilor continu\u0103. ANI, Guvernul, Parlamentul, Pre\u0219edin\u021bia \u2013 toate tac. Pentru c\u0103 acolo nu exist\u0103 o femeie b\u0103tut\u0103 care s\u0103 sune la 112. Exist\u0103 doar cet\u0103\u021beni care pl\u0103tesc taxe majorate \u0219i un deputat care \u00ee\u0219i umfl\u0103 buzunarul.<br \/>\nDar re\u021beta e aceea\u0219i: clanul Ionas ac\u021bioneaz\u0103 deasupra legii, iar PAS le \u021bine umbrela.<br \/>\nSolid News va continua s\u0103 documenteze. Pentru c\u0103, dac\u0103 Procuratura a confirmat dosarul fratelui, poate c\u0103 va veni o zi \u00een care va deschide dosar \u0219i pentru afacerile mamei. Sau poate c\u0103 va trebui s\u0103 o fac\u0103 presa, \u00een continuare, \u00een locul institu\u021biilor care dorm.<\/p>\n<p>\nP.S. Am adresat cinci \u00eentreb\u0103ri institu\u021biilor. Am primit zero r\u0103spunsuri. Procuratura a confirmat dosarul fratelui f\u0103r\u0103 s\u0103 ne r\u0103spund\u0103 nou\u0103. Adic\u0103, institu\u021biile statului reac\u021bioneaz\u0103 doar c\u00e2nd presiunea public\u0103 devine insuportabil\u0103. P\u00e2n\u0103 atunci, protejeaz\u0103 clanul.<\/p>\n<\/div>\n<\/div>\n<div class=\"td_block_wrap tdb_single_content tdi_120 td-pb-border-top td_block_template_1 td-post-content tagdiv-type\" data-td-block-uid=\"tdi_120\">\n<div class=\"tdb-block-inner td-fix-index\">\n<p><em><strong>Autor: Aurel Badea<\/strong><\/em><\/p>\n<p>\nDup\u0103 ce <a href=\"https:\/\/solidnews.ro\/zero-raspunsuri-toate-probele-cum-familia-deputatului-pas-ionas-a-capturat-primaria-costesti-cu-complicitatea-tacerii-maia-sandu-investigatie-solid-news\/\">Solid News<\/a> a documentat cum familia deputatului PAS Ilie Ionas a transformat Prim\u0103ria Coste\u0219ti \u00een SRL de familie, Procuratura General\u0103 confirm\u0103 c\u0103 fratele s\u0103u, Gheorghe Ionas, este vizat de un dosar penal pentru agresiuni. Aceea\u0219i re\u021bet\u0103 de negare o folose\u0219te PAS \u0219i pentru afacerile de 19 milioane de lei?<br \/>\n21 august 2026. Procuratura General\u0103 a confirmat, la solicitarea presei, c\u0103 Gheorghe Ionas, fratele deputatului PAS Ilie Ionas, este vizat de un dosar penal pentru \u201epresupuse b\u0103t\u0103i \u0219i amenin\u021b\u0103ri\u201d la adresa unei femei.<br \/>\nConfirmarea vine la o lun\u0103 dup\u0103 ce scandalul a izbucnit \u00een spa\u021biul public, iar Partidul Ac\u021biune \u0219i Solidaritate a reac\u021bionat exact cum reac\u021bioneaz\u0103 \u0219i c\u00e2nd e vorba de banii publici: a negat, a minimalizat, a acuzat presa de campanie de discreditare.<br \/>\nServiciul de pres\u0103 al PAS a calificat informa\u021biile drept \u201efals\u201d. Deputatul PAS Vasile Gr\u0103dinaru a declarat c\u0103 e vorba de o \u201eminciun\u0103\u201d \u0219i o campanie \u00eempotriva partidului.<br \/>\nAzi, Procuratura spune altceva. Dosar penal, art. 274 Cod de procedur\u0103 penal\u0103, IP Buiucani.<br \/>\nAdic\u0103, pe rom\u00e2ne\u0219te: PAS a min\u021bit. Iar minciuna lor a fost demontat\u0103 de institu\u021bia pe care o controleaz\u0103.<\/p>\n<p><strong>Cronologia unei mu\u0219amaliz\u0103ri e\u0219uate<\/strong><br \/>\n12 iulie 2026. Gheorghe Ionas are un \u201econflict\u201d cu o femeie. Apel la 112.<br \/>\n15 iulie. Poli\u021bia \u00eel sanc\u021bioneaz\u0103 contraven\u021bional. Caz \u00eenchis, nimic de v\u0103zut.<br \/>\n24 iulie. Apare \u00een spa\u021biul public un alt episod de agresiune, de data aceasta \u00eentr-un local din centrul Chi\u0219in\u0103ului. Poli\u021bia spune c\u0103 \u201enu s-a confirmat\u201d.<br \/>\n30 iulie. Deputata Ana \u021aurcanu-Oboroc (Democra\u021bia Acas\u0103) ia cuv\u00e2ntul \u00een Parlament \u0219i descrie un scenariu tulbur\u0103tor: \u201eLa apelul victimei la 112, ma\u0219inile de Poli\u021bie sosite au fost telefonate de c\u0103tre cineva \u0219i individul a sc\u0103pat. Deci toate cazurile sunt fotografiate, filmate. Sunt dovezile din partea victimei \u0219i totu\u0219i s-a mu\u0219amalizat.\u201d<br \/>\nReac\u021bia PAS? \u201eFals\u201d. \u201eMinciun\u0103\u201d. \u201eCampanie de discreditare\u201d.<br \/>\n21 august. Procuratura confirm\u0103: dosar penal. Nu doar contraven\u021bie. Penal.<br \/>\nProcuratura nu precizeaz\u0103 c\u00e2nd a fost pornit dosarul \u2013 exist\u0103 suspiciunea rezonabil\u0103 c\u0103 anchet\u0103 a fost deschis\u0103 abia dup\u0103 presiunea mediatic\u0103 \u0219i parlamentar\u0103, nu \u00een urma activit\u0103\u021bii fire\u0219ti a Poli\u021biei.<br \/>\nAdic\u0103, dac\u0103 presa \u0219i opozi\u021bia nu urlau, Gheorghe Ionas ar fi r\u0103mas cu o simpl\u0103 amend\u0103 contraven\u021bional\u0103 pentru b\u0103t\u0103i \u0219i amenin\u021b\u0103ri.<\/p>\n<p><strong>Re\u021beta clanului: negi, mu\u0219amalizezi, supravie\u021buie\u0219ti<\/strong><br \/>\nCe ne \u00eenva\u021b\u0103 cazul Gheorghe Ionas despre cazul Ilie Ionas?<br \/>\nAceea\u0219i re\u021bet\u0103:<br \/>\n1. Faptele apar \u00een pres\u0103. Fie c\u0103 e vorba de 19 milioane de lei \u00eencasa\u021bi de firma mamei de la Prim\u0103rie, fie de agresiuni asupra unei femei.<br \/>\n2. PAS neag\u0103. \u201eFals\u201d. \u201eNu v\u0103d o problem\u0103 moral\u0103\u201d. \u201eCampanie de discreditare\u201d.<br \/>\n3. Institu\u021biile tac sau mu\u0219amalizeaz\u0103. ANI spune c\u0103 totul e legal. Poli\u021bia d\u0103 o amend\u0103 \u0219i \u00eenchide cazul.<br \/>\n4. Presiunea public\u0103 for\u021beaz\u0103 m\u00e2na. Procuratura deschide dosar penal. Dar doar dup\u0103 ce scandalul devine na\u021bional.<br \/>\nDac\u0103 pentru un dosar penal cu victim\u0103, fotografii \u0219i apeluri la 112, PAS a avut tupeul s\u0103 spun\u0103 \u201ee fals\u201d, de ce am crede c\u0103 spune adev\u0103rul c\u00e2nd neag\u0103 acuza\u021biile de capturare a Prim\u0103riei Coste\u0219ti?<br \/>\nDac\u0103 pentru fratele deputatului, Poli\u021bia a fost \u201etelefonat\u0103\u201d \u0219i agresorul a sc\u0103pat, de ce am crede c\u0103 licita\u021biile Prim\u0103riei Coste\u0219ti \u2013 cu un singur ofertant, mama primarului \u2013 au fost curate?<\/p>\n<p><strong>Ilie, Gheorghe, Parascovia: un clan, dou\u0103 fe\u021be, aceea\u0219i protec\u021bie<\/strong><br \/>\nS\u0103 facem portretul de familie:<br \/>\n\u2022 Ilie Ionas \u2013 deputat PAS, secretar al Comisiei pentru economie, buget \u0219i finan\u021be. Transform\u0103 prim\u0103ria \u00een SRL de familie. 19 milioane lei c\u0103tre mama. 15,35 ha de teren agricol transformat \u00een parc industrial pentru firma mamei. Comisia pe care o conduce nu a f\u0103cut niciodat\u0103 o audiere.<br \/>\n\u2022 Parascovia Ionas \u2013 mama. Administreaz\u0103 \u201eService Tulis\u201d (19 milioane lei de la Prim\u0103rie) \u0219i \u201eIona\u0219 Estate\u201d (parc industrial de 400 milioane lei pe teren luat de la stat).<br \/>\n\u2022 Gheorghe Ionas \u2013 fratele. Dosar penal pentru agresiuni \u0219i amenin\u021b\u0103ri. Sc\u0103pat ini\u021bial cu o amend\u0103, \u00een timp ce PAS striga \u201efals!\u201d.<br \/>\nTo\u021bi trei sunt proteja\u021bi de acela\u0219i scut: Partidul Ac\u021biune \u0219i Solidaritate \u0219i t\u0103cerea Maiei Sandu.<\/p>\n<p><strong>\u00centreb\u0103rile la care PAS trebuie s\u0103 r\u0103spund\u0103 ACUM<\/strong><br \/>\n1. Deputatul Vasile Gr\u0103dinaru \u2013 \u00ee\u0219i men\u021bine afirma\u021bia c\u0103 dosarul fratelui lui Ionas este \u201efals\u201d \u0219i \u201eminciun\u0103\u201d, acum c\u0103 Procuratura a confirmat dosarul penal?<br \/>\n2. Serviciul de pres\u0103 al PAS \u2013 cum explic\u0103 faptul c\u0103 a calificat drept \u201efals\u201d o anchet\u0103 penal\u0103 confirmat\u0103 oficial?<br \/>\n3. Ilie Ionas \u2013 \u0219tia fratele s\u0103u despre dosar \u00een momentul \u00een care PAS nega public? A intervenit telefonic pe l\u00e2ng\u0103 cineva pentru mu\u0219amalizare, a\u0219a cum se suspecteaz\u0103 \u00een cazul Poli\u021biei de la 112?<br \/>\n4. Maia Sandu \u2013 Pre\u0219edin\u021bia a t\u0103cut la investiga\u021bia noastr\u0103 despre Coste\u0219ti. Va t\u0103ce \u0219i acum, c\u00e2nd un membru al clanului protejat de partidul s\u0103u are dosar penal pentru violen\u021b\u0103?<br \/>\n5. Ministerul Afacerilor Interne \u2013 cine a \u201etelefonat\u201d ma\u0219inilor de Poli\u021bie sosite la 112, a\u0219a cum a declarat deputata \u021aurcanu-Oboroc \u00een Parlament? Cine a \u00eencercat mu\u0219amalizarea?<\/p>\n<p><strong>Concluzie<\/strong><br \/>\nProcuratura a confirmat ce Solid News suspecta deja: familia Ionas nu respect\u0103 legea, iar PAS \u00eei protejeaz\u0103 cu minciuni.<br \/>\nDac\u0103 pentru un dosar penal cu victim\u0103 \u0219i probe PAS a avut tupeul s\u0103 spun\u0103 \u201ee fals\u201d, atunci pentru 19 milioane de lei \u0219i 15,35 hectare de teren \u2013 unde nu exist\u0103 victim\u0103 care s\u0103 \u021bipe la 112, ci doar un buget local jefuit \u2013 negarea lor e doar o formalitate.<br \/>\nDiferen\u021ba e c\u0103, \u00een cazul Coste\u0219tiului, t\u0103cerea institu\u021biilor continu\u0103. ANI, Guvernul, Parlamentul, Pre\u0219edin\u021bia \u2013 toate tac. Pentru c\u0103 acolo nu exist\u0103 o femeie b\u0103tut\u0103 care s\u0103 sune la 112. Exist\u0103 doar cet\u0103\u021beni care pl\u0103tesc taxe majorate \u0219i un deputat care \u00ee\u0219i umfl\u0103 buzunarul.<br \/>\nDar re\u021beta e aceea\u0219i: clanul Ionas ac\u021bioneaz\u0103 deasupra legii, iar PAS le \u021bine umbrela.<br \/>\nSolid News va continua s\u0103 documenteze. Pentru c\u0103, dac\u0103 Procuratura a confirmat dosarul fratelui, poate c\u0103 va veni o zi \u00een care va deschide dosar \u0219i pentru afacerile mamei. Sau poate c\u0103 va trebui s\u0103 o fac\u0103 presa, \u00een continuare, \u00een locul institu\u021biilor care dorm.<\/p>\n<p>\nP.S. Am adresat cinci \u00eentreb\u0103ri institu\u021biilor. Am primit zero r\u0103spunsuri. Procuratura a confirmat dosarul fratelui f\u0103r\u0103 s\u0103 ne r\u0103spund\u0103 nou\u0103. Adic\u0103, institu\u021biile statului reac\u021bioneaz\u0103 doar c\u00e2nd presiunea public\u0103 devine insuportabil\u0103. P\u00e2n\u0103 atunci, protejeaz\u0103 clanul.<\/p>\n<\/div>\n<\/div>\n<p>[analyse_source url=&#8221;https:\/\/solidnews.ro\/e-fals-a-zis-pas-procuratura-confirma-fratele-baronului-ionas-are-dosar-penal-cat-de-credibil-mai-e-cuvantul-partidului-zanei-maia-sandu\/&#8221;]<\/p>\n","protected":false},"excerpt":{"rendered":"<p>[analyse_image type=&#8221;featured&#8221; src=&#8221;https:\/\/solidnews.ro\/wp-content\/uploads\/2026\/08\/WhatsApp-Image-2026-08-22-at-12.13.13.jpeg&#8221;] Autor: Aurel Badea Dup\u0103 ce Solid News a documentat cum familia deputatului PAS Ilie Ionas a transformat Prim\u0103ria Coste\u0219ti \u00een SRL de familie, Procuratura General\u0103 confirm\u0103 c\u0103 fratele s\u0103u, Gheorghe Ionas, este vizat de un dosar penal pentru agresiuni. Aceea\u0219i re\u021bet\u0103 de negare o folose\u0219te PAS \u0219i pentru afacerile de 19 milioane [&hellip;]<\/p>\n","protected":false},"author":1,"featured_media":0,"comment_status":"open","ping_status":"","sticky":false,"template":"","format":"standard","meta":{"footnotes":""},"categories":[89],"tags":[226,97],"class_list":["post-2106218","post","type-post","status-publish","format-standard","hentry","category-romania","tag-crawlmanager","tag-solidnews-ro"],"_links":{"self":[{"href":"https:\/\/analyse.optim.biz\/index.php?rest_route=\/wp\/v2\/posts\/2106218","targetHints":{"allow":["GET"]}}],"collection":[{"href":"https:\/\/analyse.optim.biz\/index.php?rest_route=\/wp\/v2\/posts"}],"about":[{"href":"https:\/\/analyse.optim.biz\/index.php?rest_route=\/wp\/v2\/types\/post"}],"author":[{"embeddable":true,"href":"https:\/\/analyse.optim.biz\/index.php?rest_route=\/wp\/v2\/users\/1"}],"replies":[{"embeddable":true,"href":"https:\/\/analyse.optim.biz\/index.php?rest_route=%2Fwp%2Fv2%2Fcomments&post=2106218"}],"version-history":[{"count":0,"href":"https:\/\/analyse.optim.biz\/index.php?rest_route=\/wp\/v2\/posts\/2106218\/revisions"}],"wp:attachment":[{"href":"https:\/\/analyse.optim.biz\/index.php?rest_route=%2Fwp%2Fv2%2Fmedia&parent=2106218"}],"wp:term":[{"taxonomy":"category","embeddable":true,"href":"https:\/\/analyse.optim.biz\/index.php?rest_route=%2Fwp%2Fv2%2Fcategories&post=2106218"},{"taxonomy":"post_tag","embeddable":true,"href":"https:\/\/analyse.optim.biz\/index.php?rest_route=%2Fwp%2Fv2%2Ftags&post=2106218"}],"curies":[{"name":"wp","href":"https:\/\/api.w.org\/{rel}","templated":true}]}}