{"id":210617,"date":"2014-03-02T19:13:27","date_gmt":"2014-03-02T16:13:27","guid":{"rendered":"https:\/\/analyse.optim.biz\/?p=210617"},"modified":"2014-03-02T19:13:27","modified_gmt":"2014-03-02T16:13:27","slug":"traian-basescu-voi-face-tot-ce-tine-de-mine-pentru-o-instalare-constitutionala-a-guvernului","status":"publish","type":"post","link":"https:\/\/analyse.optim.biz\/?p=210617","title":{"rendered":"Traian B\u0103sescu: Voi face tot ce \u0163ine de mine pentru o instalare constitu\u0163ional\u0103 a Guvernului"},"content":{"rendered":"<div class=\"entry data-app-meta data-app-meta-article\" data-embed-base-url-canonical=\"https:\/\/www.digi24.ro\/embed\/stiri\/actualitate\/politica\/traian-basescu-voi-face-tot-ce-tine-de-mine-pentru-o-instalare-constitutionala-a-guvernului-208174\">\n<p data-index=\"1\"><img decoding=\"async\" src=\"https:\/\/analyse.optim.biz\/wp-content\/uploads\/2024\/09\/anbnjnc9odawjmhhc2g9otniytu1mthhywu3mdhkzwvjytewntnlmdnjmdcymte-thumb_.jpg\" data-skip-htmlfix=\"1\" title=\"anbnjnc9odawjmhhc2g9otniytu1mthhywu3mdhkzwvjytewntnlmdnjmdcymte-thumb_\"><\/p>\n<p data-index=\"2\">\u00centrebat, dup\u0103 declara\u0163ia de pres\u0103 privind situa\u0163ia din Ucraina, despre am\u00e2narea negocierilor dintre USD \u015fi UDMR pentru formarea Guvernului, B\u0103sescu a r\u0103spuns: \u201eDespre Guvern vorbim m\u00e2ine\u201d.<\/p>\n<p data-index=\"3\">\u201e<span>V\u0103 asigur c\u0103 vreau s\u0103 vorbesc, dar nu vreau s\u0103 ascund un subiect at\u00e2t de important. Vreau s\u0103 \u00een\u0163elege\u0163i asta. Subiectul Ucraina este extrem de important \u015fi cred c\u0103 nu este momentul s\u0103 \u00eel amestec cu alte subiecte, de politic\u0103 intern\u0103\u201d, a ad\u0103ugat \u015feful statului, citat de Mediafax.<\/span><\/p>\n<p data-index=\"4\">El a precizat c\u0103 va face ce \u0163ine de el pentru o instalare constitu\u0163ional\u0103 a Guvernului.<\/p>\n<p data-index=\"5\">\u201e<span>Ce v\u0103 asigur este c\u0103, din punctul meu de vedere, voi face tot ce \u0163ine de mine pentru o instalare consitu\u0163ional\u0103 a Guvernului \u015fi pentru respectarea tuturor articolelor din Constitu\u0163ie&#8221;, a mai spus Traian B\u0103sescu.<\/span><\/p>\n<p data-index=\"6\">\u201eCiti\u0163i Programul aprobat de Parlament, pentru curiozitate\u201d, i-a \u00eendemnat el pe ziari\u0219tii prezen\u021bi la declara\u021bia de pres\u0103.<\/p>\n<\/div>\n<p> Source URL: https:\/\/www.digi24.ro\/stiri\/actualitate\/politica\/traian-basescu-voi-face-tot-ce-tine-de-mine-pentru-o-instalare-constitutionala-a-guvernului-208174<\/p>\n","protected":false},"excerpt":{"rendered":"<p>\u00centrebat, dup\u0103 declara\u0163ia de pres\u0103 privind situa\u0163ia din Ucraina, despre am\u00e2narea negocierilor dintre USD \u015fi UDMR pentru formarea Guvernului, B\u0103sescu a r\u0103spuns: \u201eDespre Guvern vorbim m\u00e2ine\u201d. \u201eV\u0103 asigur c\u0103 vreau s\u0103 vorbesc, dar nu vreau s\u0103 ascund un subiect at\u00e2t de important. Vreau s\u0103 \u00een\u0163elege\u0163i asta. Subiectul Ucraina este extrem de important \u015fi cred c\u0103 [&hellip;]<\/p>\n","protected":false},"author":1,"featured_media":210618,"comment_status":"open","ping_status":"","sticky":false,"template":"","format":"standard","meta":{"footnotes":""},"categories":[2],"tags":[11],"class_list":["post-210617","post","type-post","status-publish","format-standard","has-post-thumbnail","hentry","category-politics","tag-digi24"],"_links":{"self":[{"href":"https:\/\/analyse.optim.biz\/index.php?rest_route=\/wp\/v2\/posts\/210617","targetHints":{"allow":["GET"]}}],"collection":[{"href":"https:\/\/analyse.optim.biz\/index.php?rest_route=\/wp\/v2\/posts"}],"about":[{"href":"https:\/\/analyse.optim.biz\/index.php?rest_route=\/wp\/v2\/types\/post"}],"author":[{"embeddable":true,"href":"https:\/\/analyse.optim.biz\/index.php?rest_route=\/wp\/v2\/users\/1"}],"replies":[{"embeddable":true,"href":"https:\/\/analyse.optim.biz\/index.php?rest_route=%2Fwp%2Fv2%2Fcomments&post=210617"}],"version-history":[{"count":0,"href":"https:\/\/analyse.optim.biz\/index.php?rest_route=\/wp\/v2\/posts\/210617\/revisions"}],"wp:featuredmedia":[{"embeddable":true,"href":"https:\/\/analyse.optim.biz\/index.php?rest_route=\/wp\/v2\/media\/210618"}],"wp:attachment":[{"href":"https:\/\/analyse.optim.biz\/index.php?rest_route=%2Fwp%2Fv2%2Fmedia&parent=210617"}],"wp:term":[{"taxonomy":"category","embeddable":true,"href":"https:\/\/analyse.optim.biz\/index.php?rest_route=%2Fwp%2Fv2%2Fcategories&post=210617"},{"taxonomy":"post_tag","embeddable":true,"href":"https:\/\/analyse.optim.biz\/index.php?rest_route=%2Fwp%2Fv2%2Ftags&post=210617"}],"curies":[{"name":"wp","href":"https:\/\/api.w.org\/{rel}","templated":true}]}}