{"id":210614,"date":"2014-03-02T20:50:49","date_gmt":"2014-03-02T17:50:49","guid":{"rendered":"https:\/\/analyse.optim.biz\/?p=210614"},"modified":"2014-03-02T20:50:49","modified_gmt":"2014-03-02T17:50:49","slug":"kelemen-hunor-nu-vom-avea-un-protocol-secret-cu-usd","status":"publish","type":"post","link":"https:\/\/analyse.optim.biz\/?p=210614","title":{"rendered":"Kelemen Hunor: Nu vom avea un protocol secret cu USD"},"content":{"rendered":"<div class=\"entry data-app-meta data-app-meta-article\" data-embed-base-url-canonical=\"https:\/\/www.digi24.ro\/embed\/stiri\/actualitate\/politica\/kelemen-hunor-nu-vom-avea-un-protocol-secret-cu-usd-208206\">\n<p data-index=\"1\"><img decoding=\"async\" src=\"https:\/\/analyse.optim.biz\/wp-content\/uploads\/2024\/09\/jmhhc2g9ymexm2zjyzk0mmvjztrmmwu3nzg4ytczntcxntbmyze-thumb_.jpg\" data-skip-htmlfix=\"1\" title=\"jmhhc2g9ymexm2zjyzk0mmvjztrmmwu3nzg4ytczntcxntbmyze-thumb_\"><\/p>\n<p data-index=\"2\">\u201e<span>Nu vom avea un protocol secret. Programul de guvernare are un capitol despre minorit\u0103\u0163i \u015fi con\u0163ine tot ce este important\u201d, a precizat Hunor Kelemen, contactat de\u201eG\u00e2ndul&#8221;.<\/span><\/p>\n<p data-index=\"3\">Pre\u015fedintele Traian B\u0103sescu a declarat, duminic\u0103, la un post de televiziune, c\u0103 modificarea programului de guvernare \u00eenseamn\u0103 c\u0103 premierul Ponta ar trebui redesemnat ca premier, men\u0163ion\u00e2nd: \u201eDac\u0103 premierul nu vine la Cotroceni, atac decizia Parlamentului la CCR\u201d.<\/p>\n<p data-index=\"4\">Pre\u015fedintele a fost \u00eentrebat dac\u0103 premierul Victor Ponta ar trebui s\u0103 fie desemnat din nou \u015fi s\u0103 ajung\u0103 din nou la Cotroceni. <\/p>\n<p data-index=\"5\">\u201e<span>Dac\u0103 vrea s\u0103 respecte democra\u0163ia, da. \u015ei va trebui s\u0103 m\u0103 consult s\u0103 v\u0103d dac\u0103 voi crea un astfel de precedent sau nu. Pentru c\u0103 modificarea programului de guvernare&#8230; A fost Guvernul T\u0103riceanu, care a guvernat minoritar, dar el nu a modificat programul de guvernare. Acum se modific\u0103 programul de guvernare, pentru c\u0103 UDMR va cere s\u0103 fie introdus\u0103 \u00een programul de guvernare Legea minorit\u0103\u0163ilor, (&#8230;) va cere modific\u0103ri la Legea referendumului \u00een a\u015fa fel \u00eenc\u00e2t comunit\u0103\u0163ile locale s\u0103 poat\u0103 declan\u015fa referendumuri care s\u0103 fie valide&#8230;.e o list\u0103 \u00eentreag\u0103 care modific\u0103 programul Guvernului\u201d, a spus Traian B\u0103sescu, citat de Mediafax.<\/span><\/p>\n<\/div>\n<p> Source URL: https:\/\/www.digi24.ro\/stiri\/actualitate\/politica\/kelemen-hunor-nu-vom-avea-un-protocol-secret-cu-usd-208206<\/p>\n","protected":false},"excerpt":{"rendered":"<p>\u201eNu vom avea un protocol secret. Programul de guvernare are un capitol despre minorit\u0103\u0163i \u015fi con\u0163ine tot ce este important\u201d, a precizat Hunor Kelemen, contactat de\u201eG\u00e2ndul&#8221;. Pre\u015fedintele Traian B\u0103sescu a declarat, duminic\u0103, la un post de televiziune, c\u0103 modificarea programului de guvernare \u00eenseamn\u0103 c\u0103 premierul Ponta ar trebui redesemnat ca premier, men\u0163ion\u00e2nd: \u201eDac\u0103 premierul nu [&hellip;]<\/p>\n","protected":false},"author":1,"featured_media":210615,"comment_status":"open","ping_status":"","sticky":false,"template":"","format":"standard","meta":{"footnotes":""},"categories":[2],"tags":[11],"class_list":["post-210614","post","type-post","status-publish","format-standard","has-post-thumbnail","hentry","category-politics","tag-digi24"],"_links":{"self":[{"href":"https:\/\/analyse.optim.biz\/index.php?rest_route=\/wp\/v2\/posts\/210614","targetHints":{"allow":["GET"]}}],"collection":[{"href":"https:\/\/analyse.optim.biz\/index.php?rest_route=\/wp\/v2\/posts"}],"about":[{"href":"https:\/\/analyse.optim.biz\/index.php?rest_route=\/wp\/v2\/types\/post"}],"author":[{"embeddable":true,"href":"https:\/\/analyse.optim.biz\/index.php?rest_route=\/wp\/v2\/users\/1"}],"replies":[{"embeddable":true,"href":"https:\/\/analyse.optim.biz\/index.php?rest_route=%2Fwp%2Fv2%2Fcomments&post=210614"}],"version-history":[{"count":0,"href":"https:\/\/analyse.optim.biz\/index.php?rest_route=\/wp\/v2\/posts\/210614\/revisions"}],"wp:featuredmedia":[{"embeddable":true,"href":"https:\/\/analyse.optim.biz\/index.php?rest_route=\/wp\/v2\/media\/210615"}],"wp:attachment":[{"href":"https:\/\/analyse.optim.biz\/index.php?rest_route=%2Fwp%2Fv2%2Fmedia&parent=210614"}],"wp:term":[{"taxonomy":"category","embeddable":true,"href":"https:\/\/analyse.optim.biz\/index.php?rest_route=%2Fwp%2Fv2%2Fcategories&post=210614"},{"taxonomy":"post_tag","embeddable":true,"href":"https:\/\/analyse.optim.biz\/index.php?rest_route=%2Fwp%2Fv2%2Ftags&post=210614"}],"curies":[{"name":"wp","href":"https:\/\/api.w.org\/{rel}","templated":true}]}}