{"id":2106126,"date":"2026-08-22T00:00:00","date_gmt":"2026-08-21T21:00:00","guid":{"rendered":"https:\/\/analyse.optim.biz\/?p=2106126"},"modified":"2026-08-22T00:00:00","modified_gmt":"2026-08-21T21:00:00","slug":"du-changement-a-la-tete-de-porsche-france","status":"publish","type":"post","link":"https:\/\/analyse.optim.biz\/?p=2106126","title":{"rendered":"Du changement \u00e0\u00a0la t\u00eate de Porsche France"},"content":{"rendered":"<div id=\"brxe-lipmib\" class=\"brxe-post-content\">\n<p><strong>Apr\u00e8s 29 ans de maison et plus d\u2019un an \u00e0\u00a0la t\u00eate de la filiale fran\u00e7aise, Dr. Jens Puttfarcken c\u00e8de sa place \u00e0\u00a0Daniel Schmollinger. Un changement de direction qui intervient \u00e0\u00a0un moment charni\u00e8re pour la marque dans l\u2019Hexagone.<\/strong><\/p>\n<h2>Du changement \u00e0\u00a0la t\u00eate de Porsche France<\/h2>\n<p>\u00c0 compter du 1er janvier 2027, Daniel Schmollinger prendra la pr\u00e9sidence de Porsche France SAS, succ\u00e9dant ainsi \u00e0\u00a0Jens Puttfarcken, qui a\u00a0annonc\u00e9 son d\u00e9part \u00e0\u00a0la retraite. Une page se tourne donc pour ce dirigeant entr\u00e9 chez Porsche en 1997 et qui aura, en pr\u00e8s de trois d\u00e9cennies, occup\u00e9 diverses fonctions dans le commerce, la relation client et l\u2019apr\u00e8s-vente, jusqu\u2019\u00e0 la t\u00eate de filiale fran\u00e7aise de la marque.<br \/>\nArriv\u00e9 \u00e0\u00a0la t\u00eate de Porsche France en 2025, <a href=\"https:\/\/www.flat6mag.com\/actualite\/changement-de-direction-chez-porsche-france-jens-puttfarcken-succede-a-marc-meurer\/\">Jens Puttfarcken<\/a> n\u2019aura eu qu\u2019un peu plus d\u2019un an pour marquer son passage.<\/p>\n<p><img loading=\"lazy\" decoding=\"async\" class=\"alignnone  wp-image-65127\" src=\"https:\/\/www.flat6mag.com\/wp-content\/uploads\/2026\/08\/s26_0569_fine-300x169.jpg\" alt=\"Daniel Schmollinger\" width=\"1007\" height=\"567\"><\/p>\n<h2>Schmollinger, un profil international pour un march\u00e9 sous tension<\/h2>\n<p>Son successeur n\u2019est cependant pas un inconnu de la maison. En plus de vingt ans chez Porsche, Daniel Schmollinger a\u00a0supervis\u00e9 les march\u00e9s asiatiques, du Japon, \u00e0\u00a0l\u2019Australie en passant par Cor\u00e9e du Sud et l\u2019Asie-Pacifique depuis le si\u00e8ge de Stuttgart, avant de rejoindre Porsche Chine comme Vice President Management &amp;\u00a0D\u00e9veloppement puis Vice President Marketing. Notez que depuis septembre 2021, il dirige Porsche Cars Australia et Porsche Retail Group Australia. Un parcours qui, sur le papier, coche toutes les cases attendues\u00a0: d\u00e9veloppement commercial, transformation du r\u00e9seau de distribution, march\u00e9s en mutation rapide. Comme son pr\u00e9d\u00e9cesseur, il cumulera la pr\u00e9sidence de Porsche France SAS et de Porsche Distribution SAS, ainsi que la direction du Porsche Experience Center du Mans. Dans le m\u00eame temps, cette nouvelle casquette apportera avec elle son lot de d\u00e9fis. Et pour cause, Daniel Schmollinger devra accompagner la bascule de la marque vers l\u2019\u00e9lectromobilit\u00e9 sur un march\u00e9 fran\u00e7ais o\u00f9 le rapport \u00e0\u00a0la voiture de sport reste singulier. Un exercice d\u2019\u00e9quilibriste, puisqu\u2019il faudra en parall\u00e8le pr\u00e9server les performances commerciales de la <a href=\"https:\/\/www.flat6mag.com\/actualites-porsche\/porsche-911\/\">911<\/a> dans un contexte tendu marqu\u00e9 par la mise en place de normes europ\u00e9ennes de plus en plus contraignantes pour la marque.<\/p>\n<p><img loading=\"lazy\" decoding=\"async\" class=\"alignnone  wp-image-65134\" src=\"https:\/\/www.flat6mag.com\/wp-content\/uploads\/2026\/08\/jens-puttfarken-flat-6-magazine-maxime-teff-300x200.jpg\" alt=\"jens puttfarcken flat 6 magazine maxime teff\" width=\"1048\" height=\"698\"><\/p>\n<h2>Les chantiers qui attendent le nouveau pr\u00e9sident de Porsche France<\/h2>\n<p>Le nouveau pr\u00e9sident h\u00e9ritera d\u2019un dossier loin d\u2019\u00eatre simple. La fiscalit\u00e9 p\u00e9nalisante sur les v\u00e9hicules de sport continue de peser sur la rentabilit\u00e9 du r\u00e9seau fran\u00e7ais, et ce, sans aucune perspective d\u2019assouplissement \u00e0\u00a0court terme. Parall\u00e8lement, la <em>Strat\u00e9gie 2035<\/em> du groupe, r\u00e9cemment d\u00e9taill\u00e9e par Porsche AG, impose de conjuguer \u00e9lectrification, restructuration industrielle et maintien de la rentabilit\u00e9, un exercice que la maison-m\u00e8re elle-m\u00eame qualifie de <em>restructuration strat\u00e9gique r\u00e9solue<\/em>. Sur le terrain, Schmollinger devra aussi composer avec un r\u00e9seau de concessionnaires en pleine transformation et une client\u00e8le fran\u00e7aise historiquement attach\u00e9e au moteur thermique et \u00e0\u00a0l\u2019exp\u00e9rience de conduite pure, un ADN que la marque ne peut se permettre de diluer, m\u00eame \u00e0\u00a0l\u2019heure du tout-\u00e9lectrique.<\/p>\n<p>Rendez-vous en janvier 2027 pour voir comment le nouveau pr\u00e9sident entend conjuguer h\u00e9ritage sportif et imp\u00e9ratifs strat\u00e9giques du groupe.<\/p>\n<div align=\"center\"><button style=\"background-color: transparent;border: 3px solid #000;border-radius: 0.6em;color: #000;cursor: pointer;align-self: center;line-height: 1;margin: 20px;padding: 1.2em 2.8em;text-decoration: none;text-align: center;font-weight: bold\"><a href=\"https:\/\/www.flat6mag.com\/pages\/abonnements.html\">Soyez les premiers \u00e0 tout savoir sur la Porsche et abonnez-vous \u00e0 Flat 6 Magazine\u00a0!<\/a><\/button><\/div>\n<div align=\"center\">Cr\u00e9dit photo\u00a0: Porsche AG \u2013 Maxime Teff<\/div>\n<\/div>\n","protected":false},"excerpt":{"rendered":"<p>Apr\u00e8s 29 ans de maison et plus d\u2019un an \u00e0\u00a0la t\u00eate de la filiale fran\u00e7aise, Dr. Jens Puttfarcken c\u00e8de sa place \u00e0\u00a0Daniel Schmollinger. Un changement de direction qui intervient \u00e0\u00a0un moment charni\u00e8re pour la marque dans l\u2019Hexagone. Du changement \u00e0\u00a0la t\u00eate de Porsche France \u00c0 compter du 1er janvier 2027, Daniel Schmollinger prendra la pr\u00e9sidence [&hellip;]<\/p>\n","protected":false},"author":1,"featured_media":0,"comment_status":"open","ping_status":"","sticky":false,"template":"","format":"standard","meta":{"footnotes":""},"categories":[1],"tags":[226,273],"class_list":["post-2106126","post","type-post","status-publish","format-standard","hentry","category-uncategorized","tag-crawlmanager","tag-flat6mag-com"],"_links":{"self":[{"href":"https:\/\/analyse.optim.biz\/index.php?rest_route=\/wp\/v2\/posts\/2106126","targetHints":{"allow":["GET"]}}],"collection":[{"href":"https:\/\/analyse.optim.biz\/index.php?rest_route=\/wp\/v2\/posts"}],"about":[{"href":"https:\/\/analyse.optim.biz\/index.php?rest_route=\/wp\/v2\/types\/post"}],"author":[{"embeddable":true,"href":"https:\/\/analyse.optim.biz\/index.php?rest_route=\/wp\/v2\/users\/1"}],"replies":[{"embeddable":true,"href":"https:\/\/analyse.optim.biz\/index.php?rest_route=%2Fwp%2Fv2%2Fcomments&post=2106126"}],"version-history":[{"count":0,"href":"https:\/\/analyse.optim.biz\/index.php?rest_route=\/wp\/v2\/posts\/2106126\/revisions"}],"wp:attachment":[{"href":"https:\/\/analyse.optim.biz\/index.php?rest_route=%2Fwp%2Fv2%2Fmedia&parent=2106126"}],"wp:term":[{"taxonomy":"category","embeddable":true,"href":"https:\/\/analyse.optim.biz\/index.php?rest_route=%2Fwp%2Fv2%2Fcategories&post=2106126"},{"taxonomy":"post_tag","embeddable":true,"href":"https:\/\/analyse.optim.biz\/index.php?rest_route=%2Fwp%2Fv2%2Ftags&post=2106126"}],"curies":[{"name":"wp","href":"https:\/\/api.w.org\/{rel}","templated":true}]}}