{"id":210611,"date":"2014-03-02T21:33:46","date_gmt":"2014-03-02T18:33:46","guid":{"rendered":"https:\/\/analyse.optim.biz\/?p=210611"},"modified":"2014-03-02T21:33:46","modified_gmt":"2014-03-02T18:33:46","slug":"traian-basescu-in-programul-de-guvernare-aprobat-in-parlament-se-vorbeste-de-usl-dar-usl-nu-mai-e","status":"publish","type":"post","link":"https:\/\/analyse.optim.biz\/?p=210611","title":{"rendered":"Traian B\u0103sescu: \u00cen programul de guvernare aprobat \u00een Parlament se vorbe\u015fte de USL, dar USL nu mai e"},"content":{"rendered":"<div class=\"entry data-app-meta data-app-meta-article\" data-embed-base-url-canonical=\"https:\/\/www.digi24.ro\/embed\/stiri\/actualitate\/politica\/traian-basescu-in-programul-de-guvernare-aprobat-in-parlament-se-vorbeste-de-usl-dar-usl-nu-mai-e-208224\">\n<p data-index=\"1\"><img decoding=\"async\" src=\"https:\/\/analyse.optim.biz\/wp-content\/uploads\/2024\/09\/zdqwmjnlnwjhymyymtgxmjuwmwvim2m1yzm3mg-thumb_.jpg\" data-skip-htmlfix=\"1\" title=\"zdqwmjnlnwjhymyymtgxmjuwmwvim2m1yzm3mg-thumb_\"><\/p>\n<p lang=\"en-US\" data-index=\"2\">Pre\u015fedintele Traian B\u0103sescu a declarat, duminic\u0103 sear\u0103, <a href=\"http:\/\/www.b1.ro\/\" target=\"_blank\" data-skip-linkfix=\"1\" rel=\"noopener\"><strong>\u00eentr-o emisiune televizat\u0103<\/strong><\/a>, c\u0103 se va consulta, luni, cu speciali\u015fti pentru a vedea condi\u0163iile \u00een care noul Guvern poate fi instalat f\u0103r\u0103 \u00eenc\u0103lcarea Constitu\u0163iei, men\u0163ion\u00e2nd c\u0103 USL, care a c\u00e2\u015ftigat peste 50% la alegeri, nu mai exist\u0103, iar mai corect ar fi ca premierul s\u0103 predea mandatul.<\/p>\n<p lang=\"en-US\" data-index=\"3\"><span><span>Pre\u015fedintele a spus c\u0103 premierul Ponta a fost desemnat f\u0103r\u0103 consultarea altor partide \u00een afara celor din USL pentru c\u0103 uniunea, \u00eenscris\u0103 ca forma\u0163iune, c\u00e2\u015ftigase la alegeri peste 50%.<\/span><\/span><\/p>\n<p lang=\"en-US\" data-index=\"4\"><strong>\u201e<\/strong><span><span><strong>Ei au refuzat s\u0103 vin\u0103 ca partide, au venit to\u0163i trei, Victor Ponta, Constantin, pre\u015fedintele PC, \u015fi Crin Atonescu. Celelalte partide n-au mai fost chemate la negocieri pentru c\u0103 e articol constitu\u0163ional c\u00e2nd un partid c\u00e2\u015ftig\u0103 cu 50% e obligatorie desemnarea premierului de la acel partid. Ei au spus &#8220;N-am candidat ca partide, ci ca alian\u0163\u0103, Victor Ponta e candidatul acestei forma\u0163iuni politice cu peste 50%&#8221;<\/strong>\u201d, a spus B\u0103sescu.<\/span><\/span><\/p>\n<p lang=\"en-US\" data-index=\"5\"><span><span>Potrivit pre\u015fedintelui, acum partea care a c\u00e2\u015ftigat peste 50% \u201ea c\u0103zut\u201d.<\/span><\/span><\/p>\n<p lang=\"en-US\" data-index=\"6\"><strong>\u201e<\/strong><span><span><strong>Ei nu mai sunt \u00eempreun\u0103. Un premier desemnat pe un articol constitu\u0163ional nu mai are legitimitate c\u00e2nd acel articol constitu\u0163ional nu mai e valabil\u201d,<\/strong> a spus \u0219eful statului.<\/span><\/span><\/p>\n<p lang=\"en-US\" data-index=\"7\"><span><span>El a men\u0163ionat c\u0103 se va consulta serios, luni, cu speciali\u015fti, dac\u0103 Guvernul poate fi \u00eenvestit cu actualul premier, pentru c\u0103 nu vrea s\u0103 creeze un precedent de \u00eenc\u0103lcare a Constitu\u0163iei.<\/span><\/span><\/p>\n<p lang=\"en-US\" data-index=\"8\"><span><span><strong>Traian B\u0103sescu<\/strong> a spus c\u0103 \u00een aceast\u0103 situa\u0163ie mai corect ar fi ca premierul s\u0103-\u015fi depun\u0103 mandatul.<\/span><\/span><\/p>\n<\/div>\n<p> Source URL: https:\/\/www.digi24.ro\/stiri\/actualitate\/politica\/traian-basescu-in-programul-de-guvernare-aprobat-in-parlament-se-vorbeste-de-usl-dar-usl-nu-mai-e-208224<\/p>\n","protected":false},"excerpt":{"rendered":"<p>Pre\u015fedintele Traian B\u0103sescu a declarat, duminic\u0103 sear\u0103, \u00eentr-o emisiune televizat\u0103, c\u0103 se va consulta, luni, cu speciali\u015fti pentru a vedea condi\u0163iile \u00een care noul Guvern poate fi instalat f\u0103r\u0103 \u00eenc\u0103lcarea Constitu\u0163iei, men\u0163ion\u00e2nd c\u0103 USL, care a c\u00e2\u015ftigat peste 50% la alegeri, nu mai exist\u0103, iar mai corect ar fi ca premierul s\u0103 predea mandatul. Pre\u015fedintele [&hellip;]<\/p>\n","protected":false},"author":1,"featured_media":210612,"comment_status":"open","ping_status":"","sticky":false,"template":"","format":"standard","meta":{"footnotes":""},"categories":[2],"tags":[11],"class_list":["post-210611","post","type-post","status-publish","format-standard","has-post-thumbnail","hentry","category-politics","tag-digi24"],"_links":{"self":[{"href":"https:\/\/analyse.optim.biz\/index.php?rest_route=\/wp\/v2\/posts\/210611","targetHints":{"allow":["GET"]}}],"collection":[{"href":"https:\/\/analyse.optim.biz\/index.php?rest_route=\/wp\/v2\/posts"}],"about":[{"href":"https:\/\/analyse.optim.biz\/index.php?rest_route=\/wp\/v2\/types\/post"}],"author":[{"embeddable":true,"href":"https:\/\/analyse.optim.biz\/index.php?rest_route=\/wp\/v2\/users\/1"}],"replies":[{"embeddable":true,"href":"https:\/\/analyse.optim.biz\/index.php?rest_route=%2Fwp%2Fv2%2Fcomments&post=210611"}],"version-history":[{"count":0,"href":"https:\/\/analyse.optim.biz\/index.php?rest_route=\/wp\/v2\/posts\/210611\/revisions"}],"wp:featuredmedia":[{"embeddable":true,"href":"https:\/\/analyse.optim.biz\/index.php?rest_route=\/wp\/v2\/media\/210612"}],"wp:attachment":[{"href":"https:\/\/analyse.optim.biz\/index.php?rest_route=%2Fwp%2Fv2%2Fmedia&parent=210611"}],"wp:term":[{"taxonomy":"category","embeddable":true,"href":"https:\/\/analyse.optim.biz\/index.php?rest_route=%2Fwp%2Fv2%2Fcategories&post=210611"},{"taxonomy":"post_tag","embeddable":true,"href":"https:\/\/analyse.optim.biz\/index.php?rest_route=%2Fwp%2Fv2%2Ftags&post=210611"}],"curies":[{"name":"wp","href":"https:\/\/api.w.org\/{rel}","templated":true}]}}