{"id":2106084,"date":"2026-08-22T05:41:47","date_gmt":"2026-08-22T02:41:47","guid":{"rendered":"https:\/\/analyse.optim.biz\/?p=2106084"},"modified":"2026-08-22T05:41:47","modified_gmt":"2026-08-22T02:41:47","slug":"vatra-de-olari-intr-un-loc-pitoresc-din-judetul-timis","status":"publish","type":"post","link":"https:\/\/analyse.optim.biz\/?p=2106084","title":{"rendered":"Vatra de Olari, \u00eentr-un loc pitoresc din jude\u021bul Timi\u0219"},"content":{"rendered":"<p>[analyse_image type=&#8221;featured&#8221; src=&#8221;https:\/\/renasterea.ro\/ro\/wp-content\/uploads\/2026\/08\/vatra-de-olari.jpghttps:\/\/renasterea.ro\/ro\/wp-content\/uploads\/2026\/08\/vatra-de-olari.jpg&#8221;]<\/p>\n<div class=\"entry-content\"><img loading=\"lazy\" decoding=\"async\" width=\"688\" height=\"460\" src=\"https:\/\/renasterea.ro\/ro\/wp-content\/uploads\/2026\/08\/vatra-de-olari-688x460.jpg\" class=\"attachment-medium size-medium wp-post-image\" alt=\"Vatra de Olari, \u00eentr-un loc pitoresc din jude\u021bul Timi\u0219\" title=\"Vatra de Olari, \u00eentr-un loc pitoresc din jude\u021bul Timi\u0219 1\"><\/p>\n<h4>Pitorescul sat Jup\u00e2ne\u0219ti din zona montan\u0103 a jude\u021bului Timi\u0219 va g\u0103zdui duminic\u0103, 23 august, cu \u00eencepere de la ora 10,30, cea de-a 45-a edi\u021bie a t\u00e2rgului de ceramic\u0103 tradi\u021bional\u0103 \u201eVatr\u0103 de Olari\u201d.<\/h4>\n<p>Organizat de administra\u021bia local\u0103 a ora\u0219ului F\u0103get, \u00een componen\u021ba c\u0103ruia se afl\u0103 \u0219i satul Jup\u00e2ne\u0219ti, evenimentul \u2013 care se va desf\u0103\u0219ura \u00een spa\u021biul consacrat din Poiana Olarilor \u2013 le va oferi vizitatorilor o larg\u0103 palet\u0103 de produse ceramice, \u00een special din gama celor care continu\u0103 tradi\u021bia milenar\u0103 din aceste locuri.<\/p>\n<h2>CITE\u0218TE \u0218I: <span><a href=\"https:\/\/renasterea.ro\/primii-kilometri-de-asfalt-pe-portiunea-de-autostrada-margina-holdea-video\/\">Primii kilometri de asfalt pe por\u021biunea de autostrad\u0103 Margina \u2013 Holdea (video)<\/a><\/span><\/h2>\n<p>De asemenea, localnicilor \u0219i oaspe\u021bilor le va fi oferit un spectacol de muzic\u0103, dans \u0219i poezie popular\u0103, cu participarea arti\u0219tilor Ilie Medrea, Mircea C\u00e2r\u021bi\u0219orean, Costel Bambu, Valentin Matei, Puiu Bogdan, Florin Todor, Andrei \u0219i Theea Ploscariu, Miriam Stan, Beatrice Chipereanu, Patric Pop, Ianis \u0219i David Bogdan, Cornel Bulzan, Erich Wuchinger, Ion Vasile, Alin Jarja, David Cordea, M\u0103d\u0103lin Lupulescu, Manu Dumitrescu, Claudiu Rom\u00e2nu, precum \u0219i a membrilor ansamblului F\u0103ge\u021beana.<\/p>\n<\/div>\n<p>[analyse_source url=&#8221;https:\/\/renasterea.ro\/vatra-de-olari-intr-un-loc-pitoresc-din-judetul-timis\/&#8221;]<\/p>\n","protected":false},"excerpt":{"rendered":"<p>[analyse_image type=&#8221;featured&#8221; src=&#8221;https:\/\/renasterea.ro\/ro\/wp-content\/uploads\/2026\/08\/vatra-de-olari.jpghttps:\/\/renasterea.ro\/ro\/wp-content\/uploads\/2026\/08\/vatra-de-olari.jpg&#8221;] Pitorescul sat Jup\u00e2ne\u0219ti din zona montan\u0103 a jude\u021bului Timi\u0219 va g\u0103zdui duminic\u0103, 23 august, cu \u00eencepere de la ora 10,30, cea de-a 45-a edi\u021bie a t\u00e2rgului de ceramic\u0103 tradi\u021bional\u0103 \u201eVatr\u0103 de Olari\u201d. Organizat de administra\u021bia local\u0103 a ora\u0219ului F\u0103get, \u00een componen\u021ba c\u0103ruia se afl\u0103 \u0219i satul Jup\u00e2ne\u0219ti, evenimentul \u2013 care se va [&hellip;]<\/p>\n","protected":false},"author":1,"featured_media":0,"comment_status":"open","ping_status":"","sticky":false,"template":"","format":"standard","meta":{"footnotes":""},"categories":[89],"tags":[226,188],"class_list":["post-2106084","post","type-post","status-publish","format-standard","hentry","category-romania","tag-crawlmanager","tag-renasterea-ro"],"_links":{"self":[{"href":"https:\/\/analyse.optim.biz\/index.php?rest_route=\/wp\/v2\/posts\/2106084","targetHints":{"allow":["GET"]}}],"collection":[{"href":"https:\/\/analyse.optim.biz\/index.php?rest_route=\/wp\/v2\/posts"}],"about":[{"href":"https:\/\/analyse.optim.biz\/index.php?rest_route=\/wp\/v2\/types\/post"}],"author":[{"embeddable":true,"href":"https:\/\/analyse.optim.biz\/index.php?rest_route=\/wp\/v2\/users\/1"}],"replies":[{"embeddable":true,"href":"https:\/\/analyse.optim.biz\/index.php?rest_route=%2Fwp%2Fv2%2Fcomments&post=2106084"}],"version-history":[{"count":0,"href":"https:\/\/analyse.optim.biz\/index.php?rest_route=\/wp\/v2\/posts\/2106084\/revisions"}],"wp:attachment":[{"href":"https:\/\/analyse.optim.biz\/index.php?rest_route=%2Fwp%2Fv2%2Fmedia&parent=2106084"}],"wp:term":[{"taxonomy":"category","embeddable":true,"href":"https:\/\/analyse.optim.biz\/index.php?rest_route=%2Fwp%2Fv2%2Fcategories&post=2106084"},{"taxonomy":"post_tag","embeddable":true,"href":"https:\/\/analyse.optim.biz\/index.php?rest_route=%2Fwp%2Fv2%2Ftags&post=2106084"}],"curies":[{"name":"wp","href":"https:\/\/api.w.org\/{rel}","templated":true}]}}