{"id":210608,"date":"2014-03-03T07:56:58","date_gmt":"2014-03-03T04:56:58","guid":{"rendered":"https:\/\/analyse.optim.biz\/?p=210608"},"modified":"2014-03-03T07:56:58","modified_gmt":"2014-03-03T04:56:58","slug":"guvernul-ponta-3-cine-isi-adjudeca-ministerele-negocierile-se-poarta-luni","status":"publish","type":"post","link":"https:\/\/analyse.optim.biz\/?p=210608","title":{"rendered":"Guvernul Ponta 3: Cine \u00ee\u015fi adjudec\u0103 ministerele. Negocierile se poart\u0103 luni"},"content":{"rendered":"<div class=\"entry data-app-meta data-app-meta-article\" data-embed-base-url-canonical=\"https:\/\/www.digi24.ro\/embed\/stiri\/actualitate\/politica\/guvernul-ponta-3-cine-isi-adjudeca-ministerele-negocierile-se-poarta-luni-208315\">\n<p data-index=\"1\"><span><strong>\u00cencepe \u00eemp\u0103r\u0163irea portofoliilor \u00een Guvernul Ponta 3. Liderii PSD, PC, UNPR \u015fi ai UDMR se \u00eent\u00e2lnesc luni diminea\u0163\u0103 pentru a decide ce ministere vor reveni fiec\u0103rei forma\u0163iuni \u00een parte. Mar\u0163i, noul Guvern ar putea primi votul de \u00eenvestitur\u0103 \u00een Parlament, dup\u0103 ce mini\u015ftrii propu\u015fi vor fi audia\u0163i.<\/strong><\/span><\/p>\n<p data-index=\"2\"><img decoding=\"async\" src=\"https:\/\/analyse.optim.biz\/wp-content\/uploads\/2024\/09\/zmzlzwuzoty1ognlnjuwyzjjzwjmnjkzmgmzytqxoq-thumb_.jpg\" data-skip-htmlfix=\"1\" title=\"zmzlzwuzoty1ognlnjuwyzjjzwjmnjkzmgmzytqxoq-thumb_\"><\/p>\n<p data-index=\"3\"><span><strong><a href=\"http:\/\/ro.wikipedia.org\/wiki\/Palatul_Victoria\" target=\"_blank\" data-skip-linkfix=\"1\" rel=\"noopener\">Surs\u0103 foto: wikipedia.org<\/a><\/strong><\/span><\/p>\n<p data-index=\"4\">Pre\u015fedintele Traian B\u0103sescu a anun\u0163at deja c\u0103 <a href=\"https:\/\/www.digi24.ro\/Stiri\/Digi24\/Actualitate\/Politica\/Traian+Basescu+In+programul+de+guvernare+aprobat+in+Parlament+se\" target=\"_blank\" data-skip-linkfix=\"1\" rel=\"noopener\"><strong>ia \u00een calcul posibilitatea atac\u0103rii noului Executiv la Curtea Constitu\u0163ional\u0103, pe motiv c\u0103 nu este vorba de o simpl\u0103 remaniere, ci despre schimbarea programului de guvernare<\/strong><\/a>. Primul om din stat ar fi vrut ca premierul Victor Ponta s\u0103 \u00ee\u015fi depun\u0103 mandatul, dup\u0103 care s\u0103 \u00eenceap\u0103 consult\u0103ri la Cotroceni pentru desemnarea unui alt prim-ministru.<\/p>\n<p data-index=\"5\">Duminic\u0103, <a href=\"https:\/\/www.digi24.ro\/Stiri\/Digi24\/Actualitate\/Politica\/UDMR+ar+putea+incepe+astazi+negocierile+de+intrare+la+guvernare+\" target=\"_blank\" data-skip-linkfix=\"1\" rel=\"noopener\"><strong>liderii Uniunii au aprobat \u00eenceperea discu\u0163iilor cu Victor Ponta<\/strong><\/a>. UDMR pune \u00eens\u0103 condi\u0163ii, iar cea mai important\u0103 se refer\u0103 la drepturile minorit\u0103\u0163ilor. \u201e<em><strong>Func\u021biile sunt necesare, dar nu plec\u0103m de la func\u021bii, plec\u0103m de la program, de con\u021binutul acordului. Am preg\u0103tit un document cu trei capitole importante, primul vizeaz\u0103 drepturile minorit\u0103\u021bilor na\u021bionale \u0219i toat\u0103 problematica minorit\u0103\u021bii maghiare, al doilea capitol vizeaz\u0103 problemele economice, sociale, cap trei vizeaz\u0103 dezvoltarea regional\u0103, infrastructur\u0103<\/strong><\/em>\u201d, a spus Kelemen Hunor cu ocazia discu\u0163iilor.<\/p>\n<\/div>\n<p> Source URL: https:\/\/www.digi24.ro\/stiri\/actualitate\/politica\/guvernul-ponta-3-cine-isi-adjudeca-ministerele-negocierile-se-poarta-luni-208315<\/p>\n","protected":false},"excerpt":{"rendered":"<p>\u00cencepe \u00eemp\u0103r\u0163irea portofoliilor \u00een Guvernul Ponta 3. Liderii PSD, PC, UNPR \u015fi ai UDMR se \u00eent\u00e2lnesc luni diminea\u0163\u0103 pentru a decide ce ministere vor reveni fiec\u0103rei forma\u0163iuni \u00een parte. Mar\u0163i, noul Guvern ar putea primi votul de \u00eenvestitur\u0103 \u00een Parlament, dup\u0103 ce mini\u015ftrii propu\u015fi vor fi audia\u0163i. Surs\u0103 foto: wikipedia.org Pre\u015fedintele Traian B\u0103sescu a anun\u0163at [&hellip;]<\/p>\n","protected":false},"author":1,"featured_media":210609,"comment_status":"open","ping_status":"","sticky":false,"template":"","format":"standard","meta":{"footnotes":""},"categories":[2],"tags":[11],"class_list":["post-210608","post","type-post","status-publish","format-standard","has-post-thumbnail","hentry","category-politics","tag-digi24"],"_links":{"self":[{"href":"https:\/\/analyse.optim.biz\/index.php?rest_route=\/wp\/v2\/posts\/210608","targetHints":{"allow":["GET"]}}],"collection":[{"href":"https:\/\/analyse.optim.biz\/index.php?rest_route=\/wp\/v2\/posts"}],"about":[{"href":"https:\/\/analyse.optim.biz\/index.php?rest_route=\/wp\/v2\/types\/post"}],"author":[{"embeddable":true,"href":"https:\/\/analyse.optim.biz\/index.php?rest_route=\/wp\/v2\/users\/1"}],"replies":[{"embeddable":true,"href":"https:\/\/analyse.optim.biz\/index.php?rest_route=%2Fwp%2Fv2%2Fcomments&post=210608"}],"version-history":[{"count":0,"href":"https:\/\/analyse.optim.biz\/index.php?rest_route=\/wp\/v2\/posts\/210608\/revisions"}],"wp:featuredmedia":[{"embeddable":true,"href":"https:\/\/analyse.optim.biz\/index.php?rest_route=\/wp\/v2\/media\/210609"}],"wp:attachment":[{"href":"https:\/\/analyse.optim.biz\/index.php?rest_route=%2Fwp%2Fv2%2Fmedia&parent=210608"}],"wp:term":[{"taxonomy":"category","embeddable":true,"href":"https:\/\/analyse.optim.biz\/index.php?rest_route=%2Fwp%2Fv2%2Fcategories&post=210608"},{"taxonomy":"post_tag","embeddable":true,"href":"https:\/\/analyse.optim.biz\/index.php?rest_route=%2Fwp%2Fv2%2Ftags&post=210608"}],"curies":[{"name":"wp","href":"https:\/\/api.w.org\/{rel}","templated":true}]}}