{"id":2106069,"date":"2026-08-18T10:57:12","date_gmt":"2026-08-18T07:57:12","guid":{"rendered":"https:\/\/analyse.optim.biz\/?p=2106069"},"modified":"2026-08-18T10:57:12","modified_gmt":"2026-08-18T07:57:12","slug":"agresiune-cu-levier-si-obiect-din-lemn-in-peretu-politistii-au-tras-doua-focuri-de-avertisment-pentru","status":"publish","type":"post","link":"https:\/\/analyse.optim.biz\/?p=2106069","title":{"rendered":"Agresiune cu levier \u0219i obiect din lemn \u00een Peretu. Poli\u021bi\u0219tii au tras dou\u0103 focuri de avertisment pentru"},"content":{"rendered":"<p>[analyse_image type=&#8221;featured&#8221; src=&#8221;https:\/\/liberinteleorman.ro\/wp-content\/uploads\/2026\/08\/WhatsApp-Image-2026-08-18-at-13.52.05.jpeg&#8221;]<\/p>\n<div class=\"entry-content single56__content single56__post_content single56__body_area\">\n<p>Poli\u021bi\u0219tii din cadrul Poli\u021biei municipiului Ro\u0219iori de Vede efectueaz\u0103 cercet\u0103ri \u00een cadrul unui dosar penal \u00eentocmit sub aspectul s\u0103v\u00e2r\u0219irii infrac\u021biunii de lovirea sau alte violen\u021be.<\/p>\n<p>\u00cen fapt, la data de 7 august a.c., poli\u021bi\u0219tii au fost sesiza\u021bi, prin S.N.U.A.U. 112, de c\u0103tre un b\u0103rbat, din comuna Peretu, despre faptul c\u0103 ar fi fost agresat fizic.<\/p>\n<p>Poli\u021bi\u0219tii Sec\u021biei 4 Poli\u021bie Rural\u0103 Ro\u0219iori de Vede deplasa\u021bi la fa\u021ba locului au stabilit faptul c\u0103 cele sesizate se confirm\u0103, \u00een sensul c\u0103, \u00een timp ce se aflau \u00een comuna Peretu, pe fondul unui conflict spontan, un b\u0103rbat ar fi fost agresat fizic cu un levier \u0219i un obiect contondent din lemn, de c\u0103tre trei tineri.<\/p>\n<p>Persoanele implicate s-au sustras urm\u0103ririi penale, exist\u00e2nd indicii c\u0103 ar fi p\u0103r\u0103sit teritoriul Rom\u00e2niei.<\/p>\n<p>La data de 17 august a.c., fiind \u00een continuarea cercet\u0103rilor, poli\u021bi\u0219tii au organizat filtre rutiere, at\u00e2t \u00een jude\u021bul Teleorman, c\u00e2t \u0219i jude\u021bul Olt, \u00een vederea identific\u0103rii \u0219i opririi a trei autoturisme, \u00een care exist\u0103 b\u0103nuiala c\u0103 se aflau cei trei tineri implica\u021bi \u00een eveniment.<\/p>\n<p>\u00cen momentul \u00een care autoturismele au fost depistate de poli\u021bi\u0219tii care instituiau filtrele rutiere, conduc\u0103torii auto nu au oprit la semnalul acestora, continu\u00e2ndu-\u0219i deplasarea, fapt ce a determinat executarea a dou\u0103 focuri de avertisment \u00een plan vertical, nefiind \u00eenregistrate victime sau pagube materiale.<\/p>\n<p>Ulterior interven\u021biei poli\u021bi\u0219tilor, autoturismele au fost oprite, printre ocupan\u021bii acestora reg\u0103sindu-se \u0219i tinerii b\u0103nui\u021bi de comiterea faptei. Toate persoanele au fost conduse la sediul poli\u021biei \u00een vederea continu\u0103rii cercet\u0103rilor.<\/p>\n<p>De asemenea, cu ocazia controalelor autoturismelor, au fost g\u0103site \u0219i ridicate mai multe obiecte contondente \u0219i t\u0103ietor-\u00een\u021bep\u0103toare.<\/p>\n<p>\u00cen urma administr\u0103rii probatoriului, a fost dispus\u0103 m\u0103sura re\u021binerii fa\u021b\u0103 de cei trei tineri b\u0103nui\u021bi de comiterea infrac\u021biunii de lovirea sau alte violen\u021be.<\/p>\n<p>Cercet\u0103rile sunt continuate, sub coordonarea procurorului din cadrul Parchetului de pe l\u00e2ng\u0103 Judec\u0103toria Ro\u0219iori de Vede.<\/p>\n<\/div>\n<p>[analyse_source url=&#8221;https:\/\/liberinteleorman.ro\/agresiune-cu-levier-si-obiect-din-lemn-in-peretu-politistii-au-tras-doua-focuri-de-avertisment-pentru-oprirea-a-trei-masini\/&#8221;]<\/p>\n","protected":false},"excerpt":{"rendered":"<p>[analyse_image type=&#8221;featured&#8221; src=&#8221;https:\/\/liberinteleorman.ro\/wp-content\/uploads\/2026\/08\/WhatsApp-Image-2026-08-18-at-13.52.05.jpeg&#8221;] Poli\u021bi\u0219tii din cadrul Poli\u021biei municipiului Ro\u0219iori de Vede efectueaz\u0103 cercet\u0103ri \u00een cadrul unui dosar penal \u00eentocmit sub aspectul s\u0103v\u00e2r\u0219irii infrac\u021biunii de lovirea sau alte violen\u021be. \u00cen fapt, la data de 7 august a.c., poli\u021bi\u0219tii au fost sesiza\u021bi, prin S.N.U.A.U. 112, de c\u0103tre un b\u0103rbat, din comuna Peretu, despre faptul c\u0103 ar fi [&hellip;]<\/p>\n","protected":false},"author":1,"featured_media":0,"comment_status":"open","ping_status":"","sticky":false,"template":"","format":"standard","meta":{"footnotes":""},"categories":[89],"tags":[226,181],"class_list":["post-2106069","post","type-post","status-publish","format-standard","hentry","category-romania","tag-crawlmanager","tag-liberinteleorman-ro"],"_links":{"self":[{"href":"https:\/\/analyse.optim.biz\/index.php?rest_route=\/wp\/v2\/posts\/2106069","targetHints":{"allow":["GET"]}}],"collection":[{"href":"https:\/\/analyse.optim.biz\/index.php?rest_route=\/wp\/v2\/posts"}],"about":[{"href":"https:\/\/analyse.optim.biz\/index.php?rest_route=\/wp\/v2\/types\/post"}],"author":[{"embeddable":true,"href":"https:\/\/analyse.optim.biz\/index.php?rest_route=\/wp\/v2\/users\/1"}],"replies":[{"embeddable":true,"href":"https:\/\/analyse.optim.biz\/index.php?rest_route=%2Fwp%2Fv2%2Fcomments&post=2106069"}],"version-history":[{"count":0,"href":"https:\/\/analyse.optim.biz\/index.php?rest_route=\/wp\/v2\/posts\/2106069\/revisions"}],"wp:attachment":[{"href":"https:\/\/analyse.optim.biz\/index.php?rest_route=%2Fwp%2Fv2%2Fmedia&parent=2106069"}],"wp:term":[{"taxonomy":"category","embeddable":true,"href":"https:\/\/analyse.optim.biz\/index.php?rest_route=%2Fwp%2Fv2%2Fcategories&post=2106069"},{"taxonomy":"post_tag","embeddable":true,"href":"https:\/\/analyse.optim.biz\/index.php?rest_route=%2Fwp%2Fv2%2Ftags&post=2106069"}],"curies":[{"name":"wp","href":"https:\/\/api.w.org\/{rel}","templated":true}]}}