{"id":210605,"date":"2014-03-03T11:30:36","date_gmt":"2014-03-03T08:30:36","guid":{"rendered":"https:\/\/analyse.optim.biz\/?p=210605"},"modified":"2014-03-03T11:30:36","modified_gmt":"2014-03-03T08:30:36","slug":"victor-ponta-a-semnat-protocolul-cu-udmr-uniunea-va-primi-ministerele-mediului-si-culturii-si-un-post-de-vicepremier-premierul-anunta-noul-guvern-la-16-30","status":"publish","type":"post","link":"https:\/\/analyse.optim.biz\/?p=210605","title":{"rendered":"Victor Ponta a semnat protocolul cu UDMR. Uniunea va primi ministerele Mediului \u015fi Culturii \u015fi un post de vicepremier. Premierul anun\u0163\u0103 noul Guvern la 16.30"},"content":{"rendered":"<div class=\"entry data-app-meta data-app-meta-article\" data-embed-base-url-canonical=\"https:\/\/www.digi24.ro\/embed\/stiri\/actualitate\/politica\/victor-ponta-a-semnat-protocolul-cu-udmr-uniunea-va-primi-ministerele-mediului-si-culturii-si-un-post-de-vicepremier-premierul-anunta-noul-guvern-la-16-30-208399\">\n<p data-index=\"1\"><img decoding=\"async\" src=\"https:\/\/analyse.optim.biz\/wp-content\/uploads\/2024\/09\/jmhhc2g9mdfmyzfhzdizogywmmqwyza2zgi2nme2zdi0mgflmmm-thumb_.jpg\" data-skip-htmlfix=\"1\" title=\"jmhhc2g9mdfmyzfhzdizogywmmqwyza2zgi2nme2zdi0mgflmmm-thumb_\"><\/p>\n<p data-index=\"2\"><strong>Actualizare 15.45. Victor Ponta a semnat protocolul cu UDMR.<\/strong><\/p>\n<p data-index=\"3\">&#8220;\u00cei mul\u0163umesc lui Kelemen c\u0103 va face parte din echipa guvernamental\u0103. Toate deciziile le vom lua cu respect \u015fi dialog \u015fi cu cei din opozi\u0163ie&#8221;, a declarat Victor Ponta.<strong>\u00a0<\/strong><\/p>\n<p data-index=\"4\">&#8220;\u00cemi doresc s\u0103 fim parteneri p\u00e2n\u0103 la alegerile din 2016&#8221;, a ad\u0103ugat<strong> Victor Ponta.<\/strong><\/p>\n<p data-index=\"5\">&#8220;De c\u00e2te ori am participat la guvernare, sunt convins c\u0103 am reu\u015fit s\u0103 contribuim la dezvoltarea Rom\u00e2niei \u015fi la stabilitatea societ\u0103\u0163ii. (&#8230;) Guvernarea bun\u0103 ne intereseaz\u0103&#8221;, a spus, la r\u00e2ndul s\u0103u, <strong>Kelemen Hunor.<\/strong><\/p>\n<p data-index=\"6\"><strong>Actualizare 14.15.<\/strong> PPDD este gata s\u0103 sus\u0163in\u0103 Cabinetul Ponta III. Liderii PPDD se \u00eent\u00e2lnesc la aceast\u0103 or\u0103 cu Victor Ponta.<\/p>\n<p data-index=\"7\"><strong>Actualizare 14.05. UDMR a votat intrarea la guvernare<\/strong>. Uniunea prime\u015fte Ministerul Mediului \u015fi Culturii \u015fi un post de vicepremier.\u00a0<\/p>\n<p data-index=\"8\">\u201eNoi am constatat c\u0103 \u00een acest moment Rom\u00e2nia are nevoie de stabilitate guvernamental\u0103. Am constatat c\u0103 contribu\u021bia noastr\u0103 la aceast\u0103 stabilitate este extrem de important\u0103\u201d, a declarat pre\u0219edintele UDMR <strong><a href=\"https:\/\/www.digi24.ro\/Stiri\/Digi24\/Actualitate\/Politica\/Kelemen+Hunor+Eu+voi+prelua+Ministerul+Culturii+si+postul+de+vic\" target=\"_blank\" data-skip-linkfix=\"1\" rel=\"noopener\">Kelemen Hunor<\/a>. \u00a0<\/strong><\/p>\n<p data-index=\"9\">Liderii UDMR \u015fi Victor Ponta vor semna protocolul de colaborare la 15.30.<\/p>\n<p data-index=\"10\"><strong>Actualizare 12.44.<\/strong> Potrivit unor surse din PSD, Rovana Plumb ar putea fi viitorul ministru al Muncii.<\/p>\n<p data-index=\"11\"><strong>Actualizare 12.08.<\/strong> Victor Ponta anun\u0163\u0103 noul Guvern la 16.30. Anun\u0163ul va fi f\u0103cut la Parlament, potrivit unor surse.<\/p>\n<hr>\n<p data-index=\"12\">UDMR dore\u015fte ministerele Culturii, Mediului \u015fi S\u0103n\u0103t\u0103\u0163ii.<\/p>\n<p data-index=\"13\">PSD nu dore\u015fte \u00eens\u0103 s\u0103 cedeze portofoliul S\u0103n\u0103t\u0103\u0163ii.<\/p>\n<p data-index=\"14\">Liderii UDMR se reunesc \u00een \u015fedin\u0163\u0103 ast\u0103zi, la ora 12.00, iar cei ai PSD la 14.30.<\/p>\n<p data-index=\"15\">Mar\u0163i, noul Guvern ar putea primi votul de \u00eenvestitur\u0103 \u00een Parlament, dup\u0103 ce mini\u015ftrii propu\u015fi vor fi audia\u0163i.<\/p>\n<p data-index=\"16\">Duminic\u0103, <strong><a href=\"https:\/\/www.digi24.ro\/Stiri\/Digi24\/Actualitate\/Politica\/UDMR+ar+putea+incepe+astazi+negocierile+de+intrare+la+guvernare+\" target=\"_blank\" data-skip-linkfix=\"1\" rel=\"noopener\">liderii Uniunii<\/a><\/strong>au aprobat \u00eenceperea discu\u0163iilor cu Victor Ponta. UDMR pune \u00eens\u0103 condi\u0163ii, iar cea mai important\u0103 se refer\u0103 la drepturile minorit\u0103\u0163ilor. \u201eFunc\u021biile sunt necesare, dar nu plec\u0103m de la func\u021bii, plec\u0103m de la program, de con\u021binutul acordului. Am preg\u0103tit un document cu trei capitole importante, primul vizeaz\u0103 drepturile minorit\u0103\u021bilor na\u021bionale \u0219i toat\u0103 problematica minorit\u0103\u021bii maghiare, al doilea capitol vizeaz\u0103 problemele economice, sociale, cap trei vizeaz\u0103 dezvoltarea regional\u0103, infrastructur\u0103\u201d, a spus Kelemen Hunor cu ocazia discu\u0163iilor. \u00a0<\/p>\n<\/div>\n<p> Source URL: https:\/\/www.digi24.ro\/stiri\/actualitate\/politica\/victor-ponta-a-semnat-protocolul-cu-udmr-uniunea-va-primi-ministerele-mediului-si-culturii-si-un-post-de-vicepremier-premierul-anunta-noul-guvern-la-16-30-208399<\/p>\n","protected":false},"excerpt":{"rendered":"<p>Actualizare 15.45. Victor Ponta a semnat protocolul cu UDMR. &#8220;\u00cei mul\u0163umesc lui Kelemen c\u0103 va face parte din echipa guvernamental\u0103. Toate deciziile le vom lua cu respect \u015fi dialog \u015fi cu cei din opozi\u0163ie&#8221;, a declarat Victor Ponta.\u00a0 &#8220;\u00cemi doresc s\u0103 fim parteneri p\u00e2n\u0103 la alegerile din 2016&#8221;, a ad\u0103ugat Victor Ponta. &#8220;De c\u00e2te ori [&hellip;]<\/p>\n","protected":false},"author":1,"featured_media":210606,"comment_status":"open","ping_status":"","sticky":false,"template":"","format":"standard","meta":{"footnotes":""},"categories":[2],"tags":[11],"class_list":["post-210605","post","type-post","status-publish","format-standard","has-post-thumbnail","hentry","category-politics","tag-digi24"],"_links":{"self":[{"href":"https:\/\/analyse.optim.biz\/index.php?rest_route=\/wp\/v2\/posts\/210605","targetHints":{"allow":["GET"]}}],"collection":[{"href":"https:\/\/analyse.optim.biz\/index.php?rest_route=\/wp\/v2\/posts"}],"about":[{"href":"https:\/\/analyse.optim.biz\/index.php?rest_route=\/wp\/v2\/types\/post"}],"author":[{"embeddable":true,"href":"https:\/\/analyse.optim.biz\/index.php?rest_route=\/wp\/v2\/users\/1"}],"replies":[{"embeddable":true,"href":"https:\/\/analyse.optim.biz\/index.php?rest_route=%2Fwp%2Fv2%2Fcomments&post=210605"}],"version-history":[{"count":0,"href":"https:\/\/analyse.optim.biz\/index.php?rest_route=\/wp\/v2\/posts\/210605\/revisions"}],"wp:featuredmedia":[{"embeddable":true,"href":"https:\/\/analyse.optim.biz\/index.php?rest_route=\/wp\/v2\/media\/210606"}],"wp:attachment":[{"href":"https:\/\/analyse.optim.biz\/index.php?rest_route=%2Fwp%2Fv2%2Fmedia&parent=210605"}],"wp:term":[{"taxonomy":"category","embeddable":true,"href":"https:\/\/analyse.optim.biz\/index.php?rest_route=%2Fwp%2Fv2%2Fcategories&post=210605"},{"taxonomy":"post_tag","embeddable":true,"href":"https:\/\/analyse.optim.biz\/index.php?rest_route=%2Fwp%2Fv2%2Ftags&post=210605"}],"curies":[{"name":"wp","href":"https:\/\/api.w.org\/{rel}","templated":true}]}}