{"id":2106029,"date":"2026-08-21T12:01:29","date_gmt":"2026-08-21T09:01:29","guid":{"rendered":"https:\/\/analyse.optim.biz\/?p=2106029"},"modified":"2026-08-21T12:01:29","modified_gmt":"2026-08-21T09:01:29","slug":"587-de-ani-de-istorie-pentru-ramnicu-sarat","status":"publish","type":"post","link":"https:\/\/analyse.optim.biz\/?p=2106029","title":{"rendered":"587 de ani de istorie pentru R\u00e2mnicu-S\u0103rat"},"content":{"rendered":"<p>[analyse_image type=&#8221;featured&#8221; src=&#8221;https:\/\/revistaverde.ro\/wp-content\/uploads\/2026\/08\/R-LUNGU.jpg&#8221;]<\/p>\n<article id=\"post-15839\" class=\"post-15839 post type-post status-publish format-standard has-post-thumbnail hentry category-eco-tiri category-evnimente category-international\">\n<header class=\"entry-header mh-clearfix\">\n<h1 class=\"entry-title\">587 de ani de istorie pentru R\u00e2mnicu-S\u0103rat<\/h1>\n<p class=\"mh-meta entry-meta\"><span class=\"entry-meta-date updated\"><a href=\"https:\/\/revistaverde.ro\/2026\/08\/\">august 21, 2026<\/a><\/span><span class=\"entry-meta-author author vcard\"><a class=\"fn\" href=\"https:\/\/revistaverde.ro\/author\/revistaverdefrumoasa2017\/\">M\u0103rg\u0103rit GROSU<\/a><\/span><span class=\"entry-meta-categories\"><a href=\"https:\/\/revistaverde.ro\/category\/local\/eco-tiri\/\" rel=\"category tag\">Eco \u015etiri<\/a>, <a href=\"https:\/\/revistaverde.ro\/category\/local\/evnimente\/\" rel=\"category tag\">Evenimente<\/a>, <a href=\"https:\/\/revistaverde.ro\/category\/international\/\" rel=\"category tag\">international<\/a><\/span><span class=\"entry-meta-comments\"><a class=\"mh-comment-scroll\" href=\"https:\/\/revistaverde.ro\/2026\/08\/21\/587-de-ani-de-istorie-pentru-ramnicu-sarat\/#mh-comments\">0<\/a><\/span><\/p>\n<\/header>\n<div class=\"entry-content mh-clearfix\">\n<figure class=\"entry-thumbnail\"><img decoding=\"async\" src=\"https:\/\/revistaverde.ro\/wp-content\/uploads\/2026\/08\/R-LUNGU-678x381.jpg\" alt title=\"R LUNGU\"><\/figure>\n<p>\u201dLa R\u00e2mnicu S\u0103rat a avut loc un eveniment care a pus \u00een centru exact ceea ce conteaz\u0103 cel mai mult \u00eentr-o comunitate: oamenii.<\/p>\n<p>587 de ani de istorie \u00eenseamn\u0103 mult, dar un ora\u0219 nu tr\u0103ie\u0219te doar din trecutul lui. Tr\u0103ie\u0219te prin profesorii care formeaz\u0103 genera\u021bii, prin medici, prin oamenii de cultur\u0103, prin antreprenori, prin administra\u021bie \u0219i prin to\u021bi cei care, zi de zi, fac c\u00e2te ceva pentru locul \u00een care tr\u0103iesc.<\/p>\n<p>M-am bucurat s\u0103 v\u0103d aceast\u0103 idee pus\u0103 at\u00e2t de frumos \u00een valoare \u0219i s\u0103 vorbesc despre parteneriatul pe care PSD Buz\u0103u l-a avut \u0219i \u00eel va avea \u00een continuare cu R\u00e2mnicu S\u0103rat.<\/p>\n<p><a href=\"https:\/\/www.facebook.com\/SorinCirjanPrimar?__cft__%5b0%5d=AZaJt7tLh86XV9uTeNl_3ApZr1jn7Cucq-vXgyCZCwgUxVg4oE3_Vzth9QeZEW6kKte9_daWBtZpoUb0HDhhHPrOjhO8Bo8cNgoaK0U-KrizJo8Ay4onOwhklbLbh7We_e9VvvvCAKCIa50mu05yNBdJX9hYSNaRdmCkJIPaw0ktOJ-WyQPAb3_R5nE4fOKwmcpr4F5RzYqmVVXescWY7N6R&amp;__tn__=-%5dK-R\"><strong>Sorin C\u00eerjan<\/strong><\/a> \u0219i echipa sa au demonstrat c\u0103 atunci c\u00e2nd exist\u0103 proiecte bune \u0219i seriozitate, rezultatele apar.<\/p>\n<p>Iar sprijinul nostru va continu\u0103.<\/p>\n<p>Ora\u0219ul \u0219i \u00eentreaga zon\u0103 au nevoie \u00een continuare de investi\u021bii, infrastructur\u0103, servicii mai bune \u0219i oportunit\u0103\u021bi pentru oameni.<\/p>\n<p>La mul\u021bi ani, R\u00e2mnicu S\u0103rat! La mul\u021bi ani celor care, prin munca lor, scriu \u00een fiecare zi povestea acestui ora\u0219!\u201d<\/p>\n<p>(Dep. Romeo LUNGU, pre\u0219edintele PSD Buz\u0103u)<\/p>\n<figure class=\"wp-block-image size-large\"><img loading=\"lazy\" decoding=\"async\" width=\"1024\" height=\"683\" src=\"http:\/\/revistaverde.ro\/wp-content\/uploads\/2026\/08\/R-LUNGU-1-1024x683.jpg\" alt class=\"wp-image-15841\"><\/figure>\n<div class=\"col-md-2 col-sm-4 col-xs-4\"> .col-md-2 { float:left; width: 16.6667%; } <\/div>\n<div class=\"col-md-2 col-sm-4 col-xs-4\"> .col-md-2 { float:left; width: 16.6667%; } <\/p>\n<div class=\"fb-share-button\" data-href=\"https:\/\/revistaverde.ro\/2026\/08\/21\/587-de-ani-de-istorie-pentru-ramnicu-sarat\/\" data-layout=\"button\" data-size=\"large\" data-mobile-iframe=\"true\"><a class=\"fb-xfbml-parse-ignore\" target=\"_blank\" href=\"https:\/\/www.facebook.com\/sharer\/sharer.php?u=https%3A%2F%2Frevistaverde.ro%2F2026%2F08%2F21%2F587-de-ani-de-istorie-pentru-ramnicu-sarat%2F&amp;src=sdkpreparse\">Share<\/a><\/div>\n<\/div>\n<div class=\"col-md-2 col-sm-4 col-xs-4\"> .col-md-2 { float:left; width: 16.6667%; } <\/div>\n<\/div>\n<\/article>\n<div class=\"entry-content mh-clearfix\">\n<figure class=\"entry-thumbnail\"><img decoding=\"async\" src=\"https:\/\/revistaverde.ro\/wp-content\/uploads\/2026\/08\/R-LUNGU-678x381.jpg\" alt title=\"R LUNGU\"><\/figure>\n<p>\u201dLa R\u00e2mnicu S\u0103rat a avut loc un eveniment care a pus \u00een centru exact ceea ce conteaz\u0103 cel mai mult \u00eentr-o comunitate: oamenii.<\/p>\n<p>587 de ani de istorie \u00eenseamn\u0103 mult, dar un ora\u0219 nu tr\u0103ie\u0219te doar din trecutul lui. Tr\u0103ie\u0219te prin profesorii care formeaz\u0103 genera\u021bii, prin medici, prin oamenii de cultur\u0103, prin antreprenori, prin administra\u021bie \u0219i prin to\u021bi cei care, zi de zi, fac c\u00e2te ceva pentru locul \u00een care tr\u0103iesc.<\/p>\n<p>M-am bucurat s\u0103 v\u0103d aceast\u0103 idee pus\u0103 at\u00e2t de frumos \u00een valoare \u0219i s\u0103 vorbesc despre parteneriatul pe care PSD Buz\u0103u l-a avut \u0219i \u00eel va avea \u00een continuare cu R\u00e2mnicu S\u0103rat.<\/p>\n<p><a href=\"https:\/\/www.facebook.com\/SorinCirjanPrimar?__cft__%5b0%5d=AZaJt7tLh86XV9uTeNl_3ApZr1jn7Cucq-vXgyCZCwgUxVg4oE3_Vzth9QeZEW6kKte9_daWBtZpoUb0HDhhHPrOjhO8Bo8cNgoaK0U-KrizJo8Ay4onOwhklbLbh7We_e9VvvvCAKCIa50mu05yNBdJX9hYSNaRdmCkJIPaw0ktOJ-WyQPAb3_R5nE4fOKwmcpr4F5RzYqmVVXescWY7N6R&amp;__tn__=-%5dK-R\"><strong>Sorin C\u00eerjan<\/strong><\/a> \u0219i echipa sa au demonstrat c\u0103 atunci c\u00e2nd exist\u0103 proiecte bune \u0219i seriozitate, rezultatele apar.<\/p>\n<p>Iar sprijinul nostru va continu\u0103.<\/p>\n<p>Ora\u0219ul \u0219i \u00eentreaga zon\u0103 au nevoie \u00een continuare de investi\u021bii, infrastructur\u0103, servicii mai bune \u0219i oportunit\u0103\u021bi pentru oameni.<\/p>\n<p>La mul\u021bi ani, R\u00e2mnicu S\u0103rat! La mul\u021bi ani celor care, prin munca lor, scriu \u00een fiecare zi povestea acestui ora\u0219!\u201d<\/p>\n<p>(Dep. Romeo LUNGU, pre\u0219edintele PSD Buz\u0103u)<\/p>\n<figure class=\"wp-block-image size-large\"><img loading=\"lazy\" decoding=\"async\" width=\"1024\" height=\"683\" src=\"http:\/\/revistaverde.ro\/wp-content\/uploads\/2026\/08\/R-LUNGU-1-1024x683.jpg\" alt class=\"wp-image-15841\"><\/figure>\n<div class=\"col-md-2 col-sm-4 col-xs-4\"> .col-md-2 { float:left; width: 16.6667%; } <\/div>\n<div class=\"col-md-2 col-sm-4 col-xs-4\"> .col-md-2 { float:left; width: 16.6667%; } <\/p>\n<div class=\"fb-share-button\" data-href=\"https:\/\/revistaverde.ro\/2026\/08\/21\/587-de-ani-de-istorie-pentru-ramnicu-sarat\/\" data-layout=\"button\" data-size=\"large\" data-mobile-iframe=\"true\"><a class=\"fb-xfbml-parse-ignore\" target=\"_blank\" href=\"https:\/\/www.facebook.com\/sharer\/sharer.php?u=https%3A%2F%2Frevistaverde.ro%2F2026%2F08%2F21%2F587-de-ani-de-istorie-pentru-ramnicu-sarat%2F&amp;src=sdkpreparse\">Share<\/a><\/div>\n<\/div>\n<div class=\"col-md-2 col-sm-4 col-xs-4\"> .col-md-2 { float:left; width: 16.6667%; } <\/div>\n<\/div>\n<p>[analyse_source url=&#8221;https:\/\/revistaverde.ro\/2026\/08\/21\/587-de-ani-de-istorie-pentru-ramnicu-sarat\/&#8221;]<\/p>\n","protected":false},"excerpt":{"rendered":"<p>[analyse_image type=&#8221;featured&#8221; src=&#8221;https:\/\/revistaverde.ro\/wp-content\/uploads\/2026\/08\/R-LUNGU.jpg&#8221;] 587 de ani de istorie pentru R\u00e2mnicu-S\u0103rat august 21, 2026M\u0103rg\u0103rit GROSUEco \u015etiri, Evenimente, international0 \u201dLa R\u00e2mnicu S\u0103rat a avut loc un eveniment care a pus \u00een centru exact ceea ce conteaz\u0103 cel mai mult \u00eentr-o comunitate: oamenii. 587 de ani de istorie \u00eenseamn\u0103 mult, dar un ora\u0219 nu tr\u0103ie\u0219te doar din trecutul [&hellip;]<\/p>\n","protected":false},"author":1,"featured_media":0,"comment_status":"open","ping_status":"","sticky":false,"template":"","format":"standard","meta":{"footnotes":""},"categories":[2],"tags":[226,57],"class_list":["post-2106029","post","type-post","status-publish","format-standard","hentry","category-politics","tag-crawlmanager","tag-revistaverde-ro"],"_links":{"self":[{"href":"https:\/\/analyse.optim.biz\/index.php?rest_route=\/wp\/v2\/posts\/2106029","targetHints":{"allow":["GET"]}}],"collection":[{"href":"https:\/\/analyse.optim.biz\/index.php?rest_route=\/wp\/v2\/posts"}],"about":[{"href":"https:\/\/analyse.optim.biz\/index.php?rest_route=\/wp\/v2\/types\/post"}],"author":[{"embeddable":true,"href":"https:\/\/analyse.optim.biz\/index.php?rest_route=\/wp\/v2\/users\/1"}],"replies":[{"embeddable":true,"href":"https:\/\/analyse.optim.biz\/index.php?rest_route=%2Fwp%2Fv2%2Fcomments&post=2106029"}],"version-history":[{"count":0,"href":"https:\/\/analyse.optim.biz\/index.php?rest_route=\/wp\/v2\/posts\/2106029\/revisions"}],"wp:attachment":[{"href":"https:\/\/analyse.optim.biz\/index.php?rest_route=%2Fwp%2Fv2%2Fmedia&parent=2106029"}],"wp:term":[{"taxonomy":"category","embeddable":true,"href":"https:\/\/analyse.optim.biz\/index.php?rest_route=%2Fwp%2Fv2%2Fcategories&post=2106029"},{"taxonomy":"post_tag","embeddable":true,"href":"https:\/\/analyse.optim.biz\/index.php?rest_route=%2Fwp%2Fv2%2Ftags&post=2106029"}],"curies":[{"name":"wp","href":"https:\/\/api.w.org\/{rel}","templated":true}]}}