{"id":210602,"date":"2014-03-03T12:42:03","date_gmt":"2014-03-03T09:42:03","guid":{"rendered":"https:\/\/analyse.optim.biz\/?p=210602"},"modified":"2014-03-03T12:42:03","modified_gmt":"2014-03-03T09:42:03","slug":"crin-antonescu-probabil-vom-vota-impotriva-noului-guvern","status":"publish","type":"post","link":"https:\/\/analyse.optim.biz\/?p=210602","title":{"rendered":"Crin Antonescu: Probabil vom vota \u00eempotriva noului Guvern"},"content":{"rendered":"<div class=\"entry data-app-meta data-app-meta-article\" data-embed-base-url-canonical=\"https:\/\/www.digi24.ro\/embed\/stiri\/actualitate\/politica\/crin-antonescu-probabil-vom-vota-impotriva-noului-guvern-208468\">\n<p data-index=\"1\">\u00a0<img decoding=\"async\" src=\"https:\/\/analyse.optim.biz\/wp-content\/uploads\/2024\/09\/ad0xzwi3otmwotixzmfmzmjhnmy0nzdhmdaymzlhzgu0nq-thumb_.jpg\" data-skip-htmlfix=\"1\" title=\"ad0xzwi3otmwotixzmfmzmjhnmy0nzdhmdaymzlhzgu0nq-thumb_\"><\/p>\n<p data-index=\"2\">\u201e<span>Probabil vom vota \u00eempotriva <strong><a href=\"https:\/\/www.digi24.ro\/Stiri\/Digi24\/Actualitate\/Politica\/Impas+in+negocierile+PSD-UDMR+Uniunea+vrea+si+Ministerul+Sanatat\" target=\"_blank\" data-skip-linkfix=\"1\" rel=\"noopener\">noului guvern,<\/a><\/strong> dar din punct de vedere al interpret\u0103rii constitu\u0163ional nu cred c\u0103 teoria domnului B\u0103sescu se sus\u0163ine. Dac\u0103 <strong>Victor Ponta<\/strong> vine \u00een Parlament cu modificarea de guvern, a componen\u0163ei politice \u015fi ob\u0163ine un vot majoritar este \u00een <strong><a href=\"https:\/\/www.digi24.ro\/Stiri\/Digi24\/Actualitate\/Politica\/Traian+Basescu+In+programul+de+guvernare+aprobat+in+Parlament+se\" target=\"_blank\" data-skip-linkfix=\"1\" rel=\"noopener\">cadrul constitu\u0163ional<\/a>.<\/strong> Am cerut demisia lui Victor Ponta, dar politic. Constitu\u0163ia nu \u00eel oblig\u0103\u201d, a spus <strong>Crin Antonescu.<\/strong><\/span><\/p>\n<p data-index=\"3\">El a ad\u0103ugat c\u0103 nu a mai vorbit cu Victor Ponta.<\/p>\n<p data-index=\"4\">Antonescu a refuzat s\u0103 fac\u0103 declara\u0163ii privind componen\u0163a viitorului guvern, at\u00e2ta timp c\u00e2t nu o cunoa\u015fte.<\/p>\n<\/div>\n<p> Source URL: https:\/\/www.digi24.ro\/stiri\/actualitate\/politica\/crin-antonescu-probabil-vom-vota-impotriva-noului-guvern-208468<\/p>\n","protected":false},"excerpt":{"rendered":"<p>\u00a0 \u201eProbabil vom vota \u00eempotriva noului guvern, dar din punct de vedere al interpret\u0103rii constitu\u0163ional nu cred c\u0103 teoria domnului B\u0103sescu se sus\u0163ine. Dac\u0103 Victor Ponta vine \u00een Parlament cu modificarea de guvern, a componen\u0163ei politice \u015fi ob\u0163ine un vot majoritar este \u00een cadrul constitu\u0163ional. Am cerut demisia lui Victor Ponta, dar politic. Constitu\u0163ia nu [&hellip;]<\/p>\n","protected":false},"author":1,"featured_media":210603,"comment_status":"open","ping_status":"","sticky":false,"template":"","format":"standard","meta":{"footnotes":""},"categories":[2],"tags":[11],"class_list":["post-210602","post","type-post","status-publish","format-standard","has-post-thumbnail","hentry","category-politics","tag-digi24"],"_links":{"self":[{"href":"https:\/\/analyse.optim.biz\/index.php?rest_route=\/wp\/v2\/posts\/210602","targetHints":{"allow":["GET"]}}],"collection":[{"href":"https:\/\/analyse.optim.biz\/index.php?rest_route=\/wp\/v2\/posts"}],"about":[{"href":"https:\/\/analyse.optim.biz\/index.php?rest_route=\/wp\/v2\/types\/post"}],"author":[{"embeddable":true,"href":"https:\/\/analyse.optim.biz\/index.php?rest_route=\/wp\/v2\/users\/1"}],"replies":[{"embeddable":true,"href":"https:\/\/analyse.optim.biz\/index.php?rest_route=%2Fwp%2Fv2%2Fcomments&post=210602"}],"version-history":[{"count":0,"href":"https:\/\/analyse.optim.biz\/index.php?rest_route=\/wp\/v2\/posts\/210602\/revisions"}],"wp:featuredmedia":[{"embeddable":true,"href":"https:\/\/analyse.optim.biz\/index.php?rest_route=\/wp\/v2\/media\/210603"}],"wp:attachment":[{"href":"https:\/\/analyse.optim.biz\/index.php?rest_route=%2Fwp%2Fv2%2Fmedia&parent=210602"}],"wp:term":[{"taxonomy":"category","embeddable":true,"href":"https:\/\/analyse.optim.biz\/index.php?rest_route=%2Fwp%2Fv2%2Fcategories&post=210602"},{"taxonomy":"post_tag","embeddable":true,"href":"https:\/\/analyse.optim.biz\/index.php?rest_route=%2Fwp%2Fv2%2Ftags&post=210602"}],"curies":[{"name":"wp","href":"https:\/\/api.w.org\/{rel}","templated":true}]}}