{"id":210599,"date":"2014-03-03T14:24:52","date_gmt":"2014-03-03T11:24:52","guid":{"rendered":"https:\/\/analyse.optim.biz\/?p=210599"},"modified":"2014-03-03T14:24:52","modified_gmt":"2014-03-03T11:24:52","slug":"crin-antonescu-zgonea-vrea-sa-amanam-declaratia-privind-ucraina-dar-ar-fi-necesara-o-reactie-rapida","status":"publish","type":"post","link":"https:\/\/analyse.optim.biz\/?p=210599","title":{"rendered":"Crin Antonescu: Zgonea vrea s\u0103 am\u00e2n\u0103m declara\u0163ia privind Ucraina, dar ar fi necesar\u0103 o reac\u0163ie rapid\u0103"},"content":{"rendered":"<div class=\"entry data-app-meta data-app-meta-article\" data-embed-base-url-canonical=\"https:\/\/www.digi24.ro\/embed\/stiri\/actualitate\/politica\/crin-antonescu-zgonea-vrea-sa-amanam-declaratia-privind-ucraina-dar-ar-fi-necesara-o-reactie-rapida-208606\">\n<p data-index=\"1\">\u00a0<img decoding=\"async\" src=\"https:\/\/analyse.optim.biz\/wp-content\/uploads\/2024\/09\/c2g9zjvkotq4mja2njhkytninzhlmdayn2flnzrlnddlzjm-thumb_.jpg\" data-skip-htmlfix=\"1\" title=\"c2g9zjvkotq4mja2njhkytninzhlmdayn2flnzrlnddlzjm-thumb_\"><\/p>\n<p data-index=\"2\">Liderul PNL a fost \u00eentrebat care este stadiul discu\u0163iilor \u00een privin\u0163a declara\u0163iei care ar putea fi adoptat\u0103 \u00een Parlament \u00een privin\u0163a Ucrainei.<\/p>\n<p data-index=\"3\">Antonescu a sus\u0163inut c\u0103 declara\u0163ia propus\u0103 spre a fi adoptat\u0103 de Parlament \u00een privin\u0163a situa\u0163iei din Ucraina are consens, dar PSD ar dori s\u0103 fie am\u00e2nat\u0103 cu o s\u0103pt\u0103m\u00e2n\u0103 adoptarea documentului.<\/p>\n<p data-index=\"4\">\u201eAm discutat cu domnul pre\u015fedinte al Camerei ast\u0103zi aceast\u0103 chestiune. D\u00e2n\u015fii ar dori s\u0103 o am\u00e2n\u0103m cu o s\u0103pt\u0103m\u00e2n\u0103, pentru ca s\u0103 vin\u0103 \u015fi ministrul de Externe, s\u0103 aib\u0103 explica\u0163ii, discu\u0163ii, \u00een comisiile de politic\u0103 extern\u0103. Din punctul meu de vedere, ar fi fost mai bine mai repede, s\u0103pt\u0103m\u00e2na aceasta. O s\u0103 mai discut\u0103m \u015fi m\u00e2ine \u015fi o s\u0103 ajungem la o concluzie\u201d, a sus\u0163inut pre\u015fedintele Senatului.<\/p>\n<p data-index=\"5\">\u00cen opinia lui Antonescu, ar fi fost de dorit o \u201ereac\u0163ie rapid\u0103\u201d a Parlamentului, dar nu poate convoca singur ambele Camere \u00een \u015fedin\u0163\u0103 de plen.<\/p>\n<p data-index=\"6\">El a mai precizat c\u0103 adoptarea declara\u0163iei privind Ucraina ar fi bine s\u0103 aib\u0103 loc mar\u0163i sau miercuri.<\/p>\n<p data-index=\"7\">Duminic\u0103, pre\u015fedintele Senatului, Crin Antonescu, a anun\u0163at c\u0103 va solicita luni convocarea Birourilor Permanente, pentru ca, mar\u0163i, Parlamentul, reunit \u00een \u015fedin\u0163\u0103 comun\u0103, s\u0103 adopte o declara\u0163ie privind situa\u0163ia din Ucraina.<\/p>\n<p data-index=\"8\">USD a anun\u0163at, tot duminic\u0103, printr-un comunicat, c\u0103 sus\u0163ine reunirea plenului Parlamentului pentru adoptarea unei declara\u0163ii privind situa\u0163ia din Ucraina, men\u0163ion\u00e2nd c\u0103 momentul potrivit ar fi miercuri, dup\u0103 votul din plen de mar\u0163i pentru noua structur\u0103 a Guvernului de la Bucure\u015fti.<\/p>\n<\/div>\n<p> Source URL: https:\/\/www.digi24.ro\/stiri\/actualitate\/politica\/crin-antonescu-zgonea-vrea-sa-amanam-declaratia-privind-ucraina-dar-ar-fi-necesara-o-reactie-rapida-208606<\/p>\n","protected":false},"excerpt":{"rendered":"<p>\u00a0 Liderul PNL a fost \u00eentrebat care este stadiul discu\u0163iilor \u00een privin\u0163a declara\u0163iei care ar putea fi adoptat\u0103 \u00een Parlament \u00een privin\u0163a Ucrainei. Antonescu a sus\u0163inut c\u0103 declara\u0163ia propus\u0103 spre a fi adoptat\u0103 de Parlament \u00een privin\u0163a situa\u0163iei din Ucraina are consens, dar PSD ar dori s\u0103 fie am\u00e2nat\u0103 cu o s\u0103pt\u0103m\u00e2n\u0103 adoptarea documentului. \u201eAm [&hellip;]<\/p>\n","protected":false},"author":1,"featured_media":210600,"comment_status":"open","ping_status":"","sticky":false,"template":"","format":"standard","meta":{"footnotes":""},"categories":[2],"tags":[11],"class_list":["post-210599","post","type-post","status-publish","format-standard","has-post-thumbnail","hentry","category-politics","tag-digi24"],"_links":{"self":[{"href":"https:\/\/analyse.optim.biz\/index.php?rest_route=\/wp\/v2\/posts\/210599","targetHints":{"allow":["GET"]}}],"collection":[{"href":"https:\/\/analyse.optim.biz\/index.php?rest_route=\/wp\/v2\/posts"}],"about":[{"href":"https:\/\/analyse.optim.biz\/index.php?rest_route=\/wp\/v2\/types\/post"}],"author":[{"embeddable":true,"href":"https:\/\/analyse.optim.biz\/index.php?rest_route=\/wp\/v2\/users\/1"}],"replies":[{"embeddable":true,"href":"https:\/\/analyse.optim.biz\/index.php?rest_route=%2Fwp%2Fv2%2Fcomments&post=210599"}],"version-history":[{"count":0,"href":"https:\/\/analyse.optim.biz\/index.php?rest_route=\/wp\/v2\/posts\/210599\/revisions"}],"wp:featuredmedia":[{"embeddable":true,"href":"https:\/\/analyse.optim.biz\/index.php?rest_route=\/wp\/v2\/media\/210600"}],"wp:attachment":[{"href":"https:\/\/analyse.optim.biz\/index.php?rest_route=%2Fwp%2Fv2%2Fmedia&parent=210599"}],"wp:term":[{"taxonomy":"category","embeddable":true,"href":"https:\/\/analyse.optim.biz\/index.php?rest_route=%2Fwp%2Fv2%2Fcategories&post=210599"},{"taxonomy":"post_tag","embeddable":true,"href":"https:\/\/analyse.optim.biz\/index.php?rest_route=%2Fwp%2Fv2%2Ftags&post=210599"}],"curies":[{"name":"wp","href":"https:\/\/api.w.org\/{rel}","templated":true}]}}