{"id":2105896,"date":"2026-08-21T14:23:50","date_gmt":"2026-08-21T11:23:50","guid":{"rendered":"https:\/\/analyse.optim.biz\/?p=2105896"},"modified":"2026-08-21T14:23:50","modified_gmt":"2026-08-21T11:23:50","slug":"deponeul-de-la-ghizela-ajunge-la-86-din-lucrarile-pentru-celula-3-investitie-de-aproape-46-de-milioane-de","status":"publish","type":"post","link":"https:\/\/analyse.optim.biz\/?p=2105896","title":{"rendered":"Deponeul de la Ghizela ajunge la 86% din lucr\u0103rile pentru Celula 3. Investi\u021bie de aproape 46 de milioane de"},"content":{"rendered":"<p>[analyse_image type=&#8221;featured&#8221; src=&#8221;https:\/\/orasul-timisoara.ro\/wp-content\/uploads\/2026\/08\/Ghizela-2.jpg&#8221;]<\/p>\n<article id=\"post-40423\" class=\"td-post-template-7 post-40423 post type-post status-publish format-standard has-post-thumbnail category-administratie category-featured category-investitii-in-timisoara category-stiri-timisoara tag-celula-3 tag-consiliul-judetean-timis-2 tag-deponeul-ghizela tag-deseuri-2 tag-eco-serv-timis tag-gestionarea-deseurilor tag-ghizela tag-levigat tag-reciclare tag-stiri-timis-2 td-container-wrap\">\n<div class=\"td-full-screen-header-image-wrap\">\n<div class=\"td-container td-post-header\">\n<div class=\"td-crumb-container\">\n<div class=\"entry-crumbs\"><span><a title=\"Vede\u021bi toate articolele \u00een Administra\u021bie local\u0103\" class=\"entry-crumb\" href=\"https:\/\/orasul-timisoara.ro\/local-category\/administratie\/\">Administra\u021bie local\u0103<\/a><\/span><span class=\"td-bred-no-url-last\">Deponeul de la Ghizela ajunge la 86% din lucr\u0103rile pentru Celula 3&#8230;.<\/span><\/div>\n<\/div>\n<div class=\"td-post-header-holder\">\n<div class=\"td-parallax-header\">\n<header class=\"td-post-title\">\n<ul class=\"td-category\">\n<li class=\"entry-category\"><a href=\"https:\/\/orasul-timisoara.ro\/local-category\/administratie\/\">Administra\u021bie local\u0103<\/a><\/li>\n<li class=\"entry-category\"><a href=\"https:\/\/orasul-timisoara.ro\/local-category\/investitii-in-timisoara\/\">Investitii in Timisoara<\/a><\/li>\n<li class=\"entry-category\"><a href=\"https:\/\/orasul-timisoara.ro\/local-category\/stiri-timisoara\/\">\u0218tiri Locale<\/a><\/li>\n<\/ul>\n<h1 class=\"entry-title\">Deponeul de la Ghizela ajunge la 86% din lucr\u0103rile pentru Celula 3. Investi\u021bie de aproape 46 de milioane de lei<\/h1>\n<div class=\"td-module-meta-info\">\n<div class=\"td-post-author-name\">\n<div class=\"td-author-by\">De c\u0103tre<\/div>\n<p><a href=\"https:\/\/orasul-timisoara.ro\/author\/timisoara\/\">redactia<\/a><\/p>\n<div class=\"td-author-line\"> &#8211; <\/div>\n<\/div>\n<p><span class=\"td-post-date\"><time class=\"entry-date updated td-module-date\" datetime=\"2026-08-21T17:23:50+03:00\">21\/08\/2026<\/time><\/span><\/div>\n<\/header>\n<\/div>\n<\/div>\n<\/div>\n<div id=\"td-full-screen-header-image\" class=\"td-image-gradient-style7\"><img decoding=\"async\" class=\"td-backstretch\" src=\"https:\/\/orasul-timisoara.ro\/wp-content\/uploads\/2026\/08\/Ghizela-2.jpg\"><\/div>\n<\/div>\n<div class=\"td-container\">\n<div class=\"td-pb-row\">\n<div class=\"td-pb-span8 td-main-content\" role=\"main\">\n<div class=\"td-ss-main-content\">\n<div class=\"td-post-sharing-top\">\n<div class=\"td-post-sharing-classic\"><iframe title=\"topFacebookLike\" frameborder src=\"https:\/\/www.facebook.com\/plugins\/like.php?href=https:\/\/orasul-timisoara.ro\/local-40423\/&amp;layout=button_count&amp;show_faces=false&amp;width=105&amp;action=like&amp;colorscheme=light&amp;height=21\"><\/iframe><\/div>\n<div id=\"td_social_sharing_article_top\" class=\"td-post-sharing td-ps-bg td-ps-notext td-post-sharing-style1 \">\n<div class=\"td-post-sharing-visible\"><a class=\"td-social-sharing-button td-social-sharing-button-js td-social-network td-social-facebook\" href=\"https:\/\/www.facebook.com\/sharer.php?u=https%3A%2F%2Forasul-timisoara.ro%2Flocal-40423%2F\" title=\"Facebook\"><\/p>\n<div class=\"td-social-but-text\">Facebook<\/div>\n<p><\/a><a class=\"td-social-sharing-button td-social-sharing-button-js td-social-network td-social-twitter\" href=\"https:\/\/twitter.com\/intent\/tweet?text=Deponeul+de+la+Ghizela+ajunge+la+86%25+din+lucr%C4%83rile+pentru+Celula+3.+Investi%C8%9Bie+de+aproape+46+de+milioane+de+lei&amp;url=https%3A%2F%2Forasul-timisoara.ro%2Flocal-40423%2F&amp;via=orasultm\" title=\"Twitter\"><\/p>\n<div class=\"td-social-but-text\">Twitter<\/div>\n<p><\/a><a class=\"td-social-sharing-button td-social-sharing-button-js td-social-network td-social-whatsapp\" href=\"https:\/\/api.whatsapp.com\/send?text=Deponeul+de+la+Ghizela+ajunge+la+86%25+din+lucr%C4%83rile+pentru+Celula+3.+Investi%C8%9Bie+de+aproape+46+de+milioane+de+lei%20%0A%0A%20https:\/\/orasul-timisoara.ro\/local-40423\/\" title=\"WhatsApp\"><\/p>\n<div class=\"td-social-but-text\">WhatsApp<\/div>\n<p><\/a><a class=\"td-social-sharing-button td-social-sharing-button-js td-social-network td-social-linkedin\" href=\"https:\/\/www.linkedin.com\/shareArticle?mini=true&amp;url=https:\/\/orasul-timisoara.ro\/local-40423\/&amp;title=Deponeul+de+la+Ghizela+ajunge+la+86%25+din+lucr%C4%83rile+pentru+Celula+3.+Investi%C8%9Bie+de+aproape+46+de+milioane+de+lei\" title=\"Linkedin\"><\/p>\n<div class=\"td-social-but-text\">Linkedin<\/div>\n<p><\/a><a class=\"td-social-sharing-button td-social-sharing-button-js td-social-network td-social-reddit\" href=\"https:\/\/reddit.com\/submit?url=https:\/\/orasul-timisoara.ro\/local-40423\/&amp;title=Deponeul+de+la+Ghizela+ajunge+la+86%25+din+lucr%C4%83rile+pentru+Celula+3.+Investi%C8%9Bie+de+aproape+46+de+milioane+de+lei\" title=\"ReddIt\"><\/p>\n<div class=\"td-social-but-text\">ReddIt<\/div>\n<p><\/a><a class=\"td-social-sharing-button td-social-sharing-button-js td-social-network td-social-mail\" href=\"mailto:?subject=Deponeul%20de%20la%20Ghizela%20ajunge%20la%2086%25%20din%20lucr%C4%83rile%20pentru%20Celula%203.%20Investi%C8%9Bie%20de%20aproape%2046%20de%20milioane%20de%20lei&amp;body=https:\/\/orasul-timisoara.ro\/local-40423\/\" title=\"Email\"><\/p>\n<div class=\"td-social-but-text\">Email<\/div>\n<p><\/a><a class=\"td-social-sharing-button td-social-sharing-button-js td-social-network td-social-print\" href=\"https:\/\/orasul-timisoara.ro\/local-40423\/\" title=\"Imprimare\"><\/p>\n<div class=\"td-social-but-text\">Imprimare<\/div>\n<p><\/a><\/div>\n<\/div>\n<\/div>\n<div class=\"td-post-content tagdiv-type\">\n<p class=\"wp-block-paragraph\">Deponeul de la Ghizela \u00eencepe s\u0103 intre \u00eentr-o nou\u0103 etap\u0103, dup\u0103 interven\u021biile realizate de Eco Serv Timi\u0219, societatea Consiliului Jude\u021bean Timi\u0219, pentru remedierea problemelor l\u0103sate \u00een urm\u0103 de fostul operator. Pre\u0219edintele CJ Timi\u0219, Alfred Simonis, spune c\u0103 sortarea de\u0219eurilor se face acum conform normelor, tratarea levigatului a devenit mai pu\u021bin costisitoare, iar de\u0219eurile reciclabile genereaz\u0103 venituri.<\/p>\n<h2 class=\"wp-block-heading\">Celula 3 a deponeului de la Ghizela a ajuns la 86%<\/h2>\n<p class=\"wp-block-paragraph\">\u00cen paralel, la Ghizela se lucreaz\u0103 intens la Celula 3 a depozitului, care se \u00eentinde pe o suprafa\u021b\u0103 de peste \u0219apte hectare. Investi\u021bia se ridic\u0103 la aproape 46 de milioane de lei \u0219i este finan\u021bat\u0103 din bugetul Consiliului Jude\u021bean Timi\u0219.<\/p>\n<p class=\"wp-block-paragraph\">Lucr\u0103rile propriu-zise au \u00eenceput \u00een luna februarie, iar \u00een prezent proiectul a ajuns la un stadiu de progres de 86%. Potrivit lui Alfred Simonis, evolu\u021bia lucr\u0103rilor din \u0219antier indic\u0103 posibilitatea finaliz\u0103rii proiectului \u00een termenul prev\u0103zut \u00een contract.<\/p>\n<p class=\"wp-block-paragraph\">Terasamentele \u0219i digurile Celulei 3 au fost finalizate, iar lucr\u0103rile pentru straturile de impermeabilizare au fost, de asemenea, \u00eencheiate.<\/p>\n<h2 class=\"wp-block-heading\">Eco Serv Timi\u0219 a intervenit dup\u0103 problemele l\u0103sate de fostul operator<\/h2>\n<p class=\"wp-block-paragraph\">Potrivit pre\u0219edintelui Consiliului Jude\u021bean Timi\u0219, situa\u021bia de la deponeul Ghizela s-a \u00eembun\u0103t\u0103\u021bit dup\u0103 interven\u021bia societ\u0103\u021bii Eco Serv Timi\u0219, care a preluat o parte dintre activit\u0103\u021bile necesare pentru func\u021bionarea sistemului.<\/p>\n<figure class=\"wp-block-gallery has-nested-images columns-default is-cropped td-modal-on-gallery wp-block-gallery-1 is-layout-flex wp-block-gallery-is-layout-flex\">\n<figure class=\"wp-block-image size-full\"><img loading=\"lazy\" decoding=\"async\" width=\"1920\" height=\"1080\" data-id=\"40426\" src=\"https:\/\/orasul-timisoara.ro\/wp-content\/uploads\/2026\/08\/Ghizela-1.jpg\" alt class=\"wp-image-40426\"><\/figure>\n<figure class=\"wp-block-image size-full\"><img loading=\"lazy\" decoding=\"async\" width=\"1920\" height=\"1080\" data-id=\"40425\" src=\"https:\/\/orasul-timisoara.ro\/wp-content\/uploads\/2026\/08\/Ghizela-2.jpg\" alt class=\"wp-image-40425\"><\/figure>\n<figure class=\"wp-block-image size-full\"><img loading=\"lazy\" decoding=\"async\" width=\"1920\" height=\"1080\" data-id=\"40424\" src=\"https:\/\/orasul-timisoara.ro\/wp-content\/uploads\/2026\/08\/Ghizela-3.jpg\" alt class=\"wp-image-40424\"><\/figure>\n<figure class=\"wp-block-image size-full\"><img decoding=\"async\" loading=\"lazy\" width=\"1920\" height=\"1080\" data-id=\"40427\" src=\"https:\/\/orasul-timisoara.ro\/wp-content\/uploads\/2026\/08\/Ghizela-4.jpg\" alt class=\"wp-image-40427\"><\/figure>\n<\/figure>\n<p class=\"wp-block-paragraph\">\u201eDeponeul de De\u0219euri de la Ghizela \u00eencepe s\u0103 arate a\u0219a cum trebuie s\u0103 arate un deponeu. Dup\u0103 dezastrul pe care l-a l\u0103sat aici fostul operator, am intervenit cu societatea Consiliului Jude\u021bean, Eco Serv Timi\u0219, \u0219i am \u00eenceput s\u0103 \u00eendrept\u0103m lucrurile\u201d, a declarat Alfred Simonis.<\/p>\n<p class=\"wp-block-paragraph\">Acesta a precizat c\u0103 sortarea se realizeaz\u0103 \u00een prezent conform normelor, dup\u0103 achizi\u021bionarea utilajelor necesare. \u00cen acela\u0219i timp, tratarea levigatului presupune costuri mai mici dec\u00e2t \u00een anii anteriori, iar materialele reciclabile rezultate din activitate genereaz\u0103 venituri.<\/p>\n<h2 class=\"wp-block-heading\">De\u0219eurile din Timi\u0219 sunt \u00eenc\u0103 transportate \u00een alte jude\u021be<\/h2>\n<p class=\"wp-block-paragraph\">\u00cenainte ca noua celul\u0103 de la Ghizela s\u0103 poat\u0103 fi utilizat\u0103, o parte dintre de\u0219eurile produse \u00een jude\u021bul Timi\u0219 sunt transportate \u00een continuare c\u0103tre depozite din jude\u021bele Hunedoara \u0219i Mehedin\u021bi.<\/p>\n<p class=\"wp-block-paragraph\">Alfred Simonis consider\u0103 c\u0103 aceast\u0103 situa\u021bie este consecin\u021ba problemelor acumulate \u00een sistemul de gestionare a de\u0219eurilor \u00een anii anteriori.<\/p>\n<p class=\"wp-block-paragraph\">\u201eAcum, din p\u0103cate, de\u0219eurile din Timi\u0219 \u00eenc\u0103 sunt transferate c\u0103tre depozite din Hunedoarei sau Mehedin\u021bi \u0219i am ajuns \u00een aceast\u0103 situa\u021bie pentru c\u0103 to\u021bi cei care s-au ocupat de sistemul de gestionare a de\u0219eurilor au tratat superficial subiectul\u201d, a afirmat pre\u0219edintele CJ Timi\u0219.<\/p>\n<h2 class=\"wp-block-heading\">Deschiderea Celulei 3 ar putea reduce costurile de transport<\/h2>\n<p class=\"wp-block-paragraph\">Potrivit lui Simonis, punerea \u00een func\u021biune a depozitului de la Ghizela ar urma s\u0103 permit\u0103 revenirea la un sistem normal de gestionare a de\u0219eurilor \u00een jude\u021bul Timi\u0219 \u0219i s\u0103 contribuie la reducerea presiunii generate de transportul de\u0219eurilor c\u0103tre alte jude\u021be.<\/p>\n<p class=\"wp-block-paragraph\">Pre\u0219edintele Consiliului Jude\u021bean Timi\u0219 sus\u021bine c\u0103 aceste costuri suplimentare au contribuit inclusiv la majorarea tarifelor pl\u0103tite pentru gestionarea de\u0219eurilor.<\/p>\n<p class=\"wp-block-paragraph\">\u201eOdat\u0103 cu deschiderea acestui depozit vom reveni la normal \u0219i cu tarifele care au crescut \u00een principal din cauza costurilor transportului de de\u0219euri \u00een alte jude\u021be\u201d, a declarat Alfred Simonis.<\/p>\n<h2 class=\"wp-block-heading\">Cel mai modern sistem de gestionare a de\u0219eurilor<\/h2>\n<p class=\"wp-block-paragraph\">Investi\u021bia de la Ghizela face parte din planul administra\u021biei jude\u021bene de modernizare a sistemului de gestionare a de\u0219eurilor din Timi\u0219. Finalizarea Celulei 3 este una dintre componentele importante ale acestui proces.<\/p>\n<p class=\"wp-block-paragraph\">\u201e\u00cen urm\u0103torii ani, vom avea cel mai modern sistem de gestionare al de\u0219eurilor din \u021bar\u0103\u201d, a \u00eencheiat Alfred Simonis.<\/p>\n<\/div>\n<footer>\n<div class=\"td-post-source-tags\">\n<ul class=\"td-tags td-post-small-box clearfix\">\n<li><span>ETICHETE<\/span><\/li>\n<li><a href=\"https:\/\/orasul-timisoara.ro\/local-tag\/celula-3\/\">celula 3<\/a><\/li>\n<li><a href=\"https:\/\/orasul-timisoara.ro\/local-tag\/consiliul-judetean-timis-2\/\">Consiliul Jude\u021bean Timi\u0219<\/a><\/li>\n<li><a href=\"https:\/\/orasul-timisoara.ro\/local-tag\/deponeul-ghizela\/\">Deponeul Ghizela<\/a><\/li>\n<li><a href=\"https:\/\/orasul-timisoara.ro\/local-tag\/deseuri-2\/\">de\u0219euri<\/a><\/li>\n<li><a href=\"https:\/\/orasul-timisoara.ro\/local-tag\/eco-serv-timis\/\">Eco Serv Timi\u0219<\/a><\/li>\n<li><a href=\"https:\/\/orasul-timisoara.ro\/local-tag\/gestionarea-deseurilor\/\">gestionarea de\u0219eurilor<\/a><\/li>\n<li><a href=\"https:\/\/orasul-timisoara.ro\/local-tag\/ghizela\/\">ghizela<\/a><\/li>\n<li><a href=\"https:\/\/orasul-timisoara.ro\/local-tag\/levigat\/\">levigat<\/a><\/li>\n<li><a href=\"https:\/\/orasul-timisoara.ro\/local-tag\/reciclare\/\">reciclare<\/a><\/li>\n<li><a href=\"https:\/\/orasul-timisoara.ro\/local-tag\/stiri-timis-2\/\">\u0219tiri Timi\u0219<\/a><\/li>\n<\/ul>\n<\/div>\n<div class=\"td-post-sharing-bottom\">\n<div class=\"td-post-sharing-classic\"><iframe title=\"bottomFacebookLike\" frameborder src=\"https:\/\/www.facebook.com\/plugins\/like.php?href=https:\/\/orasul-timisoara.ro\/local-40423\/&amp;layout=button_count&amp;show_faces=false&amp;width=105&amp;action=like&amp;colorscheme=light&amp;height=21\"><\/iframe><\/div>\n<div id=\"td_social_sharing_article_bottom\" class=\"td-post-sharing td-ps-bg td-ps-notext td-post-sharing-style1 \">\n<div class=\"td-post-sharing-visible\"><a class=\"td-social-sharing-button td-social-sharing-button-js td-social-network td-social-facebook\" href=\"https:\/\/www.facebook.com\/sharer.php?u=https%3A%2F%2Forasul-timisoara.ro%2Flocal-40423%2F\" title=\"Facebook\"><\/p>\n<div class=\"td-social-but-text\">Facebook<\/div>\n<p><\/a><a class=\"td-social-sharing-button td-social-sharing-button-js td-social-network td-social-twitter\" href=\"https:\/\/twitter.com\/intent\/tweet?text=Deponeul+de+la+Ghizela+ajunge+la+86%25+din+lucr%C4%83rile+pentru+Celula+3.+Investi%C8%9Bie+de+aproape+46+de+milioane+de+lei&amp;url=https%3A%2F%2Forasul-timisoara.ro%2Flocal-40423%2F&amp;via=orasultm\" title=\"Twitter\"><\/p>\n<div class=\"td-social-but-text\">Twitter<\/div>\n<p><\/a><a class=\"td-social-sharing-button td-social-sharing-button-js td-social-network td-social-whatsapp\" href=\"https:\/\/api.whatsapp.com\/send?text=Deponeul+de+la+Ghizela+ajunge+la+86%25+din+lucr%C4%83rile+pentru+Celula+3.+Investi%C8%9Bie+de+aproape+46+de+milioane+de+lei%20%0A%0A%20https:\/\/orasul-timisoara.ro\/local-40423\/\" title=\"WhatsApp\"><\/p>\n<div class=\"td-social-but-text\">WhatsApp<\/div>\n<p><\/a><a class=\"td-social-sharing-button td-social-sharing-button-js td-social-network td-social-linkedin\" href=\"https:\/\/www.linkedin.com\/shareArticle?mini=true&amp;url=https:\/\/orasul-timisoara.ro\/local-40423\/&amp;title=Deponeul+de+la+Ghizela+ajunge+la+86%25+din+lucr%C4%83rile+pentru+Celula+3.+Investi%C8%9Bie+de+aproape+46+de+milioane+de+lei\" title=\"Linkedin\"><\/p>\n<div class=\"td-social-but-text\">Linkedin<\/div>\n<p><\/a><a class=\"td-social-sharing-button td-social-sharing-button-js td-social-network td-social-reddit\" href=\"https:\/\/reddit.com\/submit?url=https:\/\/orasul-timisoara.ro\/local-40423\/&amp;title=Deponeul+de+la+Ghizela+ajunge+la+86%25+din+lucr%C4%83rile+pentru+Celula+3.+Investi%C8%9Bie+de+aproape+46+de+milioane+de+lei\" title=\"ReddIt\"><\/p>\n<div class=\"td-social-but-text\">ReddIt<\/div>\n<p><\/a><a class=\"td-social-sharing-button td-social-sharing-button-js td-social-network td-social-mail\" href=\"mailto:?subject=Deponeul%20de%20la%20Ghizela%20ajunge%20la%2086%25%20din%20lucr%C4%83rile%20pentru%20Celula%203.%20Investi%C8%9Bie%20de%20aproape%2046%20de%20milioane%20de%20lei&amp;body=https:\/\/orasul-timisoara.ro\/local-40423\/\" title=\"Email\"><\/p>\n<div class=\"td-social-but-text\">Email<\/div>\n<p><\/a><a class=\"td-social-sharing-button td-social-sharing-button-js td-social-network td-social-print\" href=\"https:\/\/orasul-timisoara.ro\/local-40423\/\" title=\"Imprimare\"><\/p>\n<div class=\"td-social-but-text\">Imprimare<\/div>\n<p><\/a><\/div>\n<\/div>\n<\/div>\n<div class=\"td-block-row td-post-next-prev\">\n<div class=\"td-block-span6 td-post-prev-post\">\n<div class=\"td-post-next-prev-content\"><span>Articolul precedent<\/span><a href=\"https:\/\/orasul-timisoara.ro\/local-40420\/\">Eroii Regimentului 6 Artilerie Grea, comemora\u021bi la Timi\u0219oara. 82 de ani de la ziua care a marcat unitatea<\/a><\/div>\n<\/div>\n<div class=\"td-block-span6 td-post-next-post\">\n<div class=\"td-post-next-prev-content\"><span>Articolul urm\u0103tor<\/span><a href=\"https:\/\/orasul-timisoara.ro\/local-40429\/\">Restric\u021bii de circula\u021bie \u00een Timi\u0219oara pentru lucr\u0103ri la re\u021belele de ap\u0103 \u0219i canalizare<\/a><\/div>\n<\/div>\n<\/div>\n<div class=\"td-author-name vcard author\"><span class=\"fn\"><a href=\"https:\/\/orasul-timisoara.ro\/author\/timisoara\/\">redactia<\/a><\/span><\/div>\n<p><span class=\"td-page-meta\"><\/span><span class=\"td-page-meta\"><span class=\"td-page-meta\"><\/span><\/span><span class=\"td-page-meta\"><\/span><\/footer>\n<div class=\"td_block_wrap td_block_related_posts tdi_3 td_with_ajax_pagination td-pb-border-top td_block_template_8\" data-td-block-uid=\"tdi_3\">\n<h4 class=\"td-related-title td-block-title\"><a id=\"tdi_4\" class=\"td-related-left td-cur-simple-item\" data-td_filter_value data-td_block_id=\"tdi_3\" href=\"https:\/\/orasul-timisoara.ro\/local-40423\/\">ARTICOLE SIMILARE<\/a><a id=\"tdi_5\" class=\"td-related-right\" data-td_filter_value=\"td_related_more_from_author\" data-td_block_id=\"tdi_3\" href=\"https:\/\/orasul-timisoara.ro\/local-40423\/\">DE LA ACELA\u0218I AUTOR<\/a><\/h4>\n<div id=\"tdi_3\" class=\"td_block_inner\">\n<div class=\"td-related-row\">\n<div class=\"td-related-span4\">\n<div class=\"td_module_related_posts td-animation-stack td_mod_related_posts\">\n<div class=\"td-module-image\">\n<div class=\"td-module-thumb\"><a href=\"https:\/\/orasul-timisoara.ro\/local-40367\/\" rel=\"bookmark\" class=\"td-image-wrap \" title=\"Investi\u021bii \u00een infrastructur\u0103, transport \u0219colar \u0219i pista de biciclete Timi\u0219oara\u2013Dumbr\u0103vi\u021ba\u2013Giarmata, pe masa CJ Timi\u0219\"><img loading=\"lazy\" decoding=\"async\" class=\"entry-thumb\" src=\"https:\/\/orasul-timisoara.ro\/wp-content\/uploads\/2020\/10\/prefectura-timis-consiliul-judetean-cjt-palat-centru.jpg\" alt title=\"Investi\u021bii \u00een infrastructur\u0103, transport \u0219colar \u0219i pista de biciclete Timi\u0219oara\u2013Dumbr\u0103vi\u021ba\u2013Giarmata, pe masa CJ Timi\u0219\" width=\"218\" height=\"150\"><\/a><\/div>\n<\/div>\n<div class=\"item-details\">\n<h3 class=\"entry-title td-module-title\"><a href=\"https:\/\/orasul-timisoara.ro\/local-40367\/\" rel=\"bookmark\" title=\"Investi\u021bii \u00een infrastructur\u0103, transport \u0219colar \u0219i pista de biciclete Timi\u0219oara\u2013Dumbr\u0103vi\u021ba\u2013Giarmata, pe masa CJ Timi\u0219\">Investi\u021bii \u00een infrastructur\u0103, transport \u0219colar \u0219i pista de biciclete Timi\u0219oara\u2013Dumbr\u0103vi\u021ba\u2013Giarmata, pe masa CJ Timi\u0219<\/a><\/h3>\n<\/div>\n<\/div>\n<\/div>\n<div class=\"td-related-span4\">\n<div class=\"td_module_related_posts td-animation-stack td_mod_related_posts\">\n<div class=\"td-module-image\">\n<div class=\"td-module-thumb\"><a href=\"https:\/\/orasul-timisoara.ro\/local-40319\/\" rel=\"bookmark\" class=\"td-image-wrap \" title=\"12 str\u0103zi din G\u0103taia intr\u0103 \u00een modernizare. CJ Timi\u0219 finan\u021beaz\u0103 lucr\u0103rile cu 7,4 milioane de lei\"><img loading=\"lazy\" decoding=\"async\" class=\"entry-thumb\" src=\"https:\/\/orasul-timisoara.ro\/wp-content\/uploads\/2026\/08\/778291789_1306329722557601_4819524365300656511_n-436x300.jpg\" alt title=\"12 str\u0103zi din G\u0103taia intr\u0103 \u00een modernizare. CJ Timi\u0219 finan\u021beaz\u0103 lucr\u0103rile cu 7,4 milioane de lei\" width=\"218\" height=\"150\"><\/a><\/div>\n<\/div>\n<div class=\"item-details\">\n<h3 class=\"entry-title td-module-title\"><a href=\"https:\/\/orasul-timisoara.ro\/local-40319\/\" rel=\"bookmark\" title=\"12 str\u0103zi din G\u0103taia intr\u0103 \u00een modernizare. CJ Timi\u0219 finan\u021beaz\u0103 lucr\u0103rile cu 7,4 milioane de lei\">12 str\u0103zi din G\u0103taia intr\u0103 \u00een modernizare. CJ Timi\u0219 finan\u021beaz\u0103 lucr\u0103rile cu 7,4 milioane de lei<\/a><\/h3>\n<\/div>\n<\/div>\n<\/div>\n<div class=\"td-related-span4\">\n<div class=\"td_module_related_posts td-animation-stack td_mod_related_posts\">\n<div class=\"td-module-image\">\n<div class=\"td-module-thumb\"><a href=\"https:\/\/orasul-timisoara.ro\/local-40287\/\" rel=\"bookmark\" class=\"td-image-wrap \" title=\"Alfred Simonis anun\u021b\u0103 reabilitarea drumului dintre Ghiroda \u0219i Mo\u0219ni\u021ba Veche\"><img loading=\"lazy\" decoding=\"async\" class=\"entry-thumb\" src=\"https:\/\/orasul-timisoara.ro\/wp-content\/uploads\/2026\/08\/fratii-simonis-436x300.jpg\" alt title=\"Alfred Simonis anun\u021b\u0103 reabilitarea drumului dintre Ghiroda \u0219i Mo\u0219ni\u021ba Veche\" width=\"218\" height=\"150\"><\/a><\/div>\n<\/div>\n<div class=\"item-details\">\n<h3 class=\"entry-title td-module-title\"><a href=\"https:\/\/orasul-timisoara.ro\/local-40287\/\" rel=\"bookmark\" title=\"Alfred Simonis anun\u021b\u0103 reabilitarea drumului dintre Ghiroda \u0219i Mo\u0219ni\u021ba Veche\">Alfred Simonis anun\u021b\u0103 reabilitarea drumului dintre Ghiroda \u0219i Mo\u0219ni\u021ba Veche<\/a><\/h3>\n<\/div>\n<\/div>\n<\/div>\n<\/div>\n<\/div>\n<\/div>\n<div class=\"comments\" id=\"comments\">\n<div id=\"respond\" class=\"comment-respond\">\n<h3 id=\"reply-title\" class=\"comment-reply-title\">L\u0102SA\u021aI UN MESAJ<\/h3>\n<div class=\"comment-form-input-wrap td-form-comment\">\n<div class=\"td-warning-comment\">V\u0103 rug\u0103m s\u0103 introduce\u021bi comentariul dvs.!<\/div>\n<\/div>\n<div class=\"comment-form-input-wrap td-form-author\">\n<div class=\"td-warning-author\">Introduce\u021bi aici numele dvs.<\/div>\n<\/div>\n<div class=\"comment-form-input-wrap td-form-email\">\n<div class=\"td-warning-email-error\">A\u021bi introdus o adres\u0103 de e-mail incorect\u0103!<\/div>\n<div class=\"td-warning-email\">V\u0103 rug\u0103m s\u0103 introduce\u021bi adresa dvs. de e-mail aici<\/div>\n<\/div>\n<\/div>\n<p class=\"akismet_comment_form_privacy_notice\">Acest site folose\u0219te Akismet pentru a reduce spamul. <a href=\"https:\/\/akismet.com\/privacy\/\" target=\"_blank\" rel=\"nofollow noopener\">Afl\u0103 cum sunt procesate datele comentariilor tale<\/a>.<\/p>\n<\/div>\n<\/div>\n<\/div>\n<div class=\"td-pb-span4 td-main-sidebar\" role=\"complementary\">\n<div class=\"td-ss-main-sidebar\">\n<aside id=\"block-4\" class=\"td_block_template_8 widget block-4 widget_block widget_media_image\">\n<figure class=\"wp-block-image size-full\"><img decoding=\"async\" loading=\"lazy\" width=\"336\" height=\"280\" src=\"https:\/\/orasul-timisoara.ro\/wp-content\/uploads\/2024\/11\/ReTIM-Abonamentul-Verde-Google-Ads-336x280px.gif\" alt class=\"wp-image-29257\"><\/figure>\n<\/aside>\n<div class=\"td_block_wrap td_block_social_counter td_block_widget tdi_6 td-social-style5 td-social-boxed td-pb-border-top td_block_template_8\">\n<div class=\"td-block-title-wrap\">\n<h4 class=\"td-block-title\"><span>Urm\u0103re\u0219te-ne pe Social Media<\/span><\/h4>\n<\/div>\n<div class=\"td-social-list\">\n<div class=\"td_social_type td-pb-margin-side td_social_facebook\">\n<div class=\"td-social-box\"><span class=\"td_social_info td_social_info_counter\">344,595<\/span><span class=\"td_social_info td_social_info_name\">Fani<\/span><span class=\"td_social_button\"><a href=\"https:\/\/www.facebook.com\/247timisoara\" target=\"_blank\" rel=\"nofollow\">\u00cemi place<\/a><\/span><\/div>\n<\/div>\n<div class=\"td_social_type td-pb-margin-side td_social_instagram\">\n<div class=\"td-social-box\"><span class=\"td_social_info td_social_info_counter\">4,416<\/span><span class=\"td_social_info td_social_info_name\">Cititori<\/span><span class=\"td_social_button\"><a href=\"https:\/\/instagram.com\/orasultimisoararo\/\" target=\"_blank\" rel=\"nofollow\">Conecta\u021bi-v\u0103<\/a><\/span><\/div>\n<\/div>\n<div class=\"td_social_type td-pb-margin-side td_social_rss\">\n<div class=\"td-social-box\"><span class=\"td_social_info td_social_info_counter\">12,506<\/span><span class=\"td_social_info td_social_info_name\">Cititori<\/span><span class=\"td_social_button\"><a href=\"https:\/\/orasul-timisoara.ro\/feed\/\" target=\"_blank\" rel=\"nofollow\">Conecta\u021bi-v\u0103<\/a><\/span><\/div>\n<\/div>\n<div class=\"td_social_type td-pb-margin-side td_social_tiktok\">\n<div class=\"td-social-box\"><span class=\"td_social_info td_social_info_counter\">1,500<\/span><span class=\"td_social_info td_social_info_name\">Cititori<\/span><span class=\"td_social_button\"><a href=\"https:\/\/www.tiktok.com\/@orasultimisoara\" target=\"_blank\" rel=\"nofollow\">Conecta\u021bi-v\u0103<\/a><\/span><\/div>\n<\/div>\n<div class=\"td_social_type td-pb-margin-side td_social_twitter\">\n<div class=\"td-social-box\"><span class=\"td_social_info td_social_info_counter\">1,595<\/span><span class=\"td_social_info td_social_info_name\">Cititori<\/span><span class=\"td_social_button\"><a href=\"https:\/\/twitter.com\/orasultm\" target=\"_blank\" rel=\"nofollow\">Conecta\u021bi-v\u0103<\/a><\/span><\/div>\n<\/div>\n<div class=\"td_social_type td-pb-margin-side td_social_youtube\">\n<div class=\"td-social-box\"><span class=\"td_social_info td_social_info_counter\">3,506<\/span><span class=\"td_social_info td_social_info_name\">Abona\u021bi<\/span><span class=\"td_social_button\"><a href=\"https:\/\/www.youtube.com\/channel\/UCQNsQvs2XCSIm1Z-AHRturw?sub_confirmation=1\" target=\"_blank\" rel=\"nofollow\">Abona\u021bi-v\u0103<\/a><\/span><\/div>\n<\/div>\n<\/div>\n<\/div>\n<aside id=\"text-7\" class=\"td_block_template_8 widget text-7 widget_text\">\n<h4 class=\"td-block-title\"><span>C\u0103ut\u0103ri populare pe OTM<\/span><\/h4>\n<div class=\"textwidget\"><a href=\"https:\/\/orasul-timisoara.ro\/?s=timisoara\"><span>Timisoara<\/span><\/a><a href=\"https:\/\/orasul-timisoara.ro\/?s=calin+dobra\"><span>Calin Dobra<\/span><\/a><a href=\"https:\/\/orasul-timisoara.ro\/?s=primaria+timisoara\"><span>Primaria Timisoara<\/span><\/a><a href=\"https:\/\/orasul-timisoara.ro\/?s=dominic+fritz\"><span>Dominic Fritz<\/span><\/a><a href=\"https:\/\/orasul-timisoara.ro\/?s=nicolae+robu\"><span>Nicolae Robu<\/span><\/a><a href=\"https:\/\/orasul-timisoara.ro\/?s=consiliul+local+timisoara\">Consiliul Local Timisoara<\/a><a href=\"https:\/\/orasul-timisoara.ro\/?s=consiliul+judetean+timis\"><span>Consiliul Judetean Timis<\/span><\/a><a href=\"https:\/\/orasul-timisoara.ro\/?s=cjt\"><span>CJT<\/span><\/a><a href=\"https:\/\/orasul-timisoara.ro\/?s=Alfred+Simonis\"><span>Alfred Simonis<\/span><\/a><a href=\"https:\/\/orasul-timisoara.ro\/?s=PNL\"><span>PNL<\/span><\/a><a href=\"https:\/\/orasul-timisoara.ro\/?s=coronavirus\"><span>coronavirus<\/span><\/a><a href=\"https:\/\/orasul-timisoara.ro\/?s=teatru+timisoara\">teatru Timisoara<\/a><a href=\"https:\/\/orasul-timisoara.ro\/?s=restaurante\"><span>restaurante Timisoara<\/span><\/a><a href=\"https:\/\/orasul-timisoara.ro\/?s=diskoteka\"><span>Diskoteka<\/span><\/a><a href=\"https:\/\/orasul-timisoara.ro\/?s=iulius+town\"><span>Iulius Town<\/span><\/a><a href=\"https:\/\/orasul-timisoara.ro\/?s=iulius+mall\"><span>Iulius Mall<\/span><\/a><a href=\"https:\/\/orasul-timisoara.ro\/?s=stpt\"><span>STPT<\/span><\/a><a href=\"https:\/\/orasul-timisoara.ro\/?s=alin+nica\"><span>Alin Nica<\/span><\/a><a href=\"https:\/\/orasul-timisoara.ro\/?s=psd\"><span>PSD<\/span><\/a><a href=\"https:\/\/orasul-timisoara.ro\/?s=aeroport\"><span>Aeroportul International Timisoara<\/span><\/a><a href=\"https:\/\/orasul-timisoara.ro\/?s=babes\"><span>Spitalul Victor Babes Timisoara<\/span><\/a><a href=\"https:\/\/orasul-timisoara.ro\/?s=poli\"><span>Poli Timi\u0219oara<\/span><\/a><a href=\"https:\/\/orasul-timisoara.ro\/?s=carantina\"><span>carantina<\/span><\/a><a href=\"https:\/\/orasul-timisoara.ro\/?s=aquatim\"><span>Aquatim<\/span><\/a><a href=\"https:\/\/orasul-timisoara.ro\/local-category\/stiri-timisoara\/\"><span>Stiri Timisoara<\/span><\/a><a href=\"https:\/\/orasul-timisoara.ro\/local-category\/investitii-in-timisoara\/\"><span>Investi\u021bii in Timi\u0219oara<\/span><\/a><a href=\"https:\/\/orasul-timisoara.ro\/local-9463\/\"><span>shaorma<\/span><\/a><a href=\"https:\/\/orasul-timisoara.ro\/?s=trafic\"><span>trafic rutier<\/span><\/a><a href=\"https:\/\/orasul-timisoara.ro\/?s=politia\"><span>politia locala timisoara<\/span><\/a><a href=\"https:\/\/orasul-timisoara.ro\/?s=roxana\"><span>Roxana Iliescu<\/span><\/a><a href=\"https:\/\/orasul-timisoara.ro\/?s=colterm\"><span>Colterm<\/span><\/a><a href=\"https:\/\/orasul-timisoara.ro\/?s=latcau\"><span>Ruben La\u021bc\u0103u<\/span><\/a><a href=\"https:\/\/orasul-timisoara.ro\/?s=timis\"><span>\u0218tiri din Timi\u0219<\/span><\/a><a href=\"https:\/\/orasul-timisoara.ro\/?s=spital\"><span>Spitale din Timi\u0219oara<\/span><\/a><a href=\"https:\/\/orasul-timisoara.ro\/?s=tabara\"><span>Cosmin Tab\u0103r\u0103<\/span><\/a><\/div>\n<\/aside>\n<aside id=\"rss-2\" class=\"td_block_template_8 widget rss-2 widget_rss\">\n<h4 class=\"td-block-title\"><span><a class=\"rsswidget rss-widget-feed\" href=\"https:\/\/fashionfridays.ro\/feed\"><img decoding=\"async\" class=\"rss-widget-icon\" width=\"14\" height=\"14\" src=\"https:\/\/orasul-timisoara.ro\/wp-includes\/images\/rss.png\" alt=\"Flux RSS: Fashion Fridays\" loading=\"lazy\"><\/a><a class=\"rsswidget rss-widget-title\" href=\"https:\/\/fashionfridays.ro\/\">Fashion Fridays<\/a><\/span><\/h4>\n<ul>\n<li><a class=\"rsswidget\" href=\"https:\/\/fashionfridays.ro\/romania-devine-a-29-a-piata-vogue-o-noua-era-pentru-industria-locala-de-moda\/\">Rom\u00e2nia devine a 29-a pia\u021b\u0103 Vogue: o nou\u0103 er\u0103 pentru industria local\u0103 de mod\u0103<\/a>\n<div class=\"rssSummary\">Revista Vogue \u00ee\u0219i extinde prezen\u021ba global\u0103 \u0219i va fi lansat\u0103 oficial \u00een Rom\u00e2nia \u00een prim\u0103vara anului 2027, marc\u00e2nd intrarea pe cea de-a 29-a pia\u021b\u0103 interna\u021bional\u0103. Proiectul este realizat \u00een parteneriat cu AEMME Publishing, o companie media recent \u00eenfiin\u021bat\u0103, care va publica edi\u021bia local\u0103 sub licen\u021b\u0103. Noua edi\u021bie, Vogue Rom\u00e2nia, \u00ee\u0219i propune s\u0103 combine autoritatea global\u0103 [\u2026]<\/div>\n<\/li>\n<\/ul>\n<\/aside>\n<aside id=\"rss-4\" class=\"td_block_template_8 widget rss-4 widget_rss\">\n<h4 class=\"td-block-title\"><span><a class=\"rsswidget rss-widget-feed\" href=\"https:\/\/emasini.ro\/feed\"><img decoding=\"async\" class=\"rss-widget-icon\" width=\"14\" height=\"14\" src=\"https:\/\/orasul-timisoara.ro\/wp-includes\/images\/rss.png\" alt=\"Flux RSS: eMasini\" loading=\"lazy\"><\/a><a class=\"rsswidget rss-widget-title\" href=\"https:\/\/emasini.ro\/\">eMasini<\/a><\/span><\/h4>\n<ul>\n<li><a class=\"rsswidget\" href=\"https:\/\/emasini.ro\/adio-bordurilor-pline-de-ecrane-mercedes-benz-readuce-butoanele-in-noile-masini-produse\/\">Adio bordurilor pline de ecrane? Mercedes-Benz readuce butoanele \u00een noile ma\u0219ini produse<\/a>\n<div class=\"rssSummary\">Mercedes-Benz \u00ee\u0219i schimb\u0103 direc\u021bia \u00een ceea ce prive\u0219te designul interioarelor \u0219i va readuce comenzile fizice pentru anumite func\u021bii importante. Constructorul german nu renun\u021b\u0103 la ecranele mari \u0219i la tehnologiile digitale, dar recunoa\u0219te c\u0103 a mers prea departe prin eliminarea unor butoane \u0219i comenzi tactile. Ola K\u00e4llenius, pre\u0219edintele Consiliului de Administra\u021bie al Mercedes-Benz Group \u0219i CEO [\u2026]<\/div>\n<\/li>\n<\/ul>\n<\/aside>\n<\/div>\n<\/div>\n<\/div>\n<\/div>\n<\/article>\n<div class=\"td-post-content tagdiv-type\">\n<p class=\"wp-block-paragraph\">Deponeul de la Ghizela \u00eencepe s\u0103 intre \u00eentr-o nou\u0103 etap\u0103, dup\u0103 interven\u021biile realizate de Eco Serv Timi\u0219, societatea Consiliului Jude\u021bean Timi\u0219, pentru remedierea problemelor l\u0103sate \u00een urm\u0103 de fostul operator. Pre\u0219edintele CJ Timi\u0219, Alfred Simonis, spune c\u0103 sortarea de\u0219eurilor se face acum conform normelor, tratarea levigatului a devenit mai pu\u021bin costisitoare, iar de\u0219eurile reciclabile genereaz\u0103 venituri.<\/p>\n<h2 class=\"wp-block-heading\">Celula 3 a deponeului de la Ghizela a ajuns la 86%<\/h2>\n<p class=\"wp-block-paragraph\">\u00cen paralel, la Ghizela se lucreaz\u0103 intens la Celula 3 a depozitului, care se \u00eentinde pe o suprafa\u021b\u0103 de peste \u0219apte hectare. Investi\u021bia se ridic\u0103 la aproape 46 de milioane de lei \u0219i este finan\u021bat\u0103 din bugetul Consiliului Jude\u021bean Timi\u0219.<\/p>\n<p class=\"wp-block-paragraph\">Lucr\u0103rile propriu-zise au \u00eenceput \u00een luna februarie, iar \u00een prezent proiectul a ajuns la un stadiu de progres de 86%. Potrivit lui Alfred Simonis, evolu\u021bia lucr\u0103rilor din \u0219antier indic\u0103 posibilitatea finaliz\u0103rii proiectului \u00een termenul prev\u0103zut \u00een contract.<\/p>\n<p class=\"wp-block-paragraph\">Terasamentele \u0219i digurile Celulei 3 au fost finalizate, iar lucr\u0103rile pentru straturile de impermeabilizare au fost, de asemenea, \u00eencheiate.<\/p>\n<h2 class=\"wp-block-heading\">Eco Serv Timi\u0219 a intervenit dup\u0103 problemele l\u0103sate de fostul operator<\/h2>\n<p class=\"wp-block-paragraph\">Potrivit pre\u0219edintelui Consiliului Jude\u021bean Timi\u0219, situa\u021bia de la deponeul Ghizela s-a \u00eembun\u0103t\u0103\u021bit dup\u0103 interven\u021bia societ\u0103\u021bii Eco Serv Timi\u0219, care a preluat o parte dintre activit\u0103\u021bile necesare pentru func\u021bionarea sistemului.<\/p>\n<figure class=\"wp-block-gallery has-nested-images columns-default is-cropped td-modal-on-gallery wp-block-gallery-1 is-layout-flex wp-block-gallery-is-layout-flex\">\n<figure class=\"wp-block-image size-full\"><img loading=\"lazy\" decoding=\"async\" width=\"1920\" height=\"1080\" data-id=\"40426\" src=\"https:\/\/orasul-timisoara.ro\/wp-content\/uploads\/2026\/08\/Ghizela-1.jpg\" alt class=\"wp-image-40426\"><\/figure>\n<figure class=\"wp-block-image size-full\"><img loading=\"lazy\" decoding=\"async\" width=\"1920\" height=\"1080\" data-id=\"40425\" src=\"https:\/\/orasul-timisoara.ro\/wp-content\/uploads\/2026\/08\/Ghizela-2.jpg\" alt class=\"wp-image-40425\"><\/figure>\n<figure class=\"wp-block-image size-full\"><img loading=\"lazy\" decoding=\"async\" width=\"1920\" height=\"1080\" data-id=\"40424\" src=\"https:\/\/orasul-timisoara.ro\/wp-content\/uploads\/2026\/08\/Ghizela-3.jpg\" alt class=\"wp-image-40424\"><\/figure>\n<figure class=\"wp-block-image size-full\"><img decoding=\"async\" loading=\"lazy\" width=\"1920\" height=\"1080\" data-id=\"40427\" src=\"https:\/\/orasul-timisoara.ro\/wp-content\/uploads\/2026\/08\/Ghizela-4.jpg\" alt class=\"wp-image-40427\"><\/figure>\n<\/figure>\n<p class=\"wp-block-paragraph\">\u201eDeponeul de De\u0219euri de la Ghizela \u00eencepe s\u0103 arate a\u0219a cum trebuie s\u0103 arate un deponeu. Dup\u0103 dezastrul pe care l-a l\u0103sat aici fostul operator, am intervenit cu societatea Consiliului Jude\u021bean, Eco Serv Timi\u0219, \u0219i am \u00eenceput s\u0103 \u00eendrept\u0103m lucrurile\u201d, a declarat Alfred Simonis.<\/p>\n<p class=\"wp-block-paragraph\">Acesta a precizat c\u0103 sortarea se realizeaz\u0103 \u00een prezent conform normelor, dup\u0103 achizi\u021bionarea utilajelor necesare. \u00cen acela\u0219i timp, tratarea levigatului presupune costuri mai mici dec\u00e2t \u00een anii anteriori, iar materialele reciclabile rezultate din activitate genereaz\u0103 venituri.<\/p>\n<h2 class=\"wp-block-heading\">De\u0219eurile din Timi\u0219 sunt \u00eenc\u0103 transportate \u00een alte jude\u021be<\/h2>\n<p class=\"wp-block-paragraph\">\u00cenainte ca noua celul\u0103 de la Ghizela s\u0103 poat\u0103 fi utilizat\u0103, o parte dintre de\u0219eurile produse \u00een jude\u021bul Timi\u0219 sunt transportate \u00een continuare c\u0103tre depozite din jude\u021bele Hunedoara \u0219i Mehedin\u021bi.<\/p>\n<p class=\"wp-block-paragraph\">Alfred Simonis consider\u0103 c\u0103 aceast\u0103 situa\u021bie este consecin\u021ba problemelor acumulate \u00een sistemul de gestionare a de\u0219eurilor \u00een anii anteriori.<\/p>\n<p class=\"wp-block-paragraph\">\u201eAcum, din p\u0103cate, de\u0219eurile din Timi\u0219 \u00eenc\u0103 sunt transferate c\u0103tre depozite din Hunedoarei sau Mehedin\u021bi \u0219i am ajuns \u00een aceast\u0103 situa\u021bie pentru c\u0103 to\u021bi cei care s-au ocupat de sistemul de gestionare a de\u0219eurilor au tratat superficial subiectul\u201d, a afirmat pre\u0219edintele CJ Timi\u0219.<\/p>\n<h2 class=\"wp-block-heading\">Deschiderea Celulei 3 ar putea reduce costurile de transport<\/h2>\n<p class=\"wp-block-paragraph\">Potrivit lui Simonis, punerea \u00een func\u021biune a depozitului de la Ghizela ar urma s\u0103 permit\u0103 revenirea la un sistem normal de gestionare a de\u0219eurilor \u00een jude\u021bul Timi\u0219 \u0219i s\u0103 contribuie la reducerea presiunii generate de transportul de\u0219eurilor c\u0103tre alte jude\u021be.<\/p>\n<p class=\"wp-block-paragraph\">Pre\u0219edintele Consiliului Jude\u021bean Timi\u0219 sus\u021bine c\u0103 aceste costuri suplimentare au contribuit inclusiv la majorarea tarifelor pl\u0103tite pentru gestionarea de\u0219eurilor.<\/p>\n<p class=\"wp-block-paragraph\">\u201eOdat\u0103 cu deschiderea acestui depozit vom reveni la normal \u0219i cu tarifele care au crescut \u00een principal din cauza costurilor transportului de de\u0219euri \u00een alte jude\u021be\u201d, a declarat Alfred Simonis.<\/p>\n<h2 class=\"wp-block-heading\">Cel mai modern sistem de gestionare a de\u0219eurilor<\/h2>\n<p class=\"wp-block-paragraph\">Investi\u021bia de la Ghizela face parte din planul administra\u021biei jude\u021bene de modernizare a sistemului de gestionare a de\u0219eurilor din Timi\u0219. Finalizarea Celulei 3 este una dintre componentele importante ale acestui proces.<\/p>\n<p class=\"wp-block-paragraph\">\u201e\u00cen urm\u0103torii ani, vom avea cel mai modern sistem de gestionare al de\u0219eurilor din \u021bar\u0103\u201d, a \u00eencheiat Alfred Simonis.<\/p>\n<\/div>\n<p>[analyse_source url=&#8221;https:\/\/orasul-timisoara.ro\/local-40423\/&#8221;]<\/p>\n","protected":false},"excerpt":{"rendered":"<p>[analyse_image type=&#8221;featured&#8221; src=&#8221;https:\/\/orasul-timisoara.ro\/wp-content\/uploads\/2026\/08\/Ghizela-2.jpg&#8221;] Administra\u021bie local\u0103Deponeul de la Ghizela ajunge la 86% din lucr\u0103rile pentru Celula 3&#8230;. Administra\u021bie local\u0103 Investitii in Timisoara \u0218tiri Locale Deponeul de la Ghizela ajunge la 86% din lucr\u0103rile pentru Celula 3. Investi\u021bie de aproape 46 de milioane de lei De c\u0103tre redactia &#8211; 21\/08\/2026 Facebook Twitter WhatsApp Linkedin ReddIt Email Imprimare [&hellip;]<\/p>\n","protected":false},"author":1,"featured_media":0,"comment_status":"open","ping_status":"","sticky":false,"template":"","format":"standard","meta":{"footnotes":""},"categories":[89],"tags":[226,189],"class_list":["post-2105896","post","type-post","status-publish","format-standard","hentry","category-romania","tag-crawlmanager","tag-orasul-timisoara-ro"],"_links":{"self":[{"href":"https:\/\/analyse.optim.biz\/index.php?rest_route=\/wp\/v2\/posts\/2105896","targetHints":{"allow":["GET"]}}],"collection":[{"href":"https:\/\/analyse.optim.biz\/index.php?rest_route=\/wp\/v2\/posts"}],"about":[{"href":"https:\/\/analyse.optim.biz\/index.php?rest_route=\/wp\/v2\/types\/post"}],"author":[{"embeddable":true,"href":"https:\/\/analyse.optim.biz\/index.php?rest_route=\/wp\/v2\/users\/1"}],"replies":[{"embeddable":true,"href":"https:\/\/analyse.optim.biz\/index.php?rest_route=%2Fwp%2Fv2%2Fcomments&post=2105896"}],"version-history":[{"count":0,"href":"https:\/\/analyse.optim.biz\/index.php?rest_route=\/wp\/v2\/posts\/2105896\/revisions"}],"wp:attachment":[{"href":"https:\/\/analyse.optim.biz\/index.php?rest_route=%2Fwp%2Fv2%2Fmedia&parent=2105896"}],"wp:term":[{"taxonomy":"category","embeddable":true,"href":"https:\/\/analyse.optim.biz\/index.php?rest_route=%2Fwp%2Fv2%2Fcategories&post=2105896"},{"taxonomy":"post_tag","embeddable":true,"href":"https:\/\/analyse.optim.biz\/index.php?rest_route=%2Fwp%2Fv2%2Ftags&post=2105896"}],"curies":[{"name":"wp","href":"https:\/\/api.w.org\/{rel}","templated":true}]}}