{"id":2105893,"date":"2026-08-21T13:41:32","date_gmt":"2026-08-21T10:41:32","guid":{"rendered":"https:\/\/analyse.optim.biz\/?p=2105893"},"modified":"2026-08-21T13:41:32","modified_gmt":"2026-08-21T10:41:32","slug":"inelul-2-est-se-schimba-inainte-de-santier-licitatia-pentru-lucrari-anulata-de-primaria-timisoara","status":"publish","type":"post","link":"https:\/\/analyse.optim.biz\/?p=2105893","title":{"rendered":"Inelul 2 Est se schimb\u0103 \u00eenainte de \u0219antier: licita\u021bia pentru lucr\u0103ri, anulat\u0103 de Prim\u0103ria Timi\u0219oara"},"content":{"rendered":"<p>[analyse_image type=&#8221;featured&#8221; src=&#8221;https:\/\/orasul-timisoara.ro\/wp-content\/uploads\/2026\/08\/masina-deplasare-baader.jpg&#8221;]<\/p>\n<article id=\"post-40400\" class=\"td-post-template-7 post-40400 post type-post status-publish format-standard has-post-thumbnail category-administratie category-featured category-investitii-in-timisoara category-stiri-timisoara tag-inelul-2 tag-inelul-2-est tag-infrastructura-2 tag-investitii-2 tag-poduri-peste-bega tag-primaria-timisoara-2 tag-stiri-timisoara-2 tag-timisoara-2 tag-transport td-container-wrap\">\n<div class=\"td-full-screen-header-image-wrap\">\n<div class=\"td-container td-post-header\">\n<div class=\"td-crumb-container\">\n<div class=\"entry-crumbs\"><span><a title=\"Vede\u021bi toate articolele \u00een Administra\u021bie local\u0103\" class=\"entry-crumb\" href=\"https:\/\/orasul-timisoara.ro\/local-category\/administratie\/\">Administra\u021bie local\u0103<\/a><\/span><span class=\"td-bred-no-url-last\">Inelul 2 Est se schimb\u0103 \u00eenainte de \u0219antier: licita\u021bia pentru lucr\u0103ri, anulat\u0103&#8230;<\/span><\/div>\n<\/div>\n<div class=\"td-post-header-holder\">\n<div class=\"td-parallax-header\">\n<header class=\"td-post-title\">\n<ul class=\"td-category\">\n<li class=\"entry-category\"><a href=\"https:\/\/orasul-timisoara.ro\/local-category\/administratie\/\">Administra\u021bie local\u0103<\/a><\/li>\n<li class=\"entry-category\"><a href=\"https:\/\/orasul-timisoara.ro\/local-category\/investitii-in-timisoara\/\">Investitii in Timisoara<\/a><\/li>\n<li class=\"entry-category\"><a href=\"https:\/\/orasul-timisoara.ro\/local-category\/stiri-timisoara\/\">\u0218tiri Locale<\/a><\/li>\n<\/ul>\n<h1 class=\"entry-title\">Inelul 2 Est se schimb\u0103 \u00eenainte de \u0219antier: licita\u021bia pentru lucr\u0103ri, anulat\u0103 de Prim\u0103ria Timi\u0219oara<\/h1>\n<div class=\"td-module-meta-info\">\n<div class=\"td-post-author-name\">\n<div class=\"td-author-by\">De c\u0103tre<\/div>\n<p><a href=\"https:\/\/orasul-timisoara.ro\/author\/timisoara\/\">redactia<\/a><\/p>\n<div class=\"td-author-line\"> &#8211; <\/div>\n<\/div>\n<p><span class=\"td-post-date\"><time class=\"entry-date updated td-module-date\" datetime=\"2026-08-21T16:41:32+03:00\">21\/08\/2026<\/time><\/span><\/div>\n<\/header>\n<\/div>\n<\/div>\n<\/div>\n<div id=\"td-full-screen-header-image\" class=\"td-image-gradient-style7\"><img decoding=\"async\" class=\"td-backstretch\" src=\"https:\/\/orasul-timisoara.ro\/wp-content\/uploads\/2026\/08\/masina-deplasare-baader.jpg\"><\/div>\n<\/div>\n<div class=\"td-container\">\n<div class=\"td-pb-row\">\n<div class=\"td-pb-span8 td-main-content\" role=\"main\">\n<div class=\"td-ss-main-content\">\n<div class=\"td-post-sharing-top\">\n<div class=\"td-post-sharing-classic\"><iframe title=\"topFacebookLike\" frameborder src=\"https:\/\/www.facebook.com\/plugins\/like.php?href=https:\/\/orasul-timisoara.ro\/local-40400\/&amp;layout=button_count&amp;show_faces=false&amp;width=105&amp;action=like&amp;colorscheme=light&amp;height=21\"><\/iframe><\/div>\n<div id=\"td_social_sharing_article_top\" class=\"td-post-sharing td-ps-bg td-ps-notext td-post-sharing-style1 \">\n<div class=\"td-post-sharing-visible\"><a class=\"td-social-sharing-button td-social-sharing-button-js td-social-network td-social-facebook\" href=\"https:\/\/www.facebook.com\/sharer.php?u=https%3A%2F%2Forasul-timisoara.ro%2Flocal-40400%2F\" title=\"Facebook\"><\/p>\n<div class=\"td-social-but-text\">Facebook<\/div>\n<p><\/a><a class=\"td-social-sharing-button td-social-sharing-button-js td-social-network td-social-twitter\" href=\"https:\/\/twitter.com\/intent\/tweet?text=Inelul+2+Est+se+schimb%C4%83+%C3%AEnainte+de+%C8%99antier%3A+licita%C8%9Bia+pentru+lucr%C4%83ri%2C+anulat%C4%83+de+Prim%C4%83ria+Timi%C8%99oara&amp;url=https%3A%2F%2Forasul-timisoara.ro%2Flocal-40400%2F&amp;via=orasultm\" title=\"Twitter\"><\/p>\n<div class=\"td-social-but-text\">Twitter<\/div>\n<p><\/a><a class=\"td-social-sharing-button td-social-sharing-button-js td-social-network td-social-whatsapp\" href=\"https:\/\/api.whatsapp.com\/send?text=Inelul+2+Est+se+schimb%C4%83+%C3%AEnainte+de+%C8%99antier%3A+licita%C8%9Bia+pentru+lucr%C4%83ri%2C+anulat%C4%83+de+Prim%C4%83ria+Timi%C8%99oara%20%0A%0A%20https:\/\/orasul-timisoara.ro\/local-40400\/\" title=\"WhatsApp\"><\/p>\n<div class=\"td-social-but-text\">WhatsApp<\/div>\n<p><\/a><a class=\"td-social-sharing-button td-social-sharing-button-js td-social-network td-social-linkedin\" href=\"https:\/\/www.linkedin.com\/shareArticle?mini=true&amp;url=https:\/\/orasul-timisoara.ro\/local-40400\/&amp;title=Inelul+2+Est+se+schimb%C4%83+%C3%AEnainte+de+%C8%99antier%3A+licita%C8%9Bia+pentru+lucr%C4%83ri%2C+anulat%C4%83+de+Prim%C4%83ria+Timi%C8%99oara\" title=\"Linkedin\"><\/p>\n<div class=\"td-social-but-text\">Linkedin<\/div>\n<p><\/a><a class=\"td-social-sharing-button td-social-sharing-button-js td-social-network td-social-reddit\" href=\"https:\/\/reddit.com\/submit?url=https:\/\/orasul-timisoara.ro\/local-40400\/&amp;title=Inelul+2+Est+se+schimb%C4%83+%C3%AEnainte+de+%C8%99antier%3A+licita%C8%9Bia+pentru+lucr%C4%83ri%2C+anulat%C4%83+de+Prim%C4%83ria+Timi%C8%99oara\" title=\"ReddIt\"><\/p>\n<div class=\"td-social-but-text\">ReddIt<\/div>\n<p><\/a><a class=\"td-social-sharing-button td-social-sharing-button-js td-social-network td-social-mail\" href=\"mailto:?subject=Inelul%202%20Est%20se%20schimb%C4%83%20%C3%AEnainte%20de%20%C8%99antier:%20licita%C8%9Bia%20pentru%20lucr%C4%83ri,%20anulat%C4%83%20de%20Prim%C4%83ria%20Timi%C8%99oara&amp;body=https:\/\/orasul-timisoara.ro\/local-40400\/\" title=\"Email\"><\/p>\n<div class=\"td-social-but-text\">Email<\/div>\n<p><\/a><a class=\"td-social-sharing-button td-social-sharing-button-js td-social-network td-social-print\" href=\"https:\/\/orasul-timisoara.ro\/local-40400\/\" title=\"Imprimare\"><\/p>\n<div class=\"td-social-but-text\">Imprimare<\/div>\n<p><\/a><\/div>\n<\/div>\n<\/div>\n<div class=\"td-post-content tagdiv-type\">\n<p class=\"wp-block-paragraph\">Prim\u0103ria Municipiului Timi\u0219oara revizuie\u0219te proiectul pentru Inelul 2 Est \u00eenainte de \u00eenceperea lucr\u0103rilor, dup\u0103 ce municipalitatea a decis anularea licita\u021biei pentru execu\u021bia investi\u021biei. Documenta\u021bia tehnic\u0103 urmeaz\u0103 s\u0103 fie completat\u0103 \u0219i actualizat\u0103, astfel \u00eenc\u00e2t problemele care ar putea ap\u0103rea \u00een timpul \u0219antierului s\u0103 fie prevenite, iar riscul unor costuri suplimentare \u0219i \u00eent\u00e2rzieri s\u0103 fie redus.<\/p>\n<h2 class=\"wp-block-heading\">Licita\u021bia pentru lucr\u0103ri va fi reluat\u0103 dup\u0103 revizuirea proiectului<\/h2>\n<p class=\"wp-block-paragraph\">Municipalitatea a decis s\u0103 nu treac\u0103 direct la execu\u021bia lucr\u0103rilor \u0219i s\u0103 actualizeze mai \u00eent\u00e2i documenta\u021bia tehnic\u0103. Potrivit Prim\u0103riei Timi\u0219oara, m\u0103sura are rolul de a evita situa\u021biile care ar putea genera modific\u0103ri \u00een timpul execu\u021biei, costuri suplimentare sau \u00eent\u00e2rzieri importante.<\/p>\n<p class=\"wp-block-paragraph\">Procedura de achizi\u021bie public\u0103 pentru execu\u021bia lucr\u0103rilor va fi reluat\u0103 dup\u0103 finalizarea actualiz\u0103rilor. Documenta\u021bia tehnic\u0103 a proiectului a fost donat\u0103 de TAKE PROJECT SRL.<\/p>\n<h2 class=\"wp-block-heading\">Inelul 2 Est va lega mai eficient cartierele Timi\u0219oarei<\/h2>\n<p class=\"wp-block-paragraph\">Inelul 2 Est reprezint\u0103 una dintre investi\u021biile importante \u00een infrastructura rutier\u0103 a Timi\u0219oarei \u0219i are ca obiectiv \u00eembun\u0103t\u0103\u021birea leg\u0103turilor dintre cartiere, f\u0103r\u0103 ca traficul s\u0103 fie nevoit s\u0103 traverseze zona central\u0103 a ora\u0219ului.<\/p>\n<p class=\"wp-block-paragraph\">Proiectul prevede construirea a dou\u0103 poduri noi peste Bega, \u00een zona ILSA\/ISHO, precum \u0219i amenajarea unui bulevard cu patru benzi \u00eentre strada Enric Baader \u0219i bulevardul Corneliu Coposu.<\/p>\n<p class=\"wp-block-paragraph\">Investi\u021bia include \u0219i reamenajarea unor artere secundare, pe o lungime de peste 1,5 kilometri. Sunt vizate strada Enric Baader, pe tronsonul dintre \u00cenfr\u0103\u021birii \u0219i Take Ionescu, bulevardul Take Ionescu, pe tronsonul Baader \u2013 \u00cenfr\u0103\u021birii \u2013 Acad. Dimitrie Gusti, strada Acad. Dimitrie Gusti, \u00eentre Take Ionescu \u0219i Andrei Mocioni, Splaiul Protopop Mele\u021bie Dr\u0103ghici, strada Andrei Mocioni, Splaiul Nistrului, pe tronsonul Sfetca \u2013 Miclo\u0219i, precum \u0219i strada Acad. Corneliu Miclo\u0219i.<\/p>\n<p class=\"wp-block-paragraph\">Proiectul prevede, de asemenea, modernizarea trotuarelor \u0219i amenajarea unor piste pentru biciclete.<\/p>\n<h2 class=\"wp-block-heading\">O investi\u021bie de peste 136 de milioane de lei<\/h2>\n<p class=\"wp-block-paragraph\">Proiectul \u201eAmenajare Inel II de circula\u021bie, sector cuprins \u00eentre strada A. Demetriade \u0219i Bdul. J.H. Pestalozzi, construire pod rutier \u0219i pod pietonal peste canalul Bega\u201d, identificat prin codul SMIS 357079, beneficiaz\u0103 de cofinan\u021bare european\u0103 prin Programul Regional Vest 2021-2027.<\/p>\n<p class=\"wp-block-paragraph\">Finan\u021barea prin Programul Regional Vest, Interven\u021bia Regional\u0103 5.1B \u2013 Decongestionare trafic, se ridic\u0103 la 77,9 milioane de lei.<\/p>\n<p class=\"wp-block-paragraph\">Valoarea total\u0103 a investi\u021biei este de 136,2 milioane de lei, cu TVA inclus, \u00een timp ce contribu\u021bia municipalit\u0103\u021bii din bugetul local este de 58,2 milioane de lei.<\/p>\n<p class=\"wp-block-paragraph\">Revizuirea proiectului \u00eenainte de intrarea \u00een execu\u021bie urm\u0103re\u0219te ca lucr\u0103rile s\u0103 poat\u0103 fi derulate pe baza unei documenta\u021bii tehnice complete \u0219i actualizate, reduc\u00e2nd riscul apari\u021biei unor probleme neprev\u0103zute odat\u0103 cu deschiderea \u0219antierului.<\/p>\n<\/div>\n<footer>\n<div class=\"td-post-source-tags\">\n<ul class=\"td-tags td-post-small-box clearfix\">\n<li><span>ETICHETE<\/span><\/li>\n<li><a href=\"https:\/\/orasul-timisoara.ro\/local-tag\/inelul-2\/\">inelul 2<\/a><\/li>\n<li><a href=\"https:\/\/orasul-timisoara.ro\/local-tag\/inelul-2-est\/\">inelul 2 est<\/a><\/li>\n<li><a href=\"https:\/\/orasul-timisoara.ro\/local-tag\/infrastructura-2\/\">infrastructur\u0103<\/a><\/li>\n<li><a href=\"https:\/\/orasul-timisoara.ro\/local-tag\/investitii-2\/\">investi\u021bii<\/a><\/li>\n<li><a href=\"https:\/\/orasul-timisoara.ro\/local-tag\/poduri-peste-bega\/\">poduri peste bega<\/a><\/li>\n<li><a href=\"https:\/\/orasul-timisoara.ro\/local-tag\/primaria-timisoara-2\/\">Prim\u0103ria Timi\u0219oara<\/a><\/li>\n<li><a href=\"https:\/\/orasul-timisoara.ro\/local-tag\/stiri-timisoara-2\/\">\u0219tiri Timi\u0219oara<\/a><\/li>\n<li><a href=\"https:\/\/orasul-timisoara.ro\/local-tag\/timisoara-2\/\">timi\u0219oara<\/a><\/li>\n<li><a href=\"https:\/\/orasul-timisoara.ro\/local-tag\/transport\/\">transport<\/a><\/li>\n<\/ul>\n<\/div>\n<div class=\"td-post-sharing-bottom\">\n<div class=\"td-post-sharing-classic\"><iframe title=\"bottomFacebookLike\" frameborder src=\"https:\/\/www.facebook.com\/plugins\/like.php?href=https:\/\/orasul-timisoara.ro\/local-40400\/&amp;layout=button_count&amp;show_faces=false&amp;width=105&amp;action=like&amp;colorscheme=light&amp;height=21\"><\/iframe><\/div>\n<div id=\"td_social_sharing_article_bottom\" class=\"td-post-sharing td-ps-bg td-ps-notext td-post-sharing-style1 \">\n<div class=\"td-post-sharing-visible\"><a class=\"td-social-sharing-button td-social-sharing-button-js td-social-network td-social-facebook\" href=\"https:\/\/www.facebook.com\/sharer.php?u=https%3A%2F%2Forasul-timisoara.ro%2Flocal-40400%2F\" title=\"Facebook\"><\/p>\n<div class=\"td-social-but-text\">Facebook<\/div>\n<p><\/a><a class=\"td-social-sharing-button td-social-sharing-button-js td-social-network td-social-twitter\" href=\"https:\/\/twitter.com\/intent\/tweet?text=Inelul+2+Est+se+schimb%C4%83+%C3%AEnainte+de+%C8%99antier%3A+licita%C8%9Bia+pentru+lucr%C4%83ri%2C+anulat%C4%83+de+Prim%C4%83ria+Timi%C8%99oara&amp;url=https%3A%2F%2Forasul-timisoara.ro%2Flocal-40400%2F&amp;via=orasultm\" title=\"Twitter\"><\/p>\n<div class=\"td-social-but-text\">Twitter<\/div>\n<p><\/a><a class=\"td-social-sharing-button td-social-sharing-button-js td-social-network td-social-whatsapp\" href=\"https:\/\/api.whatsapp.com\/send?text=Inelul+2+Est+se+schimb%C4%83+%C3%AEnainte+de+%C8%99antier%3A+licita%C8%9Bia+pentru+lucr%C4%83ri%2C+anulat%C4%83+de+Prim%C4%83ria+Timi%C8%99oara%20%0A%0A%20https:\/\/orasul-timisoara.ro\/local-40400\/\" title=\"WhatsApp\"><\/p>\n<div class=\"td-social-but-text\">WhatsApp<\/div>\n<p><\/a><a class=\"td-social-sharing-button td-social-sharing-button-js td-social-network td-social-linkedin\" href=\"https:\/\/www.linkedin.com\/shareArticle?mini=true&amp;url=https:\/\/orasul-timisoara.ro\/local-40400\/&amp;title=Inelul+2+Est+se+schimb%C4%83+%C3%AEnainte+de+%C8%99antier%3A+licita%C8%9Bia+pentru+lucr%C4%83ri%2C+anulat%C4%83+de+Prim%C4%83ria+Timi%C8%99oara\" title=\"Linkedin\"><\/p>\n<div class=\"td-social-but-text\">Linkedin<\/div>\n<p><\/a><a class=\"td-social-sharing-button td-social-sharing-button-js td-social-network td-social-reddit\" href=\"https:\/\/reddit.com\/submit?url=https:\/\/orasul-timisoara.ro\/local-40400\/&amp;title=Inelul+2+Est+se+schimb%C4%83+%C3%AEnainte+de+%C8%99antier%3A+licita%C8%9Bia+pentru+lucr%C4%83ri%2C+anulat%C4%83+de+Prim%C4%83ria+Timi%C8%99oara\" title=\"ReddIt\"><\/p>\n<div class=\"td-social-but-text\">ReddIt<\/div>\n<p><\/a><a class=\"td-social-sharing-button td-social-sharing-button-js td-social-network td-social-mail\" href=\"mailto:?subject=Inelul%202%20Est%20se%20schimb%C4%83%20%C3%AEnainte%20de%20%C8%99antier:%20licita%C8%9Bia%20pentru%20lucr%C4%83ri,%20anulat%C4%83%20de%20Prim%C4%83ria%20Timi%C8%99oara&amp;body=https:\/\/orasul-timisoara.ro\/local-40400\/\" title=\"Email\"><\/p>\n<div class=\"td-social-but-text\">Email<\/div>\n<p><\/a><a class=\"td-social-sharing-button td-social-sharing-button-js td-social-network td-social-print\" href=\"https:\/\/orasul-timisoara.ro\/local-40400\/\" title=\"Imprimare\"><\/p>\n<div class=\"td-social-but-text\">Imprimare<\/div>\n<p><\/a><\/div>\n<\/div>\n<\/div>\n<div class=\"td-block-row td-post-next-prev\">\n<div class=\"td-block-span6 td-post-prev-post\">\n<div class=\"td-post-next-prev-content\"><span>Articolul precedent<\/span><a href=\"https:\/\/orasul-timisoara.ro\/local-40401\/\">Drept la replic\u0103 din partea senatorului AUR Timi\u0219, Ciprian-Titi Stoica, referitor la articolul \u201eSpecula\u021bii f\u0103r\u0103 dovezi. Senatorul AUR Timi\u0219 vede conspira\u021bii \u00een \u00eent\u00e2lnirea Bolojan\u2013Fritz\u201d<\/a><\/div>\n<\/div>\n<div class=\"td-block-span6 td-post-next-post\">\n<div class=\"td-post-next-prev-content\"><span>Articolul urm\u0103tor<\/span><a href=\"https:\/\/orasul-timisoara.ro\/local-40405\/\">Timi\u0219oara poate primi finan\u021bare pentru maximum dou\u0103 blocuri prin programul \u201eLift pentru via\u021b\u0103\u201d<\/a><\/div>\n<\/div>\n<\/div>\n<div class=\"td-author-name vcard author\"><span class=\"fn\"><a href=\"https:\/\/orasul-timisoara.ro\/author\/timisoara\/\">redactia<\/a><\/span><\/div>\n<p><span class=\"td-page-meta\"><\/span><span class=\"td-page-meta\"><span class=\"td-page-meta\"><\/span><\/span><span class=\"td-page-meta\"><\/span><\/footer>\n<div class=\"td_block_wrap td_block_related_posts tdi_3 td_with_ajax_pagination td-pb-border-top td_block_template_8\" data-td-block-uid=\"tdi_3\">\n<h4 class=\"td-related-title td-block-title\"><a id=\"tdi_4\" class=\"td-related-left td-cur-simple-item\" data-td_filter_value data-td_block_id=\"tdi_3\" href=\"https:\/\/orasul-timisoara.ro\/local-40400\/\">ARTICOLE SIMILARE<\/a><a id=\"tdi_5\" class=\"td-related-right\" data-td_filter_value=\"td_related_more_from_author\" data-td_block_id=\"tdi_3\" href=\"https:\/\/orasul-timisoara.ro\/local-40400\/\">DE LA ACELA\u0218I AUTOR<\/a><\/h4>\n<div id=\"tdi_3\" class=\"td_block_inner\">\n<div class=\"td-related-row\">\n<div class=\"td-related-span4\">\n<div class=\"td_module_related_posts td-animation-stack td_mod_related_posts\">\n<div class=\"td-module-image\">\n<div class=\"td-module-thumb\"><a href=\"https:\/\/orasul-timisoara.ro\/local-40369\/\" rel=\"bookmark\" class=\"td-image-wrap \" title=\"Pasarela \u00cendr\u0103gosti\u021bilor din Timi\u0219oara ar putea fi demolat\u0103 la \u00eenceput de septembrie. Ce se \u00eent\u00e2mpl\u0103 cu lac\u0103tele?\"><img loading=\"lazy\" decoding=\"async\" class=\"entry-thumb\" src=\"https:\/\/orasul-timisoara.ro\/wp-content\/uploads\/2026\/08\/demolare-pasarela-indragostitilor-4-1-436x300.jpg\" alt title=\"Pasarela \u00cendr\u0103gosti\u021bilor din Timi\u0219oara ar putea fi demolat\u0103 la \u00eenceput de septembrie. Ce se \u00eent\u00e2mpl\u0103 cu lac\u0103tele?\" width=\"218\" height=\"150\"><\/a><\/div>\n<\/div>\n<div class=\"item-details\">\n<h3 class=\"entry-title td-module-title\"><a href=\"https:\/\/orasul-timisoara.ro\/local-40369\/\" rel=\"bookmark\" title=\"Pasarela \u00cendr\u0103gosti\u021bilor din Timi\u0219oara ar putea fi demolat\u0103 la \u00eenceput de septembrie. Ce se \u00eent\u00e2mpl\u0103 cu lac\u0103tele?\">Pasarela \u00cendr\u0103gosti\u021bilor din Timi\u0219oara ar putea fi demolat\u0103 la \u00eenceput de septembrie. Ce se \u00eent\u00e2mpl\u0103 cu lac\u0103tele?<\/a><\/h3>\n<\/div>\n<\/div>\n<\/div>\n<div class=\"td-related-span4\">\n<div class=\"td_module_related_posts td-animation-stack td_mod_related_posts\">\n<div class=\"td-module-image\">\n<div class=\"td-module-thumb\"><a href=\"https:\/\/orasul-timisoara.ro\/local-40147\/\" rel=\"bookmark\" class=\"td-image-wrap \" title=\"Consum record de ap\u0103 \u00een Timi\u0219oara. Aquatim a distribuit peste 2,5 milioane de metri cubi \u00een iulie\"><img loading=\"lazy\" decoding=\"async\" class=\"entry-thumb\" src=\"https:\/\/orasul-timisoara.ro\/wp-content\/uploads\/2026\/07\/femeie-bea-apa-4-436x300.jpg\" alt title=\"Consum record de ap\u0103 \u00een Timi\u0219oara. Aquatim a distribuit peste 2,5 milioane de metri cubi \u00een iulie\" width=\"218\" height=\"150\"><\/a><\/div>\n<\/div>\n<div class=\"item-details\">\n<h3 class=\"entry-title td-module-title\"><a href=\"https:\/\/orasul-timisoara.ro\/local-40147\/\" rel=\"bookmark\" title=\"Consum record de ap\u0103 \u00een Timi\u0219oara. Aquatim a distribuit peste 2,5 milioane de metri cubi \u00een iulie\">Consum record de ap\u0103 \u00een Timi\u0219oara. Aquatim a distribuit peste 2,5 milioane de metri cubi \u00een iulie<\/a><\/h3>\n<\/div>\n<\/div>\n<\/div>\n<div class=\"td-related-span4\">\n<div class=\"td_module_related_posts td-animation-stack td_mod_related_posts\">\n<div class=\"td-module-image\">\n<div class=\"td-module-thumb\"><a href=\"https:\/\/orasul-timisoara.ro\/local-40107\/\" rel=\"bookmark\" class=\"td-image-wrap \" title=\"Viorel M\u0103rcu\u021bi: Au \u00eenceput lucr\u0103rile la terenul sintetic de fotbal din S\u00e2nmihaiu Rom\u00e2n (foto)\"><img loading=\"lazy\" decoding=\"async\" class=\"entry-thumb\" src=\"https:\/\/orasul-timisoara.ro\/wp-content\/uploads\/2026\/08\/teren-sport-sanmihaiu-roman-1-1-436x300.jpg\" alt title=\"Viorel M\u0103rcu\u021bi: Au \u00eenceput lucr\u0103rile la terenul sintetic de fotbal din S\u00e2nmihaiu Rom\u00e2n (foto)\" width=\"218\" height=\"150\"><\/a><\/div>\n<\/div>\n<div class=\"item-details\">\n<h3 class=\"entry-title td-module-title\"><a href=\"https:\/\/orasul-timisoara.ro\/local-40107\/\" rel=\"bookmark\" title=\"Viorel M\u0103rcu\u021bi: Au \u00eenceput lucr\u0103rile la terenul sintetic de fotbal din S\u00e2nmihaiu Rom\u00e2n (foto)\">Viorel M\u0103rcu\u021bi: Au \u00eenceput lucr\u0103rile la terenul sintetic de fotbal din S\u00e2nmihaiu Rom\u00e2n (foto)<\/a><\/h3>\n<\/div>\n<\/div>\n<\/div>\n<\/div>\n<\/div>\n<\/div>\n<div class=\"comments\" id=\"comments\">\n<div id=\"respond\" class=\"comment-respond\">\n<h3 id=\"reply-title\" class=\"comment-reply-title\">L\u0102SA\u021aI UN MESAJ<\/h3>\n<div class=\"comment-form-input-wrap td-form-comment\">\n<div class=\"td-warning-comment\">V\u0103 rug\u0103m s\u0103 introduce\u021bi comentariul dvs.!<\/div>\n<\/div>\n<div class=\"comment-form-input-wrap td-form-author\">\n<div class=\"td-warning-author\">Introduce\u021bi aici numele dvs.<\/div>\n<\/div>\n<div class=\"comment-form-input-wrap td-form-email\">\n<div class=\"td-warning-email-error\">A\u021bi introdus o adres\u0103 de e-mail incorect\u0103!<\/div>\n<div class=\"td-warning-email\">V\u0103 rug\u0103m s\u0103 introduce\u021bi adresa dvs. de e-mail aici<\/div>\n<\/div>\n<\/div>\n<p class=\"akismet_comment_form_privacy_notice\">Acest site folose\u0219te Akismet pentru a reduce spamul. <a href=\"https:\/\/akismet.com\/privacy\/\" target=\"_blank\" rel=\"nofollow noopener\">Afl\u0103 cum sunt procesate datele comentariilor tale<\/a>.<\/p>\n<\/div>\n<\/div>\n<\/div>\n<div class=\"td-pb-span4 td-main-sidebar\" role=\"complementary\">\n<div class=\"td-ss-main-sidebar\">\n<aside id=\"block-4\" class=\"td_block_template_8 widget block-4 widget_block widget_media_image\">\n<figure class=\"wp-block-image size-full\"><img loading=\"lazy\" decoding=\"async\" width=\"336\" height=\"280\" src=\"https:\/\/orasul-timisoara.ro\/wp-content\/uploads\/2024\/11\/ReTIM-Abonamentul-Verde-Google-Ads-336x280px.gif\" alt class=\"wp-image-29257\"><\/figure>\n<\/aside>\n<div class=\"td_block_wrap td_block_social_counter td_block_widget tdi_6 td-social-style5 td-social-boxed td-pb-border-top td_block_template_8\">\n<div class=\"td-block-title-wrap\">\n<h4 class=\"td-block-title\"><span>Urm\u0103re\u0219te-ne pe Social Media<\/span><\/h4>\n<\/div>\n<div class=\"td-social-list\">\n<div class=\"td_social_type td-pb-margin-side td_social_facebook\">\n<div class=\"td-social-box\"><span class=\"td_social_info td_social_info_counter\">344,595<\/span><span class=\"td_social_info td_social_info_name\">Fani<\/span><span class=\"td_social_button\"><a href=\"https:\/\/www.facebook.com\/247timisoara\" target=\"_blank\" rel=\"nofollow\">\u00cemi place<\/a><\/span><\/div>\n<\/div>\n<div class=\"td_social_type td-pb-margin-side td_social_instagram\">\n<div class=\"td-social-box\"><span class=\"td_social_info td_social_info_counter\">4,416<\/span><span class=\"td_social_info td_social_info_name\">Cititori<\/span><span class=\"td_social_button\"><a href=\"https:\/\/instagram.com\/orasultimisoararo\/\" target=\"_blank\" rel=\"nofollow\">Conecta\u021bi-v\u0103<\/a><\/span><\/div>\n<\/div>\n<div class=\"td_social_type td-pb-margin-side td_social_rss\">\n<div class=\"td-social-box\"><span class=\"td_social_info td_social_info_counter\">12,506<\/span><span class=\"td_social_info td_social_info_name\">Cititori<\/span><span class=\"td_social_button\"><a href=\"https:\/\/orasul-timisoara.ro\/feed\/\" target=\"_blank\" rel=\"nofollow\">Conecta\u021bi-v\u0103<\/a><\/span><\/div>\n<\/div>\n<div class=\"td_social_type td-pb-margin-side td_social_tiktok\">\n<div class=\"td-social-box\"><span class=\"td_social_info td_social_info_counter\">1,500<\/span><span class=\"td_social_info td_social_info_name\">Cititori<\/span><span class=\"td_social_button\"><a href=\"https:\/\/www.tiktok.com\/@orasultimisoara\" target=\"_blank\" rel=\"nofollow\">Conecta\u021bi-v\u0103<\/a><\/span><\/div>\n<\/div>\n<div class=\"td_social_type td-pb-margin-side td_social_twitter\">\n<div class=\"td-social-box\"><span class=\"td_social_info td_social_info_counter\">1,595<\/span><span class=\"td_social_info td_social_info_name\">Cititori<\/span><span class=\"td_social_button\"><a href=\"https:\/\/twitter.com\/orasultm\" target=\"_blank\" rel=\"nofollow\">Conecta\u021bi-v\u0103<\/a><\/span><\/div>\n<\/div>\n<div class=\"td_social_type td-pb-margin-side td_social_youtube\">\n<div class=\"td-social-box\"><span class=\"td_social_info td_social_info_counter\">3,506<\/span><span class=\"td_social_info td_social_info_name\">Abona\u021bi<\/span><span class=\"td_social_button\"><a href=\"https:\/\/www.youtube.com\/channel\/UCQNsQvs2XCSIm1Z-AHRturw?sub_confirmation=1\" target=\"_blank\" rel=\"nofollow\">Abona\u021bi-v\u0103<\/a><\/span><\/div>\n<\/div>\n<\/div>\n<\/div>\n<aside id=\"text-7\" class=\"td_block_template_8 widget text-7 widget_text\">\n<h4 class=\"td-block-title\"><span>C\u0103ut\u0103ri populare pe OTM<\/span><\/h4>\n<div class=\"textwidget\"><a href=\"https:\/\/orasul-timisoara.ro\/?s=timisoara\"><span>Timisoara<\/span><\/a><a href=\"https:\/\/orasul-timisoara.ro\/?s=calin+dobra\"><span>Calin Dobra<\/span><\/a><a href=\"https:\/\/orasul-timisoara.ro\/?s=primaria+timisoara\"><span>Primaria Timisoara<\/span><\/a><a href=\"https:\/\/orasul-timisoara.ro\/?s=dominic+fritz\"><span>Dominic Fritz<\/span><\/a><a href=\"https:\/\/orasul-timisoara.ro\/?s=nicolae+robu\"><span>Nicolae Robu<\/span><\/a><a href=\"https:\/\/orasul-timisoara.ro\/?s=consiliul+local+timisoara\">Consiliul Local Timisoara<\/a><a href=\"https:\/\/orasul-timisoara.ro\/?s=consiliul+judetean+timis\"><span>Consiliul Judetean Timis<\/span><\/a><a href=\"https:\/\/orasul-timisoara.ro\/?s=cjt\"><span>CJT<\/span><\/a><a href=\"https:\/\/orasul-timisoara.ro\/?s=Alfred+Simonis\"><span>Alfred Simonis<\/span><\/a><a href=\"https:\/\/orasul-timisoara.ro\/?s=PNL\"><span>PNL<\/span><\/a><a href=\"https:\/\/orasul-timisoara.ro\/?s=coronavirus\"><span>coronavirus<\/span><\/a><a href=\"https:\/\/orasul-timisoara.ro\/?s=teatru+timisoara\">teatru Timisoara<\/a><a href=\"https:\/\/orasul-timisoara.ro\/?s=restaurante\"><span>restaurante Timisoara<\/span><\/a><a href=\"https:\/\/orasul-timisoara.ro\/?s=diskoteka\"><span>Diskoteka<\/span><\/a><a href=\"https:\/\/orasul-timisoara.ro\/?s=iulius+town\"><span>Iulius Town<\/span><\/a><a href=\"https:\/\/orasul-timisoara.ro\/?s=iulius+mall\"><span>Iulius Mall<\/span><\/a><a href=\"https:\/\/orasul-timisoara.ro\/?s=stpt\"><span>STPT<\/span><\/a><a href=\"https:\/\/orasul-timisoara.ro\/?s=alin+nica\"><span>Alin Nica<\/span><\/a><a href=\"https:\/\/orasul-timisoara.ro\/?s=psd\"><span>PSD<\/span><\/a><a href=\"https:\/\/orasul-timisoara.ro\/?s=aeroport\"><span>Aeroportul International Timisoara<\/span><\/a><a href=\"https:\/\/orasul-timisoara.ro\/?s=babes\"><span>Spitalul Victor Babes Timisoara<\/span><\/a><a href=\"https:\/\/orasul-timisoara.ro\/?s=poli\"><span>Poli Timi\u0219oara<\/span><\/a><a href=\"https:\/\/orasul-timisoara.ro\/?s=carantina\"><span>carantina<\/span><\/a><a href=\"https:\/\/orasul-timisoara.ro\/?s=aquatim\"><span>Aquatim<\/span><\/a><a href=\"https:\/\/orasul-timisoara.ro\/local-category\/stiri-timisoara\/\"><span>Stiri Timisoara<\/span><\/a><a href=\"https:\/\/orasul-timisoara.ro\/local-category\/investitii-in-timisoara\/\"><span>Investi\u021bii in Timi\u0219oara<\/span><\/a><a href=\"https:\/\/orasul-timisoara.ro\/local-9463\/\"><span>shaorma<\/span><\/a><a href=\"https:\/\/orasul-timisoara.ro\/?s=trafic\"><span>trafic rutier<\/span><\/a><a href=\"https:\/\/orasul-timisoara.ro\/?s=politia\"><span>politia locala timisoara<\/span><\/a><a href=\"https:\/\/orasul-timisoara.ro\/?s=roxana\"><span>Roxana Iliescu<\/span><\/a><a href=\"https:\/\/orasul-timisoara.ro\/?s=colterm\"><span>Colterm<\/span><\/a><a href=\"https:\/\/orasul-timisoara.ro\/?s=latcau\"><span>Ruben La\u021bc\u0103u<\/span><\/a><a href=\"https:\/\/orasul-timisoara.ro\/?s=timis\"><span>\u0218tiri din Timi\u0219<\/span><\/a><a href=\"https:\/\/orasul-timisoara.ro\/?s=spital\"><span>Spitale din Timi\u0219oara<\/span><\/a><a href=\"https:\/\/orasul-timisoara.ro\/?s=tabara\"><span>Cosmin Tab\u0103r\u0103<\/span><\/a><\/div>\n<\/aside>\n<aside id=\"rss-2\" class=\"td_block_template_8 widget rss-2 widget_rss\">\n<h4 class=\"td-block-title\"><span><a class=\"rsswidget rss-widget-feed\" href=\"https:\/\/fashionfridays.ro\/feed\"><img decoding=\"async\" class=\"rss-widget-icon\" width=\"14\" height=\"14\" src=\"https:\/\/orasul-timisoara.ro\/wp-includes\/images\/rss.png\" alt=\"Flux RSS: Fashion Fridays\" loading=\"lazy\"><\/a><a class=\"rsswidget rss-widget-title\" href=\"https:\/\/fashionfridays.ro\/\">Fashion Fridays<\/a><\/span><\/h4>\n<ul>\n<li><a class=\"rsswidget\" href=\"https:\/\/fashionfridays.ro\/romania-devine-a-29-a-piata-vogue-o-noua-era-pentru-industria-locala-de-moda\/\">Rom\u00e2nia devine a 29-a pia\u021b\u0103 Vogue: o nou\u0103 er\u0103 pentru industria local\u0103 de mod\u0103<\/a>\n<div class=\"rssSummary\">Revista Vogue \u00ee\u0219i extinde prezen\u021ba global\u0103 \u0219i va fi lansat\u0103 oficial \u00een Rom\u00e2nia \u00een prim\u0103vara anului 2027, marc\u00e2nd intrarea pe cea de-a 29-a pia\u021b\u0103 interna\u021bional\u0103. Proiectul este realizat \u00een parteneriat cu AEMME Publishing, o companie media recent \u00eenfiin\u021bat\u0103, care va publica edi\u021bia local\u0103 sub licen\u021b\u0103. Noua edi\u021bie, Vogue Rom\u00e2nia, \u00ee\u0219i propune s\u0103 combine autoritatea global\u0103 [\u2026]<\/div>\n<\/li>\n<\/ul>\n<\/aside>\n<aside id=\"rss-4\" class=\"td_block_template_8 widget rss-4 widget_rss\">\n<h4 class=\"td-block-title\"><span><a class=\"rsswidget rss-widget-feed\" href=\"https:\/\/emasini.ro\/feed\"><img decoding=\"async\" class=\"rss-widget-icon\" width=\"14\" height=\"14\" src=\"https:\/\/orasul-timisoara.ro\/wp-includes\/images\/rss.png\" alt=\"Flux RSS: eMasini\" loading=\"lazy\"><\/a><a class=\"rsswidget rss-widget-title\" href=\"https:\/\/emasini.ro\/\">eMasini<\/a><\/span><\/h4>\n<ul>\n<li><a class=\"rsswidget\" href=\"https:\/\/emasini.ro\/adio-bordurilor-pline-de-ecrane-mercedes-benz-readuce-butoanele-in-noile-masini-produse\/\">Adio bordurilor pline de ecrane? Mercedes-Benz readuce butoanele \u00een noile ma\u0219ini produse<\/a>\n<div class=\"rssSummary\">Mercedes-Benz \u00ee\u0219i schimb\u0103 direc\u021bia \u00een ceea ce prive\u0219te designul interioarelor \u0219i va readuce comenzile fizice pentru anumite func\u021bii importante. Constructorul german nu renun\u021b\u0103 la ecranele mari \u0219i la tehnologiile digitale, dar recunoa\u0219te c\u0103 a mers prea departe prin eliminarea unor butoane \u0219i comenzi tactile. Ola K\u00e4llenius, pre\u0219edintele Consiliului de Administra\u021bie al Mercedes-Benz Group \u0219i CEO [\u2026]<\/div>\n<\/li>\n<\/ul>\n<\/aside>\n<\/div>\n<\/div>\n<\/div>\n<\/div>\n<\/article>\n<div class=\"td-post-content tagdiv-type\">\n<p class=\"wp-block-paragraph\">Prim\u0103ria Municipiului Timi\u0219oara revizuie\u0219te proiectul pentru Inelul 2 Est \u00eenainte de \u00eenceperea lucr\u0103rilor, dup\u0103 ce municipalitatea a decis anularea licita\u021biei pentru execu\u021bia investi\u021biei. Documenta\u021bia tehnic\u0103 urmeaz\u0103 s\u0103 fie completat\u0103 \u0219i actualizat\u0103, astfel \u00eenc\u00e2t problemele care ar putea ap\u0103rea \u00een timpul \u0219antierului s\u0103 fie prevenite, iar riscul unor costuri suplimentare \u0219i \u00eent\u00e2rzieri s\u0103 fie redus.<\/p>\n<h2 class=\"wp-block-heading\">Licita\u021bia pentru lucr\u0103ri va fi reluat\u0103 dup\u0103 revizuirea proiectului<\/h2>\n<p class=\"wp-block-paragraph\">Municipalitatea a decis s\u0103 nu treac\u0103 direct la execu\u021bia lucr\u0103rilor \u0219i s\u0103 actualizeze mai \u00eent\u00e2i documenta\u021bia tehnic\u0103. Potrivit Prim\u0103riei Timi\u0219oara, m\u0103sura are rolul de a evita situa\u021biile care ar putea genera modific\u0103ri \u00een timpul execu\u021biei, costuri suplimentare sau \u00eent\u00e2rzieri importante.<\/p>\n<p class=\"wp-block-paragraph\">Procedura de achizi\u021bie public\u0103 pentru execu\u021bia lucr\u0103rilor va fi reluat\u0103 dup\u0103 finalizarea actualiz\u0103rilor. Documenta\u021bia tehnic\u0103 a proiectului a fost donat\u0103 de TAKE PROJECT SRL.<\/p>\n<h2 class=\"wp-block-heading\">Inelul 2 Est va lega mai eficient cartierele Timi\u0219oarei<\/h2>\n<p class=\"wp-block-paragraph\">Inelul 2 Est reprezint\u0103 una dintre investi\u021biile importante \u00een infrastructura rutier\u0103 a Timi\u0219oarei \u0219i are ca obiectiv \u00eembun\u0103t\u0103\u021birea leg\u0103turilor dintre cartiere, f\u0103r\u0103 ca traficul s\u0103 fie nevoit s\u0103 traverseze zona central\u0103 a ora\u0219ului.<\/p>\n<p class=\"wp-block-paragraph\">Proiectul prevede construirea a dou\u0103 poduri noi peste Bega, \u00een zona ILSA\/ISHO, precum \u0219i amenajarea unui bulevard cu patru benzi \u00eentre strada Enric Baader \u0219i bulevardul Corneliu Coposu.<\/p>\n<p class=\"wp-block-paragraph\">Investi\u021bia include \u0219i reamenajarea unor artere secundare, pe o lungime de peste 1,5 kilometri. Sunt vizate strada Enric Baader, pe tronsonul dintre \u00cenfr\u0103\u021birii \u0219i Take Ionescu, bulevardul Take Ionescu, pe tronsonul Baader \u2013 \u00cenfr\u0103\u021birii \u2013 Acad. Dimitrie Gusti, strada Acad. Dimitrie Gusti, \u00eentre Take Ionescu \u0219i Andrei Mocioni, Splaiul Protopop Mele\u021bie Dr\u0103ghici, strada Andrei Mocioni, Splaiul Nistrului, pe tronsonul Sfetca \u2013 Miclo\u0219i, precum \u0219i strada Acad. Corneliu Miclo\u0219i.<\/p>\n<p class=\"wp-block-paragraph\">Proiectul prevede, de asemenea, modernizarea trotuarelor \u0219i amenajarea unor piste pentru biciclete.<\/p>\n<h2 class=\"wp-block-heading\">O investi\u021bie de peste 136 de milioane de lei<\/h2>\n<p class=\"wp-block-paragraph\">Proiectul \u201eAmenajare Inel II de circula\u021bie, sector cuprins \u00eentre strada A. Demetriade \u0219i Bdul. J.H. Pestalozzi, construire pod rutier \u0219i pod pietonal peste canalul Bega\u201d, identificat prin codul SMIS 357079, beneficiaz\u0103 de cofinan\u021bare european\u0103 prin Programul Regional Vest 2021-2027.<\/p>\n<p class=\"wp-block-paragraph\">Finan\u021barea prin Programul Regional Vest, Interven\u021bia Regional\u0103 5.1B \u2013 Decongestionare trafic, se ridic\u0103 la 77,9 milioane de lei.<\/p>\n<p class=\"wp-block-paragraph\">Valoarea total\u0103 a investi\u021biei este de 136,2 milioane de lei, cu TVA inclus, \u00een timp ce contribu\u021bia municipalit\u0103\u021bii din bugetul local este de 58,2 milioane de lei.<\/p>\n<p class=\"wp-block-paragraph\">Revizuirea proiectului \u00eenainte de intrarea \u00een execu\u021bie urm\u0103re\u0219te ca lucr\u0103rile s\u0103 poat\u0103 fi derulate pe baza unei documenta\u021bii tehnice complete \u0219i actualizate, reduc\u00e2nd riscul apari\u021biei unor probleme neprev\u0103zute odat\u0103 cu deschiderea \u0219antierului.<\/p>\n<\/div>\n<p>[analyse_source url=&#8221;https:\/\/orasul-timisoara.ro\/local-40400\/&#8221;]<\/p>\n","protected":false},"excerpt":{"rendered":"<p>[analyse_image type=&#8221;featured&#8221; src=&#8221;https:\/\/orasul-timisoara.ro\/wp-content\/uploads\/2026\/08\/masina-deplasare-baader.jpg&#8221;] Administra\u021bie local\u0103Inelul 2 Est se schimb\u0103 \u00eenainte de \u0219antier: licita\u021bia pentru lucr\u0103ri, anulat\u0103&#8230; Administra\u021bie local\u0103 Investitii in Timisoara \u0218tiri Locale Inelul 2 Est se schimb\u0103 \u00eenainte de \u0219antier: licita\u021bia pentru lucr\u0103ri, anulat\u0103 de Prim\u0103ria Timi\u0219oara De c\u0103tre redactia &#8211; 21\/08\/2026 Facebook Twitter WhatsApp Linkedin ReddIt Email Imprimare Prim\u0103ria Municipiului Timi\u0219oara revizuie\u0219te proiectul [&hellip;]<\/p>\n","protected":false},"author":1,"featured_media":0,"comment_status":"open","ping_status":"","sticky":false,"template":"","format":"standard","meta":{"footnotes":""},"categories":[89],"tags":[226,189],"class_list":["post-2105893","post","type-post","status-publish","format-standard","hentry","category-romania","tag-crawlmanager","tag-orasul-timisoara-ro"],"_links":{"self":[{"href":"https:\/\/analyse.optim.biz\/index.php?rest_route=\/wp\/v2\/posts\/2105893","targetHints":{"allow":["GET"]}}],"collection":[{"href":"https:\/\/analyse.optim.biz\/index.php?rest_route=\/wp\/v2\/posts"}],"about":[{"href":"https:\/\/analyse.optim.biz\/index.php?rest_route=\/wp\/v2\/types\/post"}],"author":[{"embeddable":true,"href":"https:\/\/analyse.optim.biz\/index.php?rest_route=\/wp\/v2\/users\/1"}],"replies":[{"embeddable":true,"href":"https:\/\/analyse.optim.biz\/index.php?rest_route=%2Fwp%2Fv2%2Fcomments&post=2105893"}],"version-history":[{"count":0,"href":"https:\/\/analyse.optim.biz\/index.php?rest_route=\/wp\/v2\/posts\/2105893\/revisions"}],"wp:attachment":[{"href":"https:\/\/analyse.optim.biz\/index.php?rest_route=%2Fwp%2Fv2%2Fmedia&parent=2105893"}],"wp:term":[{"taxonomy":"category","embeddable":true,"href":"https:\/\/analyse.optim.biz\/index.php?rest_route=%2Fwp%2Fv2%2Fcategories&post=2105893"},{"taxonomy":"post_tag","embeddable":true,"href":"https:\/\/analyse.optim.biz\/index.php?rest_route=%2Fwp%2Fv2%2Ftags&post=2105893"}],"curies":[{"name":"wp","href":"https:\/\/api.w.org\/{rel}","templated":true}]}}