{"id":2105892,"date":"2026-08-21T14:12:11","date_gmt":"2026-08-21T11:12:11","guid":{"rendered":"https:\/\/analyse.optim.biz\/?p=2105892"},"modified":"2026-08-21T14:12:11","modified_gmt":"2026-08-21T11:12:11","slug":"restrictii-de-circulatie-in-timisoara-mai-multe-strazi-si-bulevarde-vor-fi-inchise-in-urmatoarele-zile","status":"publish","type":"post","link":"https:\/\/analyse.optim.biz\/?p=2105892","title":{"rendered":"Restric\u021bii de circula\u021bie \u00een Timi\u0219oara. Mai multe str\u0103zi \u0219i bulevarde vor fi \u00eenchise \u00een urm\u0103toarele zile"},"content":{"rendered":"<p>[analyse_image type=&#8221;featured&#8221; src=&#8221;https:\/\/orasul-timisoara.ro\/wp-content\/uploads\/2023\/09\/lucrari-drum-copy.jpg&#8221;]<\/p>\n<article id=\"post-40415\" class=\"td-post-template-7 post-40415 post type-post status-publish format-standard has-post-thumbnail category-administratie category-featured category-stiri-timisoara tag-circulatie-2 tag-codru-festival tag-delgaz-grid tag-lucrari-gaze tag-restrictii-2 tag-stiri-timisoara-2 tag-super-rally tag-timisoara-2 tag-trafic td-container-wrap\">\n<div class=\"td-full-screen-header-image-wrap\">\n<div class=\"td-container td-post-header\">\n<div class=\"td-crumb-container\">\n<div class=\"entry-crumbs\"><span><a title=\"Vede\u021bi toate articolele \u00een Administra\u021bie local\u0103\" class=\"entry-crumb\" href=\"https:\/\/orasul-timisoara.ro\/local-category\/administratie\/\">Administra\u021bie local\u0103<\/a><\/span><span class=\"td-bred-no-url-last\">Restric\u021bii de circula\u021bie \u00een Timi\u0219oara. Mai multe str\u0103zi \u0219i bulevarde vor fi&#8230;<\/span><\/div>\n<\/div>\n<div class=\"td-post-header-holder\">\n<div class=\"td-parallax-header\">\n<header class=\"td-post-title\">\n<ul class=\"td-category\">\n<li class=\"entry-category\"><a href=\"https:\/\/orasul-timisoara.ro\/local-category\/administratie\/\">Administra\u021bie local\u0103<\/a><\/li>\n<li class=\"entry-category\"><a href=\"https:\/\/orasul-timisoara.ro\/local-category\/stiri-timisoara\/\">\u0218tiri Locale<\/a><\/li>\n<\/ul>\n<h1 class=\"entry-title\">Restric\u021bii de circula\u021bie \u00een Timi\u0219oara. Mai multe str\u0103zi \u0219i bulevarde vor fi \u00eenchise \u00een urm\u0103toarele zile<\/h1>\n<div class=\"td-module-meta-info\">\n<div class=\"td-post-author-name\">\n<div class=\"td-author-by\">De c\u0103tre<\/div>\n<p><a href=\"https:\/\/orasul-timisoara.ro\/author\/timisoara\/\">redactia<\/a><\/p>\n<div class=\"td-author-line\"> &#8211; <\/div>\n<\/div>\n<p><span class=\"td-post-date\"><time class=\"entry-date updated td-module-date\" datetime=\"2026-08-21T17:12:11+03:00\">21\/08\/2026<\/time><\/span><\/div>\n<\/header>\n<\/div>\n<\/div>\n<\/div>\n<div id=\"td-full-screen-header-image\" class=\"td-image-gradient-style7\"><img decoding=\"async\" class=\"td-backstretch\" src=\"https:\/\/orasul-timisoara.ro\/wp-content\/uploads\/2023\/09\/lucrari-drum-copy.jpg\"><\/div>\n<\/div>\n<div class=\"td-container\">\n<div class=\"td-pb-row\">\n<div class=\"td-pb-span8 td-main-content\" role=\"main\">\n<div class=\"td-ss-main-content\">\n<div class=\"td-post-sharing-top\">\n<div class=\"td-post-sharing-classic\"><iframe title=\"topFacebookLike\" frameborder src=\"https:\/\/www.facebook.com\/plugins\/like.php?href=https:\/\/orasul-timisoara.ro\/local-40415\/&amp;layout=button_count&amp;show_faces=false&amp;width=105&amp;action=like&amp;colorscheme=light&amp;height=21\"><\/iframe><\/div>\n<div id=\"td_social_sharing_article_top\" class=\"td-post-sharing td-ps-bg td-ps-notext td-post-sharing-style1 \">\n<div class=\"td-post-sharing-visible\"><a class=\"td-social-sharing-button td-social-sharing-button-js td-social-network td-social-facebook\" href=\"https:\/\/www.facebook.com\/sharer.php?u=https%3A%2F%2Forasul-timisoara.ro%2Flocal-40415%2F\" title=\"Facebook\"><\/p>\n<div class=\"td-social-but-text\">Facebook<\/div>\n<p><\/a><a class=\"td-social-sharing-button td-social-sharing-button-js td-social-network td-social-twitter\" href=\"https:\/\/twitter.com\/intent\/tweet?text=Restric%C8%9Bii+de+circula%C8%9Bie+%C3%AEn+Timi%C8%99oara.+Mai+multe+str%C4%83zi+%C8%99i+bulevarde+vor+fi+%C3%AEnchise+%C3%AEn+urm%C4%83toarele+zile&amp;url=https%3A%2F%2Forasul-timisoara.ro%2Flocal-40415%2F&amp;via=orasultm\" title=\"Twitter\"><\/p>\n<div class=\"td-social-but-text\">Twitter<\/div>\n<p><\/a><a class=\"td-social-sharing-button td-social-sharing-button-js td-social-network td-social-whatsapp\" href=\"https:\/\/api.whatsapp.com\/send?text=Restric%C8%9Bii+de+circula%C8%9Bie+%C3%AEn+Timi%C8%99oara.+Mai+multe+str%C4%83zi+%C8%99i+bulevarde+vor+fi+%C3%AEnchise+%C3%AEn+urm%C4%83toarele+zile%20%0A%0A%20https:\/\/orasul-timisoara.ro\/local-40415\/\" title=\"WhatsApp\"><\/p>\n<div class=\"td-social-but-text\">WhatsApp<\/div>\n<p><\/a><a class=\"td-social-sharing-button td-social-sharing-button-js td-social-network td-social-linkedin\" href=\"https:\/\/www.linkedin.com\/shareArticle?mini=true&amp;url=https:\/\/orasul-timisoara.ro\/local-40415\/&amp;title=Restric%C8%9Bii+de+circula%C8%9Bie+%C3%AEn+Timi%C8%99oara.+Mai+multe+str%C4%83zi+%C8%99i+bulevarde+vor+fi+%C3%AEnchise+%C3%AEn+urm%C4%83toarele+zile\" title=\"Linkedin\"><\/p>\n<div class=\"td-social-but-text\">Linkedin<\/div>\n<p><\/a><a class=\"td-social-sharing-button td-social-sharing-button-js td-social-network td-social-reddit\" href=\"https:\/\/reddit.com\/submit?url=https:\/\/orasul-timisoara.ro\/local-40415\/&amp;title=Restric%C8%9Bii+de+circula%C8%9Bie+%C3%AEn+Timi%C8%99oara.+Mai+multe+str%C4%83zi+%C8%99i+bulevarde+vor+fi+%C3%AEnchise+%C3%AEn+urm%C4%83toarele+zile\" title=\"ReddIt\"><\/p>\n<div class=\"td-social-but-text\">ReddIt<\/div>\n<p><\/a><a class=\"td-social-sharing-button td-social-sharing-button-js td-social-network td-social-mail\" href=\"mailto:?subject=Restric%C8%9Bii%20de%20circula%C8%9Bie%20%C3%AEn%20Timi%C8%99oara.%20Mai%20multe%20str%C4%83zi%20%C8%99i%20bulevarde%20vor%20fi%20%C3%AEnchise%20%C3%AEn%20urm%C4%83toarele%20zile&amp;body=https:\/\/orasul-timisoara.ro\/local-40415\/\" title=\"Email\"><\/p>\n<div class=\"td-social-but-text\">Email<\/div>\n<p><\/a><a class=\"td-social-sharing-button td-social-sharing-button-js td-social-network td-social-print\" href=\"https:\/\/orasul-timisoara.ro\/local-40415\/\" title=\"Imprimare\"><\/p>\n<div class=\"td-social-but-text\">Imprimare<\/div>\n<p><\/a><\/div>\n<\/div>\n<\/div>\n<div class=\"td-post-content tagdiv-type\">\n<p class=\"wp-block-paragraph\">Mai multe restric\u021bii de circula\u021bie vor fi instituite \u00een Timi\u0219oara \u00eencep\u00e2nd de joi, 27 august 2026, \u00een contextul desf\u0103\u0219ur\u0103rii unor evenimente sportive \u0219i culturale, dar \u0219i al unor lucr\u0103ri la infrastructura de utilit\u0103\u021bi. M\u0103surile au fost avizate de Comisia de Circula\u021bie din cadrul Prim\u0103riei Municipiului Timi\u0219oara, la solicitarea organizatorilor \u0219i a companiei Delgaz Grid.<\/p>\n<h2 class=\"wp-block-heading\">Restric\u021bii pentru Campionatul Na\u021bional de Super Rally<\/h2>\n<p class=\"wp-block-paragraph\">La solicitarea Federa\u021biei Rom\u00e2ne de Automobilism Sportiv, circula\u021bia rutier\u0103 va fi \u00eenchis\u0103 \u00een mai multe zone centrale ale Timi\u0219oarei pentru desf\u0103\u0219urarea unei curse din cadrul Campionatului Na\u021bional de Super Rally Powered.<\/p>\n<p class=\"wp-block-paragraph\">\u00cen perioada <strong>27 august 2026, ora 20:00 \u2013 30 august 2026, ora 08:00<\/strong>, vor fi rezervate locurile de parcare din parcarea Modex, cele destinate autocarelor \u0219i spa\u021biile de tip \u201eDrop-off\u201d din Pia\u021ba Iancu Huniade, precum \u0219i locurile de parcare adiacente bulevardului I.C. Br\u0103tianu, pe ambele sensuri de circula\u021bie.<\/p>\n<p class=\"wp-block-paragraph\">\u00cen perioada <strong>28 august, ora 12:00 \u2013 30 august, ora 08:00<\/strong>, traficul rutier va fi \u00eenchis pe urm\u0103toarele tronsoane:<\/p>\n<ul class=\"wp-block-list\">\n<li>bulevardul I.C. Br\u0103tianu, \u00eentre Pia\u021ba Iancu Huniade \u0219i strada Michelangelo;<\/li>\n<li>strada 20 Decembrie 1989, de la Pia\u021ba Iancu Huniade p\u00e2n\u0103 la intersec\u021bia cu bulevardul C.D. Loga, intersec\u021bia r\u0103m\u00e2n\u00e2nd deschis\u0103 circula\u021biei;<\/li>\n<li>strada Patriarh Miron Cristea, \u00eentre bulevardul Mihai Eminescu \u0219i bulevardul I.C. Br\u0103tianu.<\/li>\n<\/ul>\n<p class=\"wp-block-paragraph\">De asemenea, \u00een perioada <strong>28 august, ora 22:00 \u2013 29 august, ora 20:00<\/strong>, traficul rutier va fi \u00eenchis pe:<\/p>\n<ul class=\"wp-block-list\">\n<li>bulevardul C.D. Loga, \u00eentre strada George Enescu \u0219i bulevardul Regele Ferdinand I;<\/li>\n<li>strada 20 Decembrie 1989, \u00eentre bulevardul C.D. Loga \u0219i Podul Mihai Viteazu;<\/li>\n<li>bulevardul Regele Ferdinand I, \u00eentre bulevardul C.D. Loga \u0219i Podul Mihai Viteazu.<\/li>\n<\/ul>\n<h2 class=\"wp-block-heading\">Strada Avram Imbroane, \u00eenchis\u0103 pentru Codru Festival<\/h2>\n<p class=\"wp-block-paragraph\">Alte restric\u021bii sunt programate pe strada Avram Imbroane, unde at\u00e2t traficul auto, c\u00e2t \u0219i cel pietonal vor fi \u00eenchise \u00een perioada <strong>28\u201330 august 2026<\/strong>.<\/p>\n<p class=\"wp-block-paragraph\">Tronsonul afectat este cel cuprins \u00eentre accesul principal al Muzeului Satului \u0219i Gr\u0103dina Zoologic\u0103. M\u0103sura este necesar\u0103 pentru desf\u0103\u0219urarea evenimentului \u201eCODRU FESTIVAL\u201d, la solicitarea organizatorului, societatea Balvia.<\/p>\n<h2 class=\"wp-block-heading\">Restric\u021bii pentru un eveniment organizat de Teatrul Maghiar<\/h2>\n<p class=\"wp-block-paragraph\">Circula\u021bia rutier\u0103 va fi \u00eenchis\u0103 \u0219i pe strada dr. Aurel P\u0103unescu Podeanu, \u00een data de <strong>29 august 2026<\/strong>, \u00eentre orele <strong>10:00 \u0219i 11:00<\/strong>.<\/p>\n<p class=\"wp-block-paragraph\">Restric\u021bia este instituit\u0103 la solicitarea Teatrului Maghiar de Stat Csiky Gergely, pentru desf\u0103\u0219urarea evenimentului \u201esz\u00ednJ\u00c1T\u00c9KOK | theatreGAMES 2026\u201d. Tronsonul vizat este cuprins \u00eentre strada \u0218tefan Covaci \u0219i intersec\u021bia cu Calea Stan Vidrighin.<\/p>\n<h2 class=\"wp-block-heading\">Lucr\u0103ri la re\u021beaua de gaze p\u00e2n\u0103 la sf\u00e2r\u0219itul lunii septembrie<\/h2>\n<p class=\"wp-block-paragraph\">Restric\u021bii de circula\u021bie vor fi instituite \u0219i \u00een perioada <strong>31 august \u2013 30 septembrie 2026<\/strong>, la solicitarea companiei Delgaz Grid.<\/p>\n<p class=\"wp-block-paragraph\">Traficul rutier va fi restric\u021bionat pe <strong>strada Matei Millo, Intrarea Apelor \u0219i Pia\u021ba Aron Cotru\u0219<\/strong>, pentru executarea lucr\u0103rilor de \u00eenlocuire a conductelor \u0219i bran\u0219amentelor de gaze naturale.<\/p>\n<p class=\"wp-block-paragraph\">\u0218oferii sunt astfel nevoi\u021bi s\u0103 \u021bin\u0103 cont de modific\u0103rile temporare ale circula\u021biei \u0219i s\u0103 utilizeze, acolo unde este posibil, rute alternative pentru evitarea zonelor \u00een care se desf\u0103\u0219oar\u0103 evenimentele sau lucr\u0103rile.<\/p>\n<\/div>\n<footer>\n<div class=\"td-post-source-tags\">\n<ul class=\"td-tags td-post-small-box clearfix\">\n<li><span>ETICHETE<\/span><\/li>\n<li><a href=\"https:\/\/orasul-timisoara.ro\/local-tag\/circulatie-2\/\">circula\u021bie<\/a><\/li>\n<li><a href=\"https:\/\/orasul-timisoara.ro\/local-tag\/codru-festival\/\">codru festival<\/a><\/li>\n<li><a href=\"https:\/\/orasul-timisoara.ro\/local-tag\/delgaz-grid\/\">Delgaz Grid<\/a><\/li>\n<li><a href=\"https:\/\/orasul-timisoara.ro\/local-tag\/lucrari-gaze\/\">lucr\u0103ri gaze<\/a><\/li>\n<li><a href=\"https:\/\/orasul-timisoara.ro\/local-tag\/restrictii-2\/\">restric\u021bii<\/a><\/li>\n<li><a href=\"https:\/\/orasul-timisoara.ro\/local-tag\/stiri-timisoara-2\/\">\u0219tiri Timi\u0219oara<\/a><\/li>\n<li><a href=\"https:\/\/orasul-timisoara.ro\/local-tag\/super-rally\/\">super rally<\/a><\/li>\n<li><a href=\"https:\/\/orasul-timisoara.ro\/local-tag\/timisoara-2\/\">timi\u0219oara<\/a><\/li>\n<li><a href=\"https:\/\/orasul-timisoara.ro\/local-tag\/trafic\/\">trafic<\/a><\/li>\n<\/ul>\n<\/div>\n<div class=\"td-post-sharing-bottom\">\n<div class=\"td-post-sharing-classic\"><iframe title=\"bottomFacebookLike\" frameborder src=\"https:\/\/www.facebook.com\/plugins\/like.php?href=https:\/\/orasul-timisoara.ro\/local-40415\/&amp;layout=button_count&amp;show_faces=false&amp;width=105&amp;action=like&amp;colorscheme=light&amp;height=21\"><\/iframe><\/div>\n<div id=\"td_social_sharing_article_bottom\" class=\"td-post-sharing td-ps-bg td-ps-notext td-post-sharing-style1 \">\n<div class=\"td-post-sharing-visible\"><a class=\"td-social-sharing-button td-social-sharing-button-js td-social-network td-social-facebook\" href=\"https:\/\/www.facebook.com\/sharer.php?u=https%3A%2F%2Forasul-timisoara.ro%2Flocal-40415%2F\" title=\"Facebook\"><\/p>\n<div class=\"td-social-but-text\">Facebook<\/div>\n<p><\/a><a class=\"td-social-sharing-button td-social-sharing-button-js td-social-network td-social-twitter\" href=\"https:\/\/twitter.com\/intent\/tweet?text=Restric%C8%9Bii+de+circula%C8%9Bie+%C3%AEn+Timi%C8%99oara.+Mai+multe+str%C4%83zi+%C8%99i+bulevarde+vor+fi+%C3%AEnchise+%C3%AEn+urm%C4%83toarele+zile&amp;url=https%3A%2F%2Forasul-timisoara.ro%2Flocal-40415%2F&amp;via=orasultm\" title=\"Twitter\"><\/p>\n<div class=\"td-social-but-text\">Twitter<\/div>\n<p><\/a><a class=\"td-social-sharing-button td-social-sharing-button-js td-social-network td-social-whatsapp\" href=\"https:\/\/api.whatsapp.com\/send?text=Restric%C8%9Bii+de+circula%C8%9Bie+%C3%AEn+Timi%C8%99oara.+Mai+multe+str%C4%83zi+%C8%99i+bulevarde+vor+fi+%C3%AEnchise+%C3%AEn+urm%C4%83toarele+zile%20%0A%0A%20https:\/\/orasul-timisoara.ro\/local-40415\/\" title=\"WhatsApp\"><\/p>\n<div class=\"td-social-but-text\">WhatsApp<\/div>\n<p><\/a><a class=\"td-social-sharing-button td-social-sharing-button-js td-social-network td-social-linkedin\" href=\"https:\/\/www.linkedin.com\/shareArticle?mini=true&amp;url=https:\/\/orasul-timisoara.ro\/local-40415\/&amp;title=Restric%C8%9Bii+de+circula%C8%9Bie+%C3%AEn+Timi%C8%99oara.+Mai+multe+str%C4%83zi+%C8%99i+bulevarde+vor+fi+%C3%AEnchise+%C3%AEn+urm%C4%83toarele+zile\" title=\"Linkedin\"><\/p>\n<div class=\"td-social-but-text\">Linkedin<\/div>\n<p><\/a><a class=\"td-social-sharing-button td-social-sharing-button-js td-social-network td-social-reddit\" href=\"https:\/\/reddit.com\/submit?url=https:\/\/orasul-timisoara.ro\/local-40415\/&amp;title=Restric%C8%9Bii+de+circula%C8%9Bie+%C3%AEn+Timi%C8%99oara.+Mai+multe+str%C4%83zi+%C8%99i+bulevarde+vor+fi+%C3%AEnchise+%C3%AEn+urm%C4%83toarele+zile\" title=\"ReddIt\"><\/p>\n<div class=\"td-social-but-text\">ReddIt<\/div>\n<p><\/a><a class=\"td-social-sharing-button td-social-sharing-button-js td-social-network td-social-mail\" href=\"mailto:?subject=Restric%C8%9Bii%20de%20circula%C8%9Bie%20%C3%AEn%20Timi%C8%99oara.%20Mai%20multe%20str%C4%83zi%20%C8%99i%20bulevarde%20vor%20fi%20%C3%AEnchise%20%C3%AEn%20urm%C4%83toarele%20zile&amp;body=https:\/\/orasul-timisoara.ro\/local-40415\/\" title=\"Email\"><\/p>\n<div class=\"td-social-but-text\">Email<\/div>\n<p><\/a><a class=\"td-social-sharing-button td-social-sharing-button-js td-social-network td-social-print\" href=\"https:\/\/orasul-timisoara.ro\/local-40415\/\" title=\"Imprimare\"><\/p>\n<div class=\"td-social-but-text\">Imprimare<\/div>\n<p><\/a><\/div>\n<\/div>\n<\/div>\n<div class=\"td-block-row td-post-next-prev\">\n<div class=\"td-block-span6 td-post-prev-post\">\n<div class=\"td-post-next-prev-content\"><span>Articolul precedent<\/span><a href=\"https:\/\/orasul-timisoara.ro\/local-40410\/\">Miss Rom\u00e2nia The Crown ajunge la Timi\u0219oara. Preselec\u021biile pentru edi\u021bia 2026, la Iulius Mall<\/a><\/div>\n<\/div>\n<div class=\"td-block-span6 td-post-next-post\">\n<div class=\"td-post-next-prev-content\"><span>Articolul urm\u0103tor<\/span><a href=\"https:\/\/orasul-timisoara.ro\/local-40417\/\">Timi\u0219oara intr\u0103 \u00een Youth Climate Action Fund. Tinerii din ora\u0219 pot primi finan\u021bare pentru proiecte de mediu<\/a><\/div>\n<\/div>\n<\/div>\n<div class=\"td-author-name vcard author\"><span class=\"fn\"><a href=\"https:\/\/orasul-timisoara.ro\/author\/timisoara\/\">redactia<\/a><\/span><\/div>\n<p><span class=\"td-page-meta\"><\/span><span class=\"td-page-meta\"><span class=\"td-page-meta\"><\/span><\/span><span class=\"td-page-meta\"><\/span><\/footer>\n<div class=\"td_block_wrap td_block_related_posts tdi_3 td_with_ajax_pagination td-pb-border-top td_block_template_8\" data-td-block-uid=\"tdi_3\">\n<h4 class=\"td-related-title td-block-title\"><a id=\"tdi_4\" class=\"td-related-left td-cur-simple-item\" data-td_filter_value data-td_block_id=\"tdi_3\" href=\"https:\/\/orasul-timisoara.ro\/local-40415\/\">ARTICOLE SIMILARE<\/a><a id=\"tdi_5\" class=\"td-related-right\" data-td_filter_value=\"td_related_more_from_author\" data-td_block_id=\"tdi_3\" href=\"https:\/\/orasul-timisoara.ro\/local-40415\/\">DE LA ACELA\u0218I AUTOR<\/a><\/h4>\n<div id=\"tdi_3\" class=\"td_block_inner\">\n<div class=\"td-related-row\">\n<div class=\"td-related-span4\">\n<div class=\"td_module_related_posts td-animation-stack td_mod_related_posts\">\n<div class=\"td-module-image\">\n<div class=\"td-module-thumb\"><a href=\"https:\/\/orasul-timisoara.ro\/local-40429\/\" rel=\"bookmark\" class=\"td-image-wrap \" title=\"Restric\u021bii de circula\u021bie \u00een Timi\u0219oara pentru lucr\u0103ri la re\u021belele de ap\u0103 \u0219i canalizare\"><img loading=\"lazy\" decoding=\"async\" class=\"entry-thumb\" src=\"https:\/\/orasul-timisoara.ro\/wp-content\/uploads\/2021\/08\/lucrari-drum.jpg\" alt title=\"Restric\u021bii de circula\u021bie \u00een Timi\u0219oara pentru lucr\u0103ri la re\u021belele de ap\u0103 \u0219i canalizare\" width=\"218\" height=\"150\"><\/a><\/div>\n<\/div>\n<div class=\"item-details\">\n<h3 class=\"entry-title td-module-title\"><a href=\"https:\/\/orasul-timisoara.ro\/local-40429\/\" rel=\"bookmark\" title=\"Restric\u021bii de circula\u021bie \u00een Timi\u0219oara pentru lucr\u0103ri la re\u021belele de ap\u0103 \u0219i canalizare\">Restric\u021bii de circula\u021bie \u00een Timi\u0219oara pentru lucr\u0103ri la re\u021belele de ap\u0103 \u0219i canalizare<\/a><\/h3>\n<\/div>\n<\/div>\n<\/div>\n<div class=\"td-related-span4\">\n<div class=\"td_module_related_posts td-animation-stack td_mod_related_posts\">\n<div class=\"td-module-image\">\n<div class=\"td-module-thumb\"><a href=\"https:\/\/orasul-timisoara.ro\/local-39945\/\" rel=\"bookmark\" class=\"td-image-wrap \" title=\"Restric\u021bii \u00een zeci de localit\u0103\u021bi din Timi\u0219 dup\u0103 confirmarea unui focar de pest\u0103 a micilor rumeg\u0103toare\"><img loading=\"lazy\" decoding=\"async\" class=\"entry-thumb\" src=\"https:\/\/orasul-timisoara.ro\/wp-content\/uploads\/2026\/07\/focar-pesta-436x300.jpg\" alt title=\"Restric\u021bii \u00een zeci de localit\u0103\u021bi din Timi\u0219 dup\u0103 confirmarea unui focar de pest\u0103 a micilor rumeg\u0103toare\" width=\"218\" height=\"150\"><\/a><\/div>\n<\/div>\n<div class=\"item-details\">\n<h3 class=\"entry-title td-module-title\"><a href=\"https:\/\/orasul-timisoara.ro\/local-39945\/\" rel=\"bookmark\" title=\"Restric\u021bii \u00een zeci de localit\u0103\u021bi din Timi\u0219 dup\u0103 confirmarea unui focar de pest\u0103 a micilor rumeg\u0103toare\">Restric\u021bii \u00een zeci de localit\u0103\u021bi din Timi\u0219 dup\u0103 confirmarea unui focar de pest\u0103 a micilor rumeg\u0103toare<\/a><\/h3>\n<\/div>\n<\/div>\n<\/div>\n<div class=\"td-related-span4\">\n<div class=\"td_module_related_posts td-animation-stack td_mod_related_posts\">\n<div class=\"td-module-image\">\n<div class=\"td-module-thumb\"><a href=\"https:\/\/orasul-timisoara.ro\/local-39708\/\" rel=\"bookmark\" class=\"td-image-wrap \" title=\"Trafic restric\u021bionat \u00een mai multe zone din Timi\u0219oara \u00eencep\u00e2nd cu 20 iulie\"><img loading=\"lazy\" decoding=\"async\" class=\"entry-thumb\" src=\"https:\/\/orasul-timisoara.ro\/wp-content\/uploads\/2023\/09\/lucrari-drum-copy-436x300.jpg\" alt title=\"Trafic restric\u021bionat \u00een mai multe zone din Timi\u0219oara \u00eencep\u00e2nd cu 20 iulie\" width=\"218\" height=\"150\"><\/a><\/div>\n<\/div>\n<div class=\"item-details\">\n<h3 class=\"entry-title td-module-title\"><a href=\"https:\/\/orasul-timisoara.ro\/local-39708\/\" rel=\"bookmark\" title=\"Trafic restric\u021bionat \u00een mai multe zone din Timi\u0219oara \u00eencep\u00e2nd cu 20 iulie\">Trafic restric\u021bionat \u00een mai multe zone din Timi\u0219oara \u00eencep\u00e2nd cu 20 iulie<\/a><\/h3>\n<\/div>\n<\/div>\n<\/div>\n<\/div>\n<\/div>\n<\/div>\n<div class=\"comments\" id=\"comments\">\n<div id=\"respond\" class=\"comment-respond\">\n<h3 id=\"reply-title\" class=\"comment-reply-title\">L\u0102SA\u021aI UN MESAJ<\/h3>\n<div class=\"comment-form-input-wrap td-form-comment\">\n<div class=\"td-warning-comment\">V\u0103 rug\u0103m s\u0103 introduce\u021bi comentariul dvs.!<\/div>\n<\/div>\n<div class=\"comment-form-input-wrap td-form-author\">\n<div class=\"td-warning-author\">Introduce\u021bi aici numele dvs.<\/div>\n<\/div>\n<div class=\"comment-form-input-wrap td-form-email\">\n<div class=\"td-warning-email-error\">A\u021bi introdus o adres\u0103 de e-mail incorect\u0103!<\/div>\n<div class=\"td-warning-email\">V\u0103 rug\u0103m s\u0103 introduce\u021bi adresa dvs. de e-mail aici<\/div>\n<\/div>\n<\/div>\n<p class=\"akismet_comment_form_privacy_notice\">Acest site folose\u0219te Akismet pentru a reduce spamul. <a href=\"https:\/\/akismet.com\/privacy\/\" target=\"_blank\" rel=\"nofollow noopener\">Afl\u0103 cum sunt procesate datele comentariilor tale<\/a>.<\/p>\n<\/div>\n<\/div>\n<\/div>\n<div class=\"td-pb-span4 td-main-sidebar\" role=\"complementary\">\n<div class=\"td-ss-main-sidebar\">\n<aside id=\"block-4\" class=\"td_block_template_8 widget block-4 widget_block widget_media_image\">\n<figure class=\"wp-block-image size-full\"><img loading=\"lazy\" decoding=\"async\" width=\"336\" height=\"280\" src=\"https:\/\/orasul-timisoara.ro\/wp-content\/uploads\/2024\/11\/ReTIM-Abonamentul-Verde-Google-Ads-336x280px.gif\" alt class=\"wp-image-29257\"><\/figure>\n<\/aside>\n<div class=\"td_block_wrap td_block_social_counter td_block_widget tdi_6 td-social-style5 td-social-boxed td-pb-border-top td_block_template_8\">\n<div class=\"td-block-title-wrap\">\n<h4 class=\"td-block-title\"><span>Urm\u0103re\u0219te-ne pe Social Media<\/span><\/h4>\n<\/div>\n<div class=\"td-social-list\">\n<div class=\"td_social_type td-pb-margin-side td_social_facebook\">\n<div class=\"td-social-box\"><span class=\"td_social_info td_social_info_counter\">344,595<\/span><span class=\"td_social_info td_social_info_name\">Fani<\/span><span class=\"td_social_button\"><a href=\"https:\/\/www.facebook.com\/247timisoara\" target=\"_blank\" rel=\"nofollow\">\u00cemi place<\/a><\/span><\/div>\n<\/div>\n<div class=\"td_social_type td-pb-margin-side td_social_instagram\">\n<div class=\"td-social-box\"><span class=\"td_social_info td_social_info_counter\">4,416<\/span><span class=\"td_social_info td_social_info_name\">Cititori<\/span><span class=\"td_social_button\"><a href=\"https:\/\/instagram.com\/orasultimisoararo\/\" target=\"_blank\" rel=\"nofollow\">Conecta\u021bi-v\u0103<\/a><\/span><\/div>\n<\/div>\n<div class=\"td_social_type td-pb-margin-side td_social_rss\">\n<div class=\"td-social-box\"><span class=\"td_social_info td_social_info_counter\">12,506<\/span><span class=\"td_social_info td_social_info_name\">Cititori<\/span><span class=\"td_social_button\"><a href=\"https:\/\/orasul-timisoara.ro\/feed\/\" target=\"_blank\" rel=\"nofollow\">Conecta\u021bi-v\u0103<\/a><\/span><\/div>\n<\/div>\n<div class=\"td_social_type td-pb-margin-side td_social_tiktok\">\n<div class=\"td-social-box\"><span class=\"td_social_info td_social_info_counter\">1,500<\/span><span class=\"td_social_info td_social_info_name\">Cititori<\/span><span class=\"td_social_button\"><a href=\"https:\/\/www.tiktok.com\/@orasultimisoara\" target=\"_blank\" rel=\"nofollow\">Conecta\u021bi-v\u0103<\/a><\/span><\/div>\n<\/div>\n<div class=\"td_social_type td-pb-margin-side td_social_twitter\">\n<div class=\"td-social-box\"><span class=\"td_social_info td_social_info_counter\">1,595<\/span><span class=\"td_social_info td_social_info_name\">Cititori<\/span><span class=\"td_social_button\"><a href=\"https:\/\/twitter.com\/orasultm\" target=\"_blank\" rel=\"nofollow\">Conecta\u021bi-v\u0103<\/a><\/span><\/div>\n<\/div>\n<div class=\"td_social_type td-pb-margin-side td_social_youtube\">\n<div class=\"td-social-box\"><span class=\"td_social_info td_social_info_counter\">3,506<\/span><span class=\"td_social_info td_social_info_name\">Abona\u021bi<\/span><span class=\"td_social_button\"><a href=\"https:\/\/www.youtube.com\/channel\/UCQNsQvs2XCSIm1Z-AHRturw?sub_confirmation=1\" target=\"_blank\" rel=\"nofollow\">Abona\u021bi-v\u0103<\/a><\/span><\/div>\n<\/div>\n<\/div>\n<\/div>\n<aside id=\"text-7\" class=\"td_block_template_8 widget text-7 widget_text\">\n<h4 class=\"td-block-title\"><span>C\u0103ut\u0103ri populare pe OTM<\/span><\/h4>\n<div class=\"textwidget\"><a href=\"https:\/\/orasul-timisoara.ro\/?s=timisoara\"><span>Timisoara<\/span><\/a><a href=\"https:\/\/orasul-timisoara.ro\/?s=calin+dobra\"><span>Calin Dobra<\/span><\/a><a href=\"https:\/\/orasul-timisoara.ro\/?s=primaria+timisoara\"><span>Primaria Timisoara<\/span><\/a><a href=\"https:\/\/orasul-timisoara.ro\/?s=dominic+fritz\"><span>Dominic Fritz<\/span><\/a><a href=\"https:\/\/orasul-timisoara.ro\/?s=nicolae+robu\"><span>Nicolae Robu<\/span><\/a><a href=\"https:\/\/orasul-timisoara.ro\/?s=consiliul+local+timisoara\">Consiliul Local Timisoara<\/a><a href=\"https:\/\/orasul-timisoara.ro\/?s=consiliul+judetean+timis\"><span>Consiliul Judetean Timis<\/span><\/a><a href=\"https:\/\/orasul-timisoara.ro\/?s=cjt\"><span>CJT<\/span><\/a><a href=\"https:\/\/orasul-timisoara.ro\/?s=Alfred+Simonis\"><span>Alfred Simonis<\/span><\/a><a href=\"https:\/\/orasul-timisoara.ro\/?s=PNL\"><span>PNL<\/span><\/a><a href=\"https:\/\/orasul-timisoara.ro\/?s=coronavirus\"><span>coronavirus<\/span><\/a><a href=\"https:\/\/orasul-timisoara.ro\/?s=teatru+timisoara\">teatru Timisoara<\/a><a href=\"https:\/\/orasul-timisoara.ro\/?s=restaurante\"><span>restaurante Timisoara<\/span><\/a><a href=\"https:\/\/orasul-timisoara.ro\/?s=diskoteka\"><span>Diskoteka<\/span><\/a><a href=\"https:\/\/orasul-timisoara.ro\/?s=iulius+town\"><span>Iulius Town<\/span><\/a><a href=\"https:\/\/orasul-timisoara.ro\/?s=iulius+mall\"><span>Iulius Mall<\/span><\/a><a href=\"https:\/\/orasul-timisoara.ro\/?s=stpt\"><span>STPT<\/span><\/a><a href=\"https:\/\/orasul-timisoara.ro\/?s=alin+nica\"><span>Alin Nica<\/span><\/a><a href=\"https:\/\/orasul-timisoara.ro\/?s=psd\"><span>PSD<\/span><\/a><a href=\"https:\/\/orasul-timisoara.ro\/?s=aeroport\"><span>Aeroportul International Timisoara<\/span><\/a><a href=\"https:\/\/orasul-timisoara.ro\/?s=babes\"><span>Spitalul Victor Babes Timisoara<\/span><\/a><a href=\"https:\/\/orasul-timisoara.ro\/?s=poli\"><span>Poli Timi\u0219oara<\/span><\/a><a href=\"https:\/\/orasul-timisoara.ro\/?s=carantina\"><span>carantina<\/span><\/a><a href=\"https:\/\/orasul-timisoara.ro\/?s=aquatim\"><span>Aquatim<\/span><\/a><a href=\"https:\/\/orasul-timisoara.ro\/local-category\/stiri-timisoara\/\"><span>Stiri Timisoara<\/span><\/a><a href=\"https:\/\/orasul-timisoara.ro\/local-category\/investitii-in-timisoara\/\"><span>Investi\u021bii in Timi\u0219oara<\/span><\/a><a href=\"https:\/\/orasul-timisoara.ro\/local-9463\/\"><span>shaorma<\/span><\/a><a href=\"https:\/\/orasul-timisoara.ro\/?s=trafic\"><span>trafic rutier<\/span><\/a><a href=\"https:\/\/orasul-timisoara.ro\/?s=politia\"><span>politia locala timisoara<\/span><\/a><a href=\"https:\/\/orasul-timisoara.ro\/?s=roxana\"><span>Roxana Iliescu<\/span><\/a><a href=\"https:\/\/orasul-timisoara.ro\/?s=colterm\"><span>Colterm<\/span><\/a><a href=\"https:\/\/orasul-timisoara.ro\/?s=latcau\"><span>Ruben La\u021bc\u0103u<\/span><\/a><a href=\"https:\/\/orasul-timisoara.ro\/?s=timis\"><span>\u0218tiri din Timi\u0219<\/span><\/a><a href=\"https:\/\/orasul-timisoara.ro\/?s=spital\"><span>Spitale din Timi\u0219oara<\/span><\/a><a href=\"https:\/\/orasul-timisoara.ro\/?s=tabara\"><span>Cosmin Tab\u0103r\u0103<\/span><\/a><\/div>\n<\/aside>\n<aside id=\"rss-2\" class=\"td_block_template_8 widget rss-2 widget_rss\">\n<h4 class=\"td-block-title\"><span><a class=\"rsswidget rss-widget-feed\" href=\"https:\/\/fashionfridays.ro\/feed\"><img decoding=\"async\" class=\"rss-widget-icon\" width=\"14\" height=\"14\" src=\"https:\/\/orasul-timisoara.ro\/wp-includes\/images\/rss.png\" alt=\"Flux RSS: Fashion Fridays\" loading=\"lazy\"><\/a><a class=\"rsswidget rss-widget-title\" href=\"https:\/\/fashionfridays.ro\/\">Fashion Fridays<\/a><\/span><\/h4>\n<ul>\n<li><a class=\"rsswidget\" href=\"https:\/\/fashionfridays.ro\/romania-devine-a-29-a-piata-vogue-o-noua-era-pentru-industria-locala-de-moda\/\">Rom\u00e2nia devine a 29-a pia\u021b\u0103 Vogue: o nou\u0103 er\u0103 pentru industria local\u0103 de mod\u0103<\/a>\n<div class=\"rssSummary\">Revista Vogue \u00ee\u0219i extinde prezen\u021ba global\u0103 \u0219i va fi lansat\u0103 oficial \u00een Rom\u00e2nia \u00een prim\u0103vara anului 2027, marc\u00e2nd intrarea pe cea de-a 29-a pia\u021b\u0103 interna\u021bional\u0103. Proiectul este realizat \u00een parteneriat cu AEMME Publishing, o companie media recent \u00eenfiin\u021bat\u0103, care va publica edi\u021bia local\u0103 sub licen\u021b\u0103. Noua edi\u021bie, Vogue Rom\u00e2nia, \u00ee\u0219i propune s\u0103 combine autoritatea global\u0103 [\u2026]<\/div>\n<\/li>\n<\/ul>\n<\/aside>\n<aside id=\"rss-4\" class=\"td_block_template_8 widget rss-4 widget_rss\">\n<h4 class=\"td-block-title\"><span><a class=\"rsswidget rss-widget-feed\" href=\"https:\/\/emasini.ro\/feed\"><img decoding=\"async\" class=\"rss-widget-icon\" width=\"14\" height=\"14\" src=\"https:\/\/orasul-timisoara.ro\/wp-includes\/images\/rss.png\" alt=\"Flux RSS: eMasini\" loading=\"lazy\"><\/a><a class=\"rsswidget rss-widget-title\" href=\"https:\/\/emasini.ro\/\">eMasini<\/a><\/span><\/h4>\n<ul>\n<li><a class=\"rsswidget\" href=\"https:\/\/emasini.ro\/adio-bordurilor-pline-de-ecrane-mercedes-benz-readuce-butoanele-in-noile-masini-produse\/\">Adio bordurilor pline de ecrane? Mercedes-Benz readuce butoanele \u00een noile ma\u0219ini produse<\/a>\n<div class=\"rssSummary\">Mercedes-Benz \u00ee\u0219i schimb\u0103 direc\u021bia \u00een ceea ce prive\u0219te designul interioarelor \u0219i va readuce comenzile fizice pentru anumite func\u021bii importante. Constructorul german nu renun\u021b\u0103 la ecranele mari \u0219i la tehnologiile digitale, dar recunoa\u0219te c\u0103 a mers prea departe prin eliminarea unor butoane \u0219i comenzi tactile. Ola K\u00e4llenius, pre\u0219edintele Consiliului de Administra\u021bie al Mercedes-Benz Group \u0219i CEO [\u2026]<\/div>\n<\/li>\n<\/ul>\n<\/aside>\n<\/div>\n<\/div>\n<\/div>\n<\/div>\n<\/article>\n<div class=\"td-post-content tagdiv-type\">\n<p class=\"wp-block-paragraph\">Mai multe restric\u021bii de circula\u021bie vor fi instituite \u00een Timi\u0219oara \u00eencep\u00e2nd de joi, 27 august 2026, \u00een contextul desf\u0103\u0219ur\u0103rii unor evenimente sportive \u0219i culturale, dar \u0219i al unor lucr\u0103ri la infrastructura de utilit\u0103\u021bi. M\u0103surile au fost avizate de Comisia de Circula\u021bie din cadrul Prim\u0103riei Municipiului Timi\u0219oara, la solicitarea organizatorilor \u0219i a companiei Delgaz Grid.<\/p>\n<h2 class=\"wp-block-heading\">Restric\u021bii pentru Campionatul Na\u021bional de Super Rally<\/h2>\n<p class=\"wp-block-paragraph\">La solicitarea Federa\u021biei Rom\u00e2ne de Automobilism Sportiv, circula\u021bia rutier\u0103 va fi \u00eenchis\u0103 \u00een mai multe zone centrale ale Timi\u0219oarei pentru desf\u0103\u0219urarea unei curse din cadrul Campionatului Na\u021bional de Super Rally Powered.<\/p>\n<p class=\"wp-block-paragraph\">\u00cen perioada <strong>27 august 2026, ora 20:00 \u2013 30 august 2026, ora 08:00<\/strong>, vor fi rezervate locurile de parcare din parcarea Modex, cele destinate autocarelor \u0219i spa\u021biile de tip \u201eDrop-off\u201d din Pia\u021ba Iancu Huniade, precum \u0219i locurile de parcare adiacente bulevardului I.C. Br\u0103tianu, pe ambele sensuri de circula\u021bie.<\/p>\n<p class=\"wp-block-paragraph\">\u00cen perioada <strong>28 august, ora 12:00 \u2013 30 august, ora 08:00<\/strong>, traficul rutier va fi \u00eenchis pe urm\u0103toarele tronsoane:<\/p>\n<ul class=\"wp-block-list\">\n<li>bulevardul I.C. Br\u0103tianu, \u00eentre Pia\u021ba Iancu Huniade \u0219i strada Michelangelo;<\/li>\n<li>strada 20 Decembrie 1989, de la Pia\u021ba Iancu Huniade p\u00e2n\u0103 la intersec\u021bia cu bulevardul C.D. Loga, intersec\u021bia r\u0103m\u00e2n\u00e2nd deschis\u0103 circula\u021biei;<\/li>\n<li>strada Patriarh Miron Cristea, \u00eentre bulevardul Mihai Eminescu \u0219i bulevardul I.C. Br\u0103tianu.<\/li>\n<\/ul>\n<p class=\"wp-block-paragraph\">De asemenea, \u00een perioada <strong>28 august, ora 22:00 \u2013 29 august, ora 20:00<\/strong>, traficul rutier va fi \u00eenchis pe:<\/p>\n<ul class=\"wp-block-list\">\n<li>bulevardul C.D. Loga, \u00eentre strada George Enescu \u0219i bulevardul Regele Ferdinand I;<\/li>\n<li>strada 20 Decembrie 1989, \u00eentre bulevardul C.D. Loga \u0219i Podul Mihai Viteazu;<\/li>\n<li>bulevardul Regele Ferdinand I, \u00eentre bulevardul C.D. Loga \u0219i Podul Mihai Viteazu.<\/li>\n<\/ul>\n<h2 class=\"wp-block-heading\">Strada Avram Imbroane, \u00eenchis\u0103 pentru Codru Festival<\/h2>\n<p class=\"wp-block-paragraph\">Alte restric\u021bii sunt programate pe strada Avram Imbroane, unde at\u00e2t traficul auto, c\u00e2t \u0219i cel pietonal vor fi \u00eenchise \u00een perioada <strong>28\u201330 august 2026<\/strong>.<\/p>\n<p class=\"wp-block-paragraph\">Tronsonul afectat este cel cuprins \u00eentre accesul principal al Muzeului Satului \u0219i Gr\u0103dina Zoologic\u0103. M\u0103sura este necesar\u0103 pentru desf\u0103\u0219urarea evenimentului \u201eCODRU FESTIVAL\u201d, la solicitarea organizatorului, societatea Balvia.<\/p>\n<h2 class=\"wp-block-heading\">Restric\u021bii pentru un eveniment organizat de Teatrul Maghiar<\/h2>\n<p class=\"wp-block-paragraph\">Circula\u021bia rutier\u0103 va fi \u00eenchis\u0103 \u0219i pe strada dr. Aurel P\u0103unescu Podeanu, \u00een data de <strong>29 august 2026<\/strong>, \u00eentre orele <strong>10:00 \u0219i 11:00<\/strong>.<\/p>\n<p class=\"wp-block-paragraph\">Restric\u021bia este instituit\u0103 la solicitarea Teatrului Maghiar de Stat Csiky Gergely, pentru desf\u0103\u0219urarea evenimentului \u201esz\u00ednJ\u00c1T\u00c9KOK | theatreGAMES 2026\u201d. Tronsonul vizat este cuprins \u00eentre strada \u0218tefan Covaci \u0219i intersec\u021bia cu Calea Stan Vidrighin.<\/p>\n<h2 class=\"wp-block-heading\">Lucr\u0103ri la re\u021beaua de gaze p\u00e2n\u0103 la sf\u00e2r\u0219itul lunii septembrie<\/h2>\n<p class=\"wp-block-paragraph\">Restric\u021bii de circula\u021bie vor fi instituite \u0219i \u00een perioada <strong>31 august \u2013 30 septembrie 2026<\/strong>, la solicitarea companiei Delgaz Grid.<\/p>\n<p class=\"wp-block-paragraph\">Traficul rutier va fi restric\u021bionat pe <strong>strada Matei Millo, Intrarea Apelor \u0219i Pia\u021ba Aron Cotru\u0219<\/strong>, pentru executarea lucr\u0103rilor de \u00eenlocuire a conductelor \u0219i bran\u0219amentelor de gaze naturale.<\/p>\n<p class=\"wp-block-paragraph\">\u0218oferii sunt astfel nevoi\u021bi s\u0103 \u021bin\u0103 cont de modific\u0103rile temporare ale circula\u021biei \u0219i s\u0103 utilizeze, acolo unde este posibil, rute alternative pentru evitarea zonelor \u00een care se desf\u0103\u0219oar\u0103 evenimentele sau lucr\u0103rile.<\/p>\n<\/div>\n<p>[analyse_source url=&#8221;https:\/\/orasul-timisoara.ro\/local-40415\/&#8221;]<\/p>\n","protected":false},"excerpt":{"rendered":"<p>[analyse_image type=&#8221;featured&#8221; src=&#8221;https:\/\/orasul-timisoara.ro\/wp-content\/uploads\/2023\/09\/lucrari-drum-copy.jpg&#8221;] Administra\u021bie local\u0103Restric\u021bii de circula\u021bie \u00een Timi\u0219oara. Mai multe str\u0103zi \u0219i bulevarde vor fi&#8230; Administra\u021bie local\u0103 \u0218tiri Locale Restric\u021bii de circula\u021bie \u00een Timi\u0219oara. Mai multe str\u0103zi \u0219i bulevarde vor fi \u00eenchise \u00een urm\u0103toarele zile De c\u0103tre redactia &#8211; 21\/08\/2026 Facebook Twitter WhatsApp Linkedin ReddIt Email Imprimare Mai multe restric\u021bii de circula\u021bie vor fi [&hellip;]<\/p>\n","protected":false},"author":1,"featured_media":0,"comment_status":"open","ping_status":"","sticky":false,"template":"","format":"standard","meta":{"footnotes":""},"categories":[89],"tags":[226,189],"class_list":["post-2105892","post","type-post","status-publish","format-standard","hentry","category-romania","tag-crawlmanager","tag-orasul-timisoara-ro"],"_links":{"self":[{"href":"https:\/\/analyse.optim.biz\/index.php?rest_route=\/wp\/v2\/posts\/2105892","targetHints":{"allow":["GET"]}}],"collection":[{"href":"https:\/\/analyse.optim.biz\/index.php?rest_route=\/wp\/v2\/posts"}],"about":[{"href":"https:\/\/analyse.optim.biz\/index.php?rest_route=\/wp\/v2\/types\/post"}],"author":[{"embeddable":true,"href":"https:\/\/analyse.optim.biz\/index.php?rest_route=\/wp\/v2\/users\/1"}],"replies":[{"embeddable":true,"href":"https:\/\/analyse.optim.biz\/index.php?rest_route=%2Fwp%2Fv2%2Fcomments&post=2105892"}],"version-history":[{"count":0,"href":"https:\/\/analyse.optim.biz\/index.php?rest_route=\/wp\/v2\/posts\/2105892\/revisions"}],"wp:attachment":[{"href":"https:\/\/analyse.optim.biz\/index.php?rest_route=%2Fwp%2Fv2%2Fmedia&parent=2105892"}],"wp:term":[{"taxonomy":"category","embeddable":true,"href":"https:\/\/analyse.optim.biz\/index.php?rest_route=%2Fwp%2Fv2%2Fcategories&post=2105892"},{"taxonomy":"post_tag","embeddable":true,"href":"https:\/\/analyse.optim.biz\/index.php?rest_route=%2Fwp%2Fv2%2Ftags&post=2105892"}],"curies":[{"name":"wp","href":"https:\/\/api.w.org\/{rel}","templated":true}]}}