{"id":2105881,"date":"2026-08-21T09:42:31","date_gmt":"2026-08-21T06:42:31","guid":{"rendered":"https:\/\/analyse.optim.biz\/?p=2105881"},"modified":"2026-08-21T09:42:31","modified_gmt":"2026-08-21T06:42:31","slug":"suceava-pe-podium-la-fotbal-si-baschet-la-turneul-patru-regiuni-pentru-europa-foto","status":"publish","type":"post","link":"https:\/\/analyse.optim.biz\/?p=2105881","title":{"rendered":"Suceava, pe podium la fotbal \u0219i baschet la Turneul \u201ePatru Regiuni pentru Europa\u201d (foto)"},"content":{"rendered":"<p>[analyse_image type=&#8221;featured&#8221; src=&#8221;https:\/\/img.svnews.ro\/foto\/2026\/08\/21\/554783\/a7828589c70c80141538414e5.jpg&#8221;]<\/p>\n<div class=\"entry\"><img loading=\"lazy\" decoding=\"async\" width=\"650\" height=\"325\" src=\"https:\/\/img.svnews.ro\/foto\/2026\/08\/21\/554783\/a7828589c70c80141538414e506500325.jpg\" alt><\/p>\n<div class=\"entry_content\">\n<p>Cea de-a XXIII-a edi\u021bie a Turneului Interna\u021bional pentru Juniori \u201ePatru Regiuni pentru Europa\u201d s-a \u00eencheiat asear\u0103, la F\u0103lticeni, dup\u0103 mai multe zile de competi\u021bii sportive, activit\u0103\u021bi culturale \u0219i \u00eent\u00e2lniri \u00eentre reprezentan\u021bii celor patru regiuni partenere: jude\u021bul Suceava (Rom\u00e2nia), Departamentul Mayenne (Fran\u021ba), Regiunea Schwaben (Germania) \u0219i Regiunea Cern\u0103u\u021bi (Ucraina). La fotbal, Schwaben (Germania) a c\u00e2\u0219tigat turneul, cu 8 puncte, urmat\u0103 de Suceava \u2013 6 puncte, Cern\u0103u\u021bi \u2013 3 puncte \u0219i Mayenne \u2013 1 punct. La baschet feminin 3\u00d73, Mayenne (Fran\u021ba) s-a clasat pe primul loc, cu 25 de puncte, urmat\u0103 de Cern\u0103u\u021bi \u2013 15 puncte, Suceava \u2013 13 puncte \u0219i Schwaben \u2013 11 puncte. Echipa de fotbal care a reprezentat jude\u021bul nostru a disputat meciul decisiv al competi\u021biei de fotbal \u00een fa\u021ba reprezentativei Schwaben, partida \u00eencheindu-se cu scorul de 0-1. Tinerii fotbali\u0219ti suceveni au fost \u00eencuraja\u021bi din tribune de aproape 700 de spectatori, printre care vicepre\u0219edin\u021bii Consiliului Jude\u021bean Suceava, Nicolae Robu \u0219i Stelian Simerea, primarul municipiului F\u0103lticeni, C\u0103t\u0103lin Coman, \u0219i mai mul\u021bi consilieri jude\u021beni.<\/p>\n<p>\u201eA fost o competi\u021bie frumoas\u0103, cu mult\u0103 ambi\u021bie pe teren. Ne-am dorit locul \u00eent\u00e2i la fotbal, nu am reu\u0219it s\u0103-l ob\u021binem, dar, dincolo de rezultate, importante sunt participarea, experien\u021ba acestor tineri \u0219i prieteniile pe care le-au legat \u00een aceste zile. Pe teren au fost adversari, dar \u00een afara terenului au avut ocazia s\u0103 se cunoasc\u0103 \u0219i s\u0103 lege prietenii. M\u0103 bucur\u0103 \u0219i faptul c\u0103 aproape 700 de oameni au venit la meciul decisiv \u0219i au creat o atmosfer\u0103 extraordinar\u0103 pe Stadionul \u201eConstantin Jamaischi\u201d din F\u0103lticeni, o baz\u0103 sportiv\u0103 foarte frumoas\u0103, modernizat\u0103 de Prim\u0103ria F\u0103lticeni\u201d, a declarat vicepre\u0219edintele Consiliului Jude\u021bean Suceava, Nicolae Robu. O component\u0103 important\u0103 a turneului a fost cea cultural\u0103. Tineri din toate cele patru regiuni au lucrat timp de patru zile, al\u0103turi de profesorii lor, \u00een cadrul atelierelor cu tema \u201eArta ca un limbaj comun\u201d. Lucr\u0103rile realizate au fost prezentate \u00eentr-o expozi\u021bie la finalul turneului \u0219i vor fi predate Colegiului de Art\u0103 \u201eCiprian Porumbescu\u201d Suceava, pentru a fi expuse \u0219i \u00een cadrul altor expozi\u021bii. Edi\u021bia din acest an s-a \u00eencheiat cu o cin\u0103 festiv\u0103, \u00een cadrul c\u0103reia mesajele de final ale celor patru regiuni au fost transmise de Sylvie Vielle, vicepre\u0219edinte al Consiliului Departamental Mayenne, Petra Beer, vicepre\u0219edinte al Consiliului Regional Schwaben, Mykola Romanyshyn, adjunct al Departamentului Comunicare \u0219i \u0219ef al Serviciului Cooperare Interna\u021bional\u0103 din cadrul Administra\u021biei Regionale Cern\u0103u\u021bi, \u0219i Nicolae Robu, din partea Consiliului Jude\u021bean Suceava.<\/p>\n<p>\u201eDincolo de rezultate \u0219i de clasamente, adev\u0103rata miz\u0103 a acestui turneu este prietenia, respectul, fair-play-ul \u0219i \u0219ansa pe care o oferim acestor tineri de a se cunoa\u0219te \u0219i de a descoperi c\u0103, dincolo de grani\u021be \u0219i de limbi diferite, avem foarte multe lucruri \u00een comun. Sportul are aceast\u0103 capacitate extraordinar\u0103 de a trece peste grani\u021be, peste limbi \u0219i peste diferen\u021be. Pe teren sunt adversari, dar \u00een afara lui pot deveni prieteni\u201d, a declarat vicepre\u0219edintele Consiliului Jude\u021bean Suceava, Stelian Simerea. Reprezentan\u021bii celor patru regiuni au subliniat importan\u021ba continu\u0103rii acestui proiect, \u00eenceput \u00een 2002, care le ofer\u0103 tinerilor din Suceava, Mayenne, Schwaben \u0219i Cern\u0103u\u021bi \u0219ansa de a se cunoa\u0219te prin sport \u0219i cultur\u0103 \u0219i, \u00een acela\u0219i timp, consolideaz\u0103 rela\u021biile dintre cele patru administra\u021bii partenere.<\/p>\n<p>Cea de-a XXIII-a edi\u021bie a Turneului \u201ePatru Regiuni pentru Europa\u201d a reunit peste 170 de participan\u021bi din cele patru regiuni. Urm\u0103toarea edi\u021bie a Turneului \u201ePatru Regiuni pentru Europa\u201d este programat\u0103 \u00een 2028 \u0219i va fi g\u0103zduit\u0103 de Regiunea Schwaben, Germania.<\/p>\n<p><img loading=\"lazy\" decoding=\"async\" class=\"alignnone size-medium wp-image-554784\" src=\"https:\/\/img.svnews.ro\/foto\/2026\/08\/21\/554783\/c4b2050e07cf42079b8ee7f7806500433.jpg\" alt width=\"650\" height=\"433\"><img loading=\"lazy\" decoding=\"async\" class=\"alignnone size-medium wp-image-554785\" src=\"https:\/\/img.svnews.ro\/foto\/2026\/08\/21\/554783\/04dd9f3a3136f34c19695ae2506500433.jpg\" alt width=\"650\" height=\"433\"><img decoding=\"async\" loading=\"lazy\" class=\"alignnone size-medium wp-image-554786\" src=\"https:\/\/img.svnews.ro\/foto\/2026\/08\/21\/554783\/89bc0407b7c57c8a155844f3a06500433.jpg\" alt width=\"650\" height=\"433\"><img decoding=\"async\" loading=\"lazy\" class=\"alignnone size-medium wp-image-554787\" src=\"https:\/\/img.svnews.ro\/foto\/2026\/08\/21\/554783\/e7a186f62ba780fc514a08a8f06500433.jpg\" alt width=\"650\" height=\"433\"><img decoding=\"async\" loading=\"lazy\" class=\"alignnone size-medium wp-image-554788\" src=\"https:\/\/img.svnews.ro\/foto\/2026\/08\/21\/554783\/4b933f0e01c6f6493382c592706500433.jpg\" alt width=\"650\" height=\"433\"><img decoding=\"async\" loading=\"lazy\" class=\"alignnone size-medium wp-image-554789\" src=\"https:\/\/img.svnews.ro\/foto\/2026\/08\/21\/554783\/aab63791ff39efeafbc3ef55c06500976.jpg\" alt width=\"650\" height=\"976\"><img decoding=\"async\" loading=\"lazy\" class=\"alignnone size-medium wp-image-554790\" src=\"https:\/\/img.svnews.ro\/foto\/2026\/08\/21\/554783\/65a2c4eeefdec0f6a306bc19d06500976.jpg\" alt width=\"650\" height=\"976\"><img decoding=\"async\" loading=\"lazy\" class=\"alignnone size-medium wp-image-554791\" src=\"https:\/\/img.svnews.ro\/foto\/2026\/08\/21\/554783\/37dd15f87ee27a8176e0c834306500433.jpg\" alt width=\"650\" height=\"433\"><img decoding=\"async\" loading=\"lazy\" class=\"alignnone size-medium wp-image-554792\" src=\"https:\/\/img.svnews.ro\/foto\/2026\/08\/21\/554783\/3f923ee1a1c3e2749a8a7579c06500433.jpg\" alt width=\"650\" height=\"433\"><img decoding=\"async\" loading=\"lazy\" class=\"alignnone size-medium wp-image-554793\" src=\"https:\/\/img.svnews.ro\/foto\/2026\/08\/21\/554783\/fea02f63a16ff3cb5f834800c06500976.jpg\" alt width=\"650\" height=\"976\"><img decoding=\"async\" loading=\"lazy\" class=\"alignnone size-medium wp-image-554794\" src=\"https:\/\/img.svnews.ro\/foto\/2026\/08\/21\/554783\/2f91e9803d8e3d893519681fb06500976.jpg\" alt width=\"650\" height=\"976\"><img decoding=\"async\" loading=\"lazy\" class=\"alignnone size-medium wp-image-554795\" src=\"https:\/\/img.svnews.ro\/foto\/2026\/08\/21\/554783\/dbb96bd0fbb260426bce2fb7606500976.jpg\" alt width=\"650\" height=\"976\"><img decoding=\"async\" loading=\"lazy\" class=\"alignnone size-medium wp-image-554796\" src=\"https:\/\/img.svnews.ro\/foto\/2026\/08\/21\/554783\/0b6c87fa268c1c7dc562f563e06500976.jpg\" alt width=\"650\" height=\"976\"><img decoding=\"async\" loading=\"lazy\" class=\"alignnone size-medium wp-image-554797\" src=\"https:\/\/img.svnews.ro\/foto\/2026\/08\/21\/554783\/21f559ccea3d6d65ae4e58e3306500433.jpg\" alt width=\"650\" height=\"433\"><img decoding=\"async\" loading=\"lazy\" class=\"alignnone size-medium wp-image-554798\" src=\"https:\/\/img.svnews.ro\/foto\/2026\/08\/21\/554783\/addbfbe588abd5601c6be474606500867.jpg\" alt width=\"650\" height=\"867\"><img decoding=\"async\" loading=\"lazy\" class=\"alignnone size-medium wp-image-554799\" src=\"https:\/\/img.svnews.ro\/foto\/2026\/08\/21\/554783\/5006992e37fe1d1e06428d2e406500433.jpg\" alt width=\"650\" height=\"433\"><img decoding=\"async\" loading=\"lazy\" class=\"alignnone size-medium wp-image-554800\" src=\"https:\/\/img.svnews.ro\/foto\/2026\/08\/21\/554783\/60fb3d7d4f107295c162dcfd306500433.jpg\" alt width=\"650\" height=\"433\"><img decoding=\"async\" loading=\"lazy\" class=\"alignnone size-medium wp-image-554801\" src=\"https:\/\/img.svnews.ro\/foto\/2026\/08\/21\/554783\/86f47251cd4487b5cfd69913106500433.jpg\" alt width=\"650\" height=\"433\"><img decoding=\"async\" loading=\"lazy\" class=\"alignnone size-medium wp-image-554802\" src=\"https:\/\/img.svnews.ro\/foto\/2026\/08\/21\/554783\/a7828589c70c80141538414e506500433.jpg\" alt width=\"650\" height=\"433\"><img decoding=\"async\" loading=\"lazy\" class=\"alignnone size-medium wp-image-554803\" src=\"https:\/\/img.svnews.ro\/foto\/2026\/08\/21\/554783\/9ac47c6bf9258d1143134b94206500976.jpg\" alt width=\"650\" height=\"976\"><img decoding=\"async\" loading=\"lazy\" class=\"alignnone size-medium wp-image-554804\" src=\"https:\/\/img.svnews.ro\/foto\/2026\/08\/21\/554783\/6ba647be65ce2b7c118d385df06500976.jpg\" alt width=\"650\" height=\"976\"><img decoding=\"async\" loading=\"lazy\" class=\"alignnone size-medium wp-image-554805\" src=\"https:\/\/img.svnews.ro\/foto\/2026\/08\/21\/554783\/a980585d7b3212afa22bba3d006500433.jpg\" alt width=\"650\" height=\"433\"><img decoding=\"async\" loading=\"lazy\" class=\"alignnone size-medium wp-image-554806\" src=\"https:\/\/img.svnews.ro\/foto\/2026\/08\/21\/554783\/63fd22d272d64406436fc053806500433.jpg\" alt width=\"650\" height=\"433\"><img decoding=\"async\" loading=\"lazy\" class=\"alignnone size-medium wp-image-554807\" src=\"https:\/\/img.svnews.ro\/foto\/2026\/08\/21\/554783\/9e189c5139b75bbabf4492f8906500868.jpg\" alt width=\"650\" height=\"868\"><\/p>\n<\/div>\n<div>\n<div>VN:F [1.9.22_1171]<\/div>\n<div class=\"ratingblock \">\n<div class=\"ratingstars \">\n<div id=\"article_loader_554783\" class=\"ratingloaderarticle\">\n<div class=\"loader arrows \">\n<div class=\"loaderinner\">se actualizeaz\u0103&#8230;<\/div>\n<\/div>\n<\/div>\n<\/div>\n<div class=\"ratingtext \">\n<div id=\"gdr_text_a554783\">Rating: 0.0\/<strong>10<\/strong> (0 votes cast)<\/div>\n<\/div>\n<\/div>\n<\/div>\n<\/div>\n<div class=\"entry_content\">\n<p>Cea de-a XXIII-a edi\u021bie a Turneului Interna\u021bional pentru Juniori \u201ePatru Regiuni pentru Europa\u201d s-a \u00eencheiat asear\u0103, la F\u0103lticeni, dup\u0103 mai multe zile de competi\u021bii sportive, activit\u0103\u021bi culturale \u0219i \u00eent\u00e2lniri \u00eentre reprezentan\u021bii celor patru regiuni partenere: jude\u021bul Suceava (Rom\u00e2nia), Departamentul Mayenne (Fran\u021ba), Regiunea Schwaben (Germania) \u0219i Regiunea Cern\u0103u\u021bi (Ucraina). La fotbal, Schwaben (Germania) a c\u00e2\u0219tigat turneul, cu 8 puncte, urmat\u0103 de Suceava \u2013 6 puncte, Cern\u0103u\u021bi \u2013 3 puncte \u0219i Mayenne \u2013 1 punct. La baschet feminin 3\u00d73, Mayenne (Fran\u021ba) s-a clasat pe primul loc, cu 25 de puncte, urmat\u0103 de Cern\u0103u\u021bi \u2013 15 puncte, Suceava \u2013 13 puncte \u0219i Schwaben \u2013 11 puncte. Echipa de fotbal care a reprezentat jude\u021bul nostru a disputat meciul decisiv al competi\u021biei de fotbal \u00een fa\u021ba reprezentativei Schwaben, partida \u00eencheindu-se cu scorul de 0-1. Tinerii fotbali\u0219ti suceveni au fost \u00eencuraja\u021bi din tribune de aproape 700 de spectatori, printre care vicepre\u0219edin\u021bii Consiliului Jude\u021bean Suceava, Nicolae Robu \u0219i Stelian Simerea, primarul municipiului F\u0103lticeni, C\u0103t\u0103lin Coman, \u0219i mai mul\u021bi consilieri jude\u021beni.<\/p>\n<p>\u201eA fost o competi\u021bie frumoas\u0103, cu mult\u0103 ambi\u021bie pe teren. Ne-am dorit locul \u00eent\u00e2i la fotbal, nu am reu\u0219it s\u0103-l ob\u021binem, dar, dincolo de rezultate, importante sunt participarea, experien\u021ba acestor tineri \u0219i prieteniile pe care le-au legat \u00een aceste zile. Pe teren au fost adversari, dar \u00een afara terenului au avut ocazia s\u0103 se cunoasc\u0103 \u0219i s\u0103 lege prietenii. M\u0103 bucur\u0103 \u0219i faptul c\u0103 aproape 700 de oameni au venit la meciul decisiv \u0219i au creat o atmosfer\u0103 extraordinar\u0103 pe Stadionul \u201eConstantin Jamaischi\u201d din F\u0103lticeni, o baz\u0103 sportiv\u0103 foarte frumoas\u0103, modernizat\u0103 de Prim\u0103ria F\u0103lticeni\u201d, a declarat vicepre\u0219edintele Consiliului Jude\u021bean Suceava, Nicolae Robu. O component\u0103 important\u0103 a turneului a fost cea cultural\u0103. Tineri din toate cele patru regiuni au lucrat timp de patru zile, al\u0103turi de profesorii lor, \u00een cadrul atelierelor cu tema \u201eArta ca un limbaj comun\u201d. Lucr\u0103rile realizate au fost prezentate \u00eentr-o expozi\u021bie la finalul turneului \u0219i vor fi predate Colegiului de Art\u0103 \u201eCiprian Porumbescu\u201d Suceava, pentru a fi expuse \u0219i \u00een cadrul altor expozi\u021bii. Edi\u021bia din acest an s-a \u00eencheiat cu o cin\u0103 festiv\u0103, \u00een cadrul c\u0103reia mesajele de final ale celor patru regiuni au fost transmise de Sylvie Vielle, vicepre\u0219edinte al Consiliului Departamental Mayenne, Petra Beer, vicepre\u0219edinte al Consiliului Regional Schwaben, Mykola Romanyshyn, adjunct al Departamentului Comunicare \u0219i \u0219ef al Serviciului Cooperare Interna\u021bional\u0103 din cadrul Administra\u021biei Regionale Cern\u0103u\u021bi, \u0219i Nicolae Robu, din partea Consiliului Jude\u021bean Suceava.<\/p>\n<p>\u201eDincolo de rezultate \u0219i de clasamente, adev\u0103rata miz\u0103 a acestui turneu este prietenia, respectul, fair-play-ul \u0219i \u0219ansa pe care o oferim acestor tineri de a se cunoa\u0219te \u0219i de a descoperi c\u0103, dincolo de grani\u021be \u0219i de limbi diferite, avem foarte multe lucruri \u00een comun. Sportul are aceast\u0103 capacitate extraordinar\u0103 de a trece peste grani\u021be, peste limbi \u0219i peste diferen\u021be. Pe teren sunt adversari, dar \u00een afara lui pot deveni prieteni\u201d, a declarat vicepre\u0219edintele Consiliului Jude\u021bean Suceava, Stelian Simerea. Reprezentan\u021bii celor patru regiuni au subliniat importan\u021ba continu\u0103rii acestui proiect, \u00eenceput \u00een 2002, care le ofer\u0103 tinerilor din Suceava, Mayenne, Schwaben \u0219i Cern\u0103u\u021bi \u0219ansa de a se cunoa\u0219te prin sport \u0219i cultur\u0103 \u0219i, \u00een acela\u0219i timp, consolideaz\u0103 rela\u021biile dintre cele patru administra\u021bii partenere.<\/p>\n<p>Cea de-a XXIII-a edi\u021bie a Turneului \u201ePatru Regiuni pentru Europa\u201d a reunit peste 170 de participan\u021bi din cele patru regiuni. Urm\u0103toarea edi\u021bie a Turneului \u201ePatru Regiuni pentru Europa\u201d este programat\u0103 \u00een 2028 \u0219i va fi g\u0103zduit\u0103 de Regiunea Schwaben, Germania.<\/p>\n<p><img loading=\"lazy\" decoding=\"async\" class=\"alignnone size-medium wp-image-554784\" src=\"https:\/\/img.svnews.ro\/foto\/2026\/08\/21\/554783\/c4b2050e07cf42079b8ee7f7806500433.jpg\" alt width=\"650\" height=\"433\"><img loading=\"lazy\" decoding=\"async\" class=\"alignnone size-medium wp-image-554785\" src=\"https:\/\/img.svnews.ro\/foto\/2026\/08\/21\/554783\/04dd9f3a3136f34c19695ae2506500433.jpg\" alt width=\"650\" height=\"433\"><img decoding=\"async\" loading=\"lazy\" class=\"alignnone size-medium wp-image-554786\" src=\"https:\/\/img.svnews.ro\/foto\/2026\/08\/21\/554783\/89bc0407b7c57c8a155844f3a06500433.jpg\" alt width=\"650\" height=\"433\"><img decoding=\"async\" loading=\"lazy\" class=\"alignnone size-medium wp-image-554787\" src=\"https:\/\/img.svnews.ro\/foto\/2026\/08\/21\/554783\/e7a186f62ba780fc514a08a8f06500433.jpg\" alt width=\"650\" height=\"433\"><img decoding=\"async\" loading=\"lazy\" class=\"alignnone size-medium wp-image-554788\" src=\"https:\/\/img.svnews.ro\/foto\/2026\/08\/21\/554783\/4b933f0e01c6f6493382c592706500433.jpg\" alt width=\"650\" height=\"433\"><img decoding=\"async\" loading=\"lazy\" class=\"alignnone size-medium wp-image-554789\" src=\"https:\/\/img.svnews.ro\/foto\/2026\/08\/21\/554783\/aab63791ff39efeafbc3ef55c06500976.jpg\" alt width=\"650\" height=\"976\"><img decoding=\"async\" loading=\"lazy\" class=\"alignnone size-medium wp-image-554790\" src=\"https:\/\/img.svnews.ro\/foto\/2026\/08\/21\/554783\/65a2c4eeefdec0f6a306bc19d06500976.jpg\" alt width=\"650\" height=\"976\"><img decoding=\"async\" loading=\"lazy\" class=\"alignnone size-medium wp-image-554791\" src=\"https:\/\/img.svnews.ro\/foto\/2026\/08\/21\/554783\/37dd15f87ee27a8176e0c834306500433.jpg\" alt width=\"650\" height=\"433\"><img decoding=\"async\" loading=\"lazy\" class=\"alignnone size-medium wp-image-554792\" src=\"https:\/\/img.svnews.ro\/foto\/2026\/08\/21\/554783\/3f923ee1a1c3e2749a8a7579c06500433.jpg\" alt width=\"650\" height=\"433\"><img decoding=\"async\" loading=\"lazy\" class=\"alignnone size-medium wp-image-554793\" src=\"https:\/\/img.svnews.ro\/foto\/2026\/08\/21\/554783\/fea02f63a16ff3cb5f834800c06500976.jpg\" alt width=\"650\" height=\"976\"><img decoding=\"async\" loading=\"lazy\" class=\"alignnone size-medium wp-image-554794\" src=\"https:\/\/img.svnews.ro\/foto\/2026\/08\/21\/554783\/2f91e9803d8e3d893519681fb06500976.jpg\" alt width=\"650\" height=\"976\"><img decoding=\"async\" loading=\"lazy\" class=\"alignnone size-medium wp-image-554795\" src=\"https:\/\/img.svnews.ro\/foto\/2026\/08\/21\/554783\/dbb96bd0fbb260426bce2fb7606500976.jpg\" alt width=\"650\" height=\"976\"><img decoding=\"async\" loading=\"lazy\" class=\"alignnone size-medium wp-image-554796\" src=\"https:\/\/img.svnews.ro\/foto\/2026\/08\/21\/554783\/0b6c87fa268c1c7dc562f563e06500976.jpg\" alt width=\"650\" height=\"976\"><img decoding=\"async\" loading=\"lazy\" class=\"alignnone size-medium wp-image-554797\" src=\"https:\/\/img.svnews.ro\/foto\/2026\/08\/21\/554783\/21f559ccea3d6d65ae4e58e3306500433.jpg\" alt width=\"650\" height=\"433\"><img decoding=\"async\" loading=\"lazy\" class=\"alignnone size-medium wp-image-554798\" src=\"https:\/\/img.svnews.ro\/foto\/2026\/08\/21\/554783\/addbfbe588abd5601c6be474606500867.jpg\" alt width=\"650\" height=\"867\"><img decoding=\"async\" loading=\"lazy\" class=\"alignnone size-medium wp-image-554799\" src=\"https:\/\/img.svnews.ro\/foto\/2026\/08\/21\/554783\/5006992e37fe1d1e06428d2e406500433.jpg\" alt width=\"650\" height=\"433\"><img decoding=\"async\" loading=\"lazy\" class=\"alignnone size-medium wp-image-554800\" src=\"https:\/\/img.svnews.ro\/foto\/2026\/08\/21\/554783\/60fb3d7d4f107295c162dcfd306500433.jpg\" alt width=\"650\" height=\"433\"><img decoding=\"async\" loading=\"lazy\" class=\"alignnone size-medium wp-image-554801\" src=\"https:\/\/img.svnews.ro\/foto\/2026\/08\/21\/554783\/86f47251cd4487b5cfd69913106500433.jpg\" alt width=\"650\" height=\"433\"><img decoding=\"async\" loading=\"lazy\" class=\"alignnone size-medium wp-image-554802\" src=\"https:\/\/img.svnews.ro\/foto\/2026\/08\/21\/554783\/a7828589c70c80141538414e506500433.jpg\" alt width=\"650\" height=\"433\"><img decoding=\"async\" loading=\"lazy\" class=\"alignnone size-medium wp-image-554803\" src=\"https:\/\/img.svnews.ro\/foto\/2026\/08\/21\/554783\/9ac47c6bf9258d1143134b94206500976.jpg\" alt width=\"650\" height=\"976\"><img decoding=\"async\" loading=\"lazy\" class=\"alignnone size-medium wp-image-554804\" src=\"https:\/\/img.svnews.ro\/foto\/2026\/08\/21\/554783\/6ba647be65ce2b7c118d385df06500976.jpg\" alt width=\"650\" height=\"976\"><img decoding=\"async\" loading=\"lazy\" class=\"alignnone size-medium wp-image-554805\" src=\"https:\/\/img.svnews.ro\/foto\/2026\/08\/21\/554783\/a980585d7b3212afa22bba3d006500433.jpg\" alt width=\"650\" height=\"433\"><img decoding=\"async\" loading=\"lazy\" class=\"alignnone size-medium wp-image-554806\" src=\"https:\/\/img.svnews.ro\/foto\/2026\/08\/21\/554783\/63fd22d272d64406436fc053806500433.jpg\" alt width=\"650\" height=\"433\"><img decoding=\"async\" loading=\"lazy\" class=\"alignnone size-medium wp-image-554807\" src=\"https:\/\/img.svnews.ro\/foto\/2026\/08\/21\/554783\/9e189c5139b75bbabf4492f8906500868.jpg\" alt width=\"650\" height=\"868\"><\/p>\n<\/div>\n<p>[analyse_source url=&#8221;https:\/\/www.svnews.ro\/suceava-pe-podium-la-fotbal-si-baschet-la-turneul-patru-regiuni-pentru-europa-foto\/554783\/&#8221;]<\/p>\n","protected":false},"excerpt":{"rendered":"<p>[analyse_image type=&#8221;featured&#8221; src=&#8221;https:\/\/img.svnews.ro\/foto\/2026\/08\/21\/554783\/a7828589c70c80141538414e5.jpg&#8221;] Cea de-a XXIII-a edi\u021bie a Turneului Interna\u021bional pentru Juniori \u201ePatru Regiuni pentru Europa\u201d s-a \u00eencheiat asear\u0103, la F\u0103lticeni, dup\u0103 mai multe zile de competi\u021bii sportive, activit\u0103\u021bi culturale \u0219i \u00eent\u00e2lniri \u00eentre reprezentan\u021bii celor patru regiuni partenere: jude\u021bul Suceava (Rom\u00e2nia), Departamentul Mayenne (Fran\u021ba), Regiunea Schwaben (Germania) \u0219i Regiunea Cern\u0103u\u021bi (Ucraina). La fotbal, Schwaben (Germania) [&hellip;]<\/p>\n","protected":false},"author":1,"featured_media":0,"comment_status":"open","ping_status":"","sticky":false,"template":"","format":"standard","meta":{"footnotes":""},"categories":[89],"tags":[226,175],"class_list":["post-2105881","post","type-post","status-publish","format-standard","hentry","category-romania","tag-crawlmanager","tag-svnews-ro"],"_links":{"self":[{"href":"https:\/\/analyse.optim.biz\/index.php?rest_route=\/wp\/v2\/posts\/2105881","targetHints":{"allow":["GET"]}}],"collection":[{"href":"https:\/\/analyse.optim.biz\/index.php?rest_route=\/wp\/v2\/posts"}],"about":[{"href":"https:\/\/analyse.optim.biz\/index.php?rest_route=\/wp\/v2\/types\/post"}],"author":[{"embeddable":true,"href":"https:\/\/analyse.optim.biz\/index.php?rest_route=\/wp\/v2\/users\/1"}],"replies":[{"embeddable":true,"href":"https:\/\/analyse.optim.biz\/index.php?rest_route=%2Fwp%2Fv2%2Fcomments&post=2105881"}],"version-history":[{"count":0,"href":"https:\/\/analyse.optim.biz\/index.php?rest_route=\/wp\/v2\/posts\/2105881\/revisions"}],"wp:attachment":[{"href":"https:\/\/analyse.optim.biz\/index.php?rest_route=%2Fwp%2Fv2%2Fmedia&parent=2105881"}],"wp:term":[{"taxonomy":"category","embeddable":true,"href":"https:\/\/analyse.optim.biz\/index.php?rest_route=%2Fwp%2Fv2%2Fcategories&post=2105881"},{"taxonomy":"post_tag","embeddable":true,"href":"https:\/\/analyse.optim.biz\/index.php?rest_route=%2Fwp%2Fv2%2Ftags&post=2105881"}],"curies":[{"name":"wp","href":"https:\/\/api.w.org\/{rel}","templated":true}]}}