{"id":210588,"date":"2014-03-03T14:43:50","date_gmt":"2014-03-03T11:43:50","guid":{"rendered":"https:\/\/analyse.optim.biz\/?p=210588"},"modified":"2014-03-03T14:43:50","modified_gmt":"2014-03-03T11:43:50","slug":"kelemen-hunor-eu-voi-prelua-ministerul-culturii-si-postul-de-vicepremier","status":"publish","type":"post","link":"https:\/\/analyse.optim.biz\/?p=210588","title":{"rendered":"Kelemen Hunor: \u201eEu voi prelua Ministerul Culturii \u0219i postul de vicepremier\u201d"},"content":{"rendered":"<div class=\"entry data-app-meta data-app-meta-article\" data-embed-base-url-canonical=\"https:\/\/www.digi24.ro\/embed\/stiri\/actualitate\/politica\/kelemen-hunor-eu-voi-prelua-ministerul-culturii-si-postul-de-vicepremier-208615\">\n<p data-index=\"1\">\u201e<strong>Noi am constatat c\u0103 \u00een acest moment Rom\u00e2nia are nevoie de stabilitate guvernamental\u0103. Am constatat c\u0103 contribu\u021bia noastr\u0103 la aceast\u0103 stabilitate este extrem de important\u0103, \u021bin\u00e2nd cont de toat\u0103 situa\u021bia din Rom\u00e2nia \u0219i de situa\u021bia din jurul nostru<\/strong>. Am prezentat, conform mandatului, rezultatele negocierilor, cele dou\u0103 texte care vor fi semnate ast\u0103zi la 15.30 cu colegii no\u0219tri Victor Ponta, Gabriel Oprea \u0219i Daniel Constantin. Am acceptat s\u0103 mergem mai departe cu programul de guvernare votat \u00een Parlament \u00een 2012. Acordul politic nu adaug\u0103 nimic la programul de guvernare la niciun capitol. <strong>Ast\u0103zi am stabilit c\u0103 vom avea \u00een Guvernul Rom\u00e2niei dou\u0103 ministere \u0219i func\u021bia de vicepremier, a\u0219a cum era normal. Este vorba despre Ministerul Culturii \u0219i de Ministerul Mediului. S-a votat \u00een Consiliul Permanent viceprim ministru \u0219i ministrul Culturii subsemnatul, iar la Ministerul Mediului, domnul deputat Attila Korodi\u201d,<\/strong> a declarat liderul UDMR.<\/p>\n<\/div>\n<p> Source URL: https:\/\/www.digi24.ro\/stiri\/actualitate\/politica\/kelemen-hunor-eu-voi-prelua-ministerul-culturii-si-postul-de-vicepremier-208615<\/p>\n","protected":false},"excerpt":{"rendered":"<p>\u201eNoi am constatat c\u0103 \u00een acest moment Rom\u00e2nia are nevoie de stabilitate guvernamental\u0103. Am constatat c\u0103 contribu\u021bia noastr\u0103 la aceast\u0103 stabilitate este extrem de important\u0103, \u021bin\u00e2nd cont de toat\u0103 situa\u021bia din Rom\u00e2nia \u0219i de situa\u021bia din jurul nostru. Am prezentat, conform mandatului, rezultatele negocierilor, cele dou\u0103 texte care vor fi semnate ast\u0103zi la 15.30 cu [&hellip;]<\/p>\n","protected":false},"author":1,"featured_media":210589,"comment_status":"open","ping_status":"","sticky":false,"template":"","format":"standard","meta":{"footnotes":""},"categories":[2],"tags":[11],"class_list":["post-210588","post","type-post","status-publish","format-standard","has-post-thumbnail","hentry","category-politics","tag-digi24"],"_links":{"self":[{"href":"https:\/\/analyse.optim.biz\/index.php?rest_route=\/wp\/v2\/posts\/210588","targetHints":{"allow":["GET"]}}],"collection":[{"href":"https:\/\/analyse.optim.biz\/index.php?rest_route=\/wp\/v2\/posts"}],"about":[{"href":"https:\/\/analyse.optim.biz\/index.php?rest_route=\/wp\/v2\/types\/post"}],"author":[{"embeddable":true,"href":"https:\/\/analyse.optim.biz\/index.php?rest_route=\/wp\/v2\/users\/1"}],"replies":[{"embeddable":true,"href":"https:\/\/analyse.optim.biz\/index.php?rest_route=%2Fwp%2Fv2%2Fcomments&post=210588"}],"version-history":[{"count":0,"href":"https:\/\/analyse.optim.biz\/index.php?rest_route=\/wp\/v2\/posts\/210588\/revisions"}],"wp:featuredmedia":[{"embeddable":true,"href":"https:\/\/analyse.optim.biz\/index.php?rest_route=\/wp\/v2\/media\/210589"}],"wp:attachment":[{"href":"https:\/\/analyse.optim.biz\/index.php?rest_route=%2Fwp%2Fv2%2Fmedia&parent=210588"}],"wp:term":[{"taxonomy":"category","embeddable":true,"href":"https:\/\/analyse.optim.biz\/index.php?rest_route=%2Fwp%2Fv2%2Fcategories&post=210588"},{"taxonomy":"post_tag","embeddable":true,"href":"https:\/\/analyse.optim.biz\/index.php?rest_route=%2Fwp%2Fv2%2Ftags&post=210588"}],"curies":[{"name":"wp","href":"https:\/\/api.w.org\/{rel}","templated":true}]}}