{"id":2105877,"date":"2026-08-20T12:20:35","date_gmt":"2026-08-20T09:20:35","guid":{"rendered":"https:\/\/analyse.optim.biz\/?p=2105877"},"modified":"2026-08-20T12:20:35","modified_gmt":"2026-08-20T09:20:35","slug":"suceava-pe-primul-loc-inaintea-ultimelor-meciuri-ale-turneului-patru-regiuni-pentru-europa","status":"publish","type":"post","link":"https:\/\/analyse.optim.biz\/?p=2105877","title":{"rendered":"Suceava, pe primul loc \u00eenaintea ultimelor meciuri ale Turneului \u201ePatru Regiuni pentru Europa\u201d"},"content":{"rendered":"<p>[analyse_image type=&#8221;featured&#8221; src=&#8221;https:\/\/img.svnews.ro\/foto\/2026\/08\/20\/554596\/5ca92a12917764a1b96418bdb.jpg&#8221;]<\/p>\n<div class=\"entry\"><a href=\"https:\/\/www.svnews.ro\/suceava-pe-primul-loc-inaintea-ultimelor-meciuri-ale-turneului-patru-regiuni-pentru-europa\/554596\/fisier-5ca92a12917764a1b96418bdb\/\"><img loading=\"lazy\" decoding=\"async\" width=\"650\" height=\"325\" src=\"https:\/\/img.svnews.ro\/foto\/2026\/08\/20\/554596\/5ca92a12917764a1b96418bdb06500325.jpg\" alt><\/a><\/p>\n<div class=\"minigallery\">\n<div class=\"infogal\"><span class=\"infogall\">Galerie foto<\/span><span class=\"infogalr\">43 poze \u00een acest set<\/span><\/div>\n<p><a href=\"https:\/\/www.svnews.ro\/suceava-pe-primul-loc-inaintea-ultimelor-meciuri-ale-turneului-patru-regiuni-pentru-europa\/554596\/fisier-3f80f42879e01ce76eda003fe\/\"><img loading=\"lazy\" decoding=\"async\" width=\"71\" height=\"71\" src=\"https:\/\/img.svnews.ro\/foto\/2026\/08\/20\/554596\/3f80f42879e01ce76eda003fe00710071.jpg\" class=\"attachment-minigal size-minigal\" alt><\/a><a href=\"https:\/\/www.svnews.ro\/suceava-pe-primul-loc-inaintea-ultimelor-meciuri-ale-turneului-patru-regiuni-pentru-europa\/554596\/fisier-977755700f8819fbede1238ec\/\"><img loading=\"lazy\" decoding=\"async\" width=\"71\" height=\"71\" src=\"https:\/\/img.svnews.ro\/foto\/2026\/08\/20\/554596\/977755700f8819fbede1238ec00710071.jpg\" class=\"attachment-minigal size-minigal\" alt><\/a><a href=\"https:\/\/www.svnews.ro\/suceava-pe-primul-loc-inaintea-ultimelor-meciuri-ale-turneului-patru-regiuni-pentru-europa\/554596\/fisier-8350e04ffda6e5af16d8ca059\/\"><img decoding=\"async\" width=\"71\" height=\"71\" src=\"https:\/\/img.svnews.ro\/foto\/2026\/08\/20\/554596\/8350e04ffda6e5af16d8ca05900710071.jpg\" class=\"attachment-minigal size-minigal\" alt loading=\"lazy\"><\/a><a href=\"https:\/\/www.svnews.ro\/suceava-pe-primul-loc-inaintea-ultimelor-meciuri-ale-turneului-patru-regiuni-pentru-europa\/554596\/fisier-9c878174168f9e7bb8a084f5f\/\"><img decoding=\"async\" width=\"71\" height=\"71\" src=\"https:\/\/img.svnews.ro\/foto\/2026\/08\/20\/554596\/9c878174168f9e7bb8a084f5f00710071.jpg\" class=\"attachment-minigal size-minigal\" alt loading=\"lazy\"><\/a><a href=\"https:\/\/www.svnews.ro\/suceava-pe-primul-loc-inaintea-ultimelor-meciuri-ale-turneului-patru-regiuni-pentru-europa\/554596\/fisier-352891b5ab7faa1a8aac3dc84\/\"><img decoding=\"async\" width=\"71\" height=\"71\" src=\"https:\/\/img.svnews.ro\/foto\/2026\/08\/20\/554596\/352891b5ab7faa1a8aac3dc8400710071.jpg\" class=\"attachment-minigal size-minigal\" alt loading=\"lazy\"><\/a><a href=\"https:\/\/www.svnews.ro\/suceava-pe-primul-loc-inaintea-ultimelor-meciuri-ale-turneului-patru-regiuni-pentru-europa\/554596\/fisier-163465d1d25cd4a851ce8315b\/\"><img decoding=\"async\" width=\"71\" height=\"71\" src=\"https:\/\/img.svnews.ro\/foto\/2026\/08\/20\/554596\/163465d1d25cd4a851ce8315b00710071.jpg\" class=\"attachment-minigal size-minigal\" alt loading=\"lazy\"><\/a><a href=\"https:\/\/www.svnews.ro\/suceava-pe-primul-loc-inaintea-ultimelor-meciuri-ale-turneului-patru-regiuni-pentru-europa\/554596\/fisier-3f7f7ce082d29401e1d156904\/\"><img decoding=\"async\" width=\"71\" height=\"71\" src=\"https:\/\/img.svnews.ro\/foto\/2026\/08\/20\/554596\/3f7f7ce082d29401e1d15690400710071.jpg\" class=\"attachment-minigal size-minigal\" alt loading=\"lazy\"><\/a><a href=\"https:\/\/www.svnews.ro\/suceava-pe-primul-loc-inaintea-ultimelor-meciuri-ale-turneului-patru-regiuni-pentru-europa\/554596\/fisier-9d4d3d62063bf553f2ce5b791\/\"><img decoding=\"async\" width=\"71\" height=\"71\" src=\"https:\/\/img.svnews.ro\/foto\/2026\/08\/20\/554596\/9d4d3d62063bf553f2ce5b79100710071.jpg\" class=\"attachment-minigal size-minigal\" alt loading=\"lazy\"><\/a><\/div>\n<div class=\"entry_content\">\n<p>Ziua a doua a competi\u021biilor Turneului Interna\u021bional pentru Juniori \u201ePatru Regiuni pentru Europa\u201d s-a \u00eencheiat cu o nou\u0103 victorie pentru reprezentativa Sucevei la fotbal: 2-0 cu Mayenne (Fran\u021ba). \u00cen cel\u0103lalt meci, Schwaben (Germania) a \u00eenvins Cern\u0103u\u021bi (Ucraina) cu 1-0.<\/p>\n<p>La fotbal, \u00eenaintea meciurilor de ast\u0103zi, Suceava este pe primul loc, cu 6 puncte, urmat\u0103 de Schwaben \u2013 5 puncte, Mayenne \u2013 1 punct \u0219i Cern\u0103u\u021bi \u2013 0 puncte.<\/p>\n<p>La baschet feminin 3\u00d73, dup\u0103 meciurile disputate ieri, clasamentul este condus de Mayenne, cu 16 puncte, urmat\u0103 de Cern\u0103u\u021bi \u2013 14 puncte, Schwaben \u2013 10 puncte \u0219i Suceava \u2013 8 puncte.<\/p>\n<p>Ast\u0103zi se joac\u0103 ultimele meciuri ale competi\u021biilor de la F\u0103lticeni. La fotbal, de la ora 16:00, Cern\u0103u\u021bi \u00eent\u00e2lne\u0219te Mayenne, iar de la ora 17:20, Suceava joac\u0103 \u00eempotriva Schwaben, \u00eentr-un meci decisiv pentru c\u00e2\u0219tigarea turneului.<\/p>\n<p>Meciurile de baschet \u00eencep tot de la ora 16:00, \u00een Sala de sport \u201eGabriel Udi\u0219teanu\u201d, fiind programate \u0219ase partide p\u00e2n\u0103 la ora 18:30.<\/p>\n<p>Festivitatea de premiere va avea loc de la ora 18:30.<\/p>\n<p>Intrarea este liber\u0103. V\u0103 a\u0219tept\u0103m \u00een num\u0103r c\u00e2t mai mare pe Stadionul \u201eConstantin Jamaischi\u201d din F\u0103lticeni, s\u0103 sus\u021binem echipa Sucevei \u00een meciul decisiv pentru c\u00e2\u0219tigarea turneului!<\/p>\n<p>Foto: Fotosportro<\/p>\n<p><img decoding=\"async\" loading=\"lazy\" class=\"alignnone size-medium wp-image-554603\" src=\"https:\/\/img.svnews.ro\/foto\/2026\/08\/20\/554596\/3f7f7ce082d29401e1d15690406500433.jpg\" alt width=\"650\" height=\"433\"><\/p>\n<p><img decoding=\"async\" loading=\"lazy\" class=\"alignnone size-medium wp-image-554611\" src=\"https:\/\/img.svnews.ro\/foto\/2026\/08\/20\/554596\/a37b3d7fce5b90444c15b850006500433.jpg\" alt width=\"650\" height=\"433\"><\/p>\n<p><img decoding=\"async\" loading=\"lazy\" class=\"alignnone size-medium wp-image-554610\" src=\"https:\/\/img.svnews.ro\/foto\/2026\/08\/20\/554596\/d940bf63a0a7df1adb74e395006500433.jpg\" alt width=\"650\" height=\"433\"><\/p>\n<p><img decoding=\"async\" loading=\"lazy\" class=\"alignnone size-medium wp-image-554578\" src=\"https:\/\/img.svnews.ro\/foto\/2026\/08\/20\/554565\/226ced6a162036b2a7ba94cb506500365.jpg\" alt width=\"650\" height=\"365\"><\/p>\n<p><img decoding=\"async\" loading=\"lazy\" class=\"alignnone size-medium wp-image-554577\" src=\"https:\/\/img.svnews.ro\/foto\/2026\/08\/20\/554565\/d3a133bcf61ee59d6041bafe306500365.jpg\" alt width=\"650\" height=\"365\"><\/p>\n<p><img decoding=\"async\" loading=\"lazy\" class=\"alignnone size-medium wp-image-554576\" src=\"https:\/\/img.svnews.ro\/foto\/2026\/08\/20\/554565\/cb60083f79af9b353e18eaced06500365.jpg\" alt width=\"650\" height=\"365\"><\/p>\n<p><img decoding=\"async\" loading=\"lazy\" class=\"alignnone size-medium wp-image-554575\" src=\"https:\/\/img.svnews.ro\/foto\/2026\/08\/20\/554565\/4933eeccde026c6cccd117d7b06500365.jpg\" alt width=\"650\" height=\"365\"><\/p>\n<p><img decoding=\"async\" loading=\"lazy\" class=\"alignnone size-medium wp-image-554627\" src=\"https:\/\/img.svnews.ro\/foto\/2026\/08\/20\/554596\/85802a06dd9ac995c88ee69c306500433.jpg\" alt width=\"650\" height=\"433\"><\/p>\n<p><img decoding=\"async\" loading=\"lazy\" class=\"alignnone size-medium wp-image-554630\" src=\"https:\/\/img.svnews.ro\/foto\/2026\/08\/20\/554596\/079d89fa0996840e84a2660d706500433.jpg\" alt width=\"650\" height=\"433\"><\/p>\n<p><img decoding=\"async\" loading=\"lazy\" class=\"alignnone size-medium wp-image-554635\" src=\"https:\/\/img.svnews.ro\/foto\/2026\/08\/20\/554596\/a3ca23441eb635175e51b366506500433.jpg\" alt width=\"650\" height=\"433\"><\/p>\n<p><img decoding=\"async\" loading=\"lazy\" class=\"alignnone size-medium wp-image-554614\" src=\"https:\/\/img.svnews.ro\/foto\/2026\/08\/20\/554596\/10870a9a40a98ed02805aad5f06500433.jpg\" alt width=\"650\" height=\"433\"><\/p>\n<p><img decoding=\"async\" loading=\"lazy\" class=\"alignnone size-medium wp-image-554625\" src=\"https:\/\/img.svnews.ro\/foto\/2026\/08\/20\/554596\/ff9df12b49e2e2fbbabef3c5206500433.jpg\" alt width=\"650\" height=\"433\"><\/p>\n<p>\u00a0<\/p>\n<p><img decoding=\"async\" loading=\"lazy\" class=\"alignnone size-medium wp-image-554626\" src=\"https:\/\/img.svnews.ro\/foto\/2026\/08\/20\/554596\/a6a510d71e5ef2d29a856fca806500349.jpg\" alt width=\"650\" height=\"349\"><\/p>\n<p><img decoding=\"async\" loading=\"lazy\" class=\"alignnone size-medium wp-image-554610\" src=\"https:\/\/img.svnews.ro\/foto\/2026\/08\/20\/554596\/d940bf63a0a7df1adb74e395006500433.jpg\" alt width=\"650\" height=\"433\"><\/p>\n<p>\u00a0<\/p>\n<\/div>\n<div>\n<div>VN:F [1.9.22_1171]<\/div>\n<div class=\"ratingblock \">\n<div class=\"ratingstars \">\n<div id=\"article_loader_554596\" class=\"ratingloaderarticle\">\n<div class=\"loader arrows \">\n<div class=\"loaderinner\">se actualizeaz\u0103&#8230;<\/div>\n<\/div>\n<\/div>\n<\/div>\n<div class=\"ratingtext \">\n<div id=\"gdr_text_a554596\">Rating: 0.0\/<strong>10<\/strong> (0 votes cast)<\/div>\n<\/div>\n<\/div>\n<\/div>\n<\/div>\n<div class=\"entry_content\">\n<p>Ziua a doua a competi\u021biilor Turneului Interna\u021bional pentru Juniori \u201ePatru Regiuni pentru Europa\u201d s-a \u00eencheiat cu o nou\u0103 victorie pentru reprezentativa Sucevei la fotbal: 2-0 cu Mayenne (Fran\u021ba). \u00cen cel\u0103lalt meci, Schwaben (Germania) a \u00eenvins Cern\u0103u\u021bi (Ucraina) cu 1-0.<\/p>\n<p>La fotbal, \u00eenaintea meciurilor de ast\u0103zi, Suceava este pe primul loc, cu 6 puncte, urmat\u0103 de Schwaben \u2013 5 puncte, Mayenne \u2013 1 punct \u0219i Cern\u0103u\u021bi \u2013 0 puncte.<\/p>\n<p>La baschet feminin 3\u00d73, dup\u0103 meciurile disputate ieri, clasamentul este condus de Mayenne, cu 16 puncte, urmat\u0103 de Cern\u0103u\u021bi \u2013 14 puncte, Schwaben \u2013 10 puncte \u0219i Suceava \u2013 8 puncte.<\/p>\n<p>Ast\u0103zi se joac\u0103 ultimele meciuri ale competi\u021biilor de la F\u0103lticeni. La fotbal, de la ora 16:00, Cern\u0103u\u021bi \u00eent\u00e2lne\u0219te Mayenne, iar de la ora 17:20, Suceava joac\u0103 \u00eempotriva Schwaben, \u00eentr-un meci decisiv pentru c\u00e2\u0219tigarea turneului.<\/p>\n<p>Meciurile de baschet \u00eencep tot de la ora 16:00, \u00een Sala de sport \u201eGabriel Udi\u0219teanu\u201d, fiind programate \u0219ase partide p\u00e2n\u0103 la ora 18:30.<\/p>\n<p>Festivitatea de premiere va avea loc de la ora 18:30.<\/p>\n<p>Intrarea este liber\u0103. V\u0103 a\u0219tept\u0103m \u00een num\u0103r c\u00e2t mai mare pe Stadionul \u201eConstantin Jamaischi\u201d din F\u0103lticeni, s\u0103 sus\u021binem echipa Sucevei \u00een meciul decisiv pentru c\u00e2\u0219tigarea turneului!<\/p>\n<p>Foto: Fotosportro<\/p>\n<p><img decoding=\"async\" loading=\"lazy\" class=\"alignnone size-medium wp-image-554603\" src=\"https:\/\/img.svnews.ro\/foto\/2026\/08\/20\/554596\/3f7f7ce082d29401e1d15690406500433.jpg\" alt width=\"650\" height=\"433\"><\/p>\n<p><img decoding=\"async\" loading=\"lazy\" class=\"alignnone size-medium wp-image-554611\" src=\"https:\/\/img.svnews.ro\/foto\/2026\/08\/20\/554596\/a37b3d7fce5b90444c15b850006500433.jpg\" alt width=\"650\" height=\"433\"><\/p>\n<p><img decoding=\"async\" loading=\"lazy\" class=\"alignnone size-medium wp-image-554610\" src=\"https:\/\/img.svnews.ro\/foto\/2026\/08\/20\/554596\/d940bf63a0a7df1adb74e395006500433.jpg\" alt width=\"650\" height=\"433\"><\/p>\n<p><img decoding=\"async\" loading=\"lazy\" class=\"alignnone size-medium wp-image-554578\" src=\"https:\/\/img.svnews.ro\/foto\/2026\/08\/20\/554565\/226ced6a162036b2a7ba94cb506500365.jpg\" alt width=\"650\" height=\"365\"><\/p>\n<p><img decoding=\"async\" loading=\"lazy\" class=\"alignnone size-medium wp-image-554577\" src=\"https:\/\/img.svnews.ro\/foto\/2026\/08\/20\/554565\/d3a133bcf61ee59d6041bafe306500365.jpg\" alt width=\"650\" height=\"365\"><\/p>\n<p><img decoding=\"async\" loading=\"lazy\" class=\"alignnone size-medium wp-image-554576\" src=\"https:\/\/img.svnews.ro\/foto\/2026\/08\/20\/554565\/cb60083f79af9b353e18eaced06500365.jpg\" alt width=\"650\" height=\"365\"><\/p>\n<p><img decoding=\"async\" loading=\"lazy\" class=\"alignnone size-medium wp-image-554575\" src=\"https:\/\/img.svnews.ro\/foto\/2026\/08\/20\/554565\/4933eeccde026c6cccd117d7b06500365.jpg\" alt width=\"650\" height=\"365\"><\/p>\n<p><img decoding=\"async\" loading=\"lazy\" class=\"alignnone size-medium wp-image-554627\" src=\"https:\/\/img.svnews.ro\/foto\/2026\/08\/20\/554596\/85802a06dd9ac995c88ee69c306500433.jpg\" alt width=\"650\" height=\"433\"><\/p>\n<p><img decoding=\"async\" loading=\"lazy\" class=\"alignnone size-medium wp-image-554630\" src=\"https:\/\/img.svnews.ro\/foto\/2026\/08\/20\/554596\/079d89fa0996840e84a2660d706500433.jpg\" alt width=\"650\" height=\"433\"><\/p>\n<p><img decoding=\"async\" loading=\"lazy\" class=\"alignnone size-medium wp-image-554635\" src=\"https:\/\/img.svnews.ro\/foto\/2026\/08\/20\/554596\/a3ca23441eb635175e51b366506500433.jpg\" alt width=\"650\" height=\"433\"><\/p>\n<p><img decoding=\"async\" loading=\"lazy\" class=\"alignnone size-medium wp-image-554614\" src=\"https:\/\/img.svnews.ro\/foto\/2026\/08\/20\/554596\/10870a9a40a98ed02805aad5f06500433.jpg\" alt width=\"650\" height=\"433\"><\/p>\n<p><img decoding=\"async\" loading=\"lazy\" class=\"alignnone size-medium wp-image-554625\" src=\"https:\/\/img.svnews.ro\/foto\/2026\/08\/20\/554596\/ff9df12b49e2e2fbbabef3c5206500433.jpg\" alt width=\"650\" height=\"433\"><\/p>\n<p>\u00a0<\/p>\n<p><img decoding=\"async\" loading=\"lazy\" class=\"alignnone size-medium wp-image-554626\" src=\"https:\/\/img.svnews.ro\/foto\/2026\/08\/20\/554596\/a6a510d71e5ef2d29a856fca806500349.jpg\" alt width=\"650\" height=\"349\"><\/p>\n<p><img decoding=\"async\" loading=\"lazy\" class=\"alignnone size-medium wp-image-554610\" src=\"https:\/\/img.svnews.ro\/foto\/2026\/08\/20\/554596\/d940bf63a0a7df1adb74e395006500433.jpg\" alt width=\"650\" height=\"433\"><\/p>\n<p>\u00a0<\/p>\n<\/div>\n<p>[analyse_source url=&#8221;https:\/\/www.svnews.ro\/suceava-pe-primul-loc-inaintea-ultimelor-meciuri-ale-turneului-patru-regiuni-pentru-europa\/554596\/&#8221;]<\/p>\n","protected":false},"excerpt":{"rendered":"<p>[analyse_image type=&#8221;featured&#8221; src=&#8221;https:\/\/img.svnews.ro\/foto\/2026\/08\/20\/554596\/5ca92a12917764a1b96418bdb.jpg&#8221;] Galerie foto43 poze \u00een acest set Ziua a doua a competi\u021biilor Turneului Interna\u021bional pentru Juniori \u201ePatru Regiuni pentru Europa\u201d s-a \u00eencheiat cu o nou\u0103 victorie pentru reprezentativa Sucevei la fotbal: 2-0 cu Mayenne (Fran\u021ba). \u00cen cel\u0103lalt meci, Schwaben (Germania) a \u00eenvins Cern\u0103u\u021bi (Ucraina) cu 1-0. La fotbal, \u00eenaintea meciurilor de ast\u0103zi, Suceava [&hellip;]<\/p>\n","protected":false},"author":1,"featured_media":0,"comment_status":"open","ping_status":"","sticky":false,"template":"","format":"standard","meta":{"footnotes":""},"categories":[89],"tags":[226,175],"class_list":["post-2105877","post","type-post","status-publish","format-standard","hentry","category-romania","tag-crawlmanager","tag-svnews-ro"],"_links":{"self":[{"href":"https:\/\/analyse.optim.biz\/index.php?rest_route=\/wp\/v2\/posts\/2105877","targetHints":{"allow":["GET"]}}],"collection":[{"href":"https:\/\/analyse.optim.biz\/index.php?rest_route=\/wp\/v2\/posts"}],"about":[{"href":"https:\/\/analyse.optim.biz\/index.php?rest_route=\/wp\/v2\/types\/post"}],"author":[{"embeddable":true,"href":"https:\/\/analyse.optim.biz\/index.php?rest_route=\/wp\/v2\/users\/1"}],"replies":[{"embeddable":true,"href":"https:\/\/analyse.optim.biz\/index.php?rest_route=%2Fwp%2Fv2%2Fcomments&post=2105877"}],"version-history":[{"count":0,"href":"https:\/\/analyse.optim.biz\/index.php?rest_route=\/wp\/v2\/posts\/2105877\/revisions"}],"wp:attachment":[{"href":"https:\/\/analyse.optim.biz\/index.php?rest_route=%2Fwp%2Fv2%2Fmedia&parent=2105877"}],"wp:term":[{"taxonomy":"category","embeddable":true,"href":"https:\/\/analyse.optim.biz\/index.php?rest_route=%2Fwp%2Fv2%2Fcategories&post=2105877"},{"taxonomy":"post_tag","embeddable":true,"href":"https:\/\/analyse.optim.biz\/index.php?rest_route=%2Fwp%2Fv2%2Ftags&post=2105877"}],"curies":[{"name":"wp","href":"https:\/\/api.w.org\/{rel}","templated":true}]}}