{"id":2105855,"date":"2026-08-21T10:41:12","date_gmt":"2026-08-21T07:41:12","guid":{"rendered":"https:\/\/analyse.optim.biz\/?p=2105855"},"modified":"2026-08-21T10:41:12","modified_gmt":"2026-08-21T07:41:12","slug":"foto-investitie-de-74-milioane-de-euro-intr-o-fabrica-pentru-reciclarea-sticlei-la-buzau","status":"publish","type":"post","link":"https:\/\/analyse.optim.biz\/?p=2105855","title":{"rendered":"FOTO \/ Investi\u021bie de 7,4 milioane de euro \u00eentr-o fabric\u0103 pentru reciclarea sticlei la Buz\u0103u"},"content":{"rendered":"<p>[analyse_image type=&#8221;featured&#8221; src=&#8221;https:\/\/opiniabuzau.ro\/wp-content\/uploads\/2026\/08\/reciclare-fabrica-1.webp&#8221;]<\/p>\n<div class=\"entry-content entry clearfix\">\n<p>\u00a0<\/p>\n<blockquote>\n<p><strong>Joi, 20 august, a fost inaugurat\u0103 o fabric\u0103 pentru reciclarea sticlei, cu o capacitatea de 80.000 tone pe an. Suma se ridic\u0103 la 7,4 milioane de euro \u0219i este una dintre cele mai mari investi\u021bii \u00een reciclarea sticlei din regiune.<\/strong><\/p>\n<\/blockquote>\n<p>Proiectul de la Buz\u0103u este un nou reper pentru infrastructura economiei circulare \u0219i una dintre cele mai importante investi\u021bii recente \u00een dezvoltarea capacit\u0103\u021bii de reciclare a sticlei din Rom\u00e2nia \u0219i Europa de Sud-Est.<\/p>\n<p><em><img loading=\"lazy\" decoding=\"async\" data-od-unknown-tag data-od-xpath=\"\/HTML\/BODY\/DIV[@class=&apos;background-overlay&apos;]\/*[1][self::DIV]\/*[1][self::DIV]\/*[4][self::DIV]\/*[1][self::DIV]\/*[1][self::DIV]\/*[2][self::ARTICLE]\/*[3][self::DIV]\/*[5][self::P]\/*[1][self::EM]\/*[1][self::IMG]\" class=\"size-medium wp-image-478107 alignright perfmatters-lazy\" src=\"https:\/\/opiniabuzau.ro\/wp-content\/uploads\/2026\/08\/fabrica-reciclare-331x220.webp\" alt width=\"331\" height=\"220\"><\/em><\/p>\n<p><img loading=\"lazy\" decoding=\"async\" data-od-unknown-tag data-od-xpath=\"\/HTML\/BODY\/DIV[@class=&apos;background-overlay&apos;]\/*[1][self::DIV]\/*[1][self::DIV]\/*[4][self::DIV]\/*[1][self::DIV]\/*[1][self::DIV]\/*[2][self::ARTICLE]\/*[3][self::DIV]\/*[5][self::P]\/*[1][self::EM]\/*[1][self::IMG]\" class=\"size-medium wp-image-478107 alignright\" src=\"https:\/\/opiniabuzau.ro\/wp-content\/uploads\/2026\/08\/fabrica-reciclare-331x220.webp\" alt width=\"331\" height=\"220\">\u201eFabrica inaugurat\u0103 de ABS 2000 la Buz\u0103u adaug\u0103 o capacitate de 80.000 de tone pe an \u00eentr-un moment \u00een care economia circular\u0103 trece de la obiective \u0219i strategii la investi\u021bii industriale concrete. Noua unitate ABS 2000 proceseaz\u0103 sticl\u0103 post-consum \u0219i o transform\u0103 \u00eentr-o materie prim\u0103 secundar\u0103 preg\u0103tit\u0103 pentru a fi reintrodus\u0103 \u00een circuitul economic \u0219i utilizat\u0103 de industrie. Cu o capacitate de p\u00e2n\u0103 la 80.000 de tone de sticl\u0103 pe an, fabrica contribuie la dezvoltarea infrastructurii necesare pentru valorificarea unui volum semnificativ de sticl\u0103 post-consum \u0219i la consolidarea lan\u021bului circular dintre colectare, sortare, procesare \u0219i produc\u021bia unor noi ambalaje\u2019, a transmis \u00a0ABS 2000, prin intermediul unui comunicat de pres\u0103.<\/p>\n<p>Investi\u021bia a fost realizat\u0103 cu sprijinul Planului Na\u021bional de Redresare \u0219i Rezilien\u021b\u0103, prin Administra\u021bia Fondului pentru Mediu, \u0219i cu sus\u021binerea maib, partenerul financiar al proiectului. Tehnologiile \u0219i procesele implementate permit recep\u021bia, m\u0103run\u021birea, sortarea \u0219i eliminarea impurit\u0103\u021bilor din sticla post-consum, cu obiectivul ob\u021binerii unui material de \u00eenalt\u0103 calitate pentru reutilizare \u00een industrie.<\/p>\n<div class=\"stream-item stream-item-in-post stream-item-inline-post aligncenter\"><a href=\"https:\/\/vreaulanova.ro\/?utm_source=opiniabuzau&amp;utm_medium=image\" title target=\"_blank\"><img loading=\"lazy\" decoding=\"async\" data-od-unknown-tag data-od-xpath=\"\/HTML\/BODY\/DIV[@class=&apos;background-overlay&apos;]\/*[1][self::DIV]\/*[1][self::DIV]\/*[4][self::DIV]\/*[1][self::DIV]\/*[1][self::DIV]\/*[2][self::ARTICLE]\/*[3][self::DIV]\/*[7][self::DIV]\/*[1][self::A]\/*[1][self::IMG]\" src=\"https:\/\/opiniabuzau.ro\/wp-content\/smush-webp\/2022\/02\/MicrosoftTeams-image-4-1.jpg.webp\" alt width=\"728\" height=\"91\" class=\"perfmatters-lazy\"><img loading=\"lazy\" decoding=\"async\" data-od-unknown-tag data-od-xpath=\"\/HTML\/BODY\/DIV[@class=&apos;background-overlay&apos;]\/*[1][self::DIV]\/*[1][self::DIV]\/*[4][self::DIV]\/*[1][self::DIV]\/*[1][self::DIV]\/*[2][self::ARTICLE]\/*[3][self::DIV]\/*[7][self::DIV]\/*[1][self::A]\/*[1][self::IMG]\" src=\"https:\/\/opiniabuzau.ro\/wp-content\/smush-webp\/2022\/02\/MicrosoftTeams-image-4-1.jpg.webp\" alt width=\"728\" height=\"91\"><\/a><\/div>\n<figure id=\"attachment_478109\" aria-describedby=\"caption-attachment-478109\" class=\"wp-caption alignleft\"><img loading=\"lazy\" decoding=\"async\" data-od-unknown-tag data-od-xpath=\"\/HTML\/BODY\/DIV[@class=&apos;background-overlay&apos;]\/*[1][self::DIV]\/*[1][self::DIV]\/*[4][self::DIV]\/*[1][self::DIV]\/*[1][self::DIV]\/*[2][self::ARTICLE]\/*[3][self::DIV]\/*[8][self::FIGURE]\/*[1][self::IMG]\" class=\"wp-image-478109 size-medium perfmatters-lazy\" src=\"https:\/\/opiniabuzau.ro\/wp-content\/uploads\/2026\/08\/sergiu-balica-247x220.webp\" alt width=\"247\" height=\"220\"><img loading=\"lazy\" decoding=\"async\" data-od-unknown-tag data-od-xpath=\"\/HTML\/BODY\/DIV[@class=&apos;background-overlay&apos;]\/*[1][self::DIV]\/*[1][self::DIV]\/*[4][self::DIV]\/*[1][self::DIV]\/*[1][self::DIV]\/*[2][self::ARTICLE]\/*[3][self::DIV]\/*[8][self::FIGURE]\/*[1][self::IMG]\" class=\"wp-image-478109 size-medium\" src=\"https:\/\/opiniabuzau.ro\/wp-content\/uploads\/2026\/08\/sergiu-balica-247x220.webp\" alt width=\"247\" height=\"220\"><figcaption id=\"caption-attachment-478109\" class=\"wp-caption-text\">Serghei Balica<\/figcaption><\/figure>\n<p><em>\u201eAceast\u0103 investi\u021bie \u00eenseamn\u0103 mult mai mult dec\u00e2t o nou\u0103 fabric\u0103. \u00censeamn\u0103 o capacitate industrial\u0103 construit\u0103 pentru viitorul economiei circulare. Prin cei 80.000 de tone de sticl\u0103 care pot fi procesa\u021bi anual, cre\u0103m premisele pentru valorificarea la o scar\u0103 semnificativ mai mare a unei resurse care trebuie s\u0103 r\u0103m\u00e2n\u0103 \u00een economie. Avem nevoie de infrastructur\u0103, tehnologie \u0219i parteneriate solide pentru ca reciclarea s\u0103 func\u021bioneze eficient. Aceasta este direc\u021bia \u00een care investim \u0219i \u00een care credem\u201d,<\/em> a declarat Serghei Balica, CEO ABS 2000 Buz\u0103u.<\/p>\n<\/div>\n<p>[analyse_source url=&#8221;https:\/\/opiniabuzau.ro\/foto-investitie-de-74-milioane-de-euro-intr-o-fabrica-pentru-reciclarea-sticlei-la-buzau\/&#8221;]<\/p>\n","protected":false},"excerpt":{"rendered":"<p>[analyse_image type=&#8221;featured&#8221; src=&#8221;https:\/\/opiniabuzau.ro\/wp-content\/uploads\/2026\/08\/reciclare-fabrica-1.webp&#8221;] \u00a0 Joi, 20 august, a fost inaugurat\u0103 o fabric\u0103 pentru reciclarea sticlei, cu o capacitatea de 80.000 tone pe an. Suma se ridic\u0103 la 7,4 milioane de euro \u0219i este una dintre cele mai mari investi\u021bii \u00een reciclarea sticlei din regiune. Proiectul de la Buz\u0103u este un nou reper pentru infrastructura economiei [&hellip;]<\/p>\n","protected":false},"author":1,"featured_media":0,"comment_status":"open","ping_status":"","sticky":false,"template":"","format":"standard","meta":{"footnotes":""},"categories":[2],"tags":[226,44],"class_list":["post-2105855","post","type-post","status-publish","format-standard","hentry","category-politics","tag-crawlmanager","tag-opiniabuzau-ro"],"_links":{"self":[{"href":"https:\/\/analyse.optim.biz\/index.php?rest_route=\/wp\/v2\/posts\/2105855","targetHints":{"allow":["GET"]}}],"collection":[{"href":"https:\/\/analyse.optim.biz\/index.php?rest_route=\/wp\/v2\/posts"}],"about":[{"href":"https:\/\/analyse.optim.biz\/index.php?rest_route=\/wp\/v2\/types\/post"}],"author":[{"embeddable":true,"href":"https:\/\/analyse.optim.biz\/index.php?rest_route=\/wp\/v2\/users\/1"}],"replies":[{"embeddable":true,"href":"https:\/\/analyse.optim.biz\/index.php?rest_route=%2Fwp%2Fv2%2Fcomments&post=2105855"}],"version-history":[{"count":0,"href":"https:\/\/analyse.optim.biz\/index.php?rest_route=\/wp\/v2\/posts\/2105855\/revisions"}],"wp:attachment":[{"href":"https:\/\/analyse.optim.biz\/index.php?rest_route=%2Fwp%2Fv2%2Fmedia&parent=2105855"}],"wp:term":[{"taxonomy":"category","embeddable":true,"href":"https:\/\/analyse.optim.biz\/index.php?rest_route=%2Fwp%2Fv2%2Fcategories&post=2105855"},{"taxonomy":"post_tag","embeddable":true,"href":"https:\/\/analyse.optim.biz\/index.php?rest_route=%2Fwp%2Fv2%2Ftags&post=2105855"}],"curies":[{"name":"wp","href":"https:\/\/api.w.org\/{rel}","templated":true}]}}