{"id":210585,"date":"2014-03-03T16:18:27","date_gmt":"2014-03-03T13:18:27","guid":{"rendered":"https:\/\/analyse.optim.biz\/?p=210585"},"modified":"2014-03-03T16:18:27","modified_gmt":"2014-03-03T13:18:27","slug":"guvernul-ponta-iii-numele-vehiculate","status":"publish","type":"post","link":"https:\/\/analyse.optim.biz\/?p=210585","title":{"rendered":"Guvernul Ponta III. Numele vehiculate"},"content":{"rendered":"<div class=\"entry data-app-meta data-app-meta-article\" data-embed-base-url-canonical=\"https:\/\/www.digi24.ro\/embed\/stiri\/actualitate\/politica\/guvernul-ponta-iii-numele-vehiculate-208674\">\n<p data-index=\"1\"><img decoding=\"async\" src=\"https:\/\/analyse.optim.biz\/wp-content\/uploads\/2024\/09\/mdamagfzad01zdvintmznjyznzvkzjdimzllmtmymde1otfhntewna-thumb_.jpg\" data-skip-htmlfix=\"1\" title=\"mdamagfzad01zdvintmznjyznzvkzjdimzllmtmymde1otfhntewna-thumb_\"><\/p>\n<p data-index=\"2\">Numele vehiculate \u00een noul guvern sunt:<\/p>\n<p data-index=\"3\">Ministerul Finan\u0163elor \u2013 <strong>Florin Georgescu<\/strong><\/p>\n<p data-index=\"4\">Ministerul Muncii &#8211; <strong>Rovana Plumb<\/strong><\/p>\n<p data-index=\"5\">Ministerul Mediului \u2013<strong> Attila Korody<\/strong><\/p>\n<p data-index=\"6\">Ministerul S\u0103n\u0103t\u0103\u0163ii &#8211; <strong>Nicolae B\u0103nicioiu<\/strong><\/p>\n<p data-index=\"7\">Ministerul Agriculturii &#8211; <strong>Daniel Constantin<\/strong><\/p>\n<p data-index=\"8\">Ministerul Culturii \u2013 <strong>Kelemen Hunor<\/strong><\/p>\n<p data-index=\"9\">Ministerul Transporturilor \u2013<strong> Dan \u015eova<\/strong><\/p>\n<p data-index=\"10\">Ministerul Educa\u0163iei \u2013 <strong>Remus Pricopie<\/strong><\/p>\n<p data-index=\"11\">Ministerul Justi\u0163iei \u2013 <strong>Robert Cazanciuc<\/strong><\/p>\n<p data-index=\"12\">Ministerul Afacerilor Externe \u2013 <strong>Titus Corl\u0103\u0163ean<\/strong><\/p>\n<p data-index=\"13\">Ministerul Afacerilor Interne &#8211; <strong>Gabriel Oprea<\/strong><\/p>\n<p data-index=\"14\">Ministerul Ap\u0103r\u0103rii Na\u0163ionale &#8211; <strong>Mircea Du\u015fa<\/strong><\/p>\n<p data-index=\"15\">Ministerul Tineretului \u015fi Sportului &#8211; <strong>Mihai Sturzu<\/strong><\/p>\n<\/div>\n<p> Source URL: https:\/\/www.digi24.ro\/stiri\/actualitate\/politica\/guvernul-ponta-iii-numele-vehiculate-208674<\/p>\n","protected":false},"excerpt":{"rendered":"<p>Numele vehiculate \u00een noul guvern sunt: Ministerul Finan\u0163elor \u2013 Florin Georgescu Ministerul Muncii &#8211; Rovana Plumb Ministerul Mediului \u2013 Attila Korody Ministerul S\u0103n\u0103t\u0103\u0163ii &#8211; Nicolae B\u0103nicioiu Ministerul Agriculturii &#8211; Daniel Constantin Ministerul Culturii \u2013 Kelemen Hunor Ministerul Transporturilor \u2013 Dan \u015eova Ministerul Educa\u0163iei \u2013 Remus Pricopie Ministerul Justi\u0163iei \u2013 Robert Cazanciuc Ministerul Afacerilor Externe \u2013 [&hellip;]<\/p>\n","protected":false},"author":1,"featured_media":210586,"comment_status":"open","ping_status":"","sticky":false,"template":"","format":"standard","meta":{"footnotes":""},"categories":[2],"tags":[11],"class_list":["post-210585","post","type-post","status-publish","format-standard","has-post-thumbnail","hentry","category-politics","tag-digi24"],"_links":{"self":[{"href":"https:\/\/analyse.optim.biz\/index.php?rest_route=\/wp\/v2\/posts\/210585","targetHints":{"allow":["GET"]}}],"collection":[{"href":"https:\/\/analyse.optim.biz\/index.php?rest_route=\/wp\/v2\/posts"}],"about":[{"href":"https:\/\/analyse.optim.biz\/index.php?rest_route=\/wp\/v2\/types\/post"}],"author":[{"embeddable":true,"href":"https:\/\/analyse.optim.biz\/index.php?rest_route=\/wp\/v2\/users\/1"}],"replies":[{"embeddable":true,"href":"https:\/\/analyse.optim.biz\/index.php?rest_route=%2Fwp%2Fv2%2Fcomments&post=210585"}],"version-history":[{"count":0,"href":"https:\/\/analyse.optim.biz\/index.php?rest_route=\/wp\/v2\/posts\/210585\/revisions"}],"wp:featuredmedia":[{"embeddable":true,"href":"https:\/\/analyse.optim.biz\/index.php?rest_route=\/wp\/v2\/media\/210586"}],"wp:attachment":[{"href":"https:\/\/analyse.optim.biz\/index.php?rest_route=%2Fwp%2Fv2%2Fmedia&parent=210585"}],"wp:term":[{"taxonomy":"category","embeddable":true,"href":"https:\/\/analyse.optim.biz\/index.php?rest_route=%2Fwp%2Fv2%2Fcategories&post=210585"},{"taxonomy":"post_tag","embeddable":true,"href":"https:\/\/analyse.optim.biz\/index.php?rest_route=%2Fwp%2Fv2%2Ftags&post=210585"}],"curies":[{"name":"wp","href":"https:\/\/api.w.org\/{rel}","templated":true}]}}