{"id":2105848,"date":"2026-08-21T07:00:36","date_gmt":"2026-08-21T04:00:36","guid":{"rendered":"https:\/\/analyse.optim.biz\/?p=2105848"},"modified":"2026-08-21T07:00:36","modified_gmt":"2026-08-21T04:00:36","slug":"valul-de-caldura-se-intensifica-s-a-prelungit-codul-portocaliu-temperaturi-de-40-de-grade","status":"publish","type":"post","link":"https:\/\/analyse.optim.biz\/?p=2105848","title":{"rendered":"Valul de c\u0103ldur\u0103 se intensific\u0103. S-a prelungit Codul portocaliu. Temperaturi de 40 de grade"},"content":{"rendered":"<p>[analyse_image type=&#8221;featured&#8221; src=&#8221;https:\/\/opiniabuzau.ro\/wp-content\/uploads\/2026\/08\/anm-scaled.webp&#8221;]<\/p>\n<div class=\"entry-content entry clearfix\">\n<blockquote>\n<p><strong>P\u00e2n\u0103 pe 22 august, toat\u0103 \u021bara, cu excep\u021bia jude\u021belor Constan\u021ba \u0219i Tulcea, se afl\u0103 sub Cod portocaliu \u0219i Cod galben de canicul\u0103.<\/strong><\/p>\n<\/blockquote>\n<p>Potrivit ANM, p\u00e2n\u0103 pe 24 august, un val de c\u0103ldur\u0103 se va extinde \u0219i se va intensifica \u00een cea mai mare parte a \u021b\u0103rii.<\/p>\n<p>Vor fi temperaturi maxime deosebit de ridicate, ce se vor situa \u00eentre 33 \u0219i 40 de grade, cu cele mai ridicate valori \u00een vest \u0219i \u00een sud-vest. Local nop\u021bile vor deveni tropicale, cu temperaturi minime \u00een general de 20\u202623 de grade, cele mai mari valori urm\u00e2nd s\u0103 se \u00eenregistreze \u00een Dealurile de Vest (24\u202626 de grade).<\/p>\n<p>De vineri, 21 august, p\u00e2n\u0103 s\u00e2mb\u0103t\u0103, la ora 10.00, intr\u0103 \u00een vigoare o alert\u0103 cod galben de canicul\u0103 \u00een jum\u0103tatea de sud a Moldovei \u0219i \u00een nordul, centrul \u0219i estul Munteniei. Temperaturile maxime vor fi deosebit de ridicate \u0219i se vor situa \u00een general \u00eentre 34 \u0219i 37 de grade, va fi canicul\u0103, disconfort termic. Izolat noaptea va fi tropical\u0103, cu minime \u00een jurul a 20 de grade. \u0218i Buz\u0103ul este vizat de aceast\u0103 aten\u021bionare, vineri fiind a\u0219teptate 34 de grade \u00een jude\u021b, iar s\u00e2mb\u0103t\u0103 33.<\/p>\n<p>Totodat\u0103, \u00a0este cod portocaliu \u00een Banat, Cri\u0219ana, Maramure\u0219, Transilvania, Oltenia, jum\u0103tatea de nord a Moldovei \u0219i \u00een sud-vestul Munteniei. Vor fi temperaturi maxime deosebit de ridicate ce se vor situa \u00eentre 35 \u0219i 40 de grade, cu cele mai ridicate valori \u00een Banat, sudul Cri\u0219anei \u0219i al Olteniei. Local noaptea va fi tropical\u0103, cu minime de 20\u202625 de grade.<\/p>\n<div class=\"stream-item stream-item-in-post stream-item-inline-post aligncenter\"><a href=\"https:\/\/vreaulanova.ro\/?utm_source=opiniabuzau&amp;utm_medium=image\" title target=\"_blank\"><img loading=\"lazy\" decoding=\"async\" data-od-unknown-tag data-od-xpath=\"\/HTML\/BODY\/DIV[@class=&apos;background-overlay&apos;]\/*[1][self::DIV]\/*[1][self::DIV]\/*[4][self::DIV]\/*[1][self::DIV]\/*[1][self::DIV]\/*[2][self::ARTICLE]\/*[3][self::DIV]\/*[7][self::DIV]\/*[1][self::A]\/*[1][self::IMG]\" src=\"https:\/\/opiniabuzau.ro\/wp-content\/smush-webp\/2022\/02\/MicrosoftTeams-image-4-1.jpg.webp\" alt width=\"728\" height=\"91\" class=\"perfmatters-lazy\"><img loading=\"lazy\" decoding=\"async\" data-od-unknown-tag data-od-xpath=\"\/HTML\/BODY\/DIV[@class=&apos;background-overlay&apos;]\/*[1][self::DIV]\/*[1][self::DIV]\/*[4][self::DIV]\/*[1][self::DIV]\/*[1][self::DIV]\/*[2][self::ARTICLE]\/*[3][self::DIV]\/*[7][self::DIV]\/*[1][self::A]\/*[1][self::IMG]\" src=\"https:\/\/opiniabuzau.ro\/wp-content\/smush-webp\/2022\/02\/MicrosoftTeams-image-4-1.jpg.webp\" alt width=\"728\" height=\"91\"><\/a><\/div>\n<\/div>\n<p>[analyse_source url=&#8221;https:\/\/opiniabuzau.ro\/valul-de-caldura-se-intensifica-s-a-prelungit-codul-portocaliu-temperaturi-de-40-de-grade\/&#8221;]<\/p>\n","protected":false},"excerpt":{"rendered":"<p>[analyse_image type=&#8221;featured&#8221; src=&#8221;https:\/\/opiniabuzau.ro\/wp-content\/uploads\/2026\/08\/anm-scaled.webp&#8221;] P\u00e2n\u0103 pe 22 august, toat\u0103 \u021bara, cu excep\u021bia jude\u021belor Constan\u021ba \u0219i Tulcea, se afl\u0103 sub Cod portocaliu \u0219i Cod galben de canicul\u0103. Potrivit ANM, p\u00e2n\u0103 pe 24 august, un val de c\u0103ldur\u0103 se va extinde \u0219i se va intensifica \u00een cea mai mare parte a \u021b\u0103rii. Vor fi temperaturi maxime deosebit de [&hellip;]<\/p>\n","protected":false},"author":1,"featured_media":0,"comment_status":"open","ping_status":"","sticky":false,"template":"","format":"standard","meta":{"footnotes":""},"categories":[2],"tags":[226,44],"class_list":["post-2105848","post","type-post","status-publish","format-standard","hentry","category-politics","tag-crawlmanager","tag-opiniabuzau-ro"],"_links":{"self":[{"href":"https:\/\/analyse.optim.biz\/index.php?rest_route=\/wp\/v2\/posts\/2105848","targetHints":{"allow":["GET"]}}],"collection":[{"href":"https:\/\/analyse.optim.biz\/index.php?rest_route=\/wp\/v2\/posts"}],"about":[{"href":"https:\/\/analyse.optim.biz\/index.php?rest_route=\/wp\/v2\/types\/post"}],"author":[{"embeddable":true,"href":"https:\/\/analyse.optim.biz\/index.php?rest_route=\/wp\/v2\/users\/1"}],"replies":[{"embeddable":true,"href":"https:\/\/analyse.optim.biz\/index.php?rest_route=%2Fwp%2Fv2%2Fcomments&post=2105848"}],"version-history":[{"count":0,"href":"https:\/\/analyse.optim.biz\/index.php?rest_route=\/wp\/v2\/posts\/2105848\/revisions"}],"wp:attachment":[{"href":"https:\/\/analyse.optim.biz\/index.php?rest_route=%2Fwp%2Fv2%2Fmedia&parent=2105848"}],"wp:term":[{"taxonomy":"category","embeddable":true,"href":"https:\/\/analyse.optim.biz\/index.php?rest_route=%2Fwp%2Fv2%2Fcategories&post=2105848"},{"taxonomy":"post_tag","embeddable":true,"href":"https:\/\/analyse.optim.biz\/index.php?rest_route=%2Fwp%2Fv2%2Ftags&post=2105848"}],"curies":[{"name":"wp","href":"https:\/\/api.w.org\/{rel}","templated":true}]}}