{"id":2105822,"date":"2026-08-21T21:01:02","date_gmt":"2026-08-21T18:01:02","guid":{"rendered":"https:\/\/analyse.optim.biz\/?p=2105822"},"modified":"2026-08-21T21:01:02","modified_gmt":"2026-08-21T18:01:02","slug":"22-august-2026","status":"publish","type":"post","link":"https:\/\/analyse.optim.biz\/?p=2105822","title":{"rendered":"22 august 2026"},"content":{"rendered":"<p>[analyse_image type=&#8221;featured&#8221; src=&#8221;https:\/\/opiniabuzau.ro\/wp-content\/uploads\/2025\/12\/Calendarul-Zilei-scaled.webp&#8221;]<\/p>\n<div class=\"entry-content entry clearfix\">\n<blockquote>\n<p><strong>Cre\u0219tinii ortodoc\u0219i \u00eel pomenesc pe <span>Sf\u00e2ntul Mucenic Agatonic<\/span>, iar credincio\u0219ii romano-catolici o celebreaz\u0103 pe <span>Sf\u00e2nta Fecioar\u0103 Maria, Regin\u0103<\/span>.\u00a0<\/strong><\/p>\n<\/blockquote>\n<ul>\n<li>1233 \u2013 Prima men\u0163iune documentar\u0103 a unui ban de Severin, \u00een persoana lui Luca. \u00cen felul acesta era men\u0163ionat\u0103 a doua func\u0163ie din \u0162ara Rom\u00e2neasc\u0103.<\/li>\n<li>1456 \u2013 Vlad \u0162epe\u015f (1456-1462; nov.-dec. 1476) a p\u0103truns \u00een \u0162ara Rom\u00e2neasc\u0103, l-a \u00eenfr\u00e2nt \u015fi l-a ucis pe Vladislav al II-lea. \u00cenceputul domniei lui Vlad \u0162epe\u015f, fiul lui Vlad Dracul, \u00een \u0162ara Rom\u00e2neasc\u0103. (570 de ani)<\/li>\n<li>1785 \u2013 Promulgarea patentei de \u201edesfiin\u0163are a iob\u0103giei\u201d \u00een Transilvania, prin care li se recuno\u015ftea \u0163\u0103ranilor iobagi dreptul de str\u0103mutare.<\/li>\n<li>1890 \u2013 A murit Vasile Alecsandri, scriitor \u015fi om politic, membru de onoare al Societ\u0103\u0163ii Academice Rom\u00e2ne (23 aug. 1871). (n. 14 iun. 1818; o alt\u0103 dat\u0103 acreditat\u0103 de istoricii literari este 21 iul. 1821)<\/li>\n<li>1904 \u2013 S-a n\u0103scut sculptorul Gheorghe D. Anghel. (m. 7 apr. 1966)<\/li>\n<li>1917 \u2013 S-a n\u0103scut criticul \u015fi istoricul literar Alexandru Piru. (m. 6 nov. 1993)<\/li>\n<li>1956 \u2013 S-a n\u0103scut sculptorul, desenatorul \u015fi pictorul Marian Zidaru. (70 de ani)<\/li>\n<li>1967 \u2013 S-a n\u0103scut actorul P\u00e1lffy Tibor, distins cu Premiul Uniter 2026 pentru rol secundar, acordat pentru interpretarea personajului Jean din spectacolul \u201eRinocerii\u201d.<\/li>\n<li>1968 \u2013 Marea Adunare Na\u0163ional\u0103 a adoptat \u201eDeclara\u0163ia cu privire la principiile de baz\u0103 ale politicii externe a Rom\u00e2niei\u201d, transmis\u0103 ulterior parlamentelor \u015fi guvernelor din toate \u0163\u0103rile lumii \u015fi Organiza\u0163iei Na\u0163iunilor Unite.<\/li>\n<li>1968 \u2013 S-a n\u0103scut Sorin Adam, artist plastic. (m. 29 dec. 2022)<\/li>\n<li>1972 \u2013 A murit fizicianul \u015etefan Procopiu, membru titular al Academiei Rom\u00e2ne. (n. 19 ian. 1890)<\/li>\n<li>1977 \u2013 A murit hidrobiologul, ihtiologul \u015fi histologul Theodor Bu\u015fni\u0163\u0103, membru corespondent al Academiei Rom\u00e2ne (2 iul. 1955). (n. 11\/24 aug. 1900)<\/li>\n<li>1981 \u2013 A murit poetul \u015fi prozatorul Sa\u015fa Pan\u0103 (Alexandru Binder). (n. 8\/21 aug. 1902) (45 de ani)<\/li>\n<li>1985 \u2013 A fost inaugurat, la Bucure\u015fti, Muzeul Ceramicii \u015fi Sticlei.<\/li>\n<li>1985 \u2013 A murit actorul Octavian Cotescu. (n. 14 febr. 1931)<\/li>\n<li>1999 \u2013 A murit dramaturgul \u015fi prozatorul Tudor Popescu. (n. 8 sept. 1930)<\/li>\n<li>2005 \u2013 A fost inaugurat Parcul Reconcilierii din Arad, fosta Pia\u0163\u0103 a Pompierilor, dup\u0103 finalizarea construc\u0163iei Arcului de Triumf, simbol al Revolu\u0163iei de la 1848 din \u0162\u0103rile Rom\u00e2ne.<\/li>\n<li>2006 \u2013 A murit compozitorul Lauren\u0163iu Profeta. (n. 12 ian. 1925) (20 de ani)<\/li>\n<li>2010 \u2013 Liviu Dumitrescu \u015fi Victor Mihalachi au ob\u0163inut medaliile de aur \u00een probele de canoe 500 \u015fi 1.000 de metri, \u00een cadrul Campionatului Mondial de la Poznan, Polonia.<\/li>\n<li>2011 \u2013 A murit Viorica Bucur, critic de film, realizator \u015fi produc\u0103tor TV. (n. 15 febr. 1946) (15 ani)<\/li>\n<li>2011 \u2013 Unicul papirus din Rom\u00e2nia \u015fi cel mai vechi din Europa a fost predat oficial de speciali\u015ftii ru\u015fi muzeografilor din Mangalia. Papirusul, descoperit \u00een 1959 la Mangalia, a fost trimis la Moscova pentru restaurare \u015fi conservare \u015fi nu s-a mai \u015ftiut nimic despre el timp de o jum\u0103tate de secol. (15 ani)<\/li>\n<li>2011 \u2013 Rom\u00e2nia a cucerit medalia de aur la echipe, la egalitate cu China, \u015fi medalia de bronz la grup, \u00een concursul de gimnastic\u0103 aerobic\u0103 din cadrul Jocurilor Mondiale Universitare de la Shenzhen (China). (15 ani)<\/li>\n<li>2014 \u2013 Cel de-al XXI-lea Congres al Asocia\u0163iei interna\u0163ionale a fo\u015ftilor de\u0163inu\u0163i politici \u015fi victime ale comunismului din Europa de Est (INTERASSO) s-a desf\u0103\u015furat la Palatul Parlamentului. (22-23)<\/li>\n<li>2014 \u2013 A murit actorul Florin Bl\u0103n\u0103rescu. (n. 1 mart. 1921)<\/li>\n<\/ul>\n<h3>Belgia<\/h3>\n<ul>\n<li>2016 \u2013 A murit muzicianul Toots Thielemans, considerat regele mondial al muzicu\u0163ei. (n. 29 apr. 1922) (10 ani)<\/li>\n<\/ul>\n<h3>Marea Britanie<\/h3>\n<ul>\n<li>1771 \u2013 S-a n\u0103scut Henry Maudslay, inovator \u00een domeniul ma\u015finilor-unelte, fabricant de scule \u015fi matri\u0163e \u015fi inventator, considerat un p\u0103rinte fondator al tehnologiei ma\u015finilor-unelte. (m. 14 febr. 1831) (255 de ani)<\/li>\n<\/ul>\n<h3>Republica Moldova<\/h3>\n<ul>\n<li>1991 \u2013 S-a n\u0103scut Irina Rimes, c\u00e2nt\u0103rea\u0163\u0103 \u015fi compozitoare, care \u00een prezent activeaz\u0103 \u015fi locuie\u015fte \u00een Bucure\u015fti. (35 de ani)<\/li>\n<\/ul>\n<h3>Rusia<\/h3>\n<ul>\n<li>1991 \u2013 A ap\u0103rut ultimul num\u0103r al ziarului \u201ePravda\u201d \u2013 ziar independent publicat din mai 1912 (organ al CC al PCUS). (35 ani)<\/li>\n<\/ul>\n<h3>SUA<\/h3>\n<ul>\n<li>1991 \u2013 A murit actri\u0163a Colleen Dewhurst, renumit\u0103 pentru interpret\u0103rile operelor lui Eugene O\u2019Neill. A c\u00e2\u0219tigat dou\u0103 premii Tony \u0219i patru premii Primetime Emmy, fiind apreciat\u0103 pentru roluri de la clasice de pe Broadway la Marilla Cuthbert \u00een serialul \u201eAnne of Green Gables\u201d \u0219i Avery Brown \u00een \u201eMurphy Brown\u201d. (n. 3 iun. 1924) (35 de ani)<\/li>\n<\/ul>\n<h3>Interna\u0163ionale<\/h3>\n<ul>\n<li>1911 \u2013 Pictura \u201eMona Lisa\u201d, realizat\u0103 de Leonardo da Vinci, a fost furat\u0103 din Muzeul Luvru din Paris de Vicenzo Perruggia, un chelner italian. Opera a fost reg\u0103sit\u0103 \u00een anul 1913. (115 ani)<\/li>\n<li>2001 \u2013 A fost declan\u015fat\u0103 oficial opera\u0163iunea \u201eEssential Harvest\u201d, \u00een cadrul c\u0103reia o for\u0163\u0103 NATO compus\u0103 din 3.500 de militari a colectat armele de la gherilele albaneze din Macedonia. (25 de ani)<\/li>\n<li>2001 \u2013 Naveta spa\u0163ial\u0103 american\u0103 Discovery a aterizat la Cape Canaveral (Florida), dup\u0103 o misiune de 12 zile, care a permis \u00eenlocuirea echipajului Sta\u0163iei Spa\u0163iale Interna\u0163ionale (ISS) \u015fi efectuarea unei experien\u0163e \u015ftiin\u0163ifice. (25 de ani)<\/li>\n<li>2021 \u2013 O rachet\u0103 ruseasc\u0103 Soyuz, operat\u0103 de compania european\u0103 Arianespace, a lansat 34 de noi sateli\u0163i ai operatorului britanic OneWeb, \u00een cadrul unei constela\u0163ii ce are drept scop furnizarea de servicii de internet de mare vitez\u0103 \u00een \u00eentreaga lume. (5 ani)<\/li>\n<li>2026 \u2013 Ziua interna\u0163ional\u0103 de comemorare a victimelor actelor de violen\u0163\u0103 comise \u00een numele religiei sau al credin\u0163ei (ONU).<\/li>\n<\/ul>\n<\/div>\n<p>[analyse_source url=&#8221;https:\/\/opiniabuzau.ro\/22-august-2026\/&#8221;]<\/p>\n","protected":false},"excerpt":{"rendered":"<p>[analyse_image type=&#8221;featured&#8221; src=&#8221;https:\/\/opiniabuzau.ro\/wp-content\/uploads\/2025\/12\/Calendarul-Zilei-scaled.webp&#8221;] Cre\u0219tinii ortodoc\u0219i \u00eel pomenesc pe Sf\u00e2ntul Mucenic Agatonic, iar credincio\u0219ii romano-catolici o celebreaz\u0103 pe Sf\u00e2nta Fecioar\u0103 Maria, Regin\u0103.\u00a0 1233 \u2013 Prima men\u0163iune documentar\u0103 a unui ban de Severin, \u00een persoana lui Luca. \u00cen felul acesta era men\u0163ionat\u0103 a doua func\u0163ie din \u0162ara Rom\u00e2neasc\u0103. 1456 \u2013 Vlad \u0162epe\u015f (1456-1462; nov.-dec. 1476) a p\u0103truns [&hellip;]<\/p>\n","protected":false},"author":1,"featured_media":0,"comment_status":"open","ping_status":"","sticky":false,"template":"","format":"standard","meta":{"footnotes":""},"categories":[2],"tags":[226,44],"class_list":["post-2105822","post","type-post","status-publish","format-standard","hentry","category-politics","tag-crawlmanager","tag-opiniabuzau-ro"],"_links":{"self":[{"href":"https:\/\/analyse.optim.biz\/index.php?rest_route=\/wp\/v2\/posts\/2105822","targetHints":{"allow":["GET"]}}],"collection":[{"href":"https:\/\/analyse.optim.biz\/index.php?rest_route=\/wp\/v2\/posts"}],"about":[{"href":"https:\/\/analyse.optim.biz\/index.php?rest_route=\/wp\/v2\/types\/post"}],"author":[{"embeddable":true,"href":"https:\/\/analyse.optim.biz\/index.php?rest_route=\/wp\/v2\/users\/1"}],"replies":[{"embeddable":true,"href":"https:\/\/analyse.optim.biz\/index.php?rest_route=%2Fwp%2Fv2%2Fcomments&post=2105822"}],"version-history":[{"count":0,"href":"https:\/\/analyse.optim.biz\/index.php?rest_route=\/wp\/v2\/posts\/2105822\/revisions"}],"wp:attachment":[{"href":"https:\/\/analyse.optim.biz\/index.php?rest_route=%2Fwp%2Fv2%2Fmedia&parent=2105822"}],"wp:term":[{"taxonomy":"category","embeddable":true,"href":"https:\/\/analyse.optim.biz\/index.php?rest_route=%2Fwp%2Fv2%2Fcategories&post=2105822"},{"taxonomy":"post_tag","embeddable":true,"href":"https:\/\/analyse.optim.biz\/index.php?rest_route=%2Fwp%2Fv2%2Ftags&post=2105822"}],"curies":[{"name":"wp","href":"https:\/\/api.w.org\/{rel}","templated":true}]}}