{"id":210582,"date":"2014-03-03T16:45:29","date_gmt":"2014-03-03T13:45:29","guid":{"rendered":"https:\/\/analyse.optim.biz\/?p=210582"},"modified":"2014-03-03T16:45:29","modified_gmt":"2014-03-03T13:45:29","slug":"guvernul-ponta-iii-lista-ministrilor-propusi","status":"publish","type":"post","link":"https:\/\/analyse.optim.biz\/?p=210582","title":{"rendered":"Guvernul Ponta III. Lista mini\u015ftrilor propu\u015fi\u00a0"},"content":{"rendered":"<div class=\"entry data-app-meta data-app-meta-article\" data-embed-base-url-canonical=\"https:\/\/www.digi24.ro\/embed\/stiri\/actualitate\/politica\/guvernul-ponta-iii-lista-ministrilor-propusi-208694\">\n<p data-index=\"1\"><img decoding=\"async\" src=\"https:\/\/analyse.optim.biz\/wp-content\/uploads\/2024\/09\/ad1jndm3ytu2mtlintuxy2ixyjg2yzm0m2eznzmzzdrkoa-thumb_.jpg\" data-skip-htmlfix=\"1\" title=\"ad1jndm3ytu2mtlintuxy2ixyjg2yzm0m2eznzmzzdrkoa-thumb_\"><\/p>\n<p data-index=\"2\">Guvernul va fi sus\u0163inut de UDMR, minorit\u0103\u0163i \u015fi, punctual, de PPDD, a spus Victor Ponta<\/p>\n<p data-index=\"3\">Structura va fi aproape identic\u0103 cu cea aprobat\u0103 de parlament \u00een decembrie 2012, a ad\u0103ugat acesta.\u00a0<\/p>\n<p data-index=\"4\">Va disp\u0103rea func\u0163ia de viceprim-ministru, f\u0103r\u0103 portofoliu, a declarat premierul.<\/p>\n<p data-index=\"5\">Obiectivul votului pe care \u00eel cer m\u00e2ine \u00een Parlament este stabilitatea politic\u0103 pe care o cer p\u00e2n\u0103 la alegerile din 2016, a spus Victor Ponta.<\/p>\n<p data-index=\"6\"><strong>&#8220;Vreau ca nimeni s\u0103 nu mai fie \u015fi la guvernare, \u015fi \u00een opozi\u0163ie. Partidele care iau parte la luarea unei decizii s\u0103 fie solidare cu acestea, chiar dac\u0103 deciziile sunt mai populare sau mai pu\u0163in populare&#8221;, a spus Ponta.<\/strong><\/p>\n<p data-index=\"7\">Guvernul va avea <strong>patru vicepremieri<\/strong>: Liviu Dragnea, Gabriel Oprea, Kelemen Hunor \u015fi Daniel Constantin.<\/p>\n<p data-index=\"8\">Ministerul Afacerilor Externe \u2013<strong> Titus Corl\u0103\u0163ean<\/strong><\/p>\n<p data-index=\"9\">Ministerul Ap\u0103r\u0103rii Na\u0163ionale &#8211; <strong>Mircea Du\u015fa<\/strong><\/p>\n<p data-index=\"10\">Ministerul Justi\u0163iei \u2013 <strong>Robert Cazanciuc<\/strong><\/p>\n<p data-index=\"11\">Ministerul Mediului \u2013<strong> Attila Korody<\/strong><\/p>\n<p data-index=\"12\">Ministerul Economiei<strong>\u00a0&#8211; Constantin Ni\u0163\u0103<\/strong><\/p>\n<p data-index=\"13\">Ministerul S\u0103n\u0103t\u0103\u0163ii &#8211;<strong> Nicolae B\u0103nicioiu<\/strong><\/p>\n<p data-index=\"14\">Ministerul Educa\u0163iei \u2013 <strong>Remus Pricopie<\/strong><\/p>\n<p data-index=\"15\">Ministerul Muncii &#8211; <strong>Rovana Plumb<\/strong><\/p>\n<p data-index=\"16\">Ministerul Fondurilor Europene &#8211; <strong>Eugen Teodorovici<\/strong><\/p>\n<p data-index=\"17\">Ministrul pentru Buget &#8211; <strong>Liviu Voinea<\/strong><\/p>\n<p data-index=\"18\">Ministrul delegat pentru cercetare &#8211; <strong>Mihnea Costoiu<\/strong><\/p>\n<p data-index=\"19\">Ministrul delegat pentru ape \u015fi p\u0103duri &#8211; <strong>Doina Pan\u0103<\/strong><\/p>\n<p data-index=\"20\">Ministrul pentru rela\u0163ia cu Parlamentul &#8211; <strong>Eugen Nicolicea<\/strong><\/p>\n<p data-index=\"21\">Ministrul pentru rom\u00e2nii de pretutindeni \u2013 <strong>Bogdan Stanoevici<\/strong><\/p>\n<p data-index=\"22\">Ministerul Finan\u0163elor \u2013 <strong>Ioana Petrescu<\/strong><\/p>\n<p data-index=\"23\">Ministerul delegat pentru IMM \u2013 <strong>Florin Jianu<\/strong><\/p>\n<p data-index=\"24\">Ministrul Tineretului \u015fi Sportului \u2013 <strong>Gabriela Szabo<\/strong><\/p>\n<p data-index=\"25\">Ministrul delegat pentru energie \u2013 <strong>R\u0103zvan Nicolescu<\/strong><\/p>\n<p data-index=\"26\">Ministerul Societ\u0103\u0163ii Informa\u0163ionale \u2013<strong> Alexandru R\u0103zvan Cotovelea<\/strong><\/p>\n<p data-index=\"27\">Ministrul pentru Dialog social \u2013 <strong>Aurelia Cristea<\/strong><\/p>\n<\/div>\n<p> Source URL: https:\/\/www.digi24.ro\/stiri\/actualitate\/politica\/guvernul-ponta-iii-lista-ministrilor-propusi-208694<\/p>\n","protected":false},"excerpt":{"rendered":"<p>Guvernul va fi sus\u0163inut de UDMR, minorit\u0103\u0163i \u015fi, punctual, de PPDD, a spus Victor Ponta Structura va fi aproape identic\u0103 cu cea aprobat\u0103 de parlament \u00een decembrie 2012, a ad\u0103ugat acesta.\u00a0 Va disp\u0103rea func\u0163ia de viceprim-ministru, f\u0103r\u0103 portofoliu, a declarat premierul. Obiectivul votului pe care \u00eel cer m\u00e2ine \u00een Parlament este stabilitatea politic\u0103 pe care [&hellip;]<\/p>\n","protected":false},"author":1,"featured_media":210583,"comment_status":"open","ping_status":"","sticky":false,"template":"","format":"standard","meta":{"footnotes":""},"categories":[2],"tags":[11],"class_list":["post-210582","post","type-post","status-publish","format-standard","has-post-thumbnail","hentry","category-politics","tag-digi24"],"_links":{"self":[{"href":"https:\/\/analyse.optim.biz\/index.php?rest_route=\/wp\/v2\/posts\/210582","targetHints":{"allow":["GET"]}}],"collection":[{"href":"https:\/\/analyse.optim.biz\/index.php?rest_route=\/wp\/v2\/posts"}],"about":[{"href":"https:\/\/analyse.optim.biz\/index.php?rest_route=\/wp\/v2\/types\/post"}],"author":[{"embeddable":true,"href":"https:\/\/analyse.optim.biz\/index.php?rest_route=\/wp\/v2\/users\/1"}],"replies":[{"embeddable":true,"href":"https:\/\/analyse.optim.biz\/index.php?rest_route=%2Fwp%2Fv2%2Fcomments&post=210582"}],"version-history":[{"count":0,"href":"https:\/\/analyse.optim.biz\/index.php?rest_route=\/wp\/v2\/posts\/210582\/revisions"}],"wp:featuredmedia":[{"embeddable":true,"href":"https:\/\/analyse.optim.biz\/index.php?rest_route=\/wp\/v2\/media\/210583"}],"wp:attachment":[{"href":"https:\/\/analyse.optim.biz\/index.php?rest_route=%2Fwp%2Fv2%2Fmedia&parent=210582"}],"wp:term":[{"taxonomy":"category","embeddable":true,"href":"https:\/\/analyse.optim.biz\/index.php?rest_route=%2Fwp%2Fv2%2Fcategories&post=210582"},{"taxonomy":"post_tag","embeddable":true,"href":"https:\/\/analyse.optim.biz\/index.php?rest_route=%2Fwp%2Fv2%2Ftags&post=210582"}],"curies":[{"name":"wp","href":"https:\/\/api.w.org\/{rel}","templated":true}]}}