{"id":2105725,"date":"2026-08-21T14:08:03","date_gmt":"2026-08-21T11:08:03","guid":{"rendered":"https:\/\/analyse.optim.biz\/?p=2105725"},"modified":"2026-08-21T14:08:03","modified_gmt":"2026-08-21T11:08:03","slug":"bolojan-daca-s-a-reduce-numarul-de-angajati-in-sectorul-public-cresterile-salariale-ar-fi-mai-mari","status":"publish","type":"post","link":"https:\/\/analyse.optim.biz\/?p=2105725","title":{"rendered":"Bolojan: Dac\u0103 s-a reduce num\u0103rul de angaja\u021bi \u00een sectorul public, cre\u0219terile salariale ar fi mai mari"},"content":{"rendered":"<p>[analyse_image type=&#8221;featured&#8221; src=&#8221;https:\/\/ziardesuceava.ro\/wp-content\/uploads\/2026\/08\/79816-1024&#215;683.jpg&#8221;]<\/p>\n<div class=\"post-content clearfix\">\n<div class=\"blog-post-thumb\"><img loading=\"lazy\" decoding=\"async\" width=\"1140\" height=\"694\" src=\"https:\/\/ziardesuceava.ro\/wp-content\/uploads\/2026\/08\/79816-1140x694.jpg\" class=\"attachment-inhype-blog-thumb size-inhype-blog-thumb wp-post-image\" alt><\/div>\n<div class=\"entry-content\">\n<p>Legea salariz\u0103rii este o lege a\u0219a care cre\u0219te fondul de salarii la un nivel pe care \u00eel poate suporta economia, a declarat vineri premierul interimar Ilie Bolojan, \u00eentrebat de negocierile cu Comisia European\u0103 pe acest proiect de lege.<\/p>\n<div>\n<p>\u201dAm auzit \u0219i astfel de declara\u021bii, c\u0103, dac\u0103 nu trece aceast\u0103 lege, nu se \u00eent\u00e2mpl\u0103 nimic, chiar dac\u0103 pierdem banii, pentru c\u0103 vom face economii pentru anul viitor. Nu, din p\u0103cate, nu se vor face economii, pentru c\u0103 niciun guvern care va veni nu va putea s\u0103 nu fac\u0103 o indexare de salarii. G\u00e2ndi\u021bi-v\u0103 c\u0103 de 2 ani de zile salariile \u00een sectorul public sunt plafonate \u0219i, orice s-ar spune, infla\u021bia a afectat puterea de cump\u0103rare, deci vom ajunge tot acolo, dar vom pierde ni\u0219te bani\u201d, a declarat premierul interimar dup\u0103 \u0219edin\u021ba PNL.<\/p>\n<p>Ilie Bolojan a precizat c\u0103 mandatul primit de grupurile parlamentare PNL de la conducerea partidului este s\u0103 sus\u021bin\u0103 legea salariz\u0103rii la votul din Parlament.<\/p>\n<p>Fiind jalon \u00een PNRR, legea trebuie adoptat\u0103 p\u00e2n\u0103 la finalul lui august. Comisia European\u0103 a avut c\u00e2teva observa\u021bii la proiectul trimis de ministrul interimar Drago\u0219 P\u00eeslaru.\u00a0<\/p>\n<p> Bolojan a spus c\u0103 au fost promisiuni \u00een spa\u021biul public \u0219i solicit\u0103ri ale sindicatelor care sub nicio form\u0103 nu pot fi acoperite.<\/p>\n<p>\u201d\u00cen plus, dac\u0103 nu avem astfel de lege, \u00een orice moment, \u00een 2027, \u00een 2028, pe fondul mizelor electorale, pe fondul pulveriz\u0103rii pe care o avem \u00een Parlamentul Rom\u00e2niei \u0219i a unor abord\u0103ri, de multe ori o spun, iresponsabile, ne putem trezi c\u0103 ie\u0219im din nou \u00een decor, ceea ce ar fi de evitat\u201d, a spus el.<\/p>\n<p>Premierul interimar a readus \u00een discu\u021bie chestiunea num\u0103rului de angaja\u021bi la stat.<\/p>\n<p>\u201dTrebuie s\u0103 fim ni\u0219te oameni responsabili \u0219i s\u0103 \u0219tim c\u0103, dac\u0103 s\u0103rim peste cal, nu doar c\u0103 lucrurile vor ie\u0219i prost pentru sectorul public, dar vor ie\u0219i prost pentru Rom\u00e2nia, pentru c\u0103 asta \u00eenseamn\u0103 riscuri majore legate de rating, de \u00eencredere, ceea ce afecteaz\u0103 nu doar salaria\u021bii din sectorul public, ci \u0219i pe cei din sectorul privat\u201d. <\/p>\n<p>Din punctul s\u0103u de vedere, spa\u021biile de cre\u0219teri sunt foarte reduse, pentru c\u0103 exist\u0103 aceste condi\u021bion\u0103ri care sunt date de posibilit\u0103\u021bile economiei noastre. <\/p>\n<p>\u201dDac\u0103 s-a reduce baza, deci num\u0103rul de angaja\u021bi \u00een sectorul public, atunci spa\u021biile de cre\u0219teri ar fi mult mai mari. Dar asta este o m\u0103sur\u0103 care trebuie f\u0103cut\u0103 serios, pentru care n-am avut \u00eentotdeauna sprijin \u0219i v\u0103 aduce\u021bi aminte c\u0103, atunci c\u00e2nd propuneam \u00een anumite institu\u021bii reduceri de personal, se clama tot timpul c\u0103 este o austeritate s\u0103lbatic\u0103\u201d.<\/p>\n<p>\u201dDac\u0103 se constat\u0103 c\u0103 \u00eentr-o institu\u021bie public\u0103 num\u0103rul de angaja\u021bi este mai mare dec\u00e2t cel necesar, \u00een loc s\u0103-i pl\u0103te\u0219ti, a\u0219a cum am spus, simplu, pe trei oameni prost,\u00a0<\/p>\n<p>sau la un nivel mediu, mai bine r\u0103m\u00e2n doi, \u00eei pl\u0103te\u0219ti bine, sunt \u0219i ei mul\u021bumiti \u0219i cel de-al treilea se duce \u00een sectorul privat \u0219i aduce un aport la societate \u0219i \u00een felul acesta, anvelopa de cre\u0219tere este mult mai mare pentru c\u0103 scade baza\u201d, a explicat Ilie Bolojan.<\/p>\n<\/div>\n<\/div>\n<div class=\"inhype-social-share-fixed sidebar-position-right\">\n<div class=\"post-social-wrapper\">\n<div class=\"post-social-title\"><span class=\"post-social-title-text\">Share<\/span><\/div>\n<\/div>\n<\/div>\n<\/div>\n<p>[analyse_source url=&#8221;https:\/\/ziardesuceava.ro\/bolojan-daca-s-a-reduce-numarul-de-angajati-in-sectorul-public-cresterile-salariale-ar-fi-mai-mari\/&#8221;]<\/p>\n","protected":false},"excerpt":{"rendered":"<p>[analyse_image type=&#8221;featured&#8221; src=&#8221;https:\/\/ziardesuceava.ro\/wp-content\/uploads\/2026\/08\/79816-1024&#215;683.jpg&#8221;] Legea salariz\u0103rii este o lege a\u0219a care cre\u0219te fondul de salarii la un nivel pe care \u00eel poate suporta economia, a declarat vineri premierul interimar Ilie Bolojan, \u00eentrebat de negocierile cu Comisia European\u0103 pe acest proiect de lege. \u201dAm auzit \u0219i astfel de declara\u021bii, c\u0103, dac\u0103 nu trece aceast\u0103 lege, nu se [&hellip;]<\/p>\n","protected":false},"author":1,"featured_media":0,"comment_status":"open","ping_status":"","sticky":false,"template":"","format":"standard","meta":{"footnotes":""},"categories":[89],"tags":[226,171],"class_list":["post-2105725","post","type-post","status-publish","format-standard","hentry","category-romania","tag-crawlmanager","tag-ziardesuceava-ro"],"_links":{"self":[{"href":"https:\/\/analyse.optim.biz\/index.php?rest_route=\/wp\/v2\/posts\/2105725","targetHints":{"allow":["GET"]}}],"collection":[{"href":"https:\/\/analyse.optim.biz\/index.php?rest_route=\/wp\/v2\/posts"}],"about":[{"href":"https:\/\/analyse.optim.biz\/index.php?rest_route=\/wp\/v2\/types\/post"}],"author":[{"embeddable":true,"href":"https:\/\/analyse.optim.biz\/index.php?rest_route=\/wp\/v2\/users\/1"}],"replies":[{"embeddable":true,"href":"https:\/\/analyse.optim.biz\/index.php?rest_route=%2Fwp%2Fv2%2Fcomments&post=2105725"}],"version-history":[{"count":0,"href":"https:\/\/analyse.optim.biz\/index.php?rest_route=\/wp\/v2\/posts\/2105725\/revisions"}],"wp:attachment":[{"href":"https:\/\/analyse.optim.biz\/index.php?rest_route=%2Fwp%2Fv2%2Fmedia&parent=2105725"}],"wp:term":[{"taxonomy":"category","embeddable":true,"href":"https:\/\/analyse.optim.biz\/index.php?rest_route=%2Fwp%2Fv2%2Fcategories&post=2105725"},{"taxonomy":"post_tag","embeddable":true,"href":"https:\/\/analyse.optim.biz\/index.php?rest_route=%2Fwp%2Fv2%2Ftags&post=2105725"}],"curies":[{"name":"wp","href":"https:\/\/api.w.org\/{rel}","templated":true}]}}