{"id":210560,"date":"2014-03-03T17:27:04","date_gmt":"2014-03-03T14:27:04","guid":{"rendered":"https:\/\/analyse.optim.biz\/?p=210560"},"modified":"2014-03-03T17:27:04","modified_gmt":"2014-03-03T14:27:04","slug":"victor-ponta-sunt-gata-sa-refacem-usl-daca-liberalii-se-razgandesc","status":"publish","type":"post","link":"https:\/\/analyse.optim.biz\/?p=210560","title":{"rendered":"Victor Ponta: Sunt gata s\u0103 refacem USL, dac\u0103 liberalii se r\u0103zg\u00e2ndesc"},"content":{"rendered":"<div class=\"entry data-app-meta data-app-meta-article\" data-embed-base-url-canonical=\"https:\/\/www.digi24.ro\/embed\/stiri\/actualitate\/politica\/victor-ponta-sunt-gata-sa-refacem-usl-daca-liberalii-se-razgandesc-208725\">\n<p data-index=\"1\">\u201e<strong>Sunt gata s\u0103 refacem Uniunea Social-Liberal\u0103, pentru c\u0103 eu cred c\u0103 aceasta este cea mai bun\u0103 formul\u0103 de guvernare pe care Rom\u00e2nia o poate avea<\/strong>\u201d, a declarat, luni, premierul <strong>Victor Ponta.<\/strong><\/p>\n<p data-index=\"2\">\u201eNu se pune problema acum s\u0103 \u00eei d\u0103m pe ceilal\u0163i afar\u0103 din guvern, ci s\u0103 aplic\u0103m ce am semnat \u0219i eu, \u0219i domnul Antonescu \u00een2012. \u0218i anume ca UDMR s\u0103 fie prezent cu dou\u0103 ministere. Ministerul Culturii a fost ocupat de PNL, Ministerul Mediului, de PSD, deci putem s\u0103 refacem USL\u201d, a ad\u0103ugat Victor Ponta. \u00a0<\/p>\n<p data-index=\"3\">Crin Antonescu, pre\u0219edintele PNL, declara <a href=\"https:\/\/www.digi24.ro\/Stiri\/Digi24\/Actualitate\/Politica\/Crin+Antonescu+USL+nu+mai+exista+nu+mai+urmaream+cu+totii+obiect\" target=\"_blank\" data-skip-linkfix=\"1\" rel=\"noopener\"><strong>\u00een urma votului Delega\u0163iei Permanente din 25 februarie<\/strong><\/a>, c\u0103 USL nu mai exist\u0103 pentru c\u0103 \u201enu mai avea sens s\u0103 mai existe, pentru c\u0103 nu mai urm\u0103ream cu to\u021bii obiectivele angajate\u201d.<\/p>\n<p data-index=\"4\">\u201eEste o decizie care s-a luat cu un vot cov\u00e2r\u0219itor, dar care nu s-a luat u\u0219or. E o decizie pe care nu ne-am dorit-o, pe care am \u00eencercat s\u0103 o evit\u0103m prin c\u0103utarea tuturor \u0219anselor de a spera c\u0103 \u00een formula USL se poate continua, nu cu ei, sau ei cu noi, ci pe calea angajamentelor pe care noi le-am f\u0103cut. Toat\u0103 alian\u021ba politic\u0103 pe care noi am dus-o exact 3 ani \u0219i 20 de zile a avut sens at\u00e2t c\u00e2t am putut sper\u0103m c\u0103 obectivele pe care le-am spus oamenilor sunt urm\u0103rite. Nu mai avem niciuna din aceste speran\u021be, ca atare ni s-a p\u0103rut onest s\u0103 nu prelungim un festival de ipocrizie, ci s\u0103 avem noi curajul s\u0103 constat\u0103m ceea ce este categoric adev\u0103rat: USL nu mai exist\u0103, pentru c\u0103 nu mai avea sens s\u0103 mai existe, pentru c\u0103 nu mai urm\u0103ream cu to\u021bii obiectivele angajate\u201d, a spus<strong>\u00a0Crin Antonescu. \u00a0<\/strong><\/p>\n<\/div>\n<p> Source URL: https:\/\/www.digi24.ro\/stiri\/actualitate\/politica\/victor-ponta-sunt-gata-sa-refacem-usl-daca-liberalii-se-razgandesc-208725<\/p>\n","protected":false},"excerpt":{"rendered":"<p>\u201eSunt gata s\u0103 refacem Uniunea Social-Liberal\u0103, pentru c\u0103 eu cred c\u0103 aceasta este cea mai bun\u0103 formul\u0103 de guvernare pe care Rom\u00e2nia o poate avea\u201d, a declarat, luni, premierul Victor Ponta. \u201eNu se pune problema acum s\u0103 \u00eei d\u0103m pe ceilal\u0163i afar\u0103 din guvern, ci s\u0103 aplic\u0103m ce am semnat \u0219i eu, \u0219i domnul Antonescu [&hellip;]<\/p>\n","protected":false},"author":1,"featured_media":210561,"comment_status":"open","ping_status":"","sticky":false,"template":"","format":"standard","meta":{"footnotes":""},"categories":[2],"tags":[11],"class_list":["post-210560","post","type-post","status-publish","format-standard","has-post-thumbnail","hentry","category-politics","tag-digi24"],"_links":{"self":[{"href":"https:\/\/analyse.optim.biz\/index.php?rest_route=\/wp\/v2\/posts\/210560","targetHints":{"allow":["GET"]}}],"collection":[{"href":"https:\/\/analyse.optim.biz\/index.php?rest_route=\/wp\/v2\/posts"}],"about":[{"href":"https:\/\/analyse.optim.biz\/index.php?rest_route=\/wp\/v2\/types\/post"}],"author":[{"embeddable":true,"href":"https:\/\/analyse.optim.biz\/index.php?rest_route=\/wp\/v2\/users\/1"}],"replies":[{"embeddable":true,"href":"https:\/\/analyse.optim.biz\/index.php?rest_route=%2Fwp%2Fv2%2Fcomments&post=210560"}],"version-history":[{"count":0,"href":"https:\/\/analyse.optim.biz\/index.php?rest_route=\/wp\/v2\/posts\/210560\/revisions"}],"wp:featuredmedia":[{"embeddable":true,"href":"https:\/\/analyse.optim.biz\/index.php?rest_route=\/wp\/v2\/media\/210561"}],"wp:attachment":[{"href":"https:\/\/analyse.optim.biz\/index.php?rest_route=%2Fwp%2Fv2%2Fmedia&parent=210560"}],"wp:term":[{"taxonomy":"category","embeddable":true,"href":"https:\/\/analyse.optim.biz\/index.php?rest_route=%2Fwp%2Fv2%2Fcategories&post=210560"},{"taxonomy":"post_tag","embeddable":true,"href":"https:\/\/analyse.optim.biz\/index.php?rest_route=%2Fwp%2Fv2%2Ftags&post=210560"}],"curies":[{"name":"wp","href":"https:\/\/api.w.org\/{rel}","templated":true}]}}