{"id":2105551,"date":"2026-08-21T14:20:03","date_gmt":"2026-08-21T11:20:03","guid":{"rendered":"https:\/\/analyse.optim.biz\/?p=2105551"},"modified":"2026-08-21T14:20:03","modified_gmt":"2026-08-21T11:20:03","slug":"eroii-regimentului-6-artilerie-grea-comemorati-la-timisoara-82-de-ani-de-la-ziua-care-a-marcat-unitatea","status":"publish","type":"post","link":"https:\/\/analyse.optim.biz\/?p=2105551","title":{"rendered":"Eroii Regimentului 6 Artilerie Grea, comemora\u021bi la Timi\u0219oara. 82 de ani de la ziua care a marcat unitatea"},"content":{"rendered":"<p>[analyse_image type=&#8221;featured&#8221; src=&#8221;https:\/\/orasul-timisoara.ro\/wp-content\/uploads\/2026\/08\/Duma-004.jpg&#8221;]<\/p>\n<article id=\"post-40420\" class=\"td-post-template-7 post-40420 post type-post status-publish format-standard has-post-thumbnail category-evenimente-in-timisoara category-featured category-stiri-timisoara tag-al-doilea-razboi-mondial tag-artilerie-grea tag-castelul-huniade-2 tag-catedrala-mitropolitana tag-eroi tag-regimentul-6 tag-stiri-timisoara-2 tag-timisoara-2 tag-veterani td-container-wrap\">\n<div class=\"td-full-screen-header-image-wrap\">\n<div class=\"td-container td-post-header\">\n<div class=\"td-crumb-container\">\n<div class=\"entry-crumbs\"><span><a title=\"Vede\u021bi toate articolele \u00een Evenimente in Timisoara\" class=\"entry-crumb\" href=\"https:\/\/orasul-timisoara.ro\/local-category\/evenimente-in-timisoara\/\">Evenimente in Timisoara<\/a><\/span><span class=\"td-bred-no-url-last\">Eroii Regimentului 6 Artilerie Grea, comemora\u021bi la Timi\u0219oara. 82 de ani de&#8230;<\/span><\/div>\n<\/div>\n<div class=\"td-post-header-holder\">\n<div class=\"td-parallax-header\">\n<header class=\"td-post-title\">\n<ul class=\"td-category\">\n<li class=\"entry-category\"><a href=\"https:\/\/orasul-timisoara.ro\/local-category\/evenimente-in-timisoara\/\">Evenimente in Timisoara<\/a><\/li>\n<li class=\"entry-category\"><a href=\"https:\/\/orasul-timisoara.ro\/local-category\/stiri-timisoara\/\">\u0218tiri Locale<\/a><\/li>\n<\/ul>\n<h1 class=\"entry-title\">Eroii Regimentului 6 Artilerie Grea, comemora\u021bi la Timi\u0219oara. 82 de ani de la ziua care a marcat unitatea<\/h1>\n<div class=\"td-module-meta-info\">\n<div class=\"td-post-author-name\">\n<div class=\"td-author-by\">De c\u0103tre<\/div>\n<p><a href=\"https:\/\/orasul-timisoara.ro\/author\/timisoara\/\">redactia<\/a><\/p>\n<div class=\"td-author-line\"> &#8211; <\/div>\n<\/div>\n<p><span class=\"td-post-date\"><time class=\"entry-date updated td-module-date\" datetime=\"2026-08-21T17:20:03+03:00\">21\/08\/2026<\/time><\/span><\/div>\n<\/header>\n<\/div>\n<\/div>\n<\/div>\n<div id=\"td-full-screen-header-image\" class=\"td-image-gradient-style7\"><img decoding=\"async\" class=\"td-backstretch\" src=\"https:\/\/orasul-timisoara.ro\/wp-content\/uploads\/2026\/08\/Duma-004.jpg\"><\/div>\n<\/div>\n<div class=\"td-container\">\n<div class=\"td-pb-row\">\n<div class=\"td-pb-span8 td-main-content\" role=\"main\">\n<div class=\"td-ss-main-content\">\n<div class=\"td-post-sharing-top\">\n<div class=\"td-post-sharing-classic\"><iframe title=\"topFacebookLike\" frameborder src=\"https:\/\/www.facebook.com\/plugins\/like.php?href=https:\/\/orasul-timisoara.ro\/local-40420\/&amp;layout=button_count&amp;show_faces=false&amp;width=105&amp;action=like&amp;colorscheme=light&amp;height=21\"><\/iframe><\/div>\n<div id=\"td_social_sharing_article_top\" class=\"td-post-sharing td-ps-bg td-ps-notext td-post-sharing-style1 \">\n<div class=\"td-post-sharing-visible\"><a class=\"td-social-sharing-button td-social-sharing-button-js td-social-network td-social-facebook\" href=\"https:\/\/www.facebook.com\/sharer.php?u=https%3A%2F%2Forasul-timisoara.ro%2Flocal-40420%2F\" title=\"Facebook\"><\/p>\n<div class=\"td-social-but-text\">Facebook<\/div>\n<p><\/a><a class=\"td-social-sharing-button td-social-sharing-button-js td-social-network td-social-twitter\" href=\"https:\/\/twitter.com\/intent\/tweet?text=Eroii+Regimentului+6+Artilerie+Grea%2C+comemora%C8%9Bi+la+Timi%C8%99oara.+82+de+ani+de+la+ziua+care+a+marcat+unitatea&amp;url=https%3A%2F%2Forasul-timisoara.ro%2Flocal-40420%2F&amp;via=orasultm\" title=\"Twitter\"><\/p>\n<div class=\"td-social-but-text\">Twitter<\/div>\n<p><\/a><a class=\"td-social-sharing-button td-social-sharing-button-js td-social-network td-social-whatsapp\" href=\"https:\/\/api.whatsapp.com\/send?text=Eroii+Regimentului+6+Artilerie+Grea%2C+comemora%C8%9Bi+la+Timi%C8%99oara.+82+de+ani+de+la+ziua+care+a+marcat+unitatea%20%0A%0A%20https:\/\/orasul-timisoara.ro\/local-40420\/\" title=\"WhatsApp\"><\/p>\n<div class=\"td-social-but-text\">WhatsApp<\/div>\n<p><\/a><a class=\"td-social-sharing-button td-social-sharing-button-js td-social-network td-social-linkedin\" href=\"https:\/\/www.linkedin.com\/shareArticle?mini=true&amp;url=https:\/\/orasul-timisoara.ro\/local-40420\/&amp;title=Eroii+Regimentului+6+Artilerie+Grea%2C+comemora%C8%9Bi+la+Timi%C8%99oara.+82+de+ani+de+la+ziua+care+a+marcat+unitatea\" title=\"Linkedin\"><\/p>\n<div class=\"td-social-but-text\">Linkedin<\/div>\n<p><\/a><a class=\"td-social-sharing-button td-social-sharing-button-js td-social-network td-social-reddit\" href=\"https:\/\/reddit.com\/submit?url=https:\/\/orasul-timisoara.ro\/local-40420\/&amp;title=Eroii+Regimentului+6+Artilerie+Grea%2C+comemora%C8%9Bi+la+Timi%C8%99oara.+82+de+ani+de+la+ziua+care+a+marcat+unitatea\" title=\"ReddIt\"><\/p>\n<div class=\"td-social-but-text\">ReddIt<\/div>\n<p><\/a><a class=\"td-social-sharing-button td-social-sharing-button-js td-social-network td-social-mail\" href=\"mailto:?subject=Eroii%20Regimentului%206%20Artilerie%20Grea,%20comemora%C8%9Bi%20la%20Timi%C8%99oara.%2082%20de%20ani%20de%20la%20ziua%20care%20a%20marcat%20unitatea&amp;body=https:\/\/orasul-timisoara.ro\/local-40420\/\" title=\"Email\"><\/p>\n<div class=\"td-social-but-text\">Email<\/div>\n<p><\/a><a class=\"td-social-sharing-button td-social-sharing-button-js td-social-network td-social-print\" href=\"https:\/\/orasul-timisoara.ro\/local-40420\/\" title=\"Imprimare\"><\/p>\n<div class=\"td-social-but-text\">Imprimare<\/div>\n<p><\/a><\/div>\n<\/div>\n<\/div>\n<div class=\"td-post-content tagdiv-type\">\n<p class=\"wp-block-paragraph\">Timi\u0219oara a comemorat joi, 20 august, eroii \u0219i veteranii Regimentului 6 Artilerie Grea \u201eTribunul Ioan Axente Sever\u201d, una dintre unit\u0103\u021bile Armatei Rom\u00e2ne a c\u0103rei istorie este str\u00e2ns legat\u0103 de ora\u0219 \u0219i de confrunt\u0103rile dramatice ale celui de-Al Doilea R\u0103zboi Mondial. Ceremonia anual\u0103 a avut loc la ora 9:30, la Catedrala Mitropolitan\u0103 din Timi\u0219oara, \u0219i a reunit oameni veni\u021bi s\u0103 p\u0103streze vie memoria militarilor care au luptat pe front.<\/p>\n<h2 class=\"wp-block-heading\">Regimentul 6 Artilerie Grea, legat de istoria Timi\u0219oarei<\/h2>\n<p class=\"wp-block-paragraph\">Comemorarea organizat\u0103 \u00een fiecare an la 20 august continu\u0103 o tradi\u021bie \u00eenceput\u0103 de veteranii unit\u0103\u021bii \u0219i preluat\u0103 ulterior de urma\u0219ii acestora. Este una dintre cele mai longevive ini\u021biative dedicate memoriei veteranilor unei unit\u0103\u021bi a Armatei Rom\u00e2ne.<\/p>\n<p class=\"wp-block-paragraph\">Istoria regimentului \u00eencepe \u00een anul 1923. De-a lungul existen\u021bei sale, unitatea a avut garnizoane la Alba Iulia, Flore\u0219ti, Sibiu \u0219i Timi\u0219oara. Leg\u0103tura cu ora\u0219ul de pe Bega este p\u0103strat\u0103 \u0219i prin placa memorial\u0103 amplasat\u0103 \u00een Castelul Huniade, actualul sediu al Muzeului Na\u021bional al Banatului.<\/p>\n<p class=\"wp-block-paragraph\">Inscrip\u021bia aminte\u0219te c\u0103, \u00een anii celui de-Al Doilea R\u0103zboi Mondial, aici \u0219i-a avut sediul Regimentul 6 Artilerie Grea Timi\u0219oara \u0219i \u00eei men\u021bioneaz\u0103 printre comandan\u021bi pe coloneii Gheorghe Lipovan, Alexandru Galgo\u021bi \u0219i Alcipiade Carozzi.<\/p>\n<h2 class=\"wp-block-heading\">De la trecerea Prutului la luptele din zona Odessei<\/h2>\n<p class=\"wp-block-paragraph\">Regimentul a intrat \u00een r\u0103zboi \u00een campania din Est, particip\u00e2nd, \u00eencep\u00e2nd din vara anului 1941, la opera\u021biunile Armatei Rom\u00e2ne. Artileri\u0219tii au sprijinit trecerea Prutului, la 3 iulie 1941, apoi trecerea Nistrului, \u00een perioada 17\u201319 iulie, \u0219i opera\u021biunile militare desf\u0103\u0219urate \u00een zona Odessei.<\/p>\n<p class=\"wp-block-paragraph\">Una dintre datele care aveau s\u0103 r\u0103m\u00e2n\u0103 definitiv legate de memoria unit\u0103\u021bii este 20 august 1944.<\/p>\n<h2 class=\"wp-block-heading\">20 august 1944, ziua r\u0103mas\u0103 \u00een memoria regimentului<\/h2>\n<p class=\"wp-block-paragraph\">Cu o zi \u00eenainte, unitatea se afla \u00een zona Podu Iloaiei, \u00een jude\u021bul Ia\u0219i. \u00cen diminea\u021ba zilei de 20 august 1944 a \u00eenceput puternica ofensiv\u0103 sovietic\u0103 Ia\u0219i\u2013Chi\u0219in\u0103u. Regimentul a trecut prin bombardamente \u0219i a reu\u0219it s\u0103 evite capturarea integral\u0103, retr\u0103g\u00e2ndu-se cu o parte important\u0103 a efectivelor \u0219i armamentului.<\/p>\n<p class=\"wp-block-paragraph\">Supravie\u021buirea regimentului \u00een acel moment dramatic a f\u0103cut ca data de 20 august s\u0103 devin\u0103, peste decenii, ziua \u00een care veteranii \u0219i urma\u0219ii lor s-au reunit pentru a-i comemora pe cei c\u0103zu\u021bi \u0219i pentru a p\u0103stra memoria unit\u0103\u021bii.<\/p>\n<p class=\"wp-block-paragraph\">Dup\u0103 23 august 1944, destinul militarilor s-a schimbat radical. Regimentul a continuat lupta \u00eempotriva trupelor germane \u0219i maghiare, particip\u00e2nd la opera\u021biunile pentru eliberarea teritoriului na\u021bional.<\/p>\n<h2 class=\"wp-block-heading\">Militarii regimentului au luptat \u0219i pentru ap\u0103rarea Timi\u0219oarei<\/h2>\n<p class=\"wp-block-paragraph\">Istoria regimentului se intersecteaz\u0103 direct cu cea a Timi\u0219oarei. Militarii unit\u0103\u021bii au participat la confrunt\u0103rile din septembrie 1944, c\u00e2nd ofensiva germano-maghiar\u0103 asupra ora\u0219ului a e\u0219uat.<\/p>\n<p class=\"wp-block-paragraph\">Ulterior, Regimentul 6 Artilerie Grea a participat la luptele din Transilvania, inclusiv \u00een zonele Turda, Aiud \u0219i Cluj, continu\u00e2ndu-\u0219i parcursul militar \u00een cadrul opera\u021biunilor desf\u0103\u0219urate dup\u0103 schimbarea taberei Rom\u00e2niei \u00een august 1944.<\/p>\n<h2 class=\"wp-block-heading\">Memoria veteranilor, transmis\u0103 genera\u021biilor urm\u0103toare<\/h2>\n<p class=\"wp-block-paragraph\">Unul dintre oamenii care au contribuit la transformarea memoriei regimentului \u00eentr-o datorie transmis\u0103 genera\u021biilor urm\u0103toare a fost veteranul Constantin C\u0103lina. Sub \u00eendrumarea sa, fo\u0219tii combatan\u021bi au continuat s\u0103 se \u00eent\u00e2lneasc\u0103 la Timi\u0219oara \u0219i s\u0103-i pomeneasc\u0103 pe camarazii r\u0103ma\u0219i pe c\u00e2mpurile de lupt\u0103.<\/p>\n<p class=\"wp-block-paragraph\">Dup\u0103 dispari\u021bia genera\u021biei veteranilor, tradi\u021bia a fost preluat\u0103 de urma\u0219ii acestora. Printre cei implica\u021bi \u00een p\u0103strarea memoriei regimentului se num\u0103r\u0103 \u0219i istoricul Lauren\u021biu Mioc.<\/p>\n<p class=\"wp-block-paragraph\">Ceremonia de la Catedrala Mitropolitan\u0103 nu este astfel doar o privire c\u0103tre trecut, ci \u0219i un moment prin care comunitatea transmite mai departe memoria unei genera\u021bii pentru care r\u0103zboiul a \u00eensemnat front, camarazi pierdu\u021bi \u0219i \u00eentoarcerea acas\u0103 dup\u0103 experien\u021be greu de imaginat ast\u0103zi.<\/p>\n<p class=\"wp-block-paragraph\">La mai bine de opt decenii de la dramatica zi de 20 august 1944, Timi\u0219oara continu\u0103 s\u0103 p\u0103streze vie amintirea militarilor Regimentului 6 Artilerie Grea \u201eTribunul Ioan Axente Sever\u201d. Numele unit\u0103\u021bii r\u0103m\u00e2ne \u00eenscris at\u00e2t pe placa memorial\u0103 din Castelul Huniade, c\u00e2t \u0219i \u00een istoria militar\u0103 a ora\u0219ului \u0219i \u00een memoria celor care duc mai departe povestea veteranilor.<\/p>\n<\/div>\n<footer>\n<div class=\"td-post-source-tags\">\n<ul class=\"td-tags td-post-small-box clearfix\">\n<li><span>ETICHETE<\/span><\/li>\n<li><a href=\"https:\/\/orasul-timisoara.ro\/local-tag\/al-doilea-razboi-mondial\/\">Al Doilea R\u0103zboi Mondial<\/a><\/li>\n<li><a href=\"https:\/\/orasul-timisoara.ro\/local-tag\/artilerie-grea\/\">artilerie grea<\/a><\/li>\n<li><a href=\"https:\/\/orasul-timisoara.ro\/local-tag\/castelul-huniade-2\/\">castelul hunia\u00adde<\/a><\/li>\n<li><a href=\"https:\/\/orasul-timisoara.ro\/local-tag\/catedrala-mitropolitana\/\">Catedrala Mitropolitan\u0103<\/a><\/li>\n<li><a href=\"https:\/\/orasul-timisoara.ro\/local-tag\/eroi\/\">eroi<\/a><\/li>\n<li><a href=\"https:\/\/orasul-timisoara.ro\/local-tag\/regimentul-6\/\">regimentul 6<\/a><\/li>\n<li><a href=\"https:\/\/orasul-timisoara.ro\/local-tag\/stiri-timisoara-2\/\">\u0219tiri Timi\u0219oara<\/a><\/li>\n<li><a href=\"https:\/\/orasul-timisoara.ro\/local-tag\/timisoara-2\/\">timi\u0219oara<\/a><\/li>\n<li><a href=\"https:\/\/orasul-timisoara.ro\/local-tag\/veterani\/\">veterani<\/a><\/li>\n<\/ul>\n<\/div>\n<div class=\"td-post-sharing-bottom\">\n<div class=\"td-post-sharing-classic\"><iframe title=\"bottomFacebookLike\" frameborder src=\"https:\/\/www.facebook.com\/plugins\/like.php?href=https:\/\/orasul-timisoara.ro\/local-40420\/&amp;layout=button_count&amp;show_faces=false&amp;width=105&amp;action=like&amp;colorscheme=light&amp;height=21\"><\/iframe><\/div>\n<div id=\"td_social_sharing_article_bottom\" class=\"td-post-sharing td-ps-bg td-ps-notext td-post-sharing-style1 \">\n<div class=\"td-post-sharing-visible\"><a class=\"td-social-sharing-button td-social-sharing-button-js td-social-network td-social-facebook\" href=\"https:\/\/www.facebook.com\/sharer.php?u=https%3A%2F%2Forasul-timisoara.ro%2Flocal-40420%2F\" title=\"Facebook\"><\/p>\n<div class=\"td-social-but-text\">Facebook<\/div>\n<p><\/a><a class=\"td-social-sharing-button td-social-sharing-button-js td-social-network td-social-twitter\" href=\"https:\/\/twitter.com\/intent\/tweet?text=Eroii+Regimentului+6+Artilerie+Grea%2C+comemora%C8%9Bi+la+Timi%C8%99oara.+82+de+ani+de+la+ziua+care+a+marcat+unitatea&amp;url=https%3A%2F%2Forasul-timisoara.ro%2Flocal-40420%2F&amp;via=orasultm\" title=\"Twitter\"><\/p>\n<div class=\"td-social-but-text\">Twitter<\/div>\n<p><\/a><a class=\"td-social-sharing-button td-social-sharing-button-js td-social-network td-social-whatsapp\" href=\"https:\/\/api.whatsapp.com\/send?text=Eroii+Regimentului+6+Artilerie+Grea%2C+comemora%C8%9Bi+la+Timi%C8%99oara.+82+de+ani+de+la+ziua+care+a+marcat+unitatea%20%0A%0A%20https:\/\/orasul-timisoara.ro\/local-40420\/\" title=\"WhatsApp\"><\/p>\n<div class=\"td-social-but-text\">WhatsApp<\/div>\n<p><\/a><a class=\"td-social-sharing-button td-social-sharing-button-js td-social-network td-social-linkedin\" href=\"https:\/\/www.linkedin.com\/shareArticle?mini=true&amp;url=https:\/\/orasul-timisoara.ro\/local-40420\/&amp;title=Eroii+Regimentului+6+Artilerie+Grea%2C+comemora%C8%9Bi+la+Timi%C8%99oara.+82+de+ani+de+la+ziua+care+a+marcat+unitatea\" title=\"Linkedin\"><\/p>\n<div class=\"td-social-but-text\">Linkedin<\/div>\n<p><\/a><a class=\"td-social-sharing-button td-social-sharing-button-js td-social-network td-social-reddit\" href=\"https:\/\/reddit.com\/submit?url=https:\/\/orasul-timisoara.ro\/local-40420\/&amp;title=Eroii+Regimentului+6+Artilerie+Grea%2C+comemora%C8%9Bi+la+Timi%C8%99oara.+82+de+ani+de+la+ziua+care+a+marcat+unitatea\" title=\"ReddIt\"><\/p>\n<div class=\"td-social-but-text\">ReddIt<\/div>\n<p><\/a><a class=\"td-social-sharing-button td-social-sharing-button-js td-social-network td-social-mail\" href=\"mailto:?subject=Eroii%20Regimentului%206%20Artilerie%20Grea,%20comemora%C8%9Bi%20la%20Timi%C8%99oara.%2082%20de%20ani%20de%20la%20ziua%20care%20a%20marcat%20unitatea&amp;body=https:\/\/orasul-timisoara.ro\/local-40420\/\" title=\"Email\"><\/p>\n<div class=\"td-social-but-text\">Email<\/div>\n<p><\/a><a class=\"td-social-sharing-button td-social-sharing-button-js td-social-network td-social-print\" href=\"https:\/\/orasul-timisoara.ro\/local-40420\/\" title=\"Imprimare\"><\/p>\n<div class=\"td-social-but-text\">Imprimare<\/div>\n<p><\/a><\/div>\n<\/div>\n<\/div>\n<div class=\"td-block-row td-post-next-prev\">\n<div class=\"td-block-span6 td-post-prev-post\">\n<div class=\"td-post-next-prev-content\"><span>Articolul precedent<\/span><a href=\"https:\/\/orasul-timisoara.ro\/local-40417\/\">Timi\u0219oara intr\u0103 \u00een Youth Climate Action Fund. Tinerii din ora\u0219 pot primi finan\u021bare pentru proiecte de mediu<\/a><\/div>\n<\/div>\n<div class=\"td-block-span6 td-post-next-post\">\n<div class=\"td-post-next-prev-content\"><span>Articolul urm\u0103tor<\/span><a href=\"https:\/\/orasul-timisoara.ro\/local-40423\/\">Deponeul de la Ghizela ajunge la 86% din lucr\u0103rile pentru Celula 3. Investi\u021bie de aproape 46 de milioane de lei<\/a><\/div>\n<\/div>\n<\/div>\n<div class=\"td-author-name vcard author\"><span class=\"fn\"><a href=\"https:\/\/orasul-timisoara.ro\/author\/timisoara\/\">redactia<\/a><\/span><\/div>\n<p><span class=\"td-page-meta\"><\/span><span class=\"td-page-meta\"><span class=\"td-page-meta\"><\/span><\/span><span class=\"td-page-meta\"><\/span><\/footer>\n<div class=\"td_block_wrap td_block_related_posts tdi_3 td_with_ajax_pagination td-pb-border-top td_block_template_8\" data-td-block-uid=\"tdi_3\">\n<h4 class=\"td-related-title td-block-title\"><a id=\"tdi_4\" class=\"td-related-left td-cur-simple-item\" data-td_filter_value data-td_block_id=\"tdi_3\" href=\"https:\/\/orasul-timisoara.ro\/local-40420\/\">ARTICOLE SIMILARE<\/a><a id=\"tdi_5\" class=\"td-related-right\" data-td_filter_value=\"td_related_more_from_author\" data-td_block_id=\"tdi_3\" href=\"https:\/\/orasul-timisoara.ro\/local-40420\/\">DE LA ACELA\u0218I AUTOR<\/a><\/h4>\n<div id=\"tdi_3\" class=\"td_block_inner\">\n<div class=\"td-related-row\">\n<div class=\"td-related-span4\">\n<div class=\"td_module_related_posts td-animation-stack td_mod_related_posts\">\n<div class=\"td-module-image\">\n<div class=\"td-module-thumb\"><a href=\"https:\/\/orasul-timisoara.ro\/local-40046\/\" rel=\"bookmark\" class=\"td-image-wrap \" title=\"Timi\u0219oara opre\u0219te temporar iluminatul arhitectural pentru a economisi energie\"><img loading=\"lazy\" decoding=\"async\" class=\"entry-thumb\" src=\"https:\/\/orasul-timisoara.ro\/wp-content\/uploads\/2026\/08\/cladiri-iluminat-436x300.jpg\" alt title=\"Timi\u0219oara opre\u0219te temporar iluminatul arhitectural pentru a economisi energie\" width=\"218\" height=\"150\"><\/a><\/div>\n<\/div>\n<div class=\"item-details\">\n<h3 class=\"entry-title td-module-title\"><a href=\"https:\/\/orasul-timisoara.ro\/local-40046\/\" rel=\"bookmark\" title=\"Timi\u0219oara opre\u0219te temporar iluminatul arhitectural pentru a economisi energie\">Timi\u0219oara opre\u0219te temporar iluminatul arhitectural pentru a economisi energie<\/a><\/h3>\n<\/div>\n<\/div>\n<\/div>\n<div class=\"td-related-span4\">\n<div class=\"td_module_related_posts td-animation-stack td_mod_related_posts\">\n<div class=\"td-module-image\">\n<div class=\"td-module-thumb\"><a href=\"https:\/\/orasul-timisoara.ro\/local-39645\/\" rel=\"bookmark\" class=\"td-image-wrap \" title=\"Alfred Simonis: Timi\u0219ul va avea intr\u0103ri rutiere spectaculoase inspirate din patrimoniul jude\u021bului (foto)\"><img loading=\"lazy\" decoding=\"async\" class=\"entry-thumb\" src=\"https:\/\/orasul-timisoara.ro\/wp-content\/uploads\/2026\/07\/intrari-judet-1-436x300.jpg\" alt title=\"Alfred Simonis: Timi\u0219ul va avea intr\u0103ri rutiere spectaculoase inspirate din patrimoniul jude\u021bului (foto)\" width=\"218\" height=\"150\"><\/a><\/div>\n<\/div>\n<div class=\"item-details\">\n<h3 class=\"entry-title td-module-title\"><a href=\"https:\/\/orasul-timisoara.ro\/local-39645\/\" rel=\"bookmark\" title=\"Alfred Simonis: Timi\u0219ul va avea intr\u0103ri rutiere spectaculoase inspirate din patrimoniul jude\u021bului (foto)\">Alfred Simonis: Timi\u0219ul va avea intr\u0103ri rutiere spectaculoase inspirate din patrimoniul jude\u021bului (foto)<\/a><\/h3>\n<\/div>\n<\/div>\n<\/div>\n<div class=\"td-related-span4\">\n<div class=\"td_module_related_posts td-animation-stack td_mod_related_posts\">\n<div class=\"td-module-image\">\n<div class=\"td-module-thumb\"><a href=\"https:\/\/orasul-timisoara.ro\/local-39349\/\" rel=\"bookmark\" class=\"td-image-wrap \" title=\"Ceremonia de Ziua Drapelului aduce restric\u021bii de trafic \u00een centrul Timi\u0219oarei\"><img loading=\"lazy\" decoding=\"async\" class=\"entry-thumb\" src=\"https:\/\/orasul-timisoara.ro\/wp-content\/uploads\/2021\/12\/timisoara-catedrala-cer-senin-copaci-flori-statuie.jpg\" alt title=\"Ceremonia de Ziua Drapelului aduce restric\u021bii de trafic \u00een centrul Timi\u0219oarei\" width=\"218\" height=\"150\"><\/a><\/div>\n<\/div>\n<div class=\"item-details\">\n<h3 class=\"entry-title td-module-title\"><a href=\"https:\/\/orasul-timisoara.ro\/local-39349\/\" rel=\"bookmark\" title=\"Ceremonia de Ziua Drapelului aduce restric\u021bii de trafic \u00een centrul Timi\u0219oarei\">Ceremonia de Ziua Drapelului aduce restric\u021bii de trafic \u00een centrul Timi\u0219oarei<\/a><\/h3>\n<\/div>\n<\/div>\n<\/div>\n<\/div>\n<\/div>\n<\/div>\n<div class=\"comments\" id=\"comments\">\n<div id=\"respond\" class=\"comment-respond\">\n<h3 id=\"reply-title\" class=\"comment-reply-title\">L\u0102SA\u021aI UN MESAJ<\/h3>\n<div class=\"comment-form-input-wrap td-form-comment\">\n<div class=\"td-warning-comment\">V\u0103 rug\u0103m s\u0103 introduce\u021bi comentariul dvs.!<\/div>\n<\/div>\n<div class=\"comment-form-input-wrap td-form-author\">\n<div class=\"td-warning-author\">Introduce\u021bi aici numele dvs.<\/div>\n<\/div>\n<div class=\"comment-form-input-wrap td-form-email\">\n<div class=\"td-warning-email-error\">A\u021bi introdus o adres\u0103 de e-mail incorect\u0103!<\/div>\n<div class=\"td-warning-email\">V\u0103 rug\u0103m s\u0103 introduce\u021bi adresa dvs. de e-mail aici<\/div>\n<\/div>\n<\/div>\n<p class=\"akismet_comment_form_privacy_notice\">Acest site folose\u0219te Akismet pentru a reduce spamul. <a href=\"https:\/\/akismet.com\/privacy\/\" target=\"_blank\" rel=\"nofollow noopener\">Afl\u0103 cum sunt procesate datele comentariilor tale<\/a>.<\/p>\n<\/div>\n<\/div>\n<\/div>\n<div class=\"td-pb-span4 td-main-sidebar\" role=\"complementary\">\n<div class=\"td-ss-main-sidebar\">\n<aside id=\"block-4\" class=\"td_block_template_8 widget block-4 widget_block widget_media_image\">\n<figure class=\"wp-block-image size-full\"><img loading=\"lazy\" decoding=\"async\" width=\"336\" height=\"280\" src=\"https:\/\/orasul-timisoara.ro\/wp-content\/uploads\/2024\/11\/ReTIM-Abonamentul-Verde-Google-Ads-336x280px.gif\" alt class=\"wp-image-29257\"><\/figure>\n<\/aside>\n<div class=\"td_block_wrap td_block_social_counter td_block_widget tdi_6 td-social-style5 td-social-boxed td-pb-border-top td_block_template_8\">\n<div class=\"td-block-title-wrap\">\n<h4 class=\"td-block-title\"><span>Urm\u0103re\u0219te-ne pe Social Media<\/span><\/h4>\n<\/div>\n<div class=\"td-social-list\">\n<div class=\"td_social_type td-pb-margin-side td_social_facebook\">\n<div class=\"td-social-box\"><span class=\"td_social_info td_social_info_counter\">344,595<\/span><span class=\"td_social_info td_social_info_name\">Fani<\/span><span class=\"td_social_button\"><a href=\"https:\/\/www.facebook.com\/247timisoara\" target=\"_blank\" rel=\"nofollow\">\u00cemi place<\/a><\/span><\/div>\n<\/div>\n<div class=\"td_social_type td-pb-margin-side td_social_instagram\">\n<div class=\"td-social-box\"><span class=\"td_social_info td_social_info_counter\">4,416<\/span><span class=\"td_social_info td_social_info_name\">Cititori<\/span><span class=\"td_social_button\"><a href=\"https:\/\/instagram.com\/orasultimisoararo\/\" target=\"_blank\" rel=\"nofollow\">Conecta\u021bi-v\u0103<\/a><\/span><\/div>\n<\/div>\n<div class=\"td_social_type td-pb-margin-side td_social_rss\">\n<div class=\"td-social-box\"><span class=\"td_social_info td_social_info_counter\">12,506<\/span><span class=\"td_social_info td_social_info_name\">Cititori<\/span><span class=\"td_social_button\"><a href=\"https:\/\/orasul-timisoara.ro\/feed\/\" target=\"_blank\" rel=\"nofollow\">Conecta\u021bi-v\u0103<\/a><\/span><\/div>\n<\/div>\n<div class=\"td_social_type td-pb-margin-side td_social_tiktok\">\n<div class=\"td-social-box\"><span class=\"td_social_info td_social_info_counter\">1,500<\/span><span class=\"td_social_info td_social_info_name\">Cititori<\/span><span class=\"td_social_button\"><a href=\"https:\/\/www.tiktok.com\/@orasultimisoara\" target=\"_blank\" rel=\"nofollow\">Conecta\u021bi-v\u0103<\/a><\/span><\/div>\n<\/div>\n<div class=\"td_social_type td-pb-margin-side td_social_twitter\">\n<div class=\"td-social-box\"><span class=\"td_social_info td_social_info_counter\">1,595<\/span><span class=\"td_social_info td_social_info_name\">Cititori<\/span><span class=\"td_social_button\"><a href=\"https:\/\/twitter.com\/orasultm\" target=\"_blank\" rel=\"nofollow\">Conecta\u021bi-v\u0103<\/a><\/span><\/div>\n<\/div>\n<div class=\"td_social_type td-pb-margin-side td_social_youtube\">\n<div class=\"td-social-box\"><span class=\"td_social_info td_social_info_counter\">3,506<\/span><span class=\"td_social_info td_social_info_name\">Abona\u021bi<\/span><span class=\"td_social_button\"><a href=\"https:\/\/www.youtube.com\/channel\/UCQNsQvs2XCSIm1Z-AHRturw?sub_confirmation=1\" target=\"_blank\" rel=\"nofollow\">Abona\u021bi-v\u0103<\/a><\/span><\/div>\n<\/div>\n<\/div>\n<\/div>\n<aside id=\"text-7\" class=\"td_block_template_8 widget text-7 widget_text\">\n<h4 class=\"td-block-title\"><span>C\u0103ut\u0103ri populare pe OTM<\/span><\/h4>\n<div class=\"textwidget\"><a href=\"https:\/\/orasul-timisoara.ro\/?s=timisoara\"><span>Timisoara<\/span><\/a><a href=\"https:\/\/orasul-timisoara.ro\/?s=calin+dobra\"><span>Calin Dobra<\/span><\/a><a href=\"https:\/\/orasul-timisoara.ro\/?s=primaria+timisoara\"><span>Primaria Timisoara<\/span><\/a><a href=\"https:\/\/orasul-timisoara.ro\/?s=dominic+fritz\"><span>Dominic Fritz<\/span><\/a><a href=\"https:\/\/orasul-timisoara.ro\/?s=nicolae+robu\"><span>Nicolae Robu<\/span><\/a><a href=\"https:\/\/orasul-timisoara.ro\/?s=consiliul+local+timisoara\">Consiliul Local Timisoara<\/a><a href=\"https:\/\/orasul-timisoara.ro\/?s=consiliul+judetean+timis\"><span>Consiliul Judetean Timis<\/span><\/a><a href=\"https:\/\/orasul-timisoara.ro\/?s=cjt\"><span>CJT<\/span><\/a><a href=\"https:\/\/orasul-timisoara.ro\/?s=Alfred+Simonis\"><span>Alfred Simonis<\/span><\/a><a href=\"https:\/\/orasul-timisoara.ro\/?s=PNL\"><span>PNL<\/span><\/a><a href=\"https:\/\/orasul-timisoara.ro\/?s=coronavirus\"><span>coronavirus<\/span><\/a><a href=\"https:\/\/orasul-timisoara.ro\/?s=teatru+timisoara\">teatru Timisoara<\/a><a href=\"https:\/\/orasul-timisoara.ro\/?s=restaurante\"><span>restaurante Timisoara<\/span><\/a><a href=\"https:\/\/orasul-timisoara.ro\/?s=diskoteka\"><span>Diskoteka<\/span><\/a><a href=\"https:\/\/orasul-timisoara.ro\/?s=iulius+town\"><span>Iulius Town<\/span><\/a><a href=\"https:\/\/orasul-timisoara.ro\/?s=iulius+mall\"><span>Iulius Mall<\/span><\/a><a href=\"https:\/\/orasul-timisoara.ro\/?s=stpt\"><span>STPT<\/span><\/a><a href=\"https:\/\/orasul-timisoara.ro\/?s=alin+nica\"><span>Alin Nica<\/span><\/a><a href=\"https:\/\/orasul-timisoara.ro\/?s=psd\"><span>PSD<\/span><\/a><a href=\"https:\/\/orasul-timisoara.ro\/?s=aeroport\"><span>Aeroportul International Timisoara<\/span><\/a><a href=\"https:\/\/orasul-timisoara.ro\/?s=babes\"><span>Spitalul Victor Babes Timisoara<\/span><\/a><a href=\"https:\/\/orasul-timisoara.ro\/?s=poli\"><span>Poli Timi\u0219oara<\/span><\/a><a href=\"https:\/\/orasul-timisoara.ro\/?s=carantina\"><span>carantina<\/span><\/a><a href=\"https:\/\/orasul-timisoara.ro\/?s=aquatim\"><span>Aquatim<\/span><\/a><a href=\"https:\/\/orasul-timisoara.ro\/local-category\/stiri-timisoara\/\"><span>Stiri Timisoara<\/span><\/a><a href=\"https:\/\/orasul-timisoara.ro\/local-category\/investitii-in-timisoara\/\"><span>Investi\u021bii in Timi\u0219oara<\/span><\/a><a href=\"https:\/\/orasul-timisoara.ro\/local-9463\/\"><span>shaorma<\/span><\/a><a href=\"https:\/\/orasul-timisoara.ro\/?s=trafic\"><span>trafic rutier<\/span><\/a><a href=\"https:\/\/orasul-timisoara.ro\/?s=politia\"><span>politia locala timisoara<\/span><\/a><a href=\"https:\/\/orasul-timisoara.ro\/?s=roxana\"><span>Roxana Iliescu<\/span><\/a><a href=\"https:\/\/orasul-timisoara.ro\/?s=colterm\"><span>Colterm<\/span><\/a><a href=\"https:\/\/orasul-timisoara.ro\/?s=latcau\"><span>Ruben La\u021bc\u0103u<\/span><\/a><a href=\"https:\/\/orasul-timisoara.ro\/?s=timis\"><span>\u0218tiri din Timi\u0219<\/span><\/a><a href=\"https:\/\/orasul-timisoara.ro\/?s=spital\"><span>Spitale din Timi\u0219oara<\/span><\/a><a href=\"https:\/\/orasul-timisoara.ro\/?s=tabara\"><span>Cosmin Tab\u0103r\u0103<\/span><\/a><\/div>\n<\/aside>\n<aside id=\"rss-2\" class=\"td_block_template_8 widget rss-2 widget_rss\">\n<h4 class=\"td-block-title\"><span><a class=\"rsswidget rss-widget-feed\" href=\"https:\/\/fashionfridays.ro\/feed\"><img decoding=\"async\" class=\"rss-widget-icon\" width=\"14\" height=\"14\" src=\"https:\/\/orasul-timisoara.ro\/wp-includes\/images\/rss.png\" alt=\"Flux RSS: Fashion Fridays\" loading=\"lazy\"><\/a><a class=\"rsswidget rss-widget-title\" href=\"https:\/\/fashionfridays.ro\/\">Fashion Fridays<\/a><\/span><\/h4>\n<ul>\n<li><a class=\"rsswidget\" href=\"https:\/\/fashionfridays.ro\/romania-devine-a-29-a-piata-vogue-o-noua-era-pentru-industria-locala-de-moda\/\">Rom\u00e2nia devine a 29-a pia\u021b\u0103 Vogue: o nou\u0103 er\u0103 pentru industria local\u0103 de mod\u0103<\/a>\n<div class=\"rssSummary\">Revista Vogue \u00ee\u0219i extinde prezen\u021ba global\u0103 \u0219i va fi lansat\u0103 oficial \u00een Rom\u00e2nia \u00een prim\u0103vara anului 2027, marc\u00e2nd intrarea pe cea de-a 29-a pia\u021b\u0103 interna\u021bional\u0103. Proiectul este realizat \u00een parteneriat cu AEMME Publishing, o companie media recent \u00eenfiin\u021bat\u0103, care va publica edi\u021bia local\u0103 sub licen\u021b\u0103. Noua edi\u021bie, Vogue Rom\u00e2nia, \u00ee\u0219i propune s\u0103 combine autoritatea global\u0103 [\u2026]<\/div>\n<\/li>\n<\/ul>\n<\/aside>\n<aside id=\"rss-4\" class=\"td_block_template_8 widget rss-4 widget_rss\">\n<h4 class=\"td-block-title\"><span><a class=\"rsswidget rss-widget-feed\" href=\"https:\/\/emasini.ro\/feed\"><img decoding=\"async\" class=\"rss-widget-icon\" width=\"14\" height=\"14\" src=\"https:\/\/orasul-timisoara.ro\/wp-includes\/images\/rss.png\" alt=\"Flux RSS: eMasini\" loading=\"lazy\"><\/a><a class=\"rsswidget rss-widget-title\" href=\"https:\/\/emasini.ro\/\">eMasini<\/a><\/span><\/h4>\n<ul>\n<li><a class=\"rsswidget\" href=\"https:\/\/emasini.ro\/adio-bordurilor-pline-de-ecrane-mercedes-benz-readuce-butoanele-in-noile-masini-produse\/\">Adio bordurilor pline de ecrane? Mercedes-Benz readuce butoanele \u00een noile ma\u0219ini produse<\/a>\n<div class=\"rssSummary\">Mercedes-Benz \u00ee\u0219i schimb\u0103 direc\u021bia \u00een ceea ce prive\u0219te designul interioarelor \u0219i va readuce comenzile fizice pentru anumite func\u021bii importante. Constructorul german nu renun\u021b\u0103 la ecranele mari \u0219i la tehnologiile digitale, dar recunoa\u0219te c\u0103 a mers prea departe prin eliminarea unor butoane \u0219i comenzi tactile. Ola K\u00e4llenius, pre\u0219edintele Consiliului de Administra\u021bie al Mercedes-Benz Group \u0219i CEO [\u2026]<\/div>\n<\/li>\n<\/ul>\n<\/aside>\n<\/div>\n<\/div>\n<\/div>\n<\/div>\n<\/article>\n<div class=\"td-post-content tagdiv-type\">\n<p class=\"wp-block-paragraph\">Timi\u0219oara a comemorat joi, 20 august, eroii \u0219i veteranii Regimentului 6 Artilerie Grea \u201eTribunul Ioan Axente Sever\u201d, una dintre unit\u0103\u021bile Armatei Rom\u00e2ne a c\u0103rei istorie este str\u00e2ns legat\u0103 de ora\u0219 \u0219i de confrunt\u0103rile dramatice ale celui de-Al Doilea R\u0103zboi Mondial. Ceremonia anual\u0103 a avut loc la ora 9:30, la Catedrala Mitropolitan\u0103 din Timi\u0219oara, \u0219i a reunit oameni veni\u021bi s\u0103 p\u0103streze vie memoria militarilor care au luptat pe front.<\/p>\n<h2 class=\"wp-block-heading\">Regimentul 6 Artilerie Grea, legat de istoria Timi\u0219oarei<\/h2>\n<p class=\"wp-block-paragraph\">Comemorarea organizat\u0103 \u00een fiecare an la 20 august continu\u0103 o tradi\u021bie \u00eenceput\u0103 de veteranii unit\u0103\u021bii \u0219i preluat\u0103 ulterior de urma\u0219ii acestora. Este una dintre cele mai longevive ini\u021biative dedicate memoriei veteranilor unei unit\u0103\u021bi a Armatei Rom\u00e2ne.<\/p>\n<p class=\"wp-block-paragraph\">Istoria regimentului \u00eencepe \u00een anul 1923. De-a lungul existen\u021bei sale, unitatea a avut garnizoane la Alba Iulia, Flore\u0219ti, Sibiu \u0219i Timi\u0219oara. Leg\u0103tura cu ora\u0219ul de pe Bega este p\u0103strat\u0103 \u0219i prin placa memorial\u0103 amplasat\u0103 \u00een Castelul Huniade, actualul sediu al Muzeului Na\u021bional al Banatului.<\/p>\n<p class=\"wp-block-paragraph\">Inscrip\u021bia aminte\u0219te c\u0103, \u00een anii celui de-Al Doilea R\u0103zboi Mondial, aici \u0219i-a avut sediul Regimentul 6 Artilerie Grea Timi\u0219oara \u0219i \u00eei men\u021bioneaz\u0103 printre comandan\u021bi pe coloneii Gheorghe Lipovan, Alexandru Galgo\u021bi \u0219i Alcipiade Carozzi.<\/p>\n<h2 class=\"wp-block-heading\">De la trecerea Prutului la luptele din zona Odessei<\/h2>\n<p class=\"wp-block-paragraph\">Regimentul a intrat \u00een r\u0103zboi \u00een campania din Est, particip\u00e2nd, \u00eencep\u00e2nd din vara anului 1941, la opera\u021biunile Armatei Rom\u00e2ne. Artileri\u0219tii au sprijinit trecerea Prutului, la 3 iulie 1941, apoi trecerea Nistrului, \u00een perioada 17\u201319 iulie, \u0219i opera\u021biunile militare desf\u0103\u0219urate \u00een zona Odessei.<\/p>\n<p class=\"wp-block-paragraph\">Una dintre datele care aveau s\u0103 r\u0103m\u00e2n\u0103 definitiv legate de memoria unit\u0103\u021bii este 20 august 1944.<\/p>\n<h2 class=\"wp-block-heading\">20 august 1944, ziua r\u0103mas\u0103 \u00een memoria regimentului<\/h2>\n<p class=\"wp-block-paragraph\">Cu o zi \u00eenainte, unitatea se afla \u00een zona Podu Iloaiei, \u00een jude\u021bul Ia\u0219i. \u00cen diminea\u021ba zilei de 20 august 1944 a \u00eenceput puternica ofensiv\u0103 sovietic\u0103 Ia\u0219i\u2013Chi\u0219in\u0103u. Regimentul a trecut prin bombardamente \u0219i a reu\u0219it s\u0103 evite capturarea integral\u0103, retr\u0103g\u00e2ndu-se cu o parte important\u0103 a efectivelor \u0219i armamentului.<\/p>\n<p class=\"wp-block-paragraph\">Supravie\u021buirea regimentului \u00een acel moment dramatic a f\u0103cut ca data de 20 august s\u0103 devin\u0103, peste decenii, ziua \u00een care veteranii \u0219i urma\u0219ii lor s-au reunit pentru a-i comemora pe cei c\u0103zu\u021bi \u0219i pentru a p\u0103stra memoria unit\u0103\u021bii.<\/p>\n<p class=\"wp-block-paragraph\">Dup\u0103 23 august 1944, destinul militarilor s-a schimbat radical. Regimentul a continuat lupta \u00eempotriva trupelor germane \u0219i maghiare, particip\u00e2nd la opera\u021biunile pentru eliberarea teritoriului na\u021bional.<\/p>\n<h2 class=\"wp-block-heading\">Militarii regimentului au luptat \u0219i pentru ap\u0103rarea Timi\u0219oarei<\/h2>\n<p class=\"wp-block-paragraph\">Istoria regimentului se intersecteaz\u0103 direct cu cea a Timi\u0219oarei. Militarii unit\u0103\u021bii au participat la confrunt\u0103rile din septembrie 1944, c\u00e2nd ofensiva germano-maghiar\u0103 asupra ora\u0219ului a e\u0219uat.<\/p>\n<p class=\"wp-block-paragraph\">Ulterior, Regimentul 6 Artilerie Grea a participat la luptele din Transilvania, inclusiv \u00een zonele Turda, Aiud \u0219i Cluj, continu\u00e2ndu-\u0219i parcursul militar \u00een cadrul opera\u021biunilor desf\u0103\u0219urate dup\u0103 schimbarea taberei Rom\u00e2niei \u00een august 1944.<\/p>\n<h2 class=\"wp-block-heading\">Memoria veteranilor, transmis\u0103 genera\u021biilor urm\u0103toare<\/h2>\n<p class=\"wp-block-paragraph\">Unul dintre oamenii care au contribuit la transformarea memoriei regimentului \u00eentr-o datorie transmis\u0103 genera\u021biilor urm\u0103toare a fost veteranul Constantin C\u0103lina. Sub \u00eendrumarea sa, fo\u0219tii combatan\u021bi au continuat s\u0103 se \u00eent\u00e2lneasc\u0103 la Timi\u0219oara \u0219i s\u0103-i pomeneasc\u0103 pe camarazii r\u0103ma\u0219i pe c\u00e2mpurile de lupt\u0103.<\/p>\n<p class=\"wp-block-paragraph\">Dup\u0103 dispari\u021bia genera\u021biei veteranilor, tradi\u021bia a fost preluat\u0103 de urma\u0219ii acestora. Printre cei implica\u021bi \u00een p\u0103strarea memoriei regimentului se num\u0103r\u0103 \u0219i istoricul Lauren\u021biu Mioc.<\/p>\n<p class=\"wp-block-paragraph\">Ceremonia de la Catedrala Mitropolitan\u0103 nu este astfel doar o privire c\u0103tre trecut, ci \u0219i un moment prin care comunitatea transmite mai departe memoria unei genera\u021bii pentru care r\u0103zboiul a \u00eensemnat front, camarazi pierdu\u021bi \u0219i \u00eentoarcerea acas\u0103 dup\u0103 experien\u021be greu de imaginat ast\u0103zi.<\/p>\n<p class=\"wp-block-paragraph\">La mai bine de opt decenii de la dramatica zi de 20 august 1944, Timi\u0219oara continu\u0103 s\u0103 p\u0103streze vie amintirea militarilor Regimentului 6 Artilerie Grea \u201eTribunul Ioan Axente Sever\u201d. Numele unit\u0103\u021bii r\u0103m\u00e2ne \u00eenscris at\u00e2t pe placa memorial\u0103 din Castelul Huniade, c\u00e2t \u0219i \u00een istoria militar\u0103 a ora\u0219ului \u0219i \u00een memoria celor care duc mai departe povestea veteranilor.<\/p>\n<\/div>\n<p>[analyse_source url=&#8221;https:\/\/orasul-timisoara.ro\/local-40420\/&#8221;]<\/p>\n","protected":false},"excerpt":{"rendered":"<p>[analyse_image type=&#8221;featured&#8221; src=&#8221;https:\/\/orasul-timisoara.ro\/wp-content\/uploads\/2026\/08\/Duma-004.jpg&#8221;] Evenimente in TimisoaraEroii Regimentului 6 Artilerie Grea, comemora\u021bi la Timi\u0219oara. 82 de ani de&#8230; Evenimente in Timisoara \u0218tiri Locale Eroii Regimentului 6 Artilerie Grea, comemora\u021bi la Timi\u0219oara. 82 de ani de la ziua care a marcat unitatea De c\u0103tre redactia &#8211; 21\/08\/2026 Facebook Twitter WhatsApp Linkedin ReddIt Email Imprimare Timi\u0219oara a comemorat [&hellip;]<\/p>\n","protected":false},"author":1,"featured_media":0,"comment_status":"open","ping_status":"","sticky":false,"template":"","format":"standard","meta":{"footnotes":""},"categories":[89],"tags":[226,189],"class_list":["post-2105551","post","type-post","status-publish","format-standard","hentry","category-romania","tag-crawlmanager","tag-orasul-timisoara-ro"],"_links":{"self":[{"href":"https:\/\/analyse.optim.biz\/index.php?rest_route=\/wp\/v2\/posts\/2105551","targetHints":{"allow":["GET"]}}],"collection":[{"href":"https:\/\/analyse.optim.biz\/index.php?rest_route=\/wp\/v2\/posts"}],"about":[{"href":"https:\/\/analyse.optim.biz\/index.php?rest_route=\/wp\/v2\/types\/post"}],"author":[{"embeddable":true,"href":"https:\/\/analyse.optim.biz\/index.php?rest_route=\/wp\/v2\/users\/1"}],"replies":[{"embeddable":true,"href":"https:\/\/analyse.optim.biz\/index.php?rest_route=%2Fwp%2Fv2%2Fcomments&post=2105551"}],"version-history":[{"count":0,"href":"https:\/\/analyse.optim.biz\/index.php?rest_route=\/wp\/v2\/posts\/2105551\/revisions"}],"wp:attachment":[{"href":"https:\/\/analyse.optim.biz\/index.php?rest_route=%2Fwp%2Fv2%2Fmedia&parent=2105551"}],"wp:term":[{"taxonomy":"category","embeddable":true,"href":"https:\/\/analyse.optim.biz\/index.php?rest_route=%2Fwp%2Fv2%2Fcategories&post=2105551"},{"taxonomy":"post_tag","embeddable":true,"href":"https:\/\/analyse.optim.biz\/index.php?rest_route=%2Fwp%2Fv2%2Ftags&post=2105551"}],"curies":[{"name":"wp","href":"https:\/\/api.w.org\/{rel}","templated":true}]}}