{"id":2105549,"date":"2026-08-21T14:05:13","date_gmt":"2026-08-21T11:05:13","guid":{"rendered":"https:\/\/analyse.optim.biz\/?p=2105549"},"modified":"2026-08-21T14:05:13","modified_gmt":"2026-08-21T11:05:13","slug":"miss-romania-the-crown-ajunge-la-timisoara-preselectiile-pentru-editia-2026-la-iulius-mall","status":"publish","type":"post","link":"https:\/\/analyse.optim.biz\/?p=2105549","title":{"rendered":"Miss Rom\u00e2nia The Crown ajunge la Timi\u0219oara. Preselec\u021biile pentru edi\u021bia 2026, la Iulius Mall"},"content":{"rendered":"<p>[analyse_image type=&#8221;featured&#8221; src=&#8221;https:\/\/orasul-timisoara.ro\/wp-content\/uploads\/2026\/08\/miss-romania-the-crown-preselectii.jpg&#8221;]<\/p>\n<article id=\"post-40410\" class=\"td-post-template-7 post-40410 post type-post status-publish format-standard has-post-thumbnail category-evenimente-in-timisoara category-featured category-stiri-timisoara tag-caravana-frumusetii tag-concurs-de-frumusete tag-editia-2026 tag-iulius-mall tag-miss-romania-the-crown-2 tag-preselectii tag-stiri-timisoara-2 tag-timisoara-2 td-container-wrap\">\n<div class=\"td-full-screen-header-image-wrap\">\n<div class=\"td-container td-post-header\">\n<div class=\"td-crumb-container\">\n<div class=\"entry-crumbs\"><span><a title=\"Vede\u021bi toate articolele \u00een Evenimente in Timisoara\" class=\"entry-crumb\" href=\"https:\/\/orasul-timisoara.ro\/local-category\/evenimente-in-timisoara\/\">Evenimente in Timisoara<\/a><\/span><span class=\"td-bred-no-url-last\">Miss Rom\u00e2nia The Crown ajunge la Timi\u0219oara. Preselec\u021biile pentru edi\u021bia 2026, la&#8230;<\/span><\/div>\n<\/div>\n<div class=\"td-post-header-holder\">\n<div class=\"td-parallax-header\">\n<header class=\"td-post-title\">\n<ul class=\"td-category\">\n<li class=\"entry-category\"><a href=\"https:\/\/orasul-timisoara.ro\/local-category\/evenimente-in-timisoara\/\">Evenimente in Timisoara<\/a><\/li>\n<li class=\"entry-category\"><a href=\"https:\/\/orasul-timisoara.ro\/local-category\/stiri-timisoara\/\">\u0218tiri Locale<\/a><\/li>\n<\/ul>\n<h1 class=\"entry-title\">Miss Rom\u00e2nia The Crown ajunge la Timi\u0219oara. Preselec\u021biile pentru edi\u021bia 2026, la Iulius Mall<\/h1>\n<div class=\"td-module-meta-info\">\n<div class=\"td-post-author-name\">\n<div class=\"td-author-by\">De c\u0103tre<\/div>\n<p><a href=\"https:\/\/orasul-timisoara.ro\/author\/timisoara\/\">redactia<\/a><\/p>\n<div class=\"td-author-line\"> &#8211; <\/div>\n<\/div>\n<p><span class=\"td-post-date\"><time class=\"entry-date updated td-module-date\" datetime=\"2026-08-21T17:05:13+03:00\">21\/08\/2026<\/time><\/span><\/div>\n<\/header>\n<\/div>\n<\/div>\n<\/div>\n<div id=\"td-full-screen-header-image\" class=\"td-image-gradient-style7\"><img decoding=\"async\" class=\"td-backstretch\" src=\"https:\/\/orasul-timisoara.ro\/wp-content\/uploads\/2026\/08\/miss-romania-the-crown-preselectii.jpg\"><\/div>\n<\/div>\n<div class=\"td-container\">\n<div class=\"td-pb-row\">\n<div class=\"td-pb-span8 td-main-content\" role=\"main\">\n<div class=\"td-ss-main-content\">\n<div class=\"td-post-sharing-top\">\n<div class=\"td-post-sharing-classic\"><iframe title=\"topFacebookLike\" frameborder src=\"https:\/\/www.facebook.com\/plugins\/like.php?href=https:\/\/orasul-timisoara.ro\/local-40410\/&amp;layout=button_count&amp;show_faces=false&amp;width=105&amp;action=like&amp;colorscheme=light&amp;height=21\"><\/iframe><\/div>\n<div id=\"td_social_sharing_article_top\" class=\"td-post-sharing td-ps-bg td-ps-notext td-post-sharing-style1 \">\n<div class=\"td-post-sharing-visible\"><a class=\"td-social-sharing-button td-social-sharing-button-js td-social-network td-social-facebook\" href=\"https:\/\/www.facebook.com\/sharer.php?u=https%3A%2F%2Forasul-timisoara.ro%2Flocal-40410%2F\" title=\"Facebook\"><\/p>\n<div class=\"td-social-but-text\">Facebook<\/div>\n<p><\/a><a class=\"td-social-sharing-button td-social-sharing-button-js td-social-network td-social-twitter\" href=\"https:\/\/twitter.com\/intent\/tweet?text=Miss+Rom%C3%A2nia+The+Crown+ajunge+la+Timi%C8%99oara.+Preselec%C8%9Biile+pentru+edi%C8%9Bia+2026%2C+la+Iulius+Mall&amp;url=https%3A%2F%2Forasul-timisoara.ro%2Flocal-40410%2F&amp;via=orasultm\" title=\"Twitter\"><\/p>\n<div class=\"td-social-but-text\">Twitter<\/div>\n<p><\/a><a class=\"td-social-sharing-button td-social-sharing-button-js td-social-network td-social-whatsapp\" href=\"https:\/\/api.whatsapp.com\/send?text=Miss+Rom%C3%A2nia+The+Crown+ajunge+la+Timi%C8%99oara.+Preselec%C8%9Biile+pentru+edi%C8%9Bia+2026%2C+la+Iulius+Mall%20%0A%0A%20https:\/\/orasul-timisoara.ro\/local-40410\/\" title=\"WhatsApp\"><\/p>\n<div class=\"td-social-but-text\">WhatsApp<\/div>\n<p><\/a><a class=\"td-social-sharing-button td-social-sharing-button-js td-social-network td-social-linkedin\" href=\"https:\/\/www.linkedin.com\/shareArticle?mini=true&amp;url=https:\/\/orasul-timisoara.ro\/local-40410\/&amp;title=Miss+Rom%C3%A2nia+The+Crown+ajunge+la+Timi%C8%99oara.+Preselec%C8%9Biile+pentru+edi%C8%9Bia+2026%2C+la+Iulius+Mall\" title=\"Linkedin\"><\/p>\n<div class=\"td-social-but-text\">Linkedin<\/div>\n<p><\/a><a class=\"td-social-sharing-button td-social-sharing-button-js td-social-network td-social-reddit\" href=\"https:\/\/reddit.com\/submit?url=https:\/\/orasul-timisoara.ro\/local-40410\/&amp;title=Miss+Rom%C3%A2nia+The+Crown+ajunge+la+Timi%C8%99oara.+Preselec%C8%9Biile+pentru+edi%C8%9Bia+2026%2C+la+Iulius+Mall\" title=\"ReddIt\"><\/p>\n<div class=\"td-social-but-text\">ReddIt<\/div>\n<p><\/a><a class=\"td-social-sharing-button td-social-sharing-button-js td-social-network td-social-mail\" href=\"mailto:?subject=Miss%20Rom%C3%A2nia%20The%20Crown%20ajunge%20la%20Timi%C8%99oara.%20Preselec%C8%9Biile%20pentru%20edi%C8%9Bia%202026,%20la%20Iulius%20Mall&amp;body=https:\/\/orasul-timisoara.ro\/local-40410\/\" title=\"Email\"><\/p>\n<div class=\"td-social-but-text\">Email<\/div>\n<p><\/a><a class=\"td-social-sharing-button td-social-sharing-button-js td-social-network td-social-print\" href=\"https:\/\/orasul-timisoara.ro\/local-40410\/\" title=\"Imprimare\"><\/p>\n<div class=\"td-social-but-text\">Imprimare<\/div>\n<p><\/a><\/div>\n<\/div>\n<\/div>\n<div class=\"td-post-content tagdiv-type\">\n<p class=\"wp-block-paragraph\">Miss Rom\u00e2nia The Crown continu\u0103 preselec\u021biile pentru edi\u021bia 2026, iar Caravana Frumuse\u021bii ajunge la Timi\u0219oara pe 5 septembrie. Tinerele care \u00ee\u0219i doresc s\u0103 intre \u00een competi\u021bie sunt a\u0219teptate la Iulius Mall, \u00eencep\u00e2nd cu ora 17:00, pentru a face primul pas c\u0103tre o experien\u021b\u0103 care \u00ee\u0219i propune s\u0103 dep\u0103\u0219easc\u0103 grani\u021bele unui simplu concurs de frumuse\u021be.<\/p>\n<h2 class=\"wp-block-heading\">Miss Rom\u00e2nia The Crown ajunge la Timi\u0219oara<\/h2>\n<p class=\"wp-block-paragraph\">Primele 10 participante au fost deja selectate \u00een cadrul unui eveniment desf\u0103\u0219urat recent la Arad, marc\u00e2nd \u00eenceputul oficial al preselec\u021biilor pentru edi\u021bia din 2026. Selec\u021bia continu\u0103 acum \u00een mai multe ora\u0219e din \u021bar\u0103, iar Timi\u0219oara este urm\u0103toarea oprire a Caravanei Frumuse\u021bii.<\/p>\n<p class=\"wp-block-paragraph\">Preselec\u021biile de la Timi\u0219oara vor avea loc pe <strong>5 septembrie 2026<\/strong>, la <strong>Iulius Mall<\/strong>, \u00eencep\u00e2nd cu <strong>ora 17:00<\/strong>. Organizatorii le invit\u0103 s\u0103 participe pe tinerele care \u00ee\u0219i doresc s\u0103 intre \u00een competi\u021bie \u0219i s\u0103 descopere oportunit\u0103\u021bile pe care le poate oferi aceast\u0103 experien\u021b\u0103.<\/p>\n<p class=\"wp-block-paragraph\">Miss Rom\u00e2nia The Crown \u00ee\u0219i propune s\u0103 descopere femei care se remarc\u0103 nu doar prin frumuse\u021be, ci \u0219i prin personalitate, elegan\u021b\u0103, naturale\u021be, \u00eencredere \u00een sine, inteligen\u021b\u0103 \u0219i dorin\u021ba de a evolua.<\/p>\n<h2 class=\"wp-block-heading\">Caravana Frumuse\u021bii caut\u0103 noi participante<\/h2>\n<p class=\"wp-block-paragraph\">Potrivit organizatorilor, concursul reprezint\u0103 mai mult dec\u00e2t o competi\u021bie de frumuse\u021be. Participantele au posibilitatea de a intra \u00een lumea modei, a evenimentelor \u0219i a proiectelor na\u021bionale \u0219i interna\u021bionale, iar preselec\u021biile reprezint\u0103 prima etap\u0103 a acestui parcurs.<\/p>\n<p class=\"wp-block-paragraph\">\u201eNe dorim s\u0103 descoperim femei autentice, fiecare cu povestea, personalitatea \u0219i visurile ei. Primele 10 participante selectate la Arad ne-au confirmat \u00eenc\u0103 o dat\u0103 c\u0103 exist\u0103 foarte multe tinere care merit\u0103 s\u0103 fie v\u0103zute \u0219i sus\u021binute. Acum pornim mai departe cu Caravana Frumuse\u021bii \u0219i le a\u0219tept\u0103m pe toate cele care simt c\u0103 acest concurs poate fi \u00eenceputul unei experien\u021be importante pentru ele\u201d, transmite <strong>Hannelore Ulrich, pre\u0219edintele Miss Rom\u00e2nia The Crown<\/strong>.<\/p>\n<p class=\"wp-block-paragraph\">Organizatorii anun\u021b\u0103 c\u0103 preselec\u021biile vor continua \u0219i \u00een alte ora\u0219e din Rom\u00e2nia. Dup\u0103 Timi\u0219oara, caravana va ajunge la Bucure\u0219ti, Constan\u021ba \u0219i Craiova.<\/p>\n<ul class=\"wp-block-list\">\n<li><strong>Timi\u0219oara<\/strong> \u2013 Iulius Mall, 5 septembrie 2026, ora 17:00;<\/li>\n<li><strong>Bucure\u0219ti<\/strong> \u2013 AFI Cotroceni, 11 septembrie 2026, ora 17:00;<\/li>\n<li><strong>Constan\u021ba<\/strong> \u2013 12 septembrie 2026;<\/li>\n<li><strong>Craiova<\/strong> \u2013 13 septembrie 2026.<\/li>\n<\/ul>\n<p class=\"wp-block-paragraph\">Fiecare oprire a Caravanei Frumuse\u021bii reprezint\u0103 o nou\u0103 oportunitate pentru tinerele care \u00ee\u0219i doresc s\u0103 intre \u00een competi\u021bia Miss Rom\u00e2nia The Crown \u0219i s\u0103 \u00ee\u0219i pun\u0103 \u00een valoare personalitatea \u0219i calit\u0103\u021bile.<\/p>\n<p class=\"wp-block-paragraph\">La Timi\u0219oara, preselec\u021biile sunt programate pentru <strong>5 septembrie, de la ora 17:00, la Iulius Mall<\/strong>. Organizatorii transmit c\u0103 tinerele care au visat s\u0103 urce pe scen\u0103 \u0219i s\u0103 reprezinte frumuse\u021bea \u0219i elegan\u021ba rom\u00e2neasc\u0103 sunt invitate s\u0103 fac\u0103 primul pas.<\/p>\n<p class=\"wp-block-paragraph\"><strong>\u201eFrumuse\u021bea te poate face remarcat\u0103. Personalitatea te poate face de neuitat.\u201d<\/strong><\/p>\n<\/div>\n<footer>\n<div class=\"td-post-source-tags\">\n<ul class=\"td-tags td-post-small-box clearfix\">\n<li><span>ETICHETE<\/span><\/li>\n<li><a href=\"https:\/\/orasul-timisoara.ro\/local-tag\/caravana-frumusetii\/\">caravana frumuse\u021bii<\/a><\/li>\n<li><a href=\"https:\/\/orasul-timisoara.ro\/local-tag\/concurs-de-frumusete\/\">concurs de frumuse\u021be<\/a><\/li>\n<li><a href=\"https:\/\/orasul-timisoara.ro\/local-tag\/editia-2026\/\">edi\u021bia 2026<\/a><\/li>\n<li><a href=\"https:\/\/orasul-timisoara.ro\/local-tag\/iulius-mall\/\">iulius mall<\/a><\/li>\n<li><a href=\"https:\/\/orasul-timisoara.ro\/local-tag\/miss-romania-2\/\">Miss Rom\u00e2nia<\/a><\/li>\n<li><a href=\"https:\/\/orasul-timisoara.ro\/local-tag\/miss-romania-the-crown-2\/\">Miss Rom\u00e2nia The Crown<\/a><\/li>\n<li><a href=\"https:\/\/orasul-timisoara.ro\/local-tag\/preselectii\/\">preselec\u021bii<\/a><\/li>\n<li><a href=\"https:\/\/orasul-timisoara.ro\/local-tag\/stiri-timisoara-2\/\">\u0219tiri Timi\u0219oara<\/a><\/li>\n<li><a href=\"https:\/\/orasul-timisoara.ro\/local-tag\/timisoara-2\/\">timi\u0219oara<\/a><\/li>\n<\/ul>\n<\/div>\n<div class=\"td-post-sharing-bottom\">\n<div class=\"td-post-sharing-classic\"><iframe title=\"bottomFacebookLike\" frameborder src=\"https:\/\/www.facebook.com\/plugins\/like.php?href=https:\/\/orasul-timisoara.ro\/local-40410\/&amp;layout=button_count&amp;show_faces=false&amp;width=105&amp;action=like&amp;colorscheme=light&amp;height=21\"><\/iframe><\/div>\n<div id=\"td_social_sharing_article_bottom\" class=\"td-post-sharing td-ps-bg td-ps-notext td-post-sharing-style1 \">\n<div class=\"td-post-sharing-visible\"><a class=\"td-social-sharing-button td-social-sharing-button-js td-social-network td-social-facebook\" href=\"https:\/\/www.facebook.com\/sharer.php?u=https%3A%2F%2Forasul-timisoara.ro%2Flocal-40410%2F\" title=\"Facebook\"><\/p>\n<div class=\"td-social-but-text\">Facebook<\/div>\n<p><\/a><a class=\"td-social-sharing-button td-social-sharing-button-js td-social-network td-social-twitter\" href=\"https:\/\/twitter.com\/intent\/tweet?text=Miss+Rom%C3%A2nia+The+Crown+ajunge+la+Timi%C8%99oara.+Preselec%C8%9Biile+pentru+edi%C8%9Bia+2026%2C+la+Iulius+Mall&amp;url=https%3A%2F%2Forasul-timisoara.ro%2Flocal-40410%2F&amp;via=orasultm\" title=\"Twitter\"><\/p>\n<div class=\"td-social-but-text\">Twitter<\/div>\n<p><\/a><a class=\"td-social-sharing-button td-social-sharing-button-js td-social-network td-social-whatsapp\" href=\"https:\/\/api.whatsapp.com\/send?text=Miss+Rom%C3%A2nia+The+Crown+ajunge+la+Timi%C8%99oara.+Preselec%C8%9Biile+pentru+edi%C8%9Bia+2026%2C+la+Iulius+Mall%20%0A%0A%20https:\/\/orasul-timisoara.ro\/local-40410\/\" title=\"WhatsApp\"><\/p>\n<div class=\"td-social-but-text\">WhatsApp<\/div>\n<p><\/a><a class=\"td-social-sharing-button td-social-sharing-button-js td-social-network td-social-linkedin\" href=\"https:\/\/www.linkedin.com\/shareArticle?mini=true&amp;url=https:\/\/orasul-timisoara.ro\/local-40410\/&amp;title=Miss+Rom%C3%A2nia+The+Crown+ajunge+la+Timi%C8%99oara.+Preselec%C8%9Biile+pentru+edi%C8%9Bia+2026%2C+la+Iulius+Mall\" title=\"Linkedin\"><\/p>\n<div class=\"td-social-but-text\">Linkedin<\/div>\n<p><\/a><a class=\"td-social-sharing-button td-social-sharing-button-js td-social-network td-social-reddit\" href=\"https:\/\/reddit.com\/submit?url=https:\/\/orasul-timisoara.ro\/local-40410\/&amp;title=Miss+Rom%C3%A2nia+The+Crown+ajunge+la+Timi%C8%99oara.+Preselec%C8%9Biile+pentru+edi%C8%9Bia+2026%2C+la+Iulius+Mall\" title=\"ReddIt\"><\/p>\n<div class=\"td-social-but-text\">ReddIt<\/div>\n<p><\/a><a class=\"td-social-sharing-button td-social-sharing-button-js td-social-network td-social-mail\" href=\"mailto:?subject=Miss%20Rom%C3%A2nia%20The%20Crown%20ajunge%20la%20Timi%C8%99oara.%20Preselec%C8%9Biile%20pentru%20edi%C8%9Bia%202026,%20la%20Iulius%20Mall&amp;body=https:\/\/orasul-timisoara.ro\/local-40410\/\" title=\"Email\"><\/p>\n<div class=\"td-social-but-text\">Email<\/div>\n<p><\/a><a class=\"td-social-sharing-button td-social-sharing-button-js td-social-network td-social-print\" href=\"https:\/\/orasul-timisoara.ro\/local-40410\/\" title=\"Imprimare\"><\/p>\n<div class=\"td-social-but-text\">Imprimare<\/div>\n<p><\/a><\/div>\n<\/div>\n<\/div>\n<div class=\"td-block-row td-post-next-prev\">\n<div class=\"td-block-span6 td-post-prev-post\">\n<div class=\"td-post-next-prev-content\"><span>Articolul precedent<\/span><a href=\"https:\/\/orasul-timisoara.ro\/local-40405\/\">Timi\u0219oara poate primi finan\u021bare pentru maximum dou\u0103 blocuri prin programul \u201eLift pentru via\u021b\u0103\u201d<\/a><\/div>\n<\/div>\n<div class=\"td-block-span6 td-post-next-post\">\n<div class=\"td-post-next-prev-content\"><span>Articolul urm\u0103tor<\/span><a href=\"https:\/\/orasul-timisoara.ro\/local-40415\/\">Restric\u021bii de circula\u021bie \u00een Timi\u0219oara. Mai multe str\u0103zi \u0219i bulevarde vor fi \u00eenchise \u00een urm\u0103toarele zile<\/a><\/div>\n<\/div>\n<\/div>\n<div class=\"td-author-name vcard author\"><span class=\"fn\"><a href=\"https:\/\/orasul-timisoara.ro\/author\/timisoara\/\">redactia<\/a><\/span><\/div>\n<p><span class=\"td-page-meta\"><\/span><span class=\"td-page-meta\"><span class=\"td-page-meta\"><\/span><\/span><span class=\"td-page-meta\"><\/span><\/footer>\n<div class=\"td_block_wrap td_block_related_posts tdi_3 td_with_ajax_pagination td-pb-border-top td_block_template_8\" data-td-block-uid=\"tdi_3\">\n<h4 class=\"td-related-title td-block-title\"><a id=\"tdi_4\" class=\"td-related-left td-cur-simple-item\" data-td_filter_value data-td_block_id=\"tdi_3\" href=\"https:\/\/orasul-timisoara.ro\/local-40410\/\">ARTICOLE SIMILARE<\/a><a id=\"tdi_5\" class=\"td-related-right\" data-td_filter_value=\"td_related_more_from_author\" data-td_block_id=\"tdi_3\" href=\"https:\/\/orasul-timisoara.ro\/local-40410\/\">DE LA ACELA\u0218I AUTOR<\/a><\/h4>\n<div id=\"tdi_3\" class=\"td_block_inner\">\n<div class=\"td-related-row\">\n<div class=\"td-related-span4\">\n<div class=\"td_module_related_posts td-animation-stack td_mod_related_posts\">\n<div class=\"td-module-image\">\n<div class=\"td-module-thumb\"><a href=\"https:\/\/orasul-timisoara.ro\/local-40014\/\" rel=\"bookmark\" class=\"td-image-wrap \" title=\"Diaconu Mihai, \u201eAquaman\u201d de Timi\u0219oara, prezent la Miss Rom\u00e2nia The Crown 2026\"><img loading=\"lazy\" decoding=\"async\" class=\"entry-thumb\" src=\"https:\/\/orasul-timisoara.ro\/wp-content\/uploads\/2026\/08\/diaconu-mihai-436x300.jpg\" alt title=\"Diaconu Mihai, \u201eAquaman\u201d de Timi\u0219oara, prezent la Miss Rom\u00e2nia The Crown 2026\" width=\"218\" height=\"150\"><\/a><\/div>\n<\/div>\n<div class=\"item-details\">\n<h3 class=\"entry-title td-module-title\"><a href=\"https:\/\/orasul-timisoara.ro\/local-40014\/\" rel=\"bookmark\" title=\"Diaconu Mihai, \u201eAquaman\u201d de Timi\u0219oara, prezent la Miss Rom\u00e2nia The Crown 2026\">Diaconu Mihai, \u201eAquaman\u201d de Timi\u0219oara, prezent la Miss Rom\u00e2nia The Crown 2026<\/a><\/h3>\n<\/div>\n<\/div>\n<\/div>\n<div class=\"td-related-span4\">\n<div class=\"td_module_related_posts td-animation-stack td_mod_related_posts\">\n<div class=\"td-module-image\">\n<div class=\"td-module-thumb\"><a href=\"https:\/\/orasul-timisoara.ro\/local-38942\/\" rel=\"bookmark\" class=\"td-image-wrap \" title=\"Timi\u0219oara g\u0103zduie\u0219te de 1 Iunie edi\u021bia special\u0103 \u201eMiss Rom\u00e2nia The Crown Kids Edition\u201d\"><img loading=\"lazy\" decoding=\"async\" class=\"entry-thumb\" src=\"https:\/\/orasul-timisoara.ro\/wp-content\/uploads\/2026\/05\/ChatGPT-Image-May-29-2026-12_58_00-PM-436x300.jpg\" alt title=\"Timi\u0219oara g\u0103zduie\u0219te de 1 Iunie edi\u021bia special\u0103 \u201eMiss Rom\u00e2nia The Crown Kids Edition\u201d\" width=\"218\" height=\"150\"><\/a><\/div>\n<\/div>\n<div class=\"item-details\">\n<h3 class=\"entry-title td-module-title\"><a href=\"https:\/\/orasul-timisoara.ro\/local-38942\/\" rel=\"bookmark\" title=\"Timi\u0219oara g\u0103zduie\u0219te de 1 Iunie edi\u021bia special\u0103 \u201eMiss Rom\u00e2nia The Crown Kids Edition\u201d\">Timi\u0219oara g\u0103zduie\u0219te de 1 Iunie edi\u021bia special\u0103 \u201eMiss Rom\u00e2nia The Crown Kids Edition\u201d<\/a><\/h3>\n<\/div>\n<\/div>\n<\/div>\n<div class=\"td-related-span4\">\n<div class=\"td_module_related_posts td-animation-stack td_mod_related_posts\">\n<div class=\"td-module-image\">\n<div class=\"td-module-thumb\"><a href=\"https:\/\/orasul-timisoara.ro\/local-38720\/\" rel=\"bookmark\" class=\"td-image-wrap \" title=\"\u00censcrierile pentru Miss Rom\u00e2nia The Crown Kids Edition intr\u0103 pe ultima sut\u0103 de metri\"><img loading=\"lazy\" decoding=\"async\" class=\"entry-thumb\" src=\"https:\/\/orasul-timisoara.ro\/wp-content\/uploads\/2026\/05\/concurs-copii-436x300.jpg\" alt title=\"\u00censcrierile pentru Miss Rom\u00e2nia The Crown Kids Edition intr\u0103 pe ultima sut\u0103 de metri\" width=\"218\" height=\"150\"><\/a><\/div>\n<\/div>\n<div class=\"item-details\">\n<h3 class=\"entry-title td-module-title\"><a href=\"https:\/\/orasul-timisoara.ro\/local-38720\/\" rel=\"bookmark\" title=\"\u00censcrierile pentru Miss Rom\u00e2nia The Crown Kids Edition intr\u0103 pe ultima sut\u0103 de metri\">\u00censcrierile pentru Miss Rom\u00e2nia The Crown Kids Edition intr\u0103 pe ultima sut\u0103 de metri<\/a><\/h3>\n<\/div>\n<\/div>\n<\/div>\n<\/div>\n<\/div>\n<\/div>\n<div class=\"comments\" id=\"comments\">\n<div id=\"respond\" class=\"comment-respond\">\n<h3 id=\"reply-title\" class=\"comment-reply-title\">L\u0102SA\u021aI UN MESAJ<\/h3>\n<div class=\"comment-form-input-wrap td-form-comment\">\n<div class=\"td-warning-comment\">V\u0103 rug\u0103m s\u0103 introduce\u021bi comentariul dvs.!<\/div>\n<\/div>\n<div class=\"comment-form-input-wrap td-form-author\">\n<div class=\"td-warning-author\">Introduce\u021bi aici numele dvs.<\/div>\n<\/div>\n<div class=\"comment-form-input-wrap td-form-email\">\n<div class=\"td-warning-email-error\">A\u021bi introdus o adres\u0103 de e-mail incorect\u0103!<\/div>\n<div class=\"td-warning-email\">V\u0103 rug\u0103m s\u0103 introduce\u021bi adresa dvs. de e-mail aici<\/div>\n<\/div>\n<\/div>\n<p class=\"akismet_comment_form_privacy_notice\">Acest site folose\u0219te Akismet pentru a reduce spamul. <a href=\"https:\/\/akismet.com\/privacy\/\" target=\"_blank\" rel=\"nofollow noopener\">Afl\u0103 cum sunt procesate datele comentariilor tale<\/a>.<\/p>\n<\/div>\n<\/div>\n<\/div>\n<div class=\"td-pb-span4 td-main-sidebar\" role=\"complementary\">\n<div class=\"td-ss-main-sidebar\">\n<aside id=\"block-4\" class=\"td_block_template_8 widget block-4 widget_block widget_media_image\">\n<figure class=\"wp-block-image size-full\"><img loading=\"lazy\" decoding=\"async\" width=\"336\" height=\"280\" src=\"https:\/\/orasul-timisoara.ro\/wp-content\/uploads\/2024\/11\/ReTIM-Abonamentul-Verde-Google-Ads-336x280px.gif\" alt class=\"wp-image-29257\"><\/figure>\n<\/aside>\n<div class=\"td_block_wrap td_block_social_counter td_block_widget tdi_6 td-social-style5 td-social-boxed td-pb-border-top td_block_template_8\">\n<div class=\"td-block-title-wrap\">\n<h4 class=\"td-block-title\"><span>Urm\u0103re\u0219te-ne pe Social Media<\/span><\/h4>\n<\/div>\n<div class=\"td-social-list\">\n<div class=\"td_social_type td-pb-margin-side td_social_facebook\">\n<div class=\"td-social-box\"><span class=\"td_social_info td_social_info_counter\">344,595<\/span><span class=\"td_social_info td_social_info_name\">Fani<\/span><span class=\"td_social_button\"><a href=\"https:\/\/www.facebook.com\/247timisoara\" target=\"_blank\" rel=\"nofollow\">\u00cemi place<\/a><\/span><\/div>\n<\/div>\n<div class=\"td_social_type td-pb-margin-side td_social_instagram\">\n<div class=\"td-social-box\"><span class=\"td_social_info td_social_info_counter\">4,416<\/span><span class=\"td_social_info td_social_info_name\">Cititori<\/span><span class=\"td_social_button\"><a href=\"https:\/\/instagram.com\/orasultimisoararo\/\" target=\"_blank\" rel=\"nofollow\">Conecta\u021bi-v\u0103<\/a><\/span><\/div>\n<\/div>\n<div class=\"td_social_type td-pb-margin-side td_social_rss\">\n<div class=\"td-social-box\"><span class=\"td_social_info td_social_info_counter\">12,506<\/span><span class=\"td_social_info td_social_info_name\">Cititori<\/span><span class=\"td_social_button\"><a href=\"https:\/\/orasul-timisoara.ro\/feed\/\" target=\"_blank\" rel=\"nofollow\">Conecta\u021bi-v\u0103<\/a><\/span><\/div>\n<\/div>\n<div class=\"td_social_type td-pb-margin-side td_social_tiktok\">\n<div class=\"td-social-box\"><span class=\"td_social_info td_social_info_counter\">1,500<\/span><span class=\"td_social_info td_social_info_name\">Cititori<\/span><span class=\"td_social_button\"><a href=\"https:\/\/www.tiktok.com\/@orasultimisoara\" target=\"_blank\" rel=\"nofollow\">Conecta\u021bi-v\u0103<\/a><\/span><\/div>\n<\/div>\n<div class=\"td_social_type td-pb-margin-side td_social_twitter\">\n<div class=\"td-social-box\"><span class=\"td_social_info td_social_info_counter\">1,595<\/span><span class=\"td_social_info td_social_info_name\">Cititori<\/span><span class=\"td_social_button\"><a href=\"https:\/\/twitter.com\/orasultm\" target=\"_blank\" rel=\"nofollow\">Conecta\u021bi-v\u0103<\/a><\/span><\/div>\n<\/div>\n<div class=\"td_social_type td-pb-margin-side td_social_youtube\">\n<div class=\"td-social-box\"><span class=\"td_social_info td_social_info_counter\">3,506<\/span><span class=\"td_social_info td_social_info_name\">Abona\u021bi<\/span><span class=\"td_social_button\"><a href=\"https:\/\/www.youtube.com\/channel\/UCQNsQvs2XCSIm1Z-AHRturw?sub_confirmation=1\" target=\"_blank\" rel=\"nofollow\">Abona\u021bi-v\u0103<\/a><\/span><\/div>\n<\/div>\n<\/div>\n<\/div>\n<aside id=\"text-7\" class=\"td_block_template_8 widget text-7 widget_text\">\n<h4 class=\"td-block-title\"><span>C\u0103ut\u0103ri populare pe OTM<\/span><\/h4>\n<div class=\"textwidget\"><a href=\"https:\/\/orasul-timisoara.ro\/?s=timisoara\"><span>Timisoara<\/span><\/a><a href=\"https:\/\/orasul-timisoara.ro\/?s=calin+dobra\"><span>Calin Dobra<\/span><\/a><a href=\"https:\/\/orasul-timisoara.ro\/?s=primaria+timisoara\"><span>Primaria Timisoara<\/span><\/a><a href=\"https:\/\/orasul-timisoara.ro\/?s=dominic+fritz\"><span>Dominic Fritz<\/span><\/a><a href=\"https:\/\/orasul-timisoara.ro\/?s=nicolae+robu\"><span>Nicolae Robu<\/span><\/a><a href=\"https:\/\/orasul-timisoara.ro\/?s=consiliul+local+timisoara\">Consiliul Local Timisoara<\/a><a href=\"https:\/\/orasul-timisoara.ro\/?s=consiliul+judetean+timis\"><span>Consiliul Judetean Timis<\/span><\/a><a href=\"https:\/\/orasul-timisoara.ro\/?s=cjt\"><span>CJT<\/span><\/a><a href=\"https:\/\/orasul-timisoara.ro\/?s=Alfred+Simonis\"><span>Alfred Simonis<\/span><\/a><a href=\"https:\/\/orasul-timisoara.ro\/?s=PNL\"><span>PNL<\/span><\/a><a href=\"https:\/\/orasul-timisoara.ro\/?s=coronavirus\"><span>coronavirus<\/span><\/a><a href=\"https:\/\/orasul-timisoara.ro\/?s=teatru+timisoara\">teatru Timisoara<\/a><a href=\"https:\/\/orasul-timisoara.ro\/?s=restaurante\"><span>restaurante Timisoara<\/span><\/a><a href=\"https:\/\/orasul-timisoara.ro\/?s=diskoteka\"><span>Diskoteka<\/span><\/a><a href=\"https:\/\/orasul-timisoara.ro\/?s=iulius+town\"><span>Iulius Town<\/span><\/a><a href=\"https:\/\/orasul-timisoara.ro\/?s=iulius+mall\"><span>Iulius Mall<\/span><\/a><a href=\"https:\/\/orasul-timisoara.ro\/?s=stpt\"><span>STPT<\/span><\/a><a href=\"https:\/\/orasul-timisoara.ro\/?s=alin+nica\"><span>Alin Nica<\/span><\/a><a href=\"https:\/\/orasul-timisoara.ro\/?s=psd\"><span>PSD<\/span><\/a><a href=\"https:\/\/orasul-timisoara.ro\/?s=aeroport\"><span>Aeroportul International Timisoara<\/span><\/a><a href=\"https:\/\/orasul-timisoara.ro\/?s=babes\"><span>Spitalul Victor Babes Timisoara<\/span><\/a><a href=\"https:\/\/orasul-timisoara.ro\/?s=poli\"><span>Poli Timi\u0219oara<\/span><\/a><a href=\"https:\/\/orasul-timisoara.ro\/?s=carantina\"><span>carantina<\/span><\/a><a href=\"https:\/\/orasul-timisoara.ro\/?s=aquatim\"><span>Aquatim<\/span><\/a><a href=\"https:\/\/orasul-timisoara.ro\/local-category\/stiri-timisoara\/\"><span>Stiri Timisoara<\/span><\/a><a href=\"https:\/\/orasul-timisoara.ro\/local-category\/investitii-in-timisoara\/\"><span>Investi\u021bii in Timi\u0219oara<\/span><\/a><a href=\"https:\/\/orasul-timisoara.ro\/local-9463\/\"><span>shaorma<\/span><\/a><a href=\"https:\/\/orasul-timisoara.ro\/?s=trafic\"><span>trafic rutier<\/span><\/a><a href=\"https:\/\/orasul-timisoara.ro\/?s=politia\"><span>politia locala timisoara<\/span><\/a><a href=\"https:\/\/orasul-timisoara.ro\/?s=roxana\"><span>Roxana Iliescu<\/span><\/a><a href=\"https:\/\/orasul-timisoara.ro\/?s=colterm\"><span>Colterm<\/span><\/a><a href=\"https:\/\/orasul-timisoara.ro\/?s=latcau\"><span>Ruben La\u021bc\u0103u<\/span><\/a><a href=\"https:\/\/orasul-timisoara.ro\/?s=timis\"><span>\u0218tiri din Timi\u0219<\/span><\/a><a href=\"https:\/\/orasul-timisoara.ro\/?s=spital\"><span>Spitale din Timi\u0219oara<\/span><\/a><a href=\"https:\/\/orasul-timisoara.ro\/?s=tabara\"><span>Cosmin Tab\u0103r\u0103<\/span><\/a><\/div>\n<\/aside>\n<aside id=\"rss-2\" class=\"td_block_template_8 widget rss-2 widget_rss\">\n<h4 class=\"td-block-title\"><span><a class=\"rsswidget rss-widget-feed\" href=\"https:\/\/fashionfridays.ro\/feed\"><img decoding=\"async\" class=\"rss-widget-icon\" width=\"14\" height=\"14\" src=\"https:\/\/orasul-timisoara.ro\/wp-includes\/images\/rss.png\" alt=\"Flux RSS: Fashion Fridays\" loading=\"lazy\"><\/a><a class=\"rsswidget rss-widget-title\" href=\"https:\/\/fashionfridays.ro\/\">Fashion Fridays<\/a><\/span><\/h4>\n<ul>\n<li><a class=\"rsswidget\" href=\"https:\/\/fashionfridays.ro\/romania-devine-a-29-a-piata-vogue-o-noua-era-pentru-industria-locala-de-moda\/\">Rom\u00e2nia devine a 29-a pia\u021b\u0103 Vogue: o nou\u0103 er\u0103 pentru industria local\u0103 de mod\u0103<\/a>\n<div class=\"rssSummary\">Revista Vogue \u00ee\u0219i extinde prezen\u021ba global\u0103 \u0219i va fi lansat\u0103 oficial \u00een Rom\u00e2nia \u00een prim\u0103vara anului 2027, marc\u00e2nd intrarea pe cea de-a 29-a pia\u021b\u0103 interna\u021bional\u0103. Proiectul este realizat \u00een parteneriat cu AEMME Publishing, o companie media recent \u00eenfiin\u021bat\u0103, care va publica edi\u021bia local\u0103 sub licen\u021b\u0103. Noua edi\u021bie, Vogue Rom\u00e2nia, \u00ee\u0219i propune s\u0103 combine autoritatea global\u0103 [\u2026]<\/div>\n<\/li>\n<\/ul>\n<\/aside>\n<aside id=\"rss-4\" class=\"td_block_template_8 widget rss-4 widget_rss\">\n<h4 class=\"td-block-title\"><span><a class=\"rsswidget rss-widget-feed\" href=\"https:\/\/emasini.ro\/feed\"><img decoding=\"async\" class=\"rss-widget-icon\" width=\"14\" height=\"14\" src=\"https:\/\/orasul-timisoara.ro\/wp-includes\/images\/rss.png\" alt=\"Flux RSS: eMasini\" loading=\"lazy\"><\/a><a class=\"rsswidget rss-widget-title\" href=\"https:\/\/emasini.ro\/\">eMasini<\/a><\/span><\/h4>\n<ul>\n<li><a class=\"rsswidget\" href=\"https:\/\/emasini.ro\/adio-bordurilor-pline-de-ecrane-mercedes-benz-readuce-butoanele-in-noile-masini-produse\/\">Adio bordurilor pline de ecrane? Mercedes-Benz readuce butoanele \u00een noile ma\u0219ini produse<\/a>\n<div class=\"rssSummary\">Mercedes-Benz \u00ee\u0219i schimb\u0103 direc\u021bia \u00een ceea ce prive\u0219te designul interioarelor \u0219i va readuce comenzile fizice pentru anumite func\u021bii importante. Constructorul german nu renun\u021b\u0103 la ecranele mari \u0219i la tehnologiile digitale, dar recunoa\u0219te c\u0103 a mers prea departe prin eliminarea unor butoane \u0219i comenzi tactile. Ola K\u00e4llenius, pre\u0219edintele Consiliului de Administra\u021bie al Mercedes-Benz Group \u0219i CEO [\u2026]<\/div>\n<\/li>\n<\/ul>\n<\/aside>\n<\/div>\n<\/div>\n<\/div>\n<\/div>\n<\/article>\n<div class=\"td-post-content tagdiv-type\">\n<p class=\"wp-block-paragraph\">Miss Rom\u00e2nia The Crown continu\u0103 preselec\u021biile pentru edi\u021bia 2026, iar Caravana Frumuse\u021bii ajunge la Timi\u0219oara pe 5 septembrie. Tinerele care \u00ee\u0219i doresc s\u0103 intre \u00een competi\u021bie sunt a\u0219teptate la Iulius Mall, \u00eencep\u00e2nd cu ora 17:00, pentru a face primul pas c\u0103tre o experien\u021b\u0103 care \u00ee\u0219i propune s\u0103 dep\u0103\u0219easc\u0103 grani\u021bele unui simplu concurs de frumuse\u021be.<\/p>\n<h2 class=\"wp-block-heading\">Miss Rom\u00e2nia The Crown ajunge la Timi\u0219oara<\/h2>\n<p class=\"wp-block-paragraph\">Primele 10 participante au fost deja selectate \u00een cadrul unui eveniment desf\u0103\u0219urat recent la Arad, marc\u00e2nd \u00eenceputul oficial al preselec\u021biilor pentru edi\u021bia din 2026. Selec\u021bia continu\u0103 acum \u00een mai multe ora\u0219e din \u021bar\u0103, iar Timi\u0219oara este urm\u0103toarea oprire a Caravanei Frumuse\u021bii.<\/p>\n<p class=\"wp-block-paragraph\">Preselec\u021biile de la Timi\u0219oara vor avea loc pe <strong>5 septembrie 2026<\/strong>, la <strong>Iulius Mall<\/strong>, \u00eencep\u00e2nd cu <strong>ora 17:00<\/strong>. Organizatorii le invit\u0103 s\u0103 participe pe tinerele care \u00ee\u0219i doresc s\u0103 intre \u00een competi\u021bie \u0219i s\u0103 descopere oportunit\u0103\u021bile pe care le poate oferi aceast\u0103 experien\u021b\u0103.<\/p>\n<p class=\"wp-block-paragraph\">Miss Rom\u00e2nia The Crown \u00ee\u0219i propune s\u0103 descopere femei care se remarc\u0103 nu doar prin frumuse\u021be, ci \u0219i prin personalitate, elegan\u021b\u0103, naturale\u021be, \u00eencredere \u00een sine, inteligen\u021b\u0103 \u0219i dorin\u021ba de a evolua.<\/p>\n<h2 class=\"wp-block-heading\">Caravana Frumuse\u021bii caut\u0103 noi participante<\/h2>\n<p class=\"wp-block-paragraph\">Potrivit organizatorilor, concursul reprezint\u0103 mai mult dec\u00e2t o competi\u021bie de frumuse\u021be. Participantele au posibilitatea de a intra \u00een lumea modei, a evenimentelor \u0219i a proiectelor na\u021bionale \u0219i interna\u021bionale, iar preselec\u021biile reprezint\u0103 prima etap\u0103 a acestui parcurs.<\/p>\n<p class=\"wp-block-paragraph\">\u201eNe dorim s\u0103 descoperim femei autentice, fiecare cu povestea, personalitatea \u0219i visurile ei. Primele 10 participante selectate la Arad ne-au confirmat \u00eenc\u0103 o dat\u0103 c\u0103 exist\u0103 foarte multe tinere care merit\u0103 s\u0103 fie v\u0103zute \u0219i sus\u021binute. Acum pornim mai departe cu Caravana Frumuse\u021bii \u0219i le a\u0219tept\u0103m pe toate cele care simt c\u0103 acest concurs poate fi \u00eenceputul unei experien\u021be importante pentru ele\u201d, transmite <strong>Hannelore Ulrich, pre\u0219edintele Miss Rom\u00e2nia The Crown<\/strong>.<\/p>\n<p class=\"wp-block-paragraph\">Organizatorii anun\u021b\u0103 c\u0103 preselec\u021biile vor continua \u0219i \u00een alte ora\u0219e din Rom\u00e2nia. Dup\u0103 Timi\u0219oara, caravana va ajunge la Bucure\u0219ti, Constan\u021ba \u0219i Craiova.<\/p>\n<ul class=\"wp-block-list\">\n<li><strong>Timi\u0219oara<\/strong> \u2013 Iulius Mall, 5 septembrie 2026, ora 17:00;<\/li>\n<li><strong>Bucure\u0219ti<\/strong> \u2013 AFI Cotroceni, 11 septembrie 2026, ora 17:00;<\/li>\n<li><strong>Constan\u021ba<\/strong> \u2013 12 septembrie 2026;<\/li>\n<li><strong>Craiova<\/strong> \u2013 13 septembrie 2026.<\/li>\n<\/ul>\n<p class=\"wp-block-paragraph\">Fiecare oprire a Caravanei Frumuse\u021bii reprezint\u0103 o nou\u0103 oportunitate pentru tinerele care \u00ee\u0219i doresc s\u0103 intre \u00een competi\u021bia Miss Rom\u00e2nia The Crown \u0219i s\u0103 \u00ee\u0219i pun\u0103 \u00een valoare personalitatea \u0219i calit\u0103\u021bile.<\/p>\n<p class=\"wp-block-paragraph\">La Timi\u0219oara, preselec\u021biile sunt programate pentru <strong>5 septembrie, de la ora 17:00, la Iulius Mall<\/strong>. Organizatorii transmit c\u0103 tinerele care au visat s\u0103 urce pe scen\u0103 \u0219i s\u0103 reprezinte frumuse\u021bea \u0219i elegan\u021ba rom\u00e2neasc\u0103 sunt invitate s\u0103 fac\u0103 primul pas.<\/p>\n<p class=\"wp-block-paragraph\"><strong>\u201eFrumuse\u021bea te poate face remarcat\u0103. Personalitatea te poate face de neuitat.\u201d<\/strong><\/p>\n<\/div>\n<p>[analyse_source url=&#8221;https:\/\/orasul-timisoara.ro\/local-40410\/&#8221;]<\/p>\n","protected":false},"excerpt":{"rendered":"<p>[analyse_image type=&#8221;featured&#8221; src=&#8221;https:\/\/orasul-timisoara.ro\/wp-content\/uploads\/2026\/08\/miss-romania-the-crown-preselectii.jpg&#8221;] Evenimente in TimisoaraMiss Rom\u00e2nia The Crown ajunge la Timi\u0219oara. Preselec\u021biile pentru edi\u021bia 2026, la&#8230; Evenimente in Timisoara \u0218tiri Locale Miss Rom\u00e2nia The Crown ajunge la Timi\u0219oara. Preselec\u021biile pentru edi\u021bia 2026, la Iulius Mall De c\u0103tre redactia &#8211; 21\/08\/2026 Facebook Twitter WhatsApp Linkedin ReddIt Email Imprimare Miss Rom\u00e2nia The Crown continu\u0103 preselec\u021biile pentru [&hellip;]<\/p>\n","protected":false},"author":1,"featured_media":0,"comment_status":"open","ping_status":"","sticky":false,"template":"","format":"standard","meta":{"footnotes":""},"categories":[89],"tags":[226,189],"class_list":["post-2105549","post","type-post","status-publish","format-standard","hentry","category-romania","tag-crawlmanager","tag-orasul-timisoara-ro"],"_links":{"self":[{"href":"https:\/\/analyse.optim.biz\/index.php?rest_route=\/wp\/v2\/posts\/2105549","targetHints":{"allow":["GET"]}}],"collection":[{"href":"https:\/\/analyse.optim.biz\/index.php?rest_route=\/wp\/v2\/posts"}],"about":[{"href":"https:\/\/analyse.optim.biz\/index.php?rest_route=\/wp\/v2\/types\/post"}],"author":[{"embeddable":true,"href":"https:\/\/analyse.optim.biz\/index.php?rest_route=\/wp\/v2\/users\/1"}],"replies":[{"embeddable":true,"href":"https:\/\/analyse.optim.biz\/index.php?rest_route=%2Fwp%2Fv2%2Fcomments&post=2105549"}],"version-history":[{"count":0,"href":"https:\/\/analyse.optim.biz\/index.php?rest_route=\/wp\/v2\/posts\/2105549\/revisions"}],"wp:attachment":[{"href":"https:\/\/analyse.optim.biz\/index.php?rest_route=%2Fwp%2Fv2%2Fmedia&parent=2105549"}],"wp:term":[{"taxonomy":"category","embeddable":true,"href":"https:\/\/analyse.optim.biz\/index.php?rest_route=%2Fwp%2Fv2%2Fcategories&post=2105549"},{"taxonomy":"post_tag","embeddable":true,"href":"https:\/\/analyse.optim.biz\/index.php?rest_route=%2Fwp%2Fv2%2Ftags&post=2105549"}],"curies":[{"name":"wp","href":"https:\/\/api.w.org\/{rel}","templated":true}]}}