{"id":2105547,"date":"2026-08-21T14:18:40","date_gmt":"2026-08-21T11:18:40","guid":{"rendered":"https:\/\/analyse.optim.biz\/?p=2105547"},"modified":"2026-08-21T14:18:40","modified_gmt":"2026-08-21T11:18:40","slug":"timisoara-intra-in-youth-climate-action-fund-tinerii-din-oras-pot-primi-finantare-pentru-proiecte-de-mediu","status":"publish","type":"post","link":"https:\/\/analyse.optim.biz\/?p=2105547","title":{"rendered":"Timi\u0219oara intr\u0103 \u00een Youth Climate Action Fund. Tinerii din ora\u0219 pot primi finan\u021bare pentru proiecte de mediu"},"content":{"rendered":"<p>[analyse_image type=&#8221;featured&#8221; src=&#8221;https:\/\/orasul-timisoara.ro\/wp-content\/uploads\/2026\/08\/tineri-parla.jpg&#8221;]<\/p>\n<article id=\"post-40417\" class=\"td-post-template-7 post-40417 post type-post status-publish format-standard has-post-thumbnail category-evenimente-in-timisoara category-featured category-stiri-timisoara tag-bloomberg-philanthropies tag-finantare-2 tag-mediu tag-proiecte-de-mediu tag-schimbari-climatice tag-stiri-timisoara-2 tag-timisoara-2 tag-tineri tag-youth-climate-action-fund td-container-wrap\">\n<div class=\"td-full-screen-header-image-wrap\">\n<div class=\"td-container td-post-header\">\n<div class=\"td-crumb-container\">\n<div class=\"entry-crumbs\"><span><a title=\"Vede\u021bi toate articolele \u00een Evenimente in Timisoara\" class=\"entry-crumb\" href=\"https:\/\/orasul-timisoara.ro\/local-category\/evenimente-in-timisoara\/\">Evenimente in Timisoara<\/a><\/span><span class=\"td-bred-no-url-last\">Timi\u0219oara intr\u0103 \u00een Youth Climate Action Fund. Tinerii din ora\u0219 pot primi&#8230;<\/span><\/div>\n<\/div>\n<div class=\"td-post-header-holder\">\n<div class=\"td-parallax-header\">\n<header class=\"td-post-title\">\n<ul class=\"td-category\">\n<li class=\"entry-category\"><a href=\"https:\/\/orasul-timisoara.ro\/local-category\/evenimente-in-timisoara\/\">Evenimente in Timisoara<\/a><\/li>\n<li class=\"entry-category\"><a href=\"https:\/\/orasul-timisoara.ro\/local-category\/stiri-timisoara\/\">\u0218tiri Locale<\/a><\/li>\n<\/ul>\n<h1 class=\"entry-title\">Timi\u0219oara intr\u0103 \u00een Youth Climate Action Fund. Tinerii din ora\u0219 pot primi finan\u021bare pentru proiecte de mediu<\/h1>\n<div class=\"td-module-meta-info\">\n<div class=\"td-post-author-name\">\n<div class=\"td-author-by\">De c\u0103tre<\/div>\n<p><a href=\"https:\/\/orasul-timisoara.ro\/author\/timisoara\/\">redactia<\/a><\/p>\n<div class=\"td-author-line\"> &#8211; <\/div>\n<\/div>\n<p><span class=\"td-post-date\"><time class=\"entry-date updated td-module-date\" datetime=\"2026-08-21T17:18:40+03:00\">21\/08\/2026<\/time><\/span><\/div>\n<\/header>\n<\/div>\n<\/div>\n<\/div>\n<div id=\"td-full-screen-header-image\" class=\"td-image-gradient-style7\"><img decoding=\"async\" class=\"td-backstretch\" src=\"https:\/\/orasul-timisoara.ro\/wp-content\/uploads\/2026\/08\/tineri-parla.jpg\"><\/div>\n<\/div>\n<div class=\"td-container\">\n<div class=\"td-pb-row\">\n<div class=\"td-pb-span8 td-main-content\" role=\"main\">\n<div class=\"td-ss-main-content\">\n<div class=\"td-post-sharing-top\">\n<div class=\"td-post-sharing-classic\"><iframe title=\"topFacebookLike\" frameborder src=\"https:\/\/www.facebook.com\/plugins\/like.php?href=https:\/\/orasul-timisoara.ro\/local-40417\/&amp;layout=button_count&amp;show_faces=false&amp;width=105&amp;action=like&amp;colorscheme=light&amp;height=21\"><\/iframe><\/div>\n<div id=\"td_social_sharing_article_top\" class=\"td-post-sharing td-ps-bg td-ps-notext td-post-sharing-style1 \">\n<div class=\"td-post-sharing-visible\"><a class=\"td-social-sharing-button td-social-sharing-button-js td-social-network td-social-facebook\" href=\"https:\/\/www.facebook.com\/sharer.php?u=https%3A%2F%2Forasul-timisoara.ro%2Flocal-40417%2F\" title=\"Facebook\"><\/p>\n<div class=\"td-social-but-text\">Facebook<\/div>\n<p><\/a><a class=\"td-social-sharing-button td-social-sharing-button-js td-social-network td-social-twitter\" href=\"https:\/\/twitter.com\/intent\/tweet?text=Timi%C8%99oara+intr%C4%83+%C3%AEn+Youth+Climate+Action+Fund.+Tinerii+din+ora%C8%99+pot+primi+finan%C8%9Bare+pentru+proiecte+de+mediu&amp;url=https%3A%2F%2Forasul-timisoara.ro%2Flocal-40417%2F&amp;via=orasultm\" title=\"Twitter\"><\/p>\n<div class=\"td-social-but-text\">Twitter<\/div>\n<p><\/a><a class=\"td-social-sharing-button td-social-sharing-button-js td-social-network td-social-whatsapp\" href=\"https:\/\/api.whatsapp.com\/send?text=Timi%C8%99oara+intr%C4%83+%C3%AEn+Youth+Climate+Action+Fund.+Tinerii+din+ora%C8%99+pot+primi+finan%C8%9Bare+pentru+proiecte+de+mediu%20%0A%0A%20https:\/\/orasul-timisoara.ro\/local-40417\/\" title=\"WhatsApp\"><\/p>\n<div class=\"td-social-but-text\">WhatsApp<\/div>\n<p><\/a><a class=\"td-social-sharing-button td-social-sharing-button-js td-social-network td-social-linkedin\" href=\"https:\/\/www.linkedin.com\/shareArticle?mini=true&amp;url=https:\/\/orasul-timisoara.ro\/local-40417\/&amp;title=Timi%C8%99oara+intr%C4%83+%C3%AEn+Youth+Climate+Action+Fund.+Tinerii+din+ora%C8%99+pot+primi+finan%C8%9Bare+pentru+proiecte+de+mediu\" title=\"Linkedin\"><\/p>\n<div class=\"td-social-but-text\">Linkedin<\/div>\n<p><\/a><a class=\"td-social-sharing-button td-social-sharing-button-js td-social-network td-social-reddit\" href=\"https:\/\/reddit.com\/submit?url=https:\/\/orasul-timisoara.ro\/local-40417\/&amp;title=Timi%C8%99oara+intr%C4%83+%C3%AEn+Youth+Climate+Action+Fund.+Tinerii+din+ora%C8%99+pot+primi+finan%C8%9Bare+pentru+proiecte+de+mediu\" title=\"ReddIt\"><\/p>\n<div class=\"td-social-but-text\">ReddIt<\/div>\n<p><\/a><a class=\"td-social-sharing-button td-social-sharing-button-js td-social-network td-social-mail\" href=\"mailto:?subject=Timi%C8%99oara%20intr%C4%83%20%C3%AEn%20Youth%20Climate%20Action%20Fund.%20Tinerii%20din%20ora%C8%99%20pot%20primi%20finan%C8%9Bare%20pentru%20proiecte%20de%20mediu&amp;body=https:\/\/orasul-timisoara.ro\/local-40417\/\" title=\"Email\"><\/p>\n<div class=\"td-social-but-text\">Email<\/div>\n<p><\/a><a class=\"td-social-sharing-button td-social-sharing-button-js td-social-network td-social-print\" href=\"https:\/\/orasul-timisoara.ro\/local-40417\/\" title=\"Imprimare\"><\/p>\n<div class=\"td-social-but-text\">Imprimare<\/div>\n<p><\/a><\/div>\n<\/div>\n<\/div>\n<div class=\"td-post-content tagdiv-type\">\n<p class=\"wp-block-paragraph\">Timi\u0219oara a fost selectat\u0103 printre cele 300 de noi municipalit\u0103\u021bi care vor participa la Youth Climate Action Fund, program derulat de Bloomberg Philanthropies, iar tinerii din ora\u0219 cu v\u00e2rste \u00eentre 15 \u0219i 24 de ani sunt invita\u021bi s\u0103 propun\u0103 proiecte pentru comunitate \u0219i mediu. Ini\u021biativele selectate vor putea beneficia de finan\u021bare \u0219i sprijin tehnic pentru a fi puse \u00een aplicare.<\/p>\n<h2 class=\"wp-block-heading\">Tinerii din Timi\u0219oara pot propune proiecte pentru comunitate<\/h2>\n<p class=\"wp-block-paragraph\">Prin Youth Climate Action Fund, administra\u021biile locale organizeaz\u0103 competi\u021bii de idei prin care tinerii sunt invita\u021bi s\u0103 propun\u0103 solu\u021bii pentru problemele \u0219i priorit\u0103\u021bile ora\u0219ului. Cele mai bune ini\u021biative sunt selectate \u0219i sprijinite cu o finan\u021bare de 50.000 de dolari, precum \u0219i cu asisten\u021b\u0103 tehnic\u0103 oferit\u0103 de Bloomberg Philanthropies.<\/p>\n<p class=\"wp-block-paragraph\">Proiectele pot viza domenii precum crearea \u0219i amenajarea unor spa\u021bii publice, dezvoltarea infrastructurii, reducerea riscurilor asociate dezastrelor, protejarea mediului \u0219i cre\u0219terea rezilien\u021bei comunit\u0103\u021bilor.<\/p>\n<p class=\"wp-block-paragraph\">Municipalit\u0103\u021bile participante desemneaz\u0103, de asemenea, personal care s\u0103 sprijine implementarea proiectelor pe parcursul \u00eentregului proces, de la dezvoltarea ideii p\u00e2n\u0103 la finalizarea ini\u021biativei.<\/p>\n<h2 class=\"wp-block-heading\">Timi\u0219oara poate primi o finan\u021bare suplimentar\u0103<\/h2>\n<p class=\"wp-block-paragraph\">Programul prevede \u0219i posibilitatea ob\u021binerii unei finan\u021b\u0103ri suplimentare de 50.000 de dolari pentru municipalit\u0103\u021bile care se mobilizeaz\u0103 rapid \u0219i utilizeaz\u0103 finan\u021barea ini\u021bial\u0103. Banii pot fi folosi\u021bi pentru sus\u021binerea unor noi proiecte dezvoltate de tineri \u0219i pentru extinderea particip\u0103rii acestora.<\/p>\n<p class=\"wp-block-paragraph\">Participarea Municipiului Timi\u0219oara la Youth Climate Action Fund urmeaz\u0103 s\u0103 fie aprobat\u0103 de Consiliul Local. Proiectul de hot\u0103r\u00e2re privind participarea ora\u0219ului la program va fi supus votului consilierilor locali.<\/p>\n<h2 class=\"wp-block-heading\">300 de ora\u0219e din \u00eentreaga lume intr\u0103 \u00een noua etap\u0103 a programului<\/h2>\n<p class=\"wp-block-paragraph\">Extinderea Youth Climate Action Fund include 300 de noi municipalit\u0103\u021bi din \u00eentreaga lume. Dintre acestea, 76 sunt din America Central\u0103 \u0219i de Sud, 63 din America de Nord, 60 din Africa, 58 din Europa, 35 din Asia, \u0219ase din Oceania \u0219i dou\u0103 din Orientul Mijlociu.<\/p>\n<p class=\"wp-block-paragraph\">Programul a fost dezvoltat pe baza rezultatelor ob\u021binute de prima genera\u021bie de municipalit\u0103\u021bi participante. \u00cen etapa anterioar\u0103, 98 de municipalit\u0103\u021bi din 34 de \u021b\u0103ri au implementat proiecte \u00eempreun\u0103 cu tinerii.<\/p>\n<h2 class=\"wp-block-heading\">Participarea tinerilor a crescut \u00een ora\u0219ele participante<\/h2>\n<p class=\"wp-block-paragraph\">Cercetarea realizat\u0103 \u00een r\u00e2ndul tinerilor implica\u021bi \u00een prima etap\u0103 a programului indic\u0103 o cre\u0219tere a \u00eencrederii acestora \u00een administra\u021biile locale. Potrivit datelor prezentate de Bloomberg Philanthropies, \u00eencrederea \u00een conducerea administra\u021biei locale a crescut de la 61% la 83%, \u00een timp ce \u00eencrederea tinerilor \u00een propria capacitate de a contribui la solu\u021bionarea problemelor de mediu a urcat de la 65% la 90%.<\/p>\n<p class=\"wp-block-paragraph\">Aproape trei sferturi dintre tinerii participan\u021bi au declarat c\u0103 administra\u021bia local\u0103 apreciaz\u0103 contribu\u021bia lor la politicile climatice, unul dintre domeniile considerate importante de aceast\u0103 categorie de v\u00e2rst\u0103.<\/p>\n<p class=\"wp-block-paragraph\">\u0218i administra\u021biile locale participante au introdus noi mecanisme pentru men\u021binerea implic\u0103rii tinerilor. Peste jum\u0103tate dintre acestea au creat structuri formale, precum consilii ale tinerilor, consilii consultative sau mecanisme de bugetare participativ\u0103.<\/p>\n<p class=\"wp-block-paragraph\">Totodat\u0103, 43% dintre administra\u021biile participante au integrat contribu\u021bia tinerilor \u00een strategii \u0219i politici pe termen lung, iar aproximativ 40% au creat roluri dedicate coordon\u0103rii rela\u021biei cu tinerii.<\/p>\n<h2 class=\"wp-block-heading\">Peste 300.000 de tineri au participat p\u00e2n\u0103 acum<\/h2>\n<p class=\"wp-block-paragraph\">P\u00e2n\u0103 \u00een prezent, peste 300.000 de tineri de pe cinci continente au participat la Youth Climate Action Fund. Proiectele dezvoltate \u00een cadrul programului au contribuit la crearea a peste 1.600 de spa\u021bii verzi, plantarea a peste 1,8 milioane de plante \u0219i 235.000 de arbori, precum \u0219i dezvoltarea a aproape 5.000 de gr\u0103dini.<\/p>\n<p class=\"wp-block-paragraph\">\u00cen cadrul proiectelor au fost \u00eenfiin\u021bate \u0219i 268 de sta\u021bii de compostare, iar peste 405.000 de livre de de\u0219euri \u0219i materiale reciclabile au fost colectate.<\/p>\n<p class=\"wp-block-paragraph\">Programul este derulat de Bloomberg Philanthropies ca parte a eforturilor organiza\u021biei de consolidare a capacit\u0103\u021bii administra\u021biilor publice locale. Ini\u021biativa urm\u0103re\u0219te s\u0103 creeze mecanisme prin care administra\u021biile \u0219i comunit\u0103\u021bile s\u0103 colaboreze pentru identificarea \u0219i rezolvarea problemelor locale.<\/p>\n<p class=\"wp-block-paragraph\">Pentru Timi\u0219oara, participarea la Youth Climate Action Fund poate reprezenta o oportunitate pentru implicarea direct\u0103 a tinerilor \u00een proiecte care vizeaz\u0103 mediul, spa\u021biul public \u0219i rezilien\u021ba comunit\u0103\u021bii, dup\u0103 aprobarea particip\u0103rii ora\u0219ului de c\u0103tre Consiliul Local.<\/p>\n<\/div>\n<footer>\n<div class=\"td-post-source-tags\">\n<ul class=\"td-tags td-post-small-box clearfix\">\n<li><span>ETICHETE<\/span><\/li>\n<li><a href=\"https:\/\/orasul-timisoara.ro\/local-tag\/bloomberg-philanthropies\/\">bloomberg philanthropies<\/a><\/li>\n<li><a href=\"https:\/\/orasul-timisoara.ro\/local-tag\/finantare-2\/\">finan\u021bare<\/a><\/li>\n<li><a href=\"https:\/\/orasul-timisoara.ro\/local-tag\/mediu\/\">mediu<\/a><\/li>\n<li><a href=\"https:\/\/orasul-timisoara.ro\/local-tag\/proiecte-de-mediu\/\">proiecte de mediu<\/a><\/li>\n<li><a href=\"https:\/\/orasul-timisoara.ro\/local-tag\/schimbari-climatice\/\">schimb\u0103ri climatice<\/a><\/li>\n<li><a href=\"https:\/\/orasul-timisoara.ro\/local-tag\/stiri-timisoara-2\/\">\u0219tiri Timi\u0219oara<\/a><\/li>\n<li><a href=\"https:\/\/orasul-timisoara.ro\/local-tag\/timisoara-2\/\">timi\u0219oara<\/a><\/li>\n<li><a href=\"https:\/\/orasul-timisoara.ro\/local-tag\/tineri\/\">tineri<\/a><\/li>\n<li><a href=\"https:\/\/orasul-timisoara.ro\/local-tag\/youth-climate-action-fund\/\">youth climate action fund<\/a><\/li>\n<\/ul>\n<\/div>\n<div class=\"td-post-sharing-bottom\">\n<div class=\"td-post-sharing-classic\"><iframe title=\"bottomFacebookLike\" frameborder src=\"https:\/\/www.facebook.com\/plugins\/like.php?href=https:\/\/orasul-timisoara.ro\/local-40417\/&amp;layout=button_count&amp;show_faces=false&amp;width=105&amp;action=like&amp;colorscheme=light&amp;height=21\"><\/iframe><\/div>\n<div id=\"td_social_sharing_article_bottom\" class=\"td-post-sharing td-ps-bg td-ps-notext td-post-sharing-style1 \">\n<div class=\"td-post-sharing-visible\"><a class=\"td-social-sharing-button td-social-sharing-button-js td-social-network td-social-facebook\" href=\"https:\/\/www.facebook.com\/sharer.php?u=https%3A%2F%2Forasul-timisoara.ro%2Flocal-40417%2F\" title=\"Facebook\"><\/p>\n<div class=\"td-social-but-text\">Facebook<\/div>\n<p><\/a><a class=\"td-social-sharing-button td-social-sharing-button-js td-social-network td-social-twitter\" href=\"https:\/\/twitter.com\/intent\/tweet?text=Timi%C8%99oara+intr%C4%83+%C3%AEn+Youth+Climate+Action+Fund.+Tinerii+din+ora%C8%99+pot+primi+finan%C8%9Bare+pentru+proiecte+de+mediu&amp;url=https%3A%2F%2Forasul-timisoara.ro%2Flocal-40417%2F&amp;via=orasultm\" title=\"Twitter\"><\/p>\n<div class=\"td-social-but-text\">Twitter<\/div>\n<p><\/a><a class=\"td-social-sharing-button td-social-sharing-button-js td-social-network td-social-whatsapp\" href=\"https:\/\/api.whatsapp.com\/send?text=Timi%C8%99oara+intr%C4%83+%C3%AEn+Youth+Climate+Action+Fund.+Tinerii+din+ora%C8%99+pot+primi+finan%C8%9Bare+pentru+proiecte+de+mediu%20%0A%0A%20https:\/\/orasul-timisoara.ro\/local-40417\/\" title=\"WhatsApp\"><\/p>\n<div class=\"td-social-but-text\">WhatsApp<\/div>\n<p><\/a><a class=\"td-social-sharing-button td-social-sharing-button-js td-social-network td-social-linkedin\" href=\"https:\/\/www.linkedin.com\/shareArticle?mini=true&amp;url=https:\/\/orasul-timisoara.ro\/local-40417\/&amp;title=Timi%C8%99oara+intr%C4%83+%C3%AEn+Youth+Climate+Action+Fund.+Tinerii+din+ora%C8%99+pot+primi+finan%C8%9Bare+pentru+proiecte+de+mediu\" title=\"Linkedin\"><\/p>\n<div class=\"td-social-but-text\">Linkedin<\/div>\n<p><\/a><a class=\"td-social-sharing-button td-social-sharing-button-js td-social-network td-social-reddit\" href=\"https:\/\/reddit.com\/submit?url=https:\/\/orasul-timisoara.ro\/local-40417\/&amp;title=Timi%C8%99oara+intr%C4%83+%C3%AEn+Youth+Climate+Action+Fund.+Tinerii+din+ora%C8%99+pot+primi+finan%C8%9Bare+pentru+proiecte+de+mediu\" title=\"ReddIt\"><\/p>\n<div class=\"td-social-but-text\">ReddIt<\/div>\n<p><\/a><a class=\"td-social-sharing-button td-social-sharing-button-js td-social-network td-social-mail\" href=\"mailto:?subject=Timi%C8%99oara%20intr%C4%83%20%C3%AEn%20Youth%20Climate%20Action%20Fund.%20Tinerii%20din%20ora%C8%99%20pot%20primi%20finan%C8%9Bare%20pentru%20proiecte%20de%20mediu&amp;body=https:\/\/orasul-timisoara.ro\/local-40417\/\" title=\"Email\"><\/p>\n<div class=\"td-social-but-text\">Email<\/div>\n<p><\/a><a class=\"td-social-sharing-button td-social-sharing-button-js td-social-network td-social-print\" href=\"https:\/\/orasul-timisoara.ro\/local-40417\/\" title=\"Imprimare\"><\/p>\n<div class=\"td-social-but-text\">Imprimare<\/div>\n<p><\/a><\/div>\n<\/div>\n<\/div>\n<div class=\"td-block-row td-post-next-prev\">\n<div class=\"td-block-span6 td-post-prev-post\">\n<div class=\"td-post-next-prev-content\"><span>Articolul precedent<\/span><a href=\"https:\/\/orasul-timisoara.ro\/local-40415\/\">Restric\u021bii de circula\u021bie \u00een Timi\u0219oara. Mai multe str\u0103zi \u0219i bulevarde vor fi \u00eenchise \u00een urm\u0103toarele zile<\/a><\/div>\n<\/div>\n<div class=\"td-block-span6 td-post-next-post\">\n<div class=\"td-post-next-prev-content\"><span>Articolul urm\u0103tor<\/span><a href=\"https:\/\/orasul-timisoara.ro\/local-40420\/\">Eroii Regimentului 6 Artilerie Grea, comemora\u021bi la Timi\u0219oara. 82 de ani de la ziua care a marcat unitatea<\/a><\/div>\n<\/div>\n<\/div>\n<div class=\"td-author-name vcard author\"><span class=\"fn\"><a href=\"https:\/\/orasul-timisoara.ro\/author\/timisoara\/\">redactia<\/a><\/span><\/div>\n<p><span class=\"td-page-meta\"><\/span><span class=\"td-page-meta\"><span class=\"td-page-meta\"><\/span><\/span><span class=\"td-page-meta\"><\/span><\/footer>\n<div class=\"td_block_wrap td_block_related_posts tdi_3 td_with_ajax_pagination td-pb-border-top td_block_template_8\" data-td-block-uid=\"tdi_3\">\n<h4 class=\"td-related-title td-block-title\"><a id=\"tdi_4\" class=\"td-related-left td-cur-simple-item\" data-td_filter_value data-td_block_id=\"tdi_3\" href=\"https:\/\/orasul-timisoara.ro\/local-40417\/\">ARTICOLE SIMILARE<\/a><a id=\"tdi_5\" class=\"td-related-right\" data-td_filter_value=\"td_related_more_from_author\" data-td_block_id=\"tdi_3\" href=\"https:\/\/orasul-timisoara.ro\/local-40417\/\">DE LA ACELA\u0218I AUTOR<\/a><\/h4>\n<div id=\"tdi_3\" class=\"td_block_inner\">\n<div class=\"td-related-row\">\n<div class=\"td-related-span4\">\n<div class=\"td_module_related_posts td-animation-stack td_mod_related_posts\">\n<div class=\"td-module-image\">\n<div class=\"td-module-thumb\"><a href=\"https:\/\/orasul-timisoara.ro\/local-40405\/\" rel=\"bookmark\" class=\"td-image-wrap \" title=\"Timi\u0219oara poate primi finan\u021bare pentru maximum dou\u0103 blocuri prin programul \u201eLift pentru via\u021b\u0103\u201d\"><img loading=\"lazy\" decoding=\"async\" class=\"entry-thumb\" src=\"https:\/\/orasul-timisoara.ro\/wp-content\/uploads\/2026\/08\/lift-buton-436x300.jpg\" alt title=\"Timi\u0219oara poate primi finan\u021bare pentru maximum dou\u0103 blocuri prin programul \u201eLift pentru via\u021b\u0103\u201d\" width=\"218\" height=\"150\"><\/a><\/div>\n<\/div>\n<div class=\"item-details\">\n<h3 class=\"entry-title td-module-title\"><a href=\"https:\/\/orasul-timisoara.ro\/local-40405\/\" rel=\"bookmark\" title=\"Timi\u0219oara poate primi finan\u021bare pentru maximum dou\u0103 blocuri prin programul \u201eLift pentru via\u021b\u0103\u201d\">Timi\u0219oara poate primi finan\u021bare pentru maximum dou\u0103 blocuri prin programul \u201eLift pentru via\u021b\u0103\u201d<\/a><\/h3>\n<\/div>\n<\/div>\n<\/div>\n<div class=\"td-related-span4\">\n<div class=\"td_module_related_posts td-animation-stack td_mod_related_posts\">\n<div class=\"td-module-image\">\n<div class=\"td-module-thumb\"><a href=\"https:\/\/orasul-timisoara.ro\/local-39278\/\" rel=\"bookmark\" class=\"td-image-wrap \" title=\"Prim\u0103ria Timi\u0219oara continu\u0103 demol\u0103rile: Casa Matteo \u0219i alte construc\u021bii ilegale eliminate de pe domeniul public\"><img loading=\"lazy\" decoding=\"async\" class=\"entry-thumb\" src=\"https:\/\/orasul-timisoara.ro\/wp-content\/uploads\/2026\/06\/Lacului-1-436x300.jpg\" alt title=\"Prim\u0103ria Timi\u0219oara continu\u0103 demol\u0103rile: Casa Matteo \u0219i alte construc\u021bii ilegale eliminate de pe domeniul public\" width=\"218\" height=\"150\"><\/a><\/div>\n<\/div>\n<div class=\"item-details\">\n<h3 class=\"entry-title td-module-title\"><a href=\"https:\/\/orasul-timisoara.ro\/local-39278\/\" rel=\"bookmark\" title=\"Prim\u0103ria Timi\u0219oara continu\u0103 demol\u0103rile: Casa Matteo \u0219i alte construc\u021bii ilegale eliminate de pe domeniul public\">Prim\u0103ria Timi\u0219oara continu\u0103 demol\u0103rile: Casa Matteo \u0219i alte construc\u021bii ilegale eliminate de pe domeniul public<\/a><\/h3>\n<\/div>\n<\/div>\n<\/div>\n<div class=\"td-related-span4\">\n<div class=\"td_module_related_posts td-animation-stack td_mod_related_posts\">\n<div class=\"td-module-image\">\n<div class=\"td-module-thumb\"><a href=\"https:\/\/orasul-timisoara.ro\/local-39490\/\" rel=\"bookmark\" class=\"td-image-wrap \" title=\"Ploile toren\u021biale au adus 35 de tone de de\u0219euri \u00een canalizarea Timi\u0219oarei\"><img loading=\"lazy\" decoding=\"async\" class=\"entry-thumb\" src=\"https:\/\/orasul-timisoara.ro\/wp-content\/uploads\/2026\/06\/aquatim-deseuri-436x300.jpg\" alt title=\"Ploile toren\u021biale au adus 35 de tone de de\u0219euri \u00een canalizarea Timi\u0219oarei\" width=\"218\" height=\"150\"><\/a><\/div>\n<\/div>\n<div class=\"item-details\">\n<h3 class=\"entry-title td-module-title\"><a href=\"https:\/\/orasul-timisoara.ro\/local-39490\/\" rel=\"bookmark\" title=\"Ploile toren\u021biale au adus 35 de tone de de\u0219euri \u00een canalizarea Timi\u0219oarei\">Ploile toren\u021biale au adus 35 de tone de de\u0219euri \u00een canalizarea Timi\u0219oarei<\/a><\/h3>\n<\/div>\n<\/div>\n<\/div>\n<\/div>\n<\/div>\n<\/div>\n<div class=\"comments\" id=\"comments\">\n<div id=\"respond\" class=\"comment-respond\">\n<h3 id=\"reply-title\" class=\"comment-reply-title\">L\u0102SA\u021aI UN MESAJ<\/h3>\n<div class=\"comment-form-input-wrap td-form-comment\">\n<div class=\"td-warning-comment\">V\u0103 rug\u0103m s\u0103 introduce\u021bi comentariul dvs.!<\/div>\n<\/div>\n<div class=\"comment-form-input-wrap td-form-author\">\n<div class=\"td-warning-author\">Introduce\u021bi aici numele dvs.<\/div>\n<\/div>\n<div class=\"comment-form-input-wrap td-form-email\">\n<div class=\"td-warning-email-error\">A\u021bi introdus o adres\u0103 de e-mail incorect\u0103!<\/div>\n<div class=\"td-warning-email\">V\u0103 rug\u0103m s\u0103 introduce\u021bi adresa dvs. de e-mail aici<\/div>\n<\/div>\n<\/div>\n<p class=\"akismet_comment_form_privacy_notice\">Acest site folose\u0219te Akismet pentru a reduce spamul. <a href=\"https:\/\/akismet.com\/privacy\/\" target=\"_blank\" rel=\"nofollow noopener\">Afl\u0103 cum sunt procesate datele comentariilor tale<\/a>.<\/p>\n<\/div>\n<\/div>\n<\/div>\n<div class=\"td-pb-span4 td-main-sidebar\" role=\"complementary\">\n<div class=\"td-ss-main-sidebar\">\n<aside id=\"block-4\" class=\"td_block_template_8 widget block-4 widget_block widget_media_image\">\n<figure class=\"wp-block-image size-full\"><img loading=\"lazy\" decoding=\"async\" width=\"336\" height=\"280\" src=\"https:\/\/orasul-timisoara.ro\/wp-content\/uploads\/2024\/11\/ReTIM-Abonamentul-Verde-Google-Ads-336x280px.gif\" alt class=\"wp-image-29257\"><\/figure>\n<\/aside>\n<div class=\"td_block_wrap td_block_social_counter td_block_widget tdi_6 td-social-style5 td-social-boxed td-pb-border-top td_block_template_8\">\n<div class=\"td-block-title-wrap\">\n<h4 class=\"td-block-title\"><span>Urm\u0103re\u0219te-ne pe Social Media<\/span><\/h4>\n<\/div>\n<div class=\"td-social-list\">\n<div class=\"td_social_type td-pb-margin-side td_social_facebook\">\n<div class=\"td-social-box\"><span class=\"td_social_info td_social_info_counter\">344,595<\/span><span class=\"td_social_info td_social_info_name\">Fani<\/span><span class=\"td_social_button\"><a href=\"https:\/\/www.facebook.com\/247timisoara\" target=\"_blank\" rel=\"nofollow\">\u00cemi place<\/a><\/span><\/div>\n<\/div>\n<div class=\"td_social_type td-pb-margin-side td_social_instagram\">\n<div class=\"td-social-box\"><span class=\"td_social_info td_social_info_counter\">4,416<\/span><span class=\"td_social_info td_social_info_name\">Cititori<\/span><span class=\"td_social_button\"><a href=\"https:\/\/instagram.com\/orasultimisoararo\/\" target=\"_blank\" rel=\"nofollow\">Conecta\u021bi-v\u0103<\/a><\/span><\/div>\n<\/div>\n<div class=\"td_social_type td-pb-margin-side td_social_rss\">\n<div class=\"td-social-box\"><span class=\"td_social_info td_social_info_counter\">12,506<\/span><span class=\"td_social_info td_social_info_name\">Cititori<\/span><span class=\"td_social_button\"><a href=\"https:\/\/orasul-timisoara.ro\/feed\/\" target=\"_blank\" rel=\"nofollow\">Conecta\u021bi-v\u0103<\/a><\/span><\/div>\n<\/div>\n<div class=\"td_social_type td-pb-margin-side td_social_tiktok\">\n<div class=\"td-social-box\"><span class=\"td_social_info td_social_info_counter\">1,500<\/span><span class=\"td_social_info td_social_info_name\">Cititori<\/span><span class=\"td_social_button\"><a href=\"https:\/\/www.tiktok.com\/@orasultimisoara\" target=\"_blank\" rel=\"nofollow\">Conecta\u021bi-v\u0103<\/a><\/span><\/div>\n<\/div>\n<div class=\"td_social_type td-pb-margin-side td_social_twitter\">\n<div class=\"td-social-box\"><span class=\"td_social_info td_social_info_counter\">1,595<\/span><span class=\"td_social_info td_social_info_name\">Cititori<\/span><span class=\"td_social_button\"><a href=\"https:\/\/twitter.com\/orasultm\" target=\"_blank\" rel=\"nofollow\">Conecta\u021bi-v\u0103<\/a><\/span><\/div>\n<\/div>\n<div class=\"td_social_type td-pb-margin-side td_social_youtube\">\n<div class=\"td-social-box\"><span class=\"td_social_info td_social_info_counter\">3,506<\/span><span class=\"td_social_info td_social_info_name\">Abona\u021bi<\/span><span class=\"td_social_button\"><a href=\"https:\/\/www.youtube.com\/channel\/UCQNsQvs2XCSIm1Z-AHRturw?sub_confirmation=1\" target=\"_blank\" rel=\"nofollow\">Abona\u021bi-v\u0103<\/a><\/span><\/div>\n<\/div>\n<\/div>\n<\/div>\n<aside id=\"text-7\" class=\"td_block_template_8 widget text-7 widget_text\">\n<h4 class=\"td-block-title\"><span>C\u0103ut\u0103ri populare pe OTM<\/span><\/h4>\n<div class=\"textwidget\"><a href=\"https:\/\/orasul-timisoara.ro\/?s=timisoara\"><span>Timisoara<\/span><\/a><a href=\"https:\/\/orasul-timisoara.ro\/?s=calin+dobra\"><span>Calin Dobra<\/span><\/a><a href=\"https:\/\/orasul-timisoara.ro\/?s=primaria+timisoara\"><span>Primaria Timisoara<\/span><\/a><a href=\"https:\/\/orasul-timisoara.ro\/?s=dominic+fritz\"><span>Dominic Fritz<\/span><\/a><a href=\"https:\/\/orasul-timisoara.ro\/?s=nicolae+robu\"><span>Nicolae Robu<\/span><\/a><a href=\"https:\/\/orasul-timisoara.ro\/?s=consiliul+local+timisoara\">Consiliul Local Timisoara<\/a><a href=\"https:\/\/orasul-timisoara.ro\/?s=consiliul+judetean+timis\"><span>Consiliul Judetean Timis<\/span><\/a><a href=\"https:\/\/orasul-timisoara.ro\/?s=cjt\"><span>CJT<\/span><\/a><a href=\"https:\/\/orasul-timisoara.ro\/?s=Alfred+Simonis\"><span>Alfred Simonis<\/span><\/a><a href=\"https:\/\/orasul-timisoara.ro\/?s=PNL\"><span>PNL<\/span><\/a><a href=\"https:\/\/orasul-timisoara.ro\/?s=coronavirus\"><span>coronavirus<\/span><\/a><a href=\"https:\/\/orasul-timisoara.ro\/?s=teatru+timisoara\">teatru Timisoara<\/a><a href=\"https:\/\/orasul-timisoara.ro\/?s=restaurante\"><span>restaurante Timisoara<\/span><\/a><a href=\"https:\/\/orasul-timisoara.ro\/?s=diskoteka\"><span>Diskoteka<\/span><\/a><a href=\"https:\/\/orasul-timisoara.ro\/?s=iulius+town\"><span>Iulius Town<\/span><\/a><a href=\"https:\/\/orasul-timisoara.ro\/?s=iulius+mall\"><span>Iulius Mall<\/span><\/a><a href=\"https:\/\/orasul-timisoara.ro\/?s=stpt\"><span>STPT<\/span><\/a><a href=\"https:\/\/orasul-timisoara.ro\/?s=alin+nica\"><span>Alin Nica<\/span><\/a><a href=\"https:\/\/orasul-timisoara.ro\/?s=psd\"><span>PSD<\/span><\/a><a href=\"https:\/\/orasul-timisoara.ro\/?s=aeroport\"><span>Aeroportul International Timisoara<\/span><\/a><a href=\"https:\/\/orasul-timisoara.ro\/?s=babes\"><span>Spitalul Victor Babes Timisoara<\/span><\/a><a href=\"https:\/\/orasul-timisoara.ro\/?s=poli\"><span>Poli Timi\u0219oara<\/span><\/a><a href=\"https:\/\/orasul-timisoara.ro\/?s=carantina\"><span>carantina<\/span><\/a><a href=\"https:\/\/orasul-timisoara.ro\/?s=aquatim\"><span>Aquatim<\/span><\/a><a href=\"https:\/\/orasul-timisoara.ro\/local-category\/stiri-timisoara\/\"><span>Stiri Timisoara<\/span><\/a><a href=\"https:\/\/orasul-timisoara.ro\/local-category\/investitii-in-timisoara\/\"><span>Investi\u021bii in Timi\u0219oara<\/span><\/a><a href=\"https:\/\/orasul-timisoara.ro\/local-9463\/\"><span>shaorma<\/span><\/a><a href=\"https:\/\/orasul-timisoara.ro\/?s=trafic\"><span>trafic rutier<\/span><\/a><a href=\"https:\/\/orasul-timisoara.ro\/?s=politia\"><span>politia locala timisoara<\/span><\/a><a href=\"https:\/\/orasul-timisoara.ro\/?s=roxana\"><span>Roxana Iliescu<\/span><\/a><a href=\"https:\/\/orasul-timisoara.ro\/?s=colterm\"><span>Colterm<\/span><\/a><a href=\"https:\/\/orasul-timisoara.ro\/?s=latcau\"><span>Ruben La\u021bc\u0103u<\/span><\/a><a href=\"https:\/\/orasul-timisoara.ro\/?s=timis\"><span>\u0218tiri din Timi\u0219<\/span><\/a><a href=\"https:\/\/orasul-timisoara.ro\/?s=spital\"><span>Spitale din Timi\u0219oara<\/span><\/a><a href=\"https:\/\/orasul-timisoara.ro\/?s=tabara\"><span>Cosmin Tab\u0103r\u0103<\/span><\/a><\/div>\n<\/aside>\n<aside id=\"rss-2\" class=\"td_block_template_8 widget rss-2 widget_rss\">\n<h4 class=\"td-block-title\"><span><a class=\"rsswidget rss-widget-feed\" href=\"https:\/\/fashionfridays.ro\/feed\"><img decoding=\"async\" class=\"rss-widget-icon\" width=\"14\" height=\"14\" src=\"https:\/\/orasul-timisoara.ro\/wp-includes\/images\/rss.png\" alt=\"Flux RSS: Fashion Fridays\" loading=\"lazy\"><\/a><a class=\"rsswidget rss-widget-title\" href=\"https:\/\/fashionfridays.ro\/\">Fashion Fridays<\/a><\/span><\/h4>\n<ul>\n<li><a class=\"rsswidget\" href=\"https:\/\/fashionfridays.ro\/romania-devine-a-29-a-piata-vogue-o-noua-era-pentru-industria-locala-de-moda\/\">Rom\u00e2nia devine a 29-a pia\u021b\u0103 Vogue: o nou\u0103 er\u0103 pentru industria local\u0103 de mod\u0103<\/a>\n<div class=\"rssSummary\">Revista Vogue \u00ee\u0219i extinde prezen\u021ba global\u0103 \u0219i va fi lansat\u0103 oficial \u00een Rom\u00e2nia \u00een prim\u0103vara anului 2027, marc\u00e2nd intrarea pe cea de-a 29-a pia\u021b\u0103 interna\u021bional\u0103. Proiectul este realizat \u00een parteneriat cu AEMME Publishing, o companie media recent \u00eenfiin\u021bat\u0103, care va publica edi\u021bia local\u0103 sub licen\u021b\u0103. Noua edi\u021bie, Vogue Rom\u00e2nia, \u00ee\u0219i propune s\u0103 combine autoritatea global\u0103 [\u2026]<\/div>\n<\/li>\n<\/ul>\n<\/aside>\n<aside id=\"rss-4\" class=\"td_block_template_8 widget rss-4 widget_rss\">\n<h4 class=\"td-block-title\"><span><a class=\"rsswidget rss-widget-feed\" href=\"https:\/\/emasini.ro\/feed\"><img decoding=\"async\" class=\"rss-widget-icon\" width=\"14\" height=\"14\" src=\"https:\/\/orasul-timisoara.ro\/wp-includes\/images\/rss.png\" alt=\"Flux RSS: eMasini\" loading=\"lazy\"><\/a><a class=\"rsswidget rss-widget-title\" href=\"https:\/\/emasini.ro\/\">eMasini<\/a><\/span><\/h4>\n<ul>\n<li><a class=\"rsswidget\" href=\"https:\/\/emasini.ro\/adio-bordurilor-pline-de-ecrane-mercedes-benz-readuce-butoanele-in-noile-masini-produse\/\">Adio bordurilor pline de ecrane? Mercedes-Benz readuce butoanele \u00een noile ma\u0219ini produse<\/a>\n<div class=\"rssSummary\">Mercedes-Benz \u00ee\u0219i schimb\u0103 direc\u021bia \u00een ceea ce prive\u0219te designul interioarelor \u0219i va readuce comenzile fizice pentru anumite func\u021bii importante. Constructorul german nu renun\u021b\u0103 la ecranele mari \u0219i la tehnologiile digitale, dar recunoa\u0219te c\u0103 a mers prea departe prin eliminarea unor butoane \u0219i comenzi tactile. Ola K\u00e4llenius, pre\u0219edintele Consiliului de Administra\u021bie al Mercedes-Benz Group \u0219i CEO [\u2026]<\/div>\n<\/li>\n<\/ul>\n<\/aside>\n<\/div>\n<\/div>\n<\/div>\n<\/div>\n<\/article>\n<div class=\"td-post-content tagdiv-type\">\n<p class=\"wp-block-paragraph\">Timi\u0219oara a fost selectat\u0103 printre cele 300 de noi municipalit\u0103\u021bi care vor participa la Youth Climate Action Fund, program derulat de Bloomberg Philanthropies, iar tinerii din ora\u0219 cu v\u00e2rste \u00eentre 15 \u0219i 24 de ani sunt invita\u021bi s\u0103 propun\u0103 proiecte pentru comunitate \u0219i mediu. Ini\u021biativele selectate vor putea beneficia de finan\u021bare \u0219i sprijin tehnic pentru a fi puse \u00een aplicare.<\/p>\n<h2 class=\"wp-block-heading\">Tinerii din Timi\u0219oara pot propune proiecte pentru comunitate<\/h2>\n<p class=\"wp-block-paragraph\">Prin Youth Climate Action Fund, administra\u021biile locale organizeaz\u0103 competi\u021bii de idei prin care tinerii sunt invita\u021bi s\u0103 propun\u0103 solu\u021bii pentru problemele \u0219i priorit\u0103\u021bile ora\u0219ului. Cele mai bune ini\u021biative sunt selectate \u0219i sprijinite cu o finan\u021bare de 50.000 de dolari, precum \u0219i cu asisten\u021b\u0103 tehnic\u0103 oferit\u0103 de Bloomberg Philanthropies.<\/p>\n<p class=\"wp-block-paragraph\">Proiectele pot viza domenii precum crearea \u0219i amenajarea unor spa\u021bii publice, dezvoltarea infrastructurii, reducerea riscurilor asociate dezastrelor, protejarea mediului \u0219i cre\u0219terea rezilien\u021bei comunit\u0103\u021bilor.<\/p>\n<p class=\"wp-block-paragraph\">Municipalit\u0103\u021bile participante desemneaz\u0103, de asemenea, personal care s\u0103 sprijine implementarea proiectelor pe parcursul \u00eentregului proces, de la dezvoltarea ideii p\u00e2n\u0103 la finalizarea ini\u021biativei.<\/p>\n<h2 class=\"wp-block-heading\">Timi\u0219oara poate primi o finan\u021bare suplimentar\u0103<\/h2>\n<p class=\"wp-block-paragraph\">Programul prevede \u0219i posibilitatea ob\u021binerii unei finan\u021b\u0103ri suplimentare de 50.000 de dolari pentru municipalit\u0103\u021bile care se mobilizeaz\u0103 rapid \u0219i utilizeaz\u0103 finan\u021barea ini\u021bial\u0103. Banii pot fi folosi\u021bi pentru sus\u021binerea unor noi proiecte dezvoltate de tineri \u0219i pentru extinderea particip\u0103rii acestora.<\/p>\n<p class=\"wp-block-paragraph\">Participarea Municipiului Timi\u0219oara la Youth Climate Action Fund urmeaz\u0103 s\u0103 fie aprobat\u0103 de Consiliul Local. Proiectul de hot\u0103r\u00e2re privind participarea ora\u0219ului la program va fi supus votului consilierilor locali.<\/p>\n<h2 class=\"wp-block-heading\">300 de ora\u0219e din \u00eentreaga lume intr\u0103 \u00een noua etap\u0103 a programului<\/h2>\n<p class=\"wp-block-paragraph\">Extinderea Youth Climate Action Fund include 300 de noi municipalit\u0103\u021bi din \u00eentreaga lume. Dintre acestea, 76 sunt din America Central\u0103 \u0219i de Sud, 63 din America de Nord, 60 din Africa, 58 din Europa, 35 din Asia, \u0219ase din Oceania \u0219i dou\u0103 din Orientul Mijlociu.<\/p>\n<p class=\"wp-block-paragraph\">Programul a fost dezvoltat pe baza rezultatelor ob\u021binute de prima genera\u021bie de municipalit\u0103\u021bi participante. \u00cen etapa anterioar\u0103, 98 de municipalit\u0103\u021bi din 34 de \u021b\u0103ri au implementat proiecte \u00eempreun\u0103 cu tinerii.<\/p>\n<h2 class=\"wp-block-heading\">Participarea tinerilor a crescut \u00een ora\u0219ele participante<\/h2>\n<p class=\"wp-block-paragraph\">Cercetarea realizat\u0103 \u00een r\u00e2ndul tinerilor implica\u021bi \u00een prima etap\u0103 a programului indic\u0103 o cre\u0219tere a \u00eencrederii acestora \u00een administra\u021biile locale. Potrivit datelor prezentate de Bloomberg Philanthropies, \u00eencrederea \u00een conducerea administra\u021biei locale a crescut de la 61% la 83%, \u00een timp ce \u00eencrederea tinerilor \u00een propria capacitate de a contribui la solu\u021bionarea problemelor de mediu a urcat de la 65% la 90%.<\/p>\n<p class=\"wp-block-paragraph\">Aproape trei sferturi dintre tinerii participan\u021bi au declarat c\u0103 administra\u021bia local\u0103 apreciaz\u0103 contribu\u021bia lor la politicile climatice, unul dintre domeniile considerate importante de aceast\u0103 categorie de v\u00e2rst\u0103.<\/p>\n<p class=\"wp-block-paragraph\">\u0218i administra\u021biile locale participante au introdus noi mecanisme pentru men\u021binerea implic\u0103rii tinerilor. Peste jum\u0103tate dintre acestea au creat structuri formale, precum consilii ale tinerilor, consilii consultative sau mecanisme de bugetare participativ\u0103.<\/p>\n<p class=\"wp-block-paragraph\">Totodat\u0103, 43% dintre administra\u021biile participante au integrat contribu\u021bia tinerilor \u00een strategii \u0219i politici pe termen lung, iar aproximativ 40% au creat roluri dedicate coordon\u0103rii rela\u021biei cu tinerii.<\/p>\n<h2 class=\"wp-block-heading\">Peste 300.000 de tineri au participat p\u00e2n\u0103 acum<\/h2>\n<p class=\"wp-block-paragraph\">P\u00e2n\u0103 \u00een prezent, peste 300.000 de tineri de pe cinci continente au participat la Youth Climate Action Fund. Proiectele dezvoltate \u00een cadrul programului au contribuit la crearea a peste 1.600 de spa\u021bii verzi, plantarea a peste 1,8 milioane de plante \u0219i 235.000 de arbori, precum \u0219i dezvoltarea a aproape 5.000 de gr\u0103dini.<\/p>\n<p class=\"wp-block-paragraph\">\u00cen cadrul proiectelor au fost \u00eenfiin\u021bate \u0219i 268 de sta\u021bii de compostare, iar peste 405.000 de livre de de\u0219euri \u0219i materiale reciclabile au fost colectate.<\/p>\n<p class=\"wp-block-paragraph\">Programul este derulat de Bloomberg Philanthropies ca parte a eforturilor organiza\u021biei de consolidare a capacit\u0103\u021bii administra\u021biilor publice locale. Ini\u021biativa urm\u0103re\u0219te s\u0103 creeze mecanisme prin care administra\u021biile \u0219i comunit\u0103\u021bile s\u0103 colaboreze pentru identificarea \u0219i rezolvarea problemelor locale.<\/p>\n<p class=\"wp-block-paragraph\">Pentru Timi\u0219oara, participarea la Youth Climate Action Fund poate reprezenta o oportunitate pentru implicarea direct\u0103 a tinerilor \u00een proiecte care vizeaz\u0103 mediul, spa\u021biul public \u0219i rezilien\u021ba comunit\u0103\u021bii, dup\u0103 aprobarea particip\u0103rii ora\u0219ului de c\u0103tre Consiliul Local.<\/p>\n<\/div>\n<p>[analyse_source url=&#8221;https:\/\/orasul-timisoara.ro\/local-40417\/&#8221;]<\/p>\n","protected":false},"excerpt":{"rendered":"<p>[analyse_image type=&#8221;featured&#8221; src=&#8221;https:\/\/orasul-timisoara.ro\/wp-content\/uploads\/2026\/08\/tineri-parla.jpg&#8221;] Evenimente in TimisoaraTimi\u0219oara intr\u0103 \u00een Youth Climate Action Fund. Tinerii din ora\u0219 pot primi&#8230; Evenimente in Timisoara \u0218tiri Locale Timi\u0219oara intr\u0103 \u00een Youth Climate Action Fund. Tinerii din ora\u0219 pot primi finan\u021bare pentru proiecte de mediu De c\u0103tre redactia &#8211; 21\/08\/2026 Facebook Twitter WhatsApp Linkedin ReddIt Email Imprimare Timi\u0219oara a fost selectat\u0103 [&hellip;]<\/p>\n","protected":false},"author":1,"featured_media":0,"comment_status":"open","ping_status":"","sticky":false,"template":"","format":"standard","meta":{"footnotes":""},"categories":[89],"tags":[226,189],"class_list":["post-2105547","post","type-post","status-publish","format-standard","hentry","category-romania","tag-crawlmanager","tag-orasul-timisoara-ro"],"_links":{"self":[{"href":"https:\/\/analyse.optim.biz\/index.php?rest_route=\/wp\/v2\/posts\/2105547","targetHints":{"allow":["GET"]}}],"collection":[{"href":"https:\/\/analyse.optim.biz\/index.php?rest_route=\/wp\/v2\/posts"}],"about":[{"href":"https:\/\/analyse.optim.biz\/index.php?rest_route=\/wp\/v2\/types\/post"}],"author":[{"embeddable":true,"href":"https:\/\/analyse.optim.biz\/index.php?rest_route=\/wp\/v2\/users\/1"}],"replies":[{"embeddable":true,"href":"https:\/\/analyse.optim.biz\/index.php?rest_route=%2Fwp%2Fv2%2Fcomments&post=2105547"}],"version-history":[{"count":0,"href":"https:\/\/analyse.optim.biz\/index.php?rest_route=\/wp\/v2\/posts\/2105547\/revisions"}],"wp:attachment":[{"href":"https:\/\/analyse.optim.biz\/index.php?rest_route=%2Fwp%2Fv2%2Fmedia&parent=2105547"}],"wp:term":[{"taxonomy":"category","embeddable":true,"href":"https:\/\/analyse.optim.biz\/index.php?rest_route=%2Fwp%2Fv2%2Fcategories&post=2105547"},{"taxonomy":"post_tag","embeddable":true,"href":"https:\/\/analyse.optim.biz\/index.php?rest_route=%2Fwp%2Fv2%2Ftags&post=2105547"}],"curies":[{"name":"wp","href":"https:\/\/api.w.org\/{rel}","templated":true}]}}