{"id":2105543,"date":"2026-08-20T19:15:55","date_gmt":"2026-08-20T16:15:55","guid":{"rendered":"https:\/\/analyse.optim.biz\/?p=2105543"},"modified":"2026-08-20T19:15:55","modified_gmt":"2026-08-20T16:15:55","slug":"politistii-au-verificat-modul-in-care-biciclistii-si-utilizatorii-de-trotinete-electrice-respecta","status":"publish","type":"post","link":"https:\/\/analyse.optim.biz\/?p=2105543","title":{"rendered":"Poli\u021bi\u0219tii au verificat modul \u00een care bicicli\u0219tii \u0219i utilizatorii de trotinete electrice respect\u0103"},"content":{"rendered":"<p>[analyse_image type=&#8221;featured&#8221; src=&#8221;https:\/\/liberinteleorman.ro\/wp-content\/uploads\/2026\/08\/politia-3-1024&#215;768.jpeg&#8221;]<\/p>\n<div class=\"entry-content single56__content single56__post_content single56__body_area\">\n<p>\u00cen aceast\u0103 sear\u0103, poli\u021bi\u0219tii din cadrul Serviciului Rutier Teleorman, Biroului Rutier Alexandria \u0219i Biroului de Ordine Public\u0103 Alexandria au fost prezen\u021bi \u00een zona pietonal\u0103 din municipiul Alexandria, unde au desf\u0103\u0219urat o ac\u021biune pentru prevenirea \u0219i combaterea abaterilor s\u0103v\u00e2r\u0219ite de bicicli\u0219ti \u0219i utilizatorii de trotinete electrice.<\/p>\n<p>Ac\u021biunea a avut ca scop cre\u0219terea gradului de siguran\u021b\u0103 \u00een zona pietonal\u0103 \u0219i prevenirea evenimentelor rutiere, prin verificarea respect\u0103rii normelor privind circula\u021bia bicicletelor \u0219i trotinetelor electrice, precum \u0219i prin con\u0219tientizarea cu privire la riscurile la care se expun prin nerespectarea regulilor de circula\u021bie.<\/p>\n<p>Poli\u021bi\u0219tii au verificat modul \u00een care bicicli\u0219tii \u0219i utilizatorii de trotinete electrice respect\u0103 prevederile legale \u0219i au desf\u0103\u0219urat activit\u0103\u021bi de informare \u0219i prevenire.<\/p>\n<p>Astfel de ac\u021biuni vor fi desf\u0103\u0219urate \u0219i \u00een perioada urm\u0103toare, \u00een vederea prevenirii accidentelor \u0219i men\u021binerii unui climat de siguran\u021b\u0103 corespunz\u0103tor.<\/p>\n<p>Ac\u021biunea a beneficiat \u0219i de sprijinul colegilor de la Poli\u021bia Local\u0103.<\/p>\n<p>Respectarea regulilor de circula\u021bie \u00eenseamn\u0103 siguran\u021b\u0103 pentru to\u021bi!<\/p>\n<figure class=\"wp-block-gallery has-nested-images columns-default is-cropped wp-block-gallery-1 is-layout-flex wp-block-gallery-is-layout-flex\">\n<figure class=\"wp-block-image size-large\"><a href=\"https:\/\/liberinteleorman.ro\/wp-content\/uploads\/2026\/08\/WhatsApp-Image-2026-08-20-at-22.05.101.jpeg\"><img decoding=\"async\" loading=\"lazy\" width=\"1024\" height=\"768\" data-id=\"42954\" src=\"https:\/\/liberinteleorman.ro\/wp-content\/uploads\/2026\/08\/WhatsApp-Image-2026-08-20-at-22.05.101-1024x768.jpeg\" alt class=\"wp-image-42954\"><\/a><\/figure>\n<figure class=\"wp-block-image size-large\"><a href=\"https:\/\/liberinteleorman.ro\/wp-content\/uploads\/2026\/08\/WhatsApp-Image-2026-08-20-at-22.05.10.jpeg\"><img decoding=\"async\" loading=\"lazy\" width=\"768\" height=\"1024\" data-id=\"42953\" src=\"https:\/\/liberinteleorman.ro\/wp-content\/uploads\/2026\/08\/WhatsApp-Image-2026-08-20-at-22.05.10-768x1024.jpeg\" alt class=\"wp-image-42953\"><\/a><\/figure>\n<figure class=\"wp-block-image size-large\"><a href=\"https:\/\/liberinteleorman.ro\/wp-content\/uploads\/2026\/08\/WhatsApp-Image-2026-08-20-at-22.05.091.jpeg\"><img decoding=\"async\" loading=\"lazy\" width=\"1024\" height=\"768\" data-id=\"42955\" src=\"https:\/\/liberinteleorman.ro\/wp-content\/uploads\/2026\/08\/WhatsApp-Image-2026-08-20-at-22.05.091-1024x768.jpeg\" alt class=\"wp-image-42955\"><\/a><\/figure>\n<\/figure>\n<\/div>\n<p>[analyse_source url=&#8221;https:\/\/liberinteleorman.ro\/politistii-au-verificat-modul-in-care-biciclistii-si-utilizatorii-de-trotinete-electrice-respecta-prevederile-legale-activitati-de-informare-si-prevenire\/&#8221;]<\/p>\n","protected":false},"excerpt":{"rendered":"<p>[analyse_image type=&#8221;featured&#8221; src=&#8221;https:\/\/liberinteleorman.ro\/wp-content\/uploads\/2026\/08\/politia-3-1024&#215;768.jpeg&#8221;] \u00cen aceast\u0103 sear\u0103, poli\u021bi\u0219tii din cadrul Serviciului Rutier Teleorman, Biroului Rutier Alexandria \u0219i Biroului de Ordine Public\u0103 Alexandria au fost prezen\u021bi \u00een zona pietonal\u0103 din municipiul Alexandria, unde au desf\u0103\u0219urat o ac\u021biune pentru prevenirea \u0219i combaterea abaterilor s\u0103v\u00e2r\u0219ite de bicicli\u0219ti \u0219i utilizatorii de trotinete electrice. Ac\u021biunea a avut ca scop cre\u0219terea gradului [&hellip;]<\/p>\n","protected":false},"author":1,"featured_media":0,"comment_status":"open","ping_status":"","sticky":false,"template":"","format":"standard","meta":{"footnotes":""},"categories":[89],"tags":[226,181],"class_list":["post-2105543","post","type-post","status-publish","format-standard","hentry","category-romania","tag-crawlmanager","tag-liberinteleorman-ro"],"_links":{"self":[{"href":"https:\/\/analyse.optim.biz\/index.php?rest_route=\/wp\/v2\/posts\/2105543","targetHints":{"allow":["GET"]}}],"collection":[{"href":"https:\/\/analyse.optim.biz\/index.php?rest_route=\/wp\/v2\/posts"}],"about":[{"href":"https:\/\/analyse.optim.biz\/index.php?rest_route=\/wp\/v2\/types\/post"}],"author":[{"embeddable":true,"href":"https:\/\/analyse.optim.biz\/index.php?rest_route=\/wp\/v2\/users\/1"}],"replies":[{"embeddable":true,"href":"https:\/\/analyse.optim.biz\/index.php?rest_route=%2Fwp%2Fv2%2Fcomments&post=2105543"}],"version-history":[{"count":0,"href":"https:\/\/analyse.optim.biz\/index.php?rest_route=\/wp\/v2\/posts\/2105543\/revisions"}],"wp:attachment":[{"href":"https:\/\/analyse.optim.biz\/index.php?rest_route=%2Fwp%2Fv2%2Fmedia&parent=2105543"}],"wp:term":[{"taxonomy":"category","embeddable":true,"href":"https:\/\/analyse.optim.biz\/index.php?rest_route=%2Fwp%2Fv2%2Fcategories&post=2105543"},{"taxonomy":"post_tag","embeddable":true,"href":"https:\/\/analyse.optim.biz\/index.php?rest_route=%2Fwp%2Fv2%2Ftags&post=2105543"}],"curies":[{"name":"wp","href":"https:\/\/api.w.org\/{rel}","templated":true}]}}