{"id":2105542,"date":"2026-08-20T08:12:22","date_gmt":"2026-08-20T05:12:22","guid":{"rendered":"https:\/\/analyse.optim.biz\/?p=2105542"},"modified":"2026-08-20T08:12:22","modified_gmt":"2026-08-20T05:12:22","slug":"gelu-voicu-replica-dura-pentru-florin-vasilica-voi-merge-pana-in-panzele-albe-pentru-a-lamuri-totul","status":"publish","type":"post","link":"https:\/\/analyse.optim.biz\/?p=2105542","title":{"rendered":"Gelu Voicu, replic\u0103 dur\u0103 pentru Florin Vasilic\u0103: \u201eVoi merge p\u00e2n\u0103 \u00een p\u00e2nzele albe pentru a l\u0103muri totul\u201d &#8211;"},"content":{"rendered":"<p>[analyse_image type=&#8221;featured&#8221; src=&#8221;https:\/\/liberinteleorman.ro\/wp-content\/uploads\/2026\/08\/gelu-voicu-si-florin-vasilica.jpg&#8221;]<\/p>\n<div class=\"entry-content single56__content single56__post_content single56__body_area\">\n<p><strong>Disputa dintre doi cunoscu\u021bi interpre\u021bi de folclor din Teleorman, Gelu Voicu \u0219i Florin Vasilic\u0103, a ajuns \u00een spa\u021biul public, dup\u0103 o serie de acuza\u021bii \u0219i replici lansate pe re\u021belele sociale.<\/strong><\/p>\n<p><strong>Gelu Voicu<\/strong> a publicat o ampl\u0103 replic\u0103 adresat\u0103 lui <strong>Florin Vasilic\u0103<\/strong>, sus\u021bin\u00e2nd c\u0103, dup\u0103 mai bine de zece ani \u00een care a ales s\u0103 nu r\u0103spund\u0103 public declara\u021biilor acestuia, a decis s\u0103 vorbeasc\u0103 despre conflict.<\/p>\n<p>Potrivit relat\u0103rii lui Gelu Voicu, disputa recent\u0103 ar fi pornit de la un comentariu pe care acesta l-ar fi f\u0103cut la o postare referitoare la <strong>Centrul Cultural Jude\u021bean Teleorman<\/strong> \u0219i directorul institu\u021biei, Ciprian Agapie. Gelu Voicu afirm\u0103 c\u0103 Florin Vasilic\u0103 ar fi reac\u021bionat ulterior printr-o postare \u00een care l-ar fi criticat pentru aprecierea exprimat\u0103 la adresa managerului institu\u021biei.<\/p>\n<p>Interpretul spune c\u0103 situa\u021bia a escaladat dup\u0103 apari\u021bia unor comentarii pe re\u021belele sociale pe care le consider\u0103 jignitoare la adresa sa \u0219i a familiei sale. \u00cen mesajul publicat, \u00een care a men\u021bionat publica\u021bia Liber \u00een Teleorman, Gelu Voicu afirm\u0103 c\u0103 so\u021bia sa i-ar fi transmis lui Vasilic\u0103 un comentariu cu argumente de natur\u0103 juridic\u0103 \u0219i c\u0103, ulterior, \u0219i el i-ar fi r\u0103spuns.<\/p>\n<p>\u00centreaga postare a lui Gelu Voicu:<\/p>\n<p>REPLIC\u0102 1 PENTRU FLORIN VASILIC\u0102! <a href=\"https:\/\/www.facebook.com\/hashtag\/florinvasilic%C4%83?__cft__%5B0%5D=AZbIxSaWw-gn42yRFzJUBF9AOQNqxe9XkDpgUuGv0daeMoB1RoyiQCSRRa1tsb50joR2veM1kW144N6YgBFySLzK4Bl8e3Ju4dPOLSufgVObN7_u1HkG2rLlX14OhDQ-pSH9zQvKu9rsUtFtRQlryTpMpCCqlaoV96hS_V5ZEkbe8A&amp;__tn__=*NK-R\" target=\"_blank\" rel=\"noopener\">#FlorinVasilic\u0103<\/a> (vor urma \u0219i celelalte)<\/p>\n<p>\u00cen mod special \u00een aten\u021bia publica\u021biilor <a href=\"https:\/\/www.facebook.com\/hashtag\/liber%C3%AEnteleorman?__cft__%5B0%5D=AZbIxSaWw-gn42yRFzJUBF9AOQNqxe9XkDpgUuGv0daeMoB1RoyiQCSRRa1tsb50joR2veM1kW144N6YgBFySLzK4Bl8e3Ju4dPOLSufgVObN7_u1HkG2rLlX14OhDQ-pSH9zQvKu9rsUtFtRQlryTpMpCCqlaoV96hS_V5ZEkbe8A&amp;__tn__=*NK-R\" target=\"_blank\" rel=\"noopener\">#Liber\u00eenTeleorman<\/a> \u0219i <a href=\"https:\/\/www.facebook.com\/hashtag\/mediasudtv?__cft__%5B0%5D=AZbIxSaWw-gn42yRFzJUBF9AOQNqxe9XkDpgUuGv0daeMoB1RoyiQCSRRa1tsb50joR2veM1kW144N6YgBFySLzK4Bl8e3Ju4dPOLSufgVObN7_u1HkG2rLlX14OhDQ-pSH9zQvKu9rsUtFtRQlryTpMpCCqlaoV96hS_V5ZEkbe8A&amp;__tn__=*NK-R\" target=\"_blank\" rel=\"noopener\">#MediaSudTv<\/a>!<\/p>\n<p>Oameni buni, timp de mai bine de 10 ani am t\u0103cut \u0219i nu i-am r\u0103spuns lui Florin Vasilic\u0103,din pur respect pentru memoria tat\u0103lui s\u0103u, precum \u0219i din respect pentru mama lui,sora lui \u0219i chiar so\u021bia lui!<\/p>\n<p>Acum,Florin a \u00eentrecut orice m\u0103sur\u0103 \u0219i de data asta voi merge p\u00e2n\u0103 \u00een p\u00e2nzele albe pentru a l\u0103muri totul,odat\u0103 pentru totdeauna \u0219i pentru a ajunge ca acest om cu discern\u0103m\u00e2nt discutabil s\u0103 m\u0103 lase \u00een pace,at\u00e2t pe mine,c\u00e2t si pe membrii familiei mele!<\/p>\n<p>De unde a \u00eenceput aceast\u0103 situa\u021bie de h\u0103r\u021buire din partea lui Florin Vasilic\u0103?<\/p>\n<p>Fiind la mare,\u00een vacan\u021b\u0103,am deschis Facebook-ul \u0219i mi-a ap\u0103rut o postare despre directorul Centrului Cultural Jude\u021bean Teleorman,Agapie Ciprian.Mi-am permis s\u0103 postez un comentariu admirativ, vis-a-vis de faptul c\u0103 este un om c\u0103ruia \u00eei plac drume\u021biile pe munte \u0219i c\u0103 are o familie frumoas\u0103 \u0219i educat\u0103.<\/p>\n<p>A doua zi, eternul nedrept\u0103\u021bit \u0219i profundul r\u0103zvr\u0103tit,Florin Vasilic\u0103,face o postare \u00een care m\u0103 ia la trei pentru c\u0103 mi-am permis s\u0103 scriu admirativ la acest \u201edirectora\u0219\u201d,a\u0219a cum \u00eel nume\u0219te el!(o s\u0103 \u00eencarc captura de ecran cu postarea lui Florin)<\/p>\n<p>V\u0103z\u00e2nd postarea mincinoas\u0103, dar \u0219i comentariile pe care le-a st\u00e2rnit,respectiv jigniri \u0219i minciuni la adresa copiilor mei,la adresa p\u0103rin\u021bilor,am stabilit cu so\u021bia s\u0103-i trimit\u0103 un comentariu-notificare cu argumente avoc\u0103\u021be\u0219ti, \u00een speran\u021ba c\u0103 \u00ee\u0219i va da seama de gravitatea demersului s\u0103u obsesiv maniacal \u0219i c\u0103 va \u0219terge numele meu din postare.(voi \u00eenc\u0103rca \u0219i comentariul so\u021biei)<\/p>\n<p>Florin Vasilc\u0103 a r\u0103spuns \u0219i ve\u021bi vedea r\u0103spunsul lui ad\u0103ugat la postare!<\/p>\n<p>\u00cen comentariul prin care r\u0103spunde so\u021biei mele,\u00ee\u0219i permite s\u0103 m\u0103 ironizeze pentru faptul c\u0103 nu am r\u0103spuns \u0219i c\u0103 m\u0103 ascund dup\u0103 calitatea de avocat a so\u021biei mele!<\/p>\n<p>Din aceea\u0219i st\u0103p\u00e2nire care m-a oprit \u00een anii \u0103\u0219tia s\u0103-l pun la punct,respectiv din respect pentru memoria tat\u0103lui s\u0103u,precum \u0219i pentru mama sa,am zis c\u0103 poate dup\u0103 argumentele din comentariul so\u021biei se va potoli! Din p\u0103cate nu!<\/p>\n<p>Drept pentru care i-am r\u0103spuns cu un comentariu acid dar precis!<\/p>\n<p>Ce-a f\u0103cut haiducul Florin Vasilic\u0103?!<\/p>\n<p>Ce face orice haiduc! Le-a \u0219ters!<\/p>\n<p>A \u0219ters \u0219i comentariu meu \u0219i pe-al so\u021biei,l\u0103s\u00e2ndu-i pe to\u021bi cei care au citit mizeriile mincinoase s\u0103 d\u0103inuie \u00eentr-o eroare cumplit\u0103 \u0219i nedreapt\u0103!<\/p>\n<p>Le-a \u0219ters pe toate \u0219i ne-a \u0219i blocat!<\/p>\n<p>N-a \u0219ters niciunul dintre comentariile jignitoare la adresa mea \u0219i a familie,ba mai mult le-a r\u0103spuns,\u00eentre\u021bin\u00e2nd fenomenul plin de ur\u0103 \u0219i neadev\u0103r!<\/p>\n<p>A\u0219a c\u0103,oameni buni,nu mai crede\u021bi \u00een minciunile bolnave,obsesiv-maniacale ale lui Florin Vasilic\u0103!<\/p>\n<p>Florin Vasilic\u0103 are nevoie de ajutor medical de specialitate \u0219i nu poate reprezenta un factor credibil av\u00e2nd \u00een vedere toat\u0103 tulburarea lui!<\/p>\n<p>Florin Vasilic\u0103 minte cu neru\u0219inare depre toat\u0103 situa\u021bia de la Centrul Cultural Jude\u021bean Teleorman!<\/p>\n<p>Florin Vasilic\u0103 nu este dec\u00e2t un epigon jalnic \u0219i care nu face dec\u00e2t s\u0103 strice via\u021ba altora!<\/p>\n<p>Florin Vasilic\u0103 este copilul care \u0219i-a be\u0219telit m\u0103icu\u021ba la televiziune public\u0103 \u00een Sf\u00e2nt\u0103 Zi de Pa\u0219ti! M\u0103icu\u021ba lui care l-a purtat \u00een p\u00e2ntec!<\/p>\n<p>Cum s\u0103 acorda\u021bi crezare unui astfel de specimen?!<\/p>\n<p>Mai mult dec\u00e2t at\u00e2t,m\u0103 ironizeaz\u0103 c\u0103-l periez pe \u201d directora\u0219\u201d ca s\u0103 m\u0103 cheme la spectacole \u0219i de!<\/p>\n<p>P\u0103i m\u0103i Florine,eu cu Centrul Cultural Jude\u021bean Teleorman am mai multe refuzuri dec\u00e2t colabor\u0103ri! Eu \u00eei refuz de c\u00e2te 2-3 ori pe an \u0219i dac\u0103 se \u00eent\u00e2mpl\u0103 s\u0103 pot colabora cu ei odat\u0103 pe an!<\/p>\n<p>\u00cen ultimii ani eu am c\u00e2ntat doar o singur\u0103 dat\u0103 \u00een jude\u021b cu Centrul Cultural Jude\u021bean Teleorman!<\/p>\n<p>Dintre to\u021bi \u0103ia care se duc pe la autorit\u0103\u021bile locale \u0219i jude\u021bene \u0219i cer\u0219esc s\u0103 fie lua\u021bi la colaborare,tu pe mine m-ai g\u0103sit colaboratorul de serviciu?!<\/p>\n<p>TU VORBE\u0218TI FLORINE C\u0102 AI AVUT CONTRACT DE COLABORARE CU CENTRUL CULTURAL JUDE\u021aEAN TELEORMAN,\u00ceN CALITATE DE IMPRESAR \u0218I NU TRECEAI PE LA LOCUL DE MUNC\u0102!<\/p>\n<p>Ba mai mult,c\u00e2nd ai ajuns impresar la <a href=\"https:\/\/www.facebook.com\/ansamblul.burnasul.9?__cft__%5B0%5D=AZbIxSaWw-gn42yRFzJUBF9AOQNqxe9XkDpgUuGv0daeMoB1RoyiQCSRRa1tsb50joR2veM1kW144N6YgBFySLzK4Bl8e3Ju4dPOLSufgVObN7_u1HkG2rLlX14OhDQ-pSH9zQvKu9rsUtFtRQlryTpMpCCqlaoV96hS_V5ZEkbe8A&amp;__tn__=-%5DK-R\" target=\"_blank\" rel=\"noopener\">Ansamblul Burnasul<\/a> ,Ansamblul a avut spectacole tot mai pu\u021bine pentru c\u0103 le luai tu \u0219i te duceai cu ai t\u0103i s\u0103 le \u00eencasezi \u00een privat!<\/p>\n<p>\u0218i oameni buni,directorul Centrului Cultural Jude\u021bean Teleorman este un om cu studii superioare,are Consevatorul terminat,este director \u00een urma unui concurs de management pe care l-a sus\u021binut!<\/p>\n<p>Voi \u00eenc\u0103rca aici capturi de ecran foto-video cu postarea ini\u021bial\u0103 a lui Florin Vasilic\u0103,apoi comentariu so\u021biei,comentariul meu \u0219i voi reveni \u00een fiecare zi cu post\u0103ri despre aceast\u0103 situa\u021bie \u0219i cu diverse capturi de ecran de la comentariile care aduc jigniri postate la Florin Vasilic\u0103!<\/p>\n<p>R\u0102SPUNSUL\/COMENTARIUL MEU LA POSTAREA LUI FLORIN<\/p>\n<p>M\u0103i Florine,eu nu sunt prieten cu tine \u0219i nici coleg!<\/p>\n<p>Am fost prieteni atunci c\u00e2nd te-am adus \u00een Teleorman cu serviciul, respectiv la Casa de Cultur\u0103 din Videle,la Ansamblul Vl\u0103sceanca, \u00eens\u0103 \u00een pornirea asta deja obsesiv maniacal\u0103, pe care o ai pe Centrul Cultural Jude\u021bean Teleorman \u0219i pe Ansamblul Burnasul, eu nu sunt nici prietenul t\u0103u \u0219i nici sus\u021bin\u0103torul t\u0103u!<\/p>\n<p>Oamenii care citesc ceea ce scrii tu nu cunosc \u00eentregul context pe care l-ai filmat nelegal cu camera ascuns\u0103,f\u0103r\u0103 s\u0103 ai acordul celuilalt,\u00eens\u0103,dac\u0103 dai pe-afar\u0103 de corectitudine,posteaz\u0103 toat\u0103 filmarea!<\/p>\n<p>Acel manager al Centrului Cultural Jude\u021bean Teleorman a fost h\u0103r\u021buit la propriu de tine \u0219i l-ai adus \u00een punctul \u00een care a rostit \u0219i cuv\u00e2ntul \u201esimplu\u201d!<\/p>\n<p>Asta ar fi de fapt jignirea absolut\u0103,c\u0103 statul de angajat nu ai cum s\u0103-l negi!<\/p>\n<p>Nu e jignire Florine!<\/p>\n<p>Caut\u0103 tu Dex-ul \u0219i pune pe cineva s\u0103-\u021bi interpreteze defini\u021bia,dac\u0103 p\u00e2n\u0103 acum tu nu st\u0103p\u00e2ne\u0219ti termenul cu precizie!<\/p>\n<p>Dar \u00een fond \u0219i la urma urmei Ciprian Agapie e om mare \u0219i se poate ap\u0103ra singur,a\u0219a c\u0103 nu trebuie s\u0103-i fiu eu avocat!<\/p>\n<p>Revenind la nesim\u021birea ta de a crea asear\u0103 postare tenden\u021bioas\u0103 am s\u0103-\u021bi spun c\u0103 pot aprecia \u0219i pot comenta cui vreau eu,f\u0103r\u0103 s\u0103 fiu urm\u0103rit obsesiv de oameni cu discern\u0103m\u00e2nt \u0219ubred!<\/p>\n<p>Nu trebuie s\u0103 cer voie de la tine pentru a comenta cuiva \u0219i scandalurile tale nu sunt \u0219i ale mele!<\/p>\n<p>Pentru c\u0103 prin mizeria asta de postare obsesiv-maniacal\u0103 m\u0103 tragi la r\u0103spundere de ce \u00eel apreciez eu pe Ciprian Agapie,o s\u0103 scriu c\u00e2teva motive pentru care \u00eel apreciez:<\/p>\n<p>-Ciprian este un om cu studii superioare,respectiv Conservatorul!<\/p>\n<p>-Ciprian \u0219tie unde se afl\u0103 do-ul pe portativ!<\/p>\n<p>-Ciprian tr\u0103ie\u0219te din \u201epenele lui\u201d!<\/p>\n<p>-Nu este genul de om care-\u0219i g\u0103se\u0219te \u00eempinirea din tragedia altuia!<\/p>\n<p>-Nu a fost dus \u00een sevraj cu salvarea vreodat\u0103 la Poroschia!<\/p>\n<p>-Nu url\u0103 noaptea pe la blocuri ca s\u0103 coboare farmacista s\u0103-i dea medicamente d-alea bune care merg cu votc\u0103!<\/p>\n<p>-Nu a alergat vreodat\u0103 so\u021bia, despuiat gol-pu\u0219c\u0103 pe aleea dintre blocuri \u0219i cu cu\u021bitul \u00een m\u00e2n\u0103!<\/p>\n<p>O s\u0103 m\u0103 opresc din multele motive pentru care am respect pentru Ciprian \u0219i te rog s\u0103 te potole\u0219ti!<\/p>\n<p>Nu denigreaz\u0103 nimeni pe Liviu Vasilic\u0103 \u0219i fiecare \u00eei respect\u0103 memoria a\u0219a cum poate!<\/p>\n<p>Pentru oamenii care au citit doar scenariile tale vreau s\u0103 adaug c\u00e2teva argumente c\u0103 autorit\u0103\u021bile jude\u021bele \u0219i municipale au respectat memoria marelui \u0219i regretatului artist!<\/p>\n<p>-imediat dup\u0103 decesul regretatului artist numele Ansamblului Profesionist Burnasul a fost schimbat \u00een Ansamblul Profesionist Liviu Vasilic\u0103,\u00eens\u0103 familia a anulat aceast fapt!<\/p>\n<p>-numele Festivalului \u201ePe deal la Teleorm\u0103nel\u201d a fost schimbat \u00een Festivalul Na\u021bional Liviu Vasilic\u0103,\u00eens\u0103 familia nu a fost de acord nici cu asta \u0219i s-a anulat totul!<\/p>\n<p>-i s-a f\u0103cut statuie \u00een m\u0103rime natural\u0103 \u0219i este amplasat\u0103 \u00een fa\u021ba Consiliului Jude\u021bean Teleorman! M\u0103 mir c\u0103 nu ai cerut s\u0103 fie d\u0103r\u00e2mat\u0103!<\/p>\n<p>Realitatea este c\u0103 Marin Preda nu are o statuie a\u0219a de mare!<\/p>\n<p>A\u0219a c\u0103 autorit\u0103\u021bile administrative \u0219i culturale au f\u0103cut tot ceea ce e omene\u0219te posibil,\u00eens\u0103 de\u2026<\/p>\n<p>Obsesia ta \u00een a distruge Ansamblul Burnasul \u0219i implicit adev\u0103ratul grup Teleormanul,grupul care a c\u00e2ntat l\u00e2ng\u0103 regretatul Liviu Vasilic\u0103,trebuie s\u0103 fie prezentat\u0103 publicului larg!<\/p>\n<p>Oameni buni,adev\u0103ratul grup Teleormanul este grupul Ansamblului Burnasul!<\/p>\n<p>Acei b\u0103ie\u021bi au c\u00e2ntat l\u00e2ng\u0103 regretatul \u0219i marele artist Liviu Vasilic\u0103!<\/p>\n<p>Consiliul Jude\u021bean Teleorman nu a contestat \u00eenregistrarea la OSIM a numelui Grupului Teleormanul,de\u0219i aceast\u0103 entitate artistic\u0103 a func\u021bionat oficial cu resursele umane \u0219i infrastructura Ansamblului Burnasul,al Consiliului Jude\u021bean Teleorman,fapt ce a dus la retragerea numelui de grupul Teleormanul de c\u0103tre familie!<\/p>\n<p>Oameni buni, Liviu Vasilic\u0103 a fost \u0219i va r\u0103m\u00e2ne un artist emblematic al Teleormanului \u0219i care a avut notorietatea excep\u021bional\u0103 prin carisma \u0219i dragostea publicului \u0219i care a fost \u0219i directorul Ansamblului Burnasul,apoi al Centrului Cultural Jude\u021bean Teleorman,dup\u0103 comasarea institu\u021biilor!<\/p>\n<figure class=\"wp-block-gallery has-nested-images columns-default is-cropped wp-block-gallery-1 is-layout-flex wp-block-gallery-is-layout-flex\">\n<figure class=\"wp-block-image size-large\"><a href=\"https:\/\/liberinteleorman.ro\/wp-content\/uploads\/2026\/08\/776589088_2258093558347966_7482648478452088920_n.jpeg\"><img decoding=\"async\" loading=\"lazy\" width=\"473\" height=\"1024\" data-id=\"42913\" src=\"https:\/\/liberinteleorman.ro\/wp-content\/uploads\/2026\/08\/776589088_2258093558347966_7482648478452088920_n-473x1024.jpeg\" alt class=\"wp-image-42913\"><\/a><\/figure>\n<figure class=\"wp-block-image size-large\"><a href=\"https:\/\/liberinteleorman.ro\/wp-content\/uploads\/2026\/08\/778504854_1777444379927919_6180987606211173666_n.jpeg\"><img decoding=\"async\" loading=\"lazy\" width=\"473\" height=\"1024\" data-id=\"42914\" src=\"https:\/\/liberinteleorman.ro\/wp-content\/uploads\/2026\/08\/778504854_1777444379927919_6180987606211173666_n-473x1024.jpeg\" alt class=\"wp-image-42914\"><\/a><\/figure>\n<figure class=\"wp-block-image size-large\"><a href=\"https:\/\/liberinteleorman.ro\/wp-content\/uploads\/2026\/08\/778958314_1090926760280113_1343126390141271951_n.jpeg\"><img decoding=\"async\" loading=\"lazy\" width=\"473\" height=\"1024\" data-id=\"42917\" src=\"https:\/\/liberinteleorman.ro\/wp-content\/uploads\/2026\/08\/778958314_1090926760280113_1343126390141271951_n-473x1024.jpeg\" alt class=\"wp-image-42917\"><\/a><\/figure>\n<figure class=\"wp-block-image size-large\"><a href=\"https:\/\/liberinteleorman.ro\/wp-content\/uploads\/2026\/08\/779201281_1036139989460070_4005176400397403849_n.jpeg\"><img decoding=\"async\" loading=\"lazy\" width=\"473\" height=\"1024\" data-id=\"42919\" src=\"https:\/\/liberinteleorman.ro\/wp-content\/uploads\/2026\/08\/779201281_1036139989460070_4005176400397403849_n-473x1024.jpeg\" alt class=\"wp-image-42919\"><\/a><\/figure>\n<figure class=\"wp-block-image size-large\"><a href=\"https:\/\/liberinteleorman.ro\/wp-content\/uploads\/2026\/08\/779999141_27916041551370120_7329282426251474226_n.jpeg\"><img decoding=\"async\" loading=\"lazy\" width=\"473\" height=\"1024\" data-id=\"42918\" src=\"https:\/\/liberinteleorman.ro\/wp-content\/uploads\/2026\/08\/779999141_27916041551370120_7329282426251474226_n-473x1024.jpeg\" alt class=\"wp-image-42918\"><\/a><\/figure>\n<figure class=\"wp-block-image size-large\"><a href=\"https:\/\/liberinteleorman.ro\/wp-content\/uploads\/2026\/08\/780024388_1514959513652295_3605257052887496667_n.jpeg\"><img decoding=\"async\" loading=\"lazy\" width=\"692\" height=\"1024\" data-id=\"42920\" src=\"https:\/\/liberinteleorman.ro\/wp-content\/uploads\/2026\/08\/780024388_1514959513652295_3605257052887496667_n-692x1024.jpeg\" alt class=\"wp-image-42920\"><\/a><\/figure>\n<figure class=\"wp-block-image size-large\"><a href=\"https:\/\/liberinteleorman.ro\/wp-content\/uploads\/2026\/08\/780322938_1074922281656281_1435797156049199760_n.jpeg\"><img decoding=\"async\" loading=\"lazy\" width=\"473\" height=\"1024\" data-id=\"42921\" src=\"https:\/\/liberinteleorman.ro\/wp-content\/uploads\/2026\/08\/780322938_1074922281656281_1435797156049199760_n-473x1024.jpeg\" alt class=\"wp-image-42921\"><\/a><\/figure>\n<figure class=\"wp-block-image size-large\"><a href=\"https:\/\/liberinteleorman.ro\/wp-content\/uploads\/2026\/08\/780580740_1394060546195219_8683235548606337121_n.jpeg\"><img decoding=\"async\" loading=\"lazy\" width=\"473\" height=\"1024\" data-id=\"42922\" src=\"https:\/\/liberinteleorman.ro\/wp-content\/uploads\/2026\/08\/780580740_1394060546195219_8683235548606337121_n-473x1024.jpeg\" alt class=\"wp-image-42922\"><\/a><\/figure>\n<\/figure>\n<\/div>\n<p>[analyse_source url=&#8221;https:\/\/liberinteleorman.ro\/gelu-voicu-replica-dura-pentru-florin-vasilica-voi-merge-pana-in-panzele-albe-pentru-a-lamuri-totul\/&#8221;]<\/p>\n","protected":false},"excerpt":{"rendered":"<p>[analyse_image type=&#8221;featured&#8221; src=&#8221;https:\/\/liberinteleorman.ro\/wp-content\/uploads\/2026\/08\/gelu-voicu-si-florin-vasilica.jpg&#8221;] Disputa dintre doi cunoscu\u021bi interpre\u021bi de folclor din Teleorman, Gelu Voicu \u0219i Florin Vasilic\u0103, a ajuns \u00een spa\u021biul public, dup\u0103 o serie de acuza\u021bii \u0219i replici lansate pe re\u021belele sociale. Gelu Voicu a publicat o ampl\u0103 replic\u0103 adresat\u0103 lui Florin Vasilic\u0103, sus\u021bin\u00e2nd c\u0103, dup\u0103 mai bine de zece ani \u00een care a [&hellip;]<\/p>\n","protected":false},"author":1,"featured_media":0,"comment_status":"open","ping_status":"","sticky":false,"template":"","format":"standard","meta":{"footnotes":""},"categories":[89],"tags":[226,181],"class_list":["post-2105542","post","type-post","status-publish","format-standard","hentry","category-romania","tag-crawlmanager","tag-liberinteleorman-ro"],"_links":{"self":[{"href":"https:\/\/analyse.optim.biz\/index.php?rest_route=\/wp\/v2\/posts\/2105542","targetHints":{"allow":["GET"]}}],"collection":[{"href":"https:\/\/analyse.optim.biz\/index.php?rest_route=\/wp\/v2\/posts"}],"about":[{"href":"https:\/\/analyse.optim.biz\/index.php?rest_route=\/wp\/v2\/types\/post"}],"author":[{"embeddable":true,"href":"https:\/\/analyse.optim.biz\/index.php?rest_route=\/wp\/v2\/users\/1"}],"replies":[{"embeddable":true,"href":"https:\/\/analyse.optim.biz\/index.php?rest_route=%2Fwp%2Fv2%2Fcomments&post=2105542"}],"version-history":[{"count":0,"href":"https:\/\/analyse.optim.biz\/index.php?rest_route=\/wp\/v2\/posts\/2105542\/revisions"}],"wp:attachment":[{"href":"https:\/\/analyse.optim.biz\/index.php?rest_route=%2Fwp%2Fv2%2Fmedia&parent=2105542"}],"wp:term":[{"taxonomy":"category","embeddable":true,"href":"https:\/\/analyse.optim.biz\/index.php?rest_route=%2Fwp%2Fv2%2Fcategories&post=2105542"},{"taxonomy":"post_tag","embeddable":true,"href":"https:\/\/analyse.optim.biz\/index.php?rest_route=%2Fwp%2Fv2%2Ftags&post=2105542"}],"curies":[{"name":"wp","href":"https:\/\/api.w.org\/{rel}","templated":true}]}}