{"id":2105541,"date":"2026-08-20T15:13:31","date_gmt":"2026-08-20T12:13:31","guid":{"rendered":"https:\/\/analyse.optim.biz\/?p=2105541"},"modified":"2026-08-20T15:13:31","modified_gmt":"2026-08-20T12:13:31","slug":"arhiepiscopia-sucevei-si-radautilor-continua-traditia-premierii-absolventilor-suceveni-cu-rezultate-deosebite-la-evaluarea-nationala-si-la-examenul-national-de-bacalaureat","status":"publish","type":"post","link":"https:\/\/analyse.optim.biz\/?p=2105541","title":{"rendered":"Arhiepiscopia Sucevei \u0219i R\u0103d\u0103u\u021bilor continu\u0103 tradi\u021bia premierii absolven\u021bilor suceveni cu rezultate deosebite la Evaluarea Na\u021bional\u0103 \u0219i la Examenul Na\u021bional de Bacalaureat"},"content":{"rendered":"<p>[analyse_image type=&#8221;featured&#8221; src=&#8221;https:\/\/img.svnews.ro\/foto\/2026\/08\/20\/554715\/848cd0a675a387777a33e697b.jpg&#8221;]<\/p>\n<div class=\"entry\"><img loading=\"lazy\" decoding=\"async\" width=\"650\" height=\"325\" src=\"https:\/\/img.svnews.ro\/foto\/2026\/08\/20\/554715\/848cd0a675a387777a33e697b06500325.jpg\" alt><\/p>\n<div class=\"entry_content\">\n<p>Cu binecuv\u00e2ntarea \u00cenaltpreasfin\u021bitului P\u0103rinte\u00a0<strong>Calinic<\/strong>, Arhiepiscop al Sucevei \u0219i R\u0103d\u0103u\u021bilor, Centrul Eparhial Suceava, prin Sectorul Educa\u021bional \u2013 Teologic, cu sprijinul financiar al celor cinci protopopiate ale eparhiei, a continuat \u0219i \u00een anul 2026 tradi\u021bia de a-i eviden\u021bia \u0219i de a-i recompensa pe elevii suceveni care au ob\u021binut cele mai frumoase la Evaluarea Na\u021bional\u0103 pentru clasa a VIII-a \u0219i la Examenul Na\u021bional de Bacalaureat.<\/p>\n<p>Evenimentul festiv a avut loc la M\u0103n\u0103stirea Putna, \u00een ziua Praznicului Adormirii Maicii Domnului (15 August 2026), \u00een cadrul manifest\u0103rilor prilejuite de hramul istoric al acestui a\u0219ez\u0103m\u00e2nt monahal. \u00cent\u00e2lnirea a reprezentat un moment de recuno\u0219tin\u021b\u0103 pentru darurile cu care Dumnezeu i-a \u00eenzestrat pe elevii merituo\u0219i prezen\u021bi \u0219i pentru efortul, perseveren\u021ba \u0219i disciplina prin care ace\u0219tia \u0219i-au pus \u00een valoare talan\u021bii primi\u021bi.<\/p>\n<p>\u00cen acest an, la Examenul Na\u021bional de Bacalaureat, patru elevi din jude\u021bul Suceava au ob\u021binut\u00a0<strong>media general\u0103 10<\/strong>:\u00a0<strong>Filimon Elisabeta<\/strong>\u00a0\u0219i\u00a0<strong>Ila\u0219 Elena-Ioana<\/strong>, absolvente ale\u00a0<strong>Colegiului Na\u021bional \u201eEudoxiu Hurmuzachi\u201d<\/strong>\u00a0din R\u0103d\u0103u\u021bi, respectiv\u00a0<strong>Popescu Larisa-Ioana<\/strong>\u00a0\u0219i\u00a0<strong>Brum\u0103 Teodora<\/strong>, absolvente ale\u00a0<strong>Colegiului Na\u021bional \u201eMihai Eminescu\u201d din Suceava<\/strong>.<\/p>\n<p>Al\u0103turi de ace\u0219tia, pentru rezultatele deosebite ob\u021binute la acela\u0219i examen, au fost premia\u021bi \u0219i\u00a0<strong>Busuioc Ioana-Gabriela<\/strong>, de\u00a0<strong>la Colegiul Na\u021bional \u201eNicu Gane\u201d din F\u0103lticeni<\/strong>, cu\u00a0<strong>media general\u0103 9,98<\/strong>, \u0219i\u00a0<strong>Prelipcean Ariana<\/strong>, de la\u00a0<strong>Colegiul Na\u021bional \u201eEudoxiu Hurmuzachi\u201d din R\u0103d\u0103u\u021bi<\/strong>, cu\u00a0<strong>media 9,96<\/strong>.<\/p>\n<p>La Evaluarea Na\u021bional\u0103 pentru absolven\u021bii clasei a VIII-a, au fost recompensa\u021bi\u00a0<strong>B\u0103l\u0103ceanu Marta<\/strong>, de la\u00a0<strong>\u0218coala Gimnazial\u0103 \u201eNicolae Labi\u0219\u201d din M\u0103lini<\/strong>, \u0219i\u00a0<strong>Ioan Alexandra<\/strong>, de la\u00a0<strong>\u0218coala Gimnazial\u0103 Ipote\u0219ti<\/strong>, ambele eleve ob\u021bin\u00e2nd\u00a0<strong>media 9,95<\/strong>.<\/p>\n<p>To\u021bi cei opt elevi au fost distin\u0219i cu Ordinul eparhial \u201eSf\u00e2ntul Mucenic Ioan cel Nou de la Suceava\u201d cu insign\u0103. Pe l\u00e2ng\u0103 ordinul eparhial, elevii au primit \u00een semn de pre\u021buire \u0219i \u00eencurajare setul de de\u00a0Decaloguri care \u00eel au ca autor de \u00cenaltpreasfin\u021bitul P\u0103rinte Arhiepiscop Calinic, c\u00e2te o carte de rug\u0103ciuni pentru tineri, revista\u00a0Cuvinte c\u0103tre tineri, \u00a0precum \u0219i premii \u00een bani. Ordinele au fost conferite de c\u0103tre Preasfin\u021bitul P\u0103rinte Damaschin Dorneanul, Episcop \u2013 vicar al Arhiepiscopiei Sucevei \u0219i R\u0103d\u0103u\u021bilor, iar textul distinc\u021biei a fost lecturat de c\u0103tre. Pr. Ionu\u021b Isopescu, consilier al Sectorului Educa\u021bional \u2013 Teologic.<\/p>\n<p>Prin aceast\u0103 ini\u021biativ\u0103, Arhiepiscopia Sucevei \u0219i R\u0103d\u0103u\u021bilor \u00ee\u0219i reafirm\u0103 preocuparea constant\u0103 pentru educa\u021bie \u0219i pentru formarea tinerilor, \u00een\u021beleg\u00e2nd c\u0103 \u0219coala \u0219i Biserica sunt chemate s\u0103 lucreze \u00eempreun\u0103 pentru zidirea unor oameni temeinici, lumina\u021bi \u0219i responsabili. Prin aceast\u0103 ini\u021biativ\u0103, performan\u021ba \u0219colar\u0103 nu este privit\u0103 doar ca o reu\u0219it\u0103 personal\u0103, ci \u0219i ca un dar care poate fi pus \u00een slujba comunit\u0103\u021bii \u0219i a binelui celor din jur.<\/p>\n<p>Pentru\u00a0<strong>Teodora Brum\u0103<\/strong>, absolvent\u0103 a Colegiului Na\u021bional \u201eMihai Eminescu\u201d din Suceava, care a ob\u021binut media 10 la Examenul Na\u021bional de Bacalaureat, \u00eent\u00e2lnirea de la Putna a fost mai mult dec\u00e2t o festivitate de premiere. T\u00e2n\u0103ra m\u0103rturise\u0219te c\u0103, odat\u0103 ajuns\u0103 la m\u0103n\u0103stire, a sim\u021bit\u00a0cum lini\u0219tea \u00eemi umple sufletul, bucur\u00e2ndu-se s\u0103 fie al\u0103turi de oameni uni\u021bi de rug\u0103ciune \u0219i de c\u0103utarea lui Dumnezeu. Momentul urc\u0103rii pe scen\u0103 i-a adus un profund sentiment de recuno\u0219tin\u021b\u0103 pentru toate darurile primite de la Dumnezeu \u0219i pentru aprecierea celor din jur. \u00cen viziunea sa,\u00a0credin\u021ba, consecven\u021ba \u0219i disciplina\u00a0sunt repere care pot sprijini orice t\u00e2n\u0103r \u00een atingerea obiectivelor sale.<\/p>\n<p>La r\u00e2ndul s\u0103u,\u00a0<strong>Larisa-Ioana Popescu<\/strong>, absolvent\u0103 a Colegiului Na\u021bional \u201eMihai Eminescu\u201d din Suceava, tot cu media 10 la Bacalaureat, a descris festivitatea de premiere drept\u00a0un moment de o profunzime \u0219i o \u00eenc\u0103rc\u0103tur\u0103 emo\u021bional\u0103 aparte. Pentru ea, anii de liceu, orele de studiu \u0219i c\u0103ut\u0103rile intelectuale au avut valoare nu doar prin rezultatul ob\u021binut, ci mai ales prin con\u0219tientizarea faptului c\u0103 adev\u0103rata reu\u0219it\u0103 cap\u0103t\u0103 sens atunci c\u00e2nd este pus\u0103 \u00een slujba binelui \u0219i a comunit\u0103\u021bii.<\/p>\n<p>T\u00e2n\u0103ra \u0219i-a exprimat recuno\u0219tin\u021ba fa\u021b\u0103 de \u00cenaltpreasfin\u021bitul P\u0103rinte Calinic, apreciind binecuv\u00e2ntarea \u0219i sprijinul oferit tinerilor performan\u021bi:\u00a0Prin generozitatea \u0219i aten\u021bia Sa, \u00cenaltpreasfin\u021bia Sa ne confirm\u0103 c\u0103 valoarea, educa\u021bia \u0219i caracterele frumoase sunt pre\u021buite \u0219i cultivate cu dragoste \u00een cadrul Bisericii.\u00a0Pentru Larisa-Ioana Popescu, momentul de la Putna r\u0103m\u00e2ne o m\u0103rturie c\u0103 succesul trebuie purtat\u00a0cu demnitate, smerenie \u0219i d\u0103ruire.<\/p>\n<p>O emo\u021bie aparte a tr\u0103it-o \u0219i\u00a0<strong>Elena-Ioana Ila\u0219<\/strong>, absolvent\u0103 a Colegiului Na\u021bional \u201eEudoxiu Hurmuzachi\u201d din R\u0103d\u0103u\u021bi, care a ob\u021binut, de asemenea, media 10 la Examenul Na\u021bional de Bacalaureat. De\u0219i particip\u0103 cu drag \u00een fiecare an la hramul M\u0103n\u0103stirii Putna, ziua de 15 august 2026 va r\u0103m\u00e2ne pentru ea una de neuitat. Distinc\u021bia primit\u0103 are o semnifica\u021bie cu totul special\u0103, \u00eentruc\u00e2t t\u00e2n\u0103ra poart\u0103 numele Sf\u00e2ntului Mucenic Ioan cel Nou, pe care \u00eel care ca ocrotitor.\u00a0Onoarea de a fi distins\u0103 cu Ordinul \u00abSf\u00e2ntul Mucenic Ioan cel Nou de la Suceava\u00bb este cu at\u00e2t mai mare cu c\u00e2t port numele acestui sf\u00e2nt, care m-a ocrotit \u00een to\u021bi ace\u0219ti ani, a m\u0103rturisit aceasta, adres\u00e2nd sincere mul\u021bumiri Arhiepiscopiei Sucevei \u0219i R\u0103d\u0103u\u021bilor, \u00cenaltpreasfin\u021bitului P\u0103rinte Calinic, Preasfin\u021bitului P\u0103rinte Damaschin Dorneanul \u0219i tuturor celor care au contribuit la organizarea evenimentului.<\/p>\n<p>Pentru\u00a0<strong>Marta B\u0103l\u0103ceanu<\/strong>, elev\u0103 a \u0218colii Gimnaziale \u201eNicolae Labi\u0219\u201d din M\u0103lini, care a ob\u021binut media 9,95 la Evaluarea Na\u021bional\u0103, recompensa primit\u0103 la Putna a constituit un moment deosebit \u0219i o \u00eencurajare pentru viitor.\u00a0A fost o experien\u021b\u0103 deosebit\u0103, a m\u0103rturisit eleva, care a recunoscut c\u0103, la \u00eenceputul festivit\u0103\u021bii, \u0219i-au f\u0103cut loc emo\u021biile fire\u0219ti, \u00eens\u0103 atmosfera cald\u0103 \u0219i primitoare a evenimentului a ajutat-o s\u0103 tr\u0103iasc\u0103 din plin bucuria momentului.\u00a0M-am sim\u021bit onorat\u0103 s\u0103 m\u0103 aflu pe acea scen\u0103 al\u0103turi de asemenea persoane, a ad\u0103ugat aceasta.<\/p>\n<p>Dincolo de cifre \u0219i de clasamente, \u00een spatele unei astfel de reu\u0219it\u0103 se afl\u0103 ani de munc\u0103, perseveren\u021b\u0103, disciplin\u0103, sprijinul familiei \u0219i al profesorilor \u0219i, nu \u00een ultimul r\u00e2nd, darurile pe care Dumnezeu le-a a\u0219ezat \u00een sufletele lor. De aceea, premierea acest absolven\u021bi \u00een cadrul hramului M\u0103n\u0103stirii Putna cap\u0103t\u0103 o valoare simbolic\u0103 aparte: roadele str\u0103daniei lor au fost aduse \u00eenaintea lui Dumnezeu, \u00een locul \u00een care genera\u021bii de rom\u00e2ni au venit s\u0103 caute luminare, \u00eent\u0103rire \u0219i binecuv\u00e2ntare.<\/p>\n<p>Prin aceast\u0103 tradi\u021bie, Arhiepiscopia Sucevei \u0219i R\u0103d\u0103u\u021bilor dore\u0219te s\u0103 transmit\u0103 tinerilor c\u0103 performan\u021ba este pre\u021buit\u0103, iar munca lor nu trece neobservat\u0103. \u00cen acela\u0219i timp, premierea de la Putna constituie un \u00eendemn ca rezultatele academice s\u0103 fie \u00eenso\u021bite de formarea caracterului, de responsabilitate, de credin\u021b\u0103 \u0219i de dorin\u021ba de a pune cunoa\u0219terea \u0219i priceperea \u00een slujba binelui comun \u0219i de a \u00eenmul\u021bi, prin h\u0103rnicie \u0219i d\u0103ruire, talan\u021bii primi\u021bi de la Dumnezeu.<\/p>\n<p>\u00cen \u00eencheiere, aducem mul\u021bumiri \u00cenaltpreasfin\u021bitului P\u0103rinte Arhiepiscop Calinic pentru binecuv\u00e2ntarea \u0219i sus\u021binerea constant\u0103 a acestui demers dedicat tinerilor \u0219i educa\u021biei, Preasfin\u021bitului P\u0103rinte Damaschin Dorneanul pentru \u00eenm\u00e2narea ordinelor eparhiale \u0219i a darurilor, precum \u0219i p\u0103rintelui arhimandrit Melchisedec Ve\u0219nic, exarh administrativ \u00een cadrul Centrului Eparhial Suceava \u0219i stare\u021b al M\u0103n\u0103stirii Putna, gazda acestui moment festiv. Totodat\u0103, se cuvine a adresa mul\u021bumiri p\u0103rin\u021bilor protopopi ai celor cinci protopopiate ale Arhiepiscopiei Sucevei \u0219i R\u0103d\u0103u\u021bilor, care au sprijinit financiar aceast\u0103 ini\u021biativ\u0103.<\/p>\n<p>Dincolo de recunoa\u0219terea excelen\u021bei \u0219colare, premierea de la M\u0103n\u0103stirea Putna\u00a0 r\u0103m\u00e2ne o m\u0103rturie despre frumuse\u021bea \u00eent\u00e2lnirii dintre credin\u021b\u0103, educa\u021bie \u0219i cultur\u0103, \u00eentr-un loc sacru \u00een care trecutul \u0219i viitorul se \u00eent\u00e2lnesc sub ocrotirea Maicii Domnului.<\/p>\n<p>\u00a0<\/p>\n<p>Pr.\u00a0<strong>Ionu\u021b Isopescu<\/strong><\/p>\n<p>Consilier eparhial<\/p>\n<p>Sectorul Educa\u021bional \u2013 Teologic<\/p>\n<p><img loading=\"lazy\" decoding=\"async\" class=\"alignnone size-medium wp-image-554716\" src=\"https:\/\/img.svnews.ro\/foto\/2026\/08\/20\/554715\/838e5b6fec79389f250ff94bb06500433.jpg\" alt width=\"650\" height=\"433\"><\/p>\n<p><img loading=\"lazy\" decoding=\"async\" class=\"alignnone size-medium wp-image-554717\" src=\"https:\/\/img.svnews.ro\/foto\/2026\/08\/20\/554715\/01315f66560933ff03592ee7a06500433.jpg\" alt width=\"650\" height=\"433\"><\/p>\n<p><img decoding=\"async\" loading=\"lazy\" class=\"alignnone size-medium wp-image-554718\" src=\"https:\/\/img.svnews.ro\/foto\/2026\/08\/20\/554715\/47ffbd6a411123518a509e64d06500433.jpg\" alt width=\"650\" height=\"433\"><\/p>\n<p><img decoding=\"async\" loading=\"lazy\" class=\"alignnone size-medium wp-image-554719\" src=\"https:\/\/img.svnews.ro\/foto\/2026\/08\/20\/554715\/9e5552e35a2b4d0ddaaa7458e06500433.jpg\" alt width=\"650\" height=\"433\"><\/p>\n<p><img decoding=\"async\" loading=\"lazy\" class=\"alignnone size-medium wp-image-554720\" src=\"https:\/\/img.svnews.ro\/foto\/2026\/08\/20\/554715\/c00b48470c73645a39693ec5406500433.jpg\" alt width=\"650\" height=\"433\"><\/p>\n<p><img decoding=\"async\" loading=\"lazy\" class=\"alignnone size-medium wp-image-554721\" src=\"https:\/\/img.svnews.ro\/foto\/2026\/08\/20\/554715\/e857a83249fde7dc9c847e2f406500433.jpg\" alt width=\"650\" height=\"433\"><\/p>\n<p><img decoding=\"async\" loading=\"lazy\" class=\"alignnone size-medium wp-image-554722\" src=\"https:\/\/img.svnews.ro\/foto\/2026\/08\/20\/554715\/a4fc4243293c912c9c718a95206500433.jpg\" alt width=\"650\" height=\"433\"><\/p>\n<p><img decoding=\"async\" loading=\"lazy\" class=\"alignnone size-medium wp-image-554723\" src=\"https:\/\/img.svnews.ro\/foto\/2026\/08\/20\/554715\/41b34c285bf54095ce13034e506500433.jpg\" alt width=\"650\" height=\"433\"><\/p>\n<p><img decoding=\"async\" loading=\"lazy\" class=\"alignnone size-medium wp-image-554725\" src=\"https:\/\/img.svnews.ro\/foto\/2026\/08\/20\/554715\/dd55bc5d4925f544236dfddc306500433.jpg\" alt width=\"650\" height=\"433\"><\/p>\n<p><img decoding=\"async\" loading=\"lazy\" class=\"alignnone size-medium wp-image-554726\" src=\"https:\/\/img.svnews.ro\/foto\/2026\/08\/20\/554715\/a868946ca98ac9616c76192a506500433.jpg\" alt width=\"650\" height=\"433\"><\/p>\n<p><img decoding=\"async\" loading=\"lazy\" class=\"alignnone size-medium wp-image-554727\" src=\"https:\/\/img.svnews.ro\/foto\/2026\/08\/20\/554715\/525b37a8a16ba50b690154d1406500433.jpg\" alt width=\"650\" height=\"433\"><\/p>\n<p><img decoding=\"async\" loading=\"lazy\" class=\"alignnone size-medium wp-image-554728\" src=\"https:\/\/img.svnews.ro\/foto\/2026\/08\/20\/554715\/c6ca4f3adc6917413d4c3f1d606500975.jpg\" alt width=\"650\" height=\"975\"><\/p>\n<p><img decoding=\"async\" loading=\"lazy\" class=\"alignnone size-medium wp-image-554729\" src=\"https:\/\/img.svnews.ro\/foto\/2026\/08\/20\/554715\/6b7b0cb275fa0427f90bf5aa106500433.jpg\" alt width=\"650\" height=\"433\"><\/p>\n<p><img decoding=\"async\" loading=\"lazy\" class=\"alignnone size-medium wp-image-554730\" src=\"https:\/\/img.svnews.ro\/foto\/2026\/08\/20\/554715\/eb3ddf3896a025989d5c75be206500433.jpg\" alt width=\"650\" height=\"433\"><\/p>\n<p><img decoding=\"async\" loading=\"lazy\" class=\"alignnone size-medium wp-image-554731\" src=\"https:\/\/img.svnews.ro\/foto\/2026\/08\/20\/554715\/bb592235f439c175ba005c87206500433.jpg\" alt width=\"650\" height=\"433\"><\/p>\n<p><img decoding=\"async\" loading=\"lazy\" class=\"alignnone size-medium wp-image-554732\" src=\"https:\/\/img.svnews.ro\/foto\/2026\/08\/20\/554715\/0a51052b0101ce497b7e70cff06500433.jpg\" alt width=\"650\" height=\"433\"><\/p>\n<\/div>\n<div>\n<div>VN:F [1.9.22_1171]<\/div>\n<div class=\"ratingblock \">\n<div class=\"ratingstars \">\n<div id=\"article_loader_554715\" class=\"ratingloaderarticle\">\n<div class=\"loader arrows \">\n<div class=\"loaderinner\">se actualizeaz\u0103&#8230;<\/div>\n<\/div>\n<\/div>\n<\/div>\n<div class=\"ratingtext \">\n<div id=\"gdr_text_a554715\">Rating: 0.0\/<strong>10<\/strong> (0 votes cast)<\/div>\n<\/div>\n<\/div>\n<\/div>\n<\/div>\n<div class=\"entry_content\">\n<p>Cu binecuv\u00e2ntarea \u00cenaltpreasfin\u021bitului P\u0103rinte\u00a0<strong>Calinic<\/strong>, Arhiepiscop al Sucevei \u0219i R\u0103d\u0103u\u021bilor, Centrul Eparhial Suceava, prin Sectorul Educa\u021bional \u2013 Teologic, cu sprijinul financiar al celor cinci protopopiate ale eparhiei, a continuat \u0219i \u00een anul 2026 tradi\u021bia de a-i eviden\u021bia \u0219i de a-i recompensa pe elevii suceveni care au ob\u021binut cele mai frumoase la Evaluarea Na\u021bional\u0103 pentru clasa a VIII-a \u0219i la Examenul Na\u021bional de Bacalaureat.<\/p>\n<p>Evenimentul festiv a avut loc la M\u0103n\u0103stirea Putna, \u00een ziua Praznicului Adormirii Maicii Domnului (15 August 2026), \u00een cadrul manifest\u0103rilor prilejuite de hramul istoric al acestui a\u0219ez\u0103m\u00e2nt monahal. \u00cent\u00e2lnirea a reprezentat un moment de recuno\u0219tin\u021b\u0103 pentru darurile cu care Dumnezeu i-a \u00eenzestrat pe elevii merituo\u0219i prezen\u021bi \u0219i pentru efortul, perseveren\u021ba \u0219i disciplina prin care ace\u0219tia \u0219i-au pus \u00een valoare talan\u021bii primi\u021bi.<\/p>\n<p>\u00cen acest an, la Examenul Na\u021bional de Bacalaureat, patru elevi din jude\u021bul Suceava au ob\u021binut\u00a0<strong>media general\u0103 10<\/strong>:\u00a0<strong>Filimon Elisabeta<\/strong>\u00a0\u0219i\u00a0<strong>Ila\u0219 Elena-Ioana<\/strong>, absolvente ale\u00a0<strong>Colegiului Na\u021bional \u201eEudoxiu Hurmuzachi\u201d<\/strong>\u00a0din R\u0103d\u0103u\u021bi, respectiv\u00a0<strong>Popescu Larisa-Ioana<\/strong>\u00a0\u0219i\u00a0<strong>Brum\u0103 Teodora<\/strong>, absolvente ale\u00a0<strong>Colegiului Na\u021bional \u201eMihai Eminescu\u201d din Suceava<\/strong>.<\/p>\n<p>Al\u0103turi de ace\u0219tia, pentru rezultatele deosebite ob\u021binute la acela\u0219i examen, au fost premia\u021bi \u0219i\u00a0<strong>Busuioc Ioana-Gabriela<\/strong>, de\u00a0<strong>la Colegiul Na\u021bional \u201eNicu Gane\u201d din F\u0103lticeni<\/strong>, cu\u00a0<strong>media general\u0103 9,98<\/strong>, \u0219i\u00a0<strong>Prelipcean Ariana<\/strong>, de la\u00a0<strong>Colegiul Na\u021bional \u201eEudoxiu Hurmuzachi\u201d din R\u0103d\u0103u\u021bi<\/strong>, cu\u00a0<strong>media 9,96<\/strong>.<\/p>\n<p>La Evaluarea Na\u021bional\u0103 pentru absolven\u021bii clasei a VIII-a, au fost recompensa\u021bi\u00a0<strong>B\u0103l\u0103ceanu Marta<\/strong>, de la\u00a0<strong>\u0218coala Gimnazial\u0103 \u201eNicolae Labi\u0219\u201d din M\u0103lini<\/strong>, \u0219i\u00a0<strong>Ioan Alexandra<\/strong>, de la\u00a0<strong>\u0218coala Gimnazial\u0103 Ipote\u0219ti<\/strong>, ambele eleve ob\u021bin\u00e2nd\u00a0<strong>media 9,95<\/strong>.<\/p>\n<p>To\u021bi cei opt elevi au fost distin\u0219i cu Ordinul eparhial \u201eSf\u00e2ntul Mucenic Ioan cel Nou de la Suceava\u201d cu insign\u0103. Pe l\u00e2ng\u0103 ordinul eparhial, elevii au primit \u00een semn de pre\u021buire \u0219i \u00eencurajare setul de de\u00a0Decaloguri care \u00eel au ca autor de \u00cenaltpreasfin\u021bitul P\u0103rinte Arhiepiscop Calinic, c\u00e2te o carte de rug\u0103ciuni pentru tineri, revista\u00a0Cuvinte c\u0103tre tineri, \u00a0precum \u0219i premii \u00een bani. Ordinele au fost conferite de c\u0103tre Preasfin\u021bitul P\u0103rinte Damaschin Dorneanul, Episcop \u2013 vicar al Arhiepiscopiei Sucevei \u0219i R\u0103d\u0103u\u021bilor, iar textul distinc\u021biei a fost lecturat de c\u0103tre. Pr. Ionu\u021b Isopescu, consilier al Sectorului Educa\u021bional \u2013 Teologic.<\/p>\n<p>Prin aceast\u0103 ini\u021biativ\u0103, Arhiepiscopia Sucevei \u0219i R\u0103d\u0103u\u021bilor \u00ee\u0219i reafirm\u0103 preocuparea constant\u0103 pentru educa\u021bie \u0219i pentru formarea tinerilor, \u00een\u021beleg\u00e2nd c\u0103 \u0219coala \u0219i Biserica sunt chemate s\u0103 lucreze \u00eempreun\u0103 pentru zidirea unor oameni temeinici, lumina\u021bi \u0219i responsabili. Prin aceast\u0103 ini\u021biativ\u0103, performan\u021ba \u0219colar\u0103 nu este privit\u0103 doar ca o reu\u0219it\u0103 personal\u0103, ci \u0219i ca un dar care poate fi pus \u00een slujba comunit\u0103\u021bii \u0219i a binelui celor din jur.<\/p>\n<p>Pentru\u00a0<strong>Teodora Brum\u0103<\/strong>, absolvent\u0103 a Colegiului Na\u021bional \u201eMihai Eminescu\u201d din Suceava, care a ob\u021binut media 10 la Examenul Na\u021bional de Bacalaureat, \u00eent\u00e2lnirea de la Putna a fost mai mult dec\u00e2t o festivitate de premiere. T\u00e2n\u0103ra m\u0103rturise\u0219te c\u0103, odat\u0103 ajuns\u0103 la m\u0103n\u0103stire, a sim\u021bit\u00a0cum lini\u0219tea \u00eemi umple sufletul, bucur\u00e2ndu-se s\u0103 fie al\u0103turi de oameni uni\u021bi de rug\u0103ciune \u0219i de c\u0103utarea lui Dumnezeu. Momentul urc\u0103rii pe scen\u0103 i-a adus un profund sentiment de recuno\u0219tin\u021b\u0103 pentru toate darurile primite de la Dumnezeu \u0219i pentru aprecierea celor din jur. \u00cen viziunea sa,\u00a0credin\u021ba, consecven\u021ba \u0219i disciplina\u00a0sunt repere care pot sprijini orice t\u00e2n\u0103r \u00een atingerea obiectivelor sale.<\/p>\n<p>La r\u00e2ndul s\u0103u,\u00a0<strong>Larisa-Ioana Popescu<\/strong>, absolvent\u0103 a Colegiului Na\u021bional \u201eMihai Eminescu\u201d din Suceava, tot cu media 10 la Bacalaureat, a descris festivitatea de premiere drept\u00a0un moment de o profunzime \u0219i o \u00eenc\u0103rc\u0103tur\u0103 emo\u021bional\u0103 aparte. Pentru ea, anii de liceu, orele de studiu \u0219i c\u0103ut\u0103rile intelectuale au avut valoare nu doar prin rezultatul ob\u021binut, ci mai ales prin con\u0219tientizarea faptului c\u0103 adev\u0103rata reu\u0219it\u0103 cap\u0103t\u0103 sens atunci c\u00e2nd este pus\u0103 \u00een slujba binelui \u0219i a comunit\u0103\u021bii.<\/p>\n<p>T\u00e2n\u0103ra \u0219i-a exprimat recuno\u0219tin\u021ba fa\u021b\u0103 de \u00cenaltpreasfin\u021bitul P\u0103rinte Calinic, apreciind binecuv\u00e2ntarea \u0219i sprijinul oferit tinerilor performan\u021bi:\u00a0Prin generozitatea \u0219i aten\u021bia Sa, \u00cenaltpreasfin\u021bia Sa ne confirm\u0103 c\u0103 valoarea, educa\u021bia \u0219i caracterele frumoase sunt pre\u021buite \u0219i cultivate cu dragoste \u00een cadrul Bisericii.\u00a0Pentru Larisa-Ioana Popescu, momentul de la Putna r\u0103m\u00e2ne o m\u0103rturie c\u0103 succesul trebuie purtat\u00a0cu demnitate, smerenie \u0219i d\u0103ruire.<\/p>\n<p>O emo\u021bie aparte a tr\u0103it-o \u0219i\u00a0<strong>Elena-Ioana Ila\u0219<\/strong>, absolvent\u0103 a Colegiului Na\u021bional \u201eEudoxiu Hurmuzachi\u201d din R\u0103d\u0103u\u021bi, care a ob\u021binut, de asemenea, media 10 la Examenul Na\u021bional de Bacalaureat. De\u0219i particip\u0103 cu drag \u00een fiecare an la hramul M\u0103n\u0103stirii Putna, ziua de 15 august 2026 va r\u0103m\u00e2ne pentru ea una de neuitat. Distinc\u021bia primit\u0103 are o semnifica\u021bie cu totul special\u0103, \u00eentruc\u00e2t t\u00e2n\u0103ra poart\u0103 numele Sf\u00e2ntului Mucenic Ioan cel Nou, pe care \u00eel care ca ocrotitor.\u00a0Onoarea de a fi distins\u0103 cu Ordinul \u00abSf\u00e2ntul Mucenic Ioan cel Nou de la Suceava\u00bb este cu at\u00e2t mai mare cu c\u00e2t port numele acestui sf\u00e2nt, care m-a ocrotit \u00een to\u021bi ace\u0219ti ani, a m\u0103rturisit aceasta, adres\u00e2nd sincere mul\u021bumiri Arhiepiscopiei Sucevei \u0219i R\u0103d\u0103u\u021bilor, \u00cenaltpreasfin\u021bitului P\u0103rinte Calinic, Preasfin\u021bitului P\u0103rinte Damaschin Dorneanul \u0219i tuturor celor care au contribuit la organizarea evenimentului.<\/p>\n<p>Pentru\u00a0<strong>Marta B\u0103l\u0103ceanu<\/strong>, elev\u0103 a \u0218colii Gimnaziale \u201eNicolae Labi\u0219\u201d din M\u0103lini, care a ob\u021binut media 9,95 la Evaluarea Na\u021bional\u0103, recompensa primit\u0103 la Putna a constituit un moment deosebit \u0219i o \u00eencurajare pentru viitor.\u00a0A fost o experien\u021b\u0103 deosebit\u0103, a m\u0103rturisit eleva, care a recunoscut c\u0103, la \u00eenceputul festivit\u0103\u021bii, \u0219i-au f\u0103cut loc emo\u021biile fire\u0219ti, \u00eens\u0103 atmosfera cald\u0103 \u0219i primitoare a evenimentului a ajutat-o s\u0103 tr\u0103iasc\u0103 din plin bucuria momentului.\u00a0M-am sim\u021bit onorat\u0103 s\u0103 m\u0103 aflu pe acea scen\u0103 al\u0103turi de asemenea persoane, a ad\u0103ugat aceasta.<\/p>\n<p>Dincolo de cifre \u0219i de clasamente, \u00een spatele unei astfel de reu\u0219it\u0103 se afl\u0103 ani de munc\u0103, perseveren\u021b\u0103, disciplin\u0103, sprijinul familiei \u0219i al profesorilor \u0219i, nu \u00een ultimul r\u00e2nd, darurile pe care Dumnezeu le-a a\u0219ezat \u00een sufletele lor. De aceea, premierea acest absolven\u021bi \u00een cadrul hramului M\u0103n\u0103stirii Putna cap\u0103t\u0103 o valoare simbolic\u0103 aparte: roadele str\u0103daniei lor au fost aduse \u00eenaintea lui Dumnezeu, \u00een locul \u00een care genera\u021bii de rom\u00e2ni au venit s\u0103 caute luminare, \u00eent\u0103rire \u0219i binecuv\u00e2ntare.<\/p>\n<p>Prin aceast\u0103 tradi\u021bie, Arhiepiscopia Sucevei \u0219i R\u0103d\u0103u\u021bilor dore\u0219te s\u0103 transmit\u0103 tinerilor c\u0103 performan\u021ba este pre\u021buit\u0103, iar munca lor nu trece neobservat\u0103. \u00cen acela\u0219i timp, premierea de la Putna constituie un \u00eendemn ca rezultatele academice s\u0103 fie \u00eenso\u021bite de formarea caracterului, de responsabilitate, de credin\u021b\u0103 \u0219i de dorin\u021ba de a pune cunoa\u0219terea \u0219i priceperea \u00een slujba binelui comun \u0219i de a \u00eenmul\u021bi, prin h\u0103rnicie \u0219i d\u0103ruire, talan\u021bii primi\u021bi de la Dumnezeu.<\/p>\n<p>\u00cen \u00eencheiere, aducem mul\u021bumiri \u00cenaltpreasfin\u021bitului P\u0103rinte Arhiepiscop Calinic pentru binecuv\u00e2ntarea \u0219i sus\u021binerea constant\u0103 a acestui demers dedicat tinerilor \u0219i educa\u021biei, Preasfin\u021bitului P\u0103rinte Damaschin Dorneanul pentru \u00eenm\u00e2narea ordinelor eparhiale \u0219i a darurilor, precum \u0219i p\u0103rintelui arhimandrit Melchisedec Ve\u0219nic, exarh administrativ \u00een cadrul Centrului Eparhial Suceava \u0219i stare\u021b al M\u0103n\u0103stirii Putna, gazda acestui moment festiv. Totodat\u0103, se cuvine a adresa mul\u021bumiri p\u0103rin\u021bilor protopopi ai celor cinci protopopiate ale Arhiepiscopiei Sucevei \u0219i R\u0103d\u0103u\u021bilor, care au sprijinit financiar aceast\u0103 ini\u021biativ\u0103.<\/p>\n<p>Dincolo de recunoa\u0219terea excelen\u021bei \u0219colare, premierea de la M\u0103n\u0103stirea Putna\u00a0 r\u0103m\u00e2ne o m\u0103rturie despre frumuse\u021bea \u00eent\u00e2lnirii dintre credin\u021b\u0103, educa\u021bie \u0219i cultur\u0103, \u00eentr-un loc sacru \u00een care trecutul \u0219i viitorul se \u00eent\u00e2lnesc sub ocrotirea Maicii Domnului.<\/p>\n<p>\u00a0<\/p>\n<p>Pr.\u00a0<strong>Ionu\u021b Isopescu<\/strong><\/p>\n<p>Consilier eparhial<\/p>\n<p>Sectorul Educa\u021bional \u2013 Teologic<\/p>\n<p><img loading=\"lazy\" decoding=\"async\" class=\"alignnone size-medium wp-image-554716\" src=\"https:\/\/img.svnews.ro\/foto\/2026\/08\/20\/554715\/838e5b6fec79389f250ff94bb06500433.jpg\" alt width=\"650\" height=\"433\"><\/p>\n<p><img loading=\"lazy\" decoding=\"async\" class=\"alignnone size-medium wp-image-554717\" src=\"https:\/\/img.svnews.ro\/foto\/2026\/08\/20\/554715\/01315f66560933ff03592ee7a06500433.jpg\" alt width=\"650\" height=\"433\"><\/p>\n<p><img decoding=\"async\" loading=\"lazy\" class=\"alignnone size-medium wp-image-554718\" src=\"https:\/\/img.svnews.ro\/foto\/2026\/08\/20\/554715\/47ffbd6a411123518a509e64d06500433.jpg\" alt width=\"650\" height=\"433\"><\/p>\n<p><img decoding=\"async\" loading=\"lazy\" class=\"alignnone size-medium wp-image-554719\" src=\"https:\/\/img.svnews.ro\/foto\/2026\/08\/20\/554715\/9e5552e35a2b4d0ddaaa7458e06500433.jpg\" alt width=\"650\" height=\"433\"><\/p>\n<p><img decoding=\"async\" loading=\"lazy\" class=\"alignnone size-medium wp-image-554720\" src=\"https:\/\/img.svnews.ro\/foto\/2026\/08\/20\/554715\/c00b48470c73645a39693ec5406500433.jpg\" alt width=\"650\" height=\"433\"><\/p>\n<p><img decoding=\"async\" loading=\"lazy\" class=\"alignnone size-medium wp-image-554721\" src=\"https:\/\/img.svnews.ro\/foto\/2026\/08\/20\/554715\/e857a83249fde7dc9c847e2f406500433.jpg\" alt width=\"650\" height=\"433\"><\/p>\n<p><img decoding=\"async\" loading=\"lazy\" class=\"alignnone size-medium wp-image-554722\" src=\"https:\/\/img.svnews.ro\/foto\/2026\/08\/20\/554715\/a4fc4243293c912c9c718a95206500433.jpg\" alt width=\"650\" height=\"433\"><\/p>\n<p><img decoding=\"async\" loading=\"lazy\" class=\"alignnone size-medium wp-image-554723\" src=\"https:\/\/img.svnews.ro\/foto\/2026\/08\/20\/554715\/41b34c285bf54095ce13034e506500433.jpg\" alt width=\"650\" height=\"433\"><\/p>\n<p><img decoding=\"async\" loading=\"lazy\" class=\"alignnone size-medium wp-image-554725\" src=\"https:\/\/img.svnews.ro\/foto\/2026\/08\/20\/554715\/dd55bc5d4925f544236dfddc306500433.jpg\" alt width=\"650\" height=\"433\"><\/p>\n<p><img decoding=\"async\" loading=\"lazy\" class=\"alignnone size-medium wp-image-554726\" src=\"https:\/\/img.svnews.ro\/foto\/2026\/08\/20\/554715\/a868946ca98ac9616c76192a506500433.jpg\" alt width=\"650\" height=\"433\"><\/p>\n<p><img decoding=\"async\" loading=\"lazy\" class=\"alignnone size-medium wp-image-554727\" src=\"https:\/\/img.svnews.ro\/foto\/2026\/08\/20\/554715\/525b37a8a16ba50b690154d1406500433.jpg\" alt width=\"650\" height=\"433\"><\/p>\n<p><img decoding=\"async\" loading=\"lazy\" class=\"alignnone size-medium wp-image-554728\" src=\"https:\/\/img.svnews.ro\/foto\/2026\/08\/20\/554715\/c6ca4f3adc6917413d4c3f1d606500975.jpg\" alt width=\"650\" height=\"975\"><\/p>\n<p><img decoding=\"async\" loading=\"lazy\" class=\"alignnone size-medium wp-image-554729\" src=\"https:\/\/img.svnews.ro\/foto\/2026\/08\/20\/554715\/6b7b0cb275fa0427f90bf5aa106500433.jpg\" alt width=\"650\" height=\"433\"><\/p>\n<p><img decoding=\"async\" loading=\"lazy\" class=\"alignnone size-medium wp-image-554730\" src=\"https:\/\/img.svnews.ro\/foto\/2026\/08\/20\/554715\/eb3ddf3896a025989d5c75be206500433.jpg\" alt width=\"650\" height=\"433\"><\/p>\n<p><img decoding=\"async\" loading=\"lazy\" class=\"alignnone size-medium wp-image-554731\" src=\"https:\/\/img.svnews.ro\/foto\/2026\/08\/20\/554715\/bb592235f439c175ba005c87206500433.jpg\" alt width=\"650\" height=\"433\"><\/p>\n<p><img decoding=\"async\" loading=\"lazy\" class=\"alignnone size-medium wp-image-554732\" src=\"https:\/\/img.svnews.ro\/foto\/2026\/08\/20\/554715\/0a51052b0101ce497b7e70cff06500433.jpg\" alt width=\"650\" height=\"433\"><\/p>\n<\/div>\n<p>[analyse_source url=&#8221;https:\/\/www.svnews.ro\/arhiepiscopia-sucevei-si-radautilor-continua-traditia-premierii-absolventilor-suceveni-cu-rezultate-deosebite-la-evaluarea-nationala-si-la-examenul-national-de-bacalaureat\/554715\/&#8221;]<\/p>\n","protected":false},"excerpt":{"rendered":"<p>[analyse_image type=&#8221;featured&#8221; src=&#8221;https:\/\/img.svnews.ro\/foto\/2026\/08\/20\/554715\/848cd0a675a387777a33e697b.jpg&#8221;] Cu binecuv\u00e2ntarea \u00cenaltpreasfin\u021bitului P\u0103rinte\u00a0Calinic, Arhiepiscop al Sucevei \u0219i R\u0103d\u0103u\u021bilor, Centrul Eparhial Suceava, prin Sectorul Educa\u021bional \u2013 Teologic, cu sprijinul financiar al celor cinci protopopiate ale eparhiei, a continuat \u0219i \u00een anul 2026 tradi\u021bia de a-i eviden\u021bia \u0219i de a-i recompensa pe elevii suceveni care au ob\u021binut cele mai frumoase la Evaluarea Na\u021bional\u0103 [&hellip;]<\/p>\n","protected":false},"author":1,"featured_media":0,"comment_status":"open","ping_status":"","sticky":false,"template":"","format":"standard","meta":{"footnotes":""},"categories":[89],"tags":[226,175],"class_list":["post-2105541","post","type-post","status-publish","format-standard","hentry","category-romania","tag-crawlmanager","tag-svnews-ro"],"_links":{"self":[{"href":"https:\/\/analyse.optim.biz\/index.php?rest_route=\/wp\/v2\/posts\/2105541","targetHints":{"allow":["GET"]}}],"collection":[{"href":"https:\/\/analyse.optim.biz\/index.php?rest_route=\/wp\/v2\/posts"}],"about":[{"href":"https:\/\/analyse.optim.biz\/index.php?rest_route=\/wp\/v2\/types\/post"}],"author":[{"embeddable":true,"href":"https:\/\/analyse.optim.biz\/index.php?rest_route=\/wp\/v2\/users\/1"}],"replies":[{"embeddable":true,"href":"https:\/\/analyse.optim.biz\/index.php?rest_route=%2Fwp%2Fv2%2Fcomments&post=2105541"}],"version-history":[{"count":0,"href":"https:\/\/analyse.optim.biz\/index.php?rest_route=\/wp\/v2\/posts\/2105541\/revisions"}],"wp:attachment":[{"href":"https:\/\/analyse.optim.biz\/index.php?rest_route=%2Fwp%2Fv2%2Fmedia&parent=2105541"}],"wp:term":[{"taxonomy":"category","embeddable":true,"href":"https:\/\/analyse.optim.biz\/index.php?rest_route=%2Fwp%2Fv2%2Fcategories&post=2105541"},{"taxonomy":"post_tag","embeddable":true,"href":"https:\/\/analyse.optim.biz\/index.php?rest_route=%2Fwp%2Fv2%2Ftags&post=2105541"}],"curies":[{"name":"wp","href":"https:\/\/api.w.org\/{rel}","templated":true}]}}