{"id":2105540,"date":"2026-08-20T12:49:09","date_gmt":"2026-08-20T09:49:09","guid":{"rendered":"https:\/\/analyse.optim.biz\/?p=2105540"},"modified":"2026-08-20T12:49:09","modified_gmt":"2026-08-20T09:49:09","slug":"inspectoratul-scolar-judetean-suceava-extinde-interventiile-pentru-cresterea-accesului-la-educatie-si-prevenirea-abandonului-scolar-prin-doua-noi-proiecte-europene","status":"publish","type":"post","link":"https:\/\/analyse.optim.biz\/?p=2105540","title":{"rendered":"Inspectoratul \u0218colar Jude\u021bean Suceava extinde interven\u0163iile pentru cre\u0219terea accesului la educa\u021bie \u0219i prevenirea abandonului \u0219colar prin dou\u0103 noi proiecte europene"},"content":{"rendered":"<p>[analyse_image type=&#8221;featured&#8221; src=&#8221;https:\/\/img.svnews.ro\/foto\/2026\/03\/02\/520640\/0f4a164bcf9f2853b22adc551.jpg&#8221;]<\/p>\n<div class=\"entry\"><img loading=\"lazy\" decoding=\"async\" width=\"650\" height=\"325\" src=\"https:\/\/img.svnews.ro\/foto\/2026\/03\/02\/520640\/0f4a164bcf9f2853b22adc55106500325.jpg\" alt><\/p>\n<div class=\"entry_content\">\n<p>Inspectoratul \u0218colar Jude\u021bean Suceava \u00ee\u0219i consolideaz\u0103 rolul \u00een sus\u021binerea educa\u021biei de calitate \u0219i a incluziunii educa\u021bionale prin implementarea, \u00eencep\u00e2nd cu 1 iulie 2026, a dou\u0103 noi proiecte finan\u021bate din Fondul Socila European Plus, prin Programul Educa\u021bie \u0219i Ocupare 2021\u20132027, Apel de proiecte O \u0218ANS\u0102 \u00ceN PLUS prin \u00eenv\u0103\u021b\u0103m\u00e2ntul profesional \u0219i tehnic \u2013 regiuni mai pu\u021bin dezvoltate, aferent Priorit\u0103\u021bii P08 \u2013 \u201eCre\u0219terea accesibilit\u0103\u021bii, atractivit\u0103\u021bii \u0219i calit\u0103\u021bii \u00eenv\u0103\u021b\u0103m\u00e2ntului profesional \u0219i tehnic\u201d<\/p>\n<p>Noile proiecte, \u201eFORMA \u2013 Formare, Orientare, Reu\u0219it\u0103, Motivare, Acces\u201d, cod SMIS 351620 \u015fi\u00a0\u00a0 \u201eR.A.M.A.I. \u2013 Responsabilizare \u0219i Ajutor pentru Men\u021binerea Accesului la \u00cenv\u0103\u021bare\u201d, cod SMIS 350254, completeaz\u0103 portofoliul de proiecte europene derulate de Inspectoratul \u0218colar Jude\u021bean Suceava.<\/p>\n<p>Prin aceste ini\u021biative, Inspectoratul \u0218colar Jude\u021bean Suceava urm\u0103re\u0219te s\u0103 contribuie la crearea unor oportunit\u0103\u021bi educa\u021bionale mai accesibile \u0219i mai atractive pentru elevi, \u00een special pentru cei afla\u021bi \u00een situa\u021bii de risc educa\u021bional, precum \u0219i la consolidarea capacit\u0103\u021bii \u0219colilor de a preveni abandonul \u0219colar \u0219i p\u0103r\u0103sirea timpurie a sistemului de educa\u021bie.<\/p>\n<p>Proiectul \u201eFORMA \u2013 Formare, Orientare, Reu\u0219it\u0103, Motivare, Acces\u201d, cod SMIS 351620<\/p>\n<p>Proiectul FORMA, vizeaz\u0103, \u00eentre altele, facilitarea accesului la programe de formare profesional\u0103, prevenirea \u0219i combaterea abandonului \u0219colar \u0219i a p\u0103r\u0103sirii timpurii a \u0219colii, sprijinirea elevilor prin programe remediale \u0219i dezvoltarea unor m\u0103suri de informare, consiliere \u0219i educa\u021bie parental\u0103.<\/p>\n<p>O aten\u021bie deosebit\u0103 va fi acordat\u0103 elevilor proveni\u021bi din grupuri vulnerabile, \u00een vederea cre\u0219terii \u0219anselor acestora de a r\u0103m\u00e2ne \u00een sistemul de educa\u021bie, de a-\u0219i finaliza studiile \u0219i de a dob\u00e2ndi competen\u021bele necesare pentru continuarea parcursului educa\u021bional \u0219i profesional.<\/p>\n<p>Proiectul \u201eR.A.M.A.I. \u2013 Responsabilizare \u0219i Ajutor pentru Men\u021binerea Accesului la \u00cenv\u0103\u021bare\u201d<\/p>\n<p>Cel de-al doilea proiect, \u201eR.A.M.A.I. \u2013 Responsabilizare \u0219i Ajutor pentru Men\u021binerea Accesului la \u00cenv\u0103\u021bare\u201d, cod SMIS 350254, vine \u00een sprijinul eforturilor de prevenire a p\u0103r\u0103sirii timpurii a \u0219colii \u0219i de men\u021binere a elevilor \u00een sistemul educa\u021bional. Implementarea proiectului presupune dezvoltarea unor m\u0103suri de sprijin adaptate nevoilor elevilor \u0219i comunit\u0103\u021bilor \u0219colare, cu accent pe cre\u0219terea accesului la educa\u021bie, reducerea riscului de abandon \u0219i crearea unui mediu educa\u021bional incluziv. Demararea activit\u0103\u021bilor proiectului este deja reflectat\u0103 \u00een ac\u021biunile publice ale Inspectoratului \u0218colar Jude\u021bean Suceava, institu\u021bia public\u00e2nd \u00een luna iulie 2026 un anun\u021b pentru selec\u021bia exper\u021bilor implica\u021bi \u00een implementarea proiectelelor\u00a0 R.A.M.A.I.\u00a0 \u015fi\u00a0 FORMA.\u00a0 \u00a0Activit\u0103\u021bile adresate grupului-\u021bint\u0103 din cadrul celor dou\u0103 proiecte se vor desf\u0103\u0219ura \u00een unit\u0103\u021bile de \u00eenv\u0103\u021b\u0103m\u00e2nt partenere asociate din jude\u021bul Suceava, respectiv: Liceul Tehnologic \u00abOltea Doamna\u00bb Dolhasca, Liceul Tehnologic \u00ab\u0218tefan cel Mare\u00bb Cajvana \u0219i Liceul Tehnologic \u00abIon Nistor\u00bb Vicovu de Sus, \u00een conformitate cu prevederile cererilor de finan\u021bare, ale Acordului de parteneriat \u0219i ale Contractului de finan\u021bare nr. OIRPECUNE: 8117\/17.06.2026.<\/p>\n<p>Fiecare dintre cele dou\u0103 proiecte beneficiaz\u0103 de un buget de 6.962.326,52 lei \u0219i are o durat\u0103 de implementare de 36 de luni. Prin implicarea direct\u0103 a unit\u0103\u021bilor de \u00eenv\u0103\u021b\u0103m\u00e2nt partenere asociate, proiectele urm\u0103resc s\u0103 r\u0103spund\u0103, \u00eentr-o manier\u0103 adaptat\u0103, nevoilor elevilor \u0219i comunit\u0103\u021bilor \u0219colare, prin activit\u0103\u021bi de sprijin educa\u021bional, consiliere \u0219i orientare, precum \u0219i prin m\u0103suri menite s\u0103 previn\u0103 abandonul \u0219colar \u0219i p\u0103r\u0103sirea timpurie a \u0219colii. Totodat\u0103, aceste interven\u021bii vor contribui la consolidarea parteneriatului dintre \u0219coal\u0103, familie \u0219i comunitate, \u00een vederea sus\u021binerii parcursului educa\u021bional al elevilor \u0219i a cre\u0219terii \u0219anselor acestora de reu\u0219it\u0103.<\/p>\n<p><strong>\u00a0<\/strong><strong>\u0218ase proiecte europene pentru educa\u021bia sucevean\u0103<\/strong><\/p>\n<p><strong>\u00a0<\/strong>Prin demararea celor dou\u0103 noi proiecte, portofoliul Inspectoratului \u0218colar Jude\u021bean Suceava ajunge la \u0219ase proiecte cofinan\u021bate prin Programul Educa\u021bie \u0219i Ocupare 2021\u20132027, aflate \u00een diferite etape de implementare. Dintre acestea, cinci proiecte sunt derulate de Inspectoratul \u0218colar Jude\u021bean Suceava \u00een calitate de beneficiar, iar unul este implementat \u00een parteneriat, ISJ Suceava av\u00e2nd calitatea de partener.<\/p>\n<p>\u201eEduca\u021bia reprezint\u0103 una dintre cele mai importante investi\u021bii \u00een viitorul comunit\u0103\u021bii noastre. Prin aceste proiecte europene, Inspectoratul \u0218colar Jude\u021bean Suceava \u00ee\u0219i propune s\u0103 ofere elevilor, profesorilor \u0219i comunit\u0103\u021bilor \u0219colare instrumente concrete pentru dep\u0103\u0219irea dificult\u0103\u021bilor educa\u021bionale \u0219i pentru construirea unor parcursuri de succes. Ne dorim ca fiecare copil \u0219i fiecare t\u00e2n\u0103r s\u0103 aib\u0103 \u0219ansa de a-\u0219i continua educa\u021bia \u0219i de a-\u0219i valorifica poten\u021bialul, indiferent de mediul din care provine.Cele dou\u0103 noi proiecte reprezint\u0103 o continuare fireasc\u0103 a demersurilor Inspectoratului \u0218colar Jude\u021bean Suceava de atragere \u0219i utilizare eficient\u0103 a fondurilor europene, \u00een beneficiul direct al elevilor, al cadrelor didactice \u0219i al comunit\u0103\u021bilor \u0219colare din jude\u021b. Prin implementarea acestora, ne propunem s\u0103 consolid\u0103m m\u0103surile de sprijin educa\u021bional, s\u0103 prevenim abandonul \u0219colar \u0219i s\u0103 contribuim la cre\u0219terea accesului la o educa\u021bie de calitate pentru to\u021bi elevii\u201d, a declarat inspectorul \u0219colar general, profesor Anton Nicolae Ciprian.<\/p>\n<\/div>\n<div>\n<div>VN:F [1.9.22_1171]<\/div>\n<div class=\"ratingblock \">\n<div class=\"ratingstars \">\n<div id=\"article_loader_554648\" class=\"ratingloaderarticle\">\n<div class=\"loader arrows \">\n<div class=\"loaderinner\">se actualizeaz\u0103&#8230;<\/div>\n<\/div>\n<\/div>\n<\/div>\n<div class=\"ratingtext \">\n<div id=\"gdr_text_a554648\">Rating: 0.0\/<strong>10<\/strong> (0 votes cast)<\/div>\n<\/div>\n<\/div>\n<\/div>\n<\/div>\n<div class=\"entry_content\">\n<p>Inspectoratul \u0218colar Jude\u021bean Suceava \u00ee\u0219i consolideaz\u0103 rolul \u00een sus\u021binerea educa\u021biei de calitate \u0219i a incluziunii educa\u021bionale prin implementarea, \u00eencep\u00e2nd cu 1 iulie 2026, a dou\u0103 noi proiecte finan\u021bate din Fondul Socila European Plus, prin Programul Educa\u021bie \u0219i Ocupare 2021\u20132027, Apel de proiecte O \u0218ANS\u0102 \u00ceN PLUS prin \u00eenv\u0103\u021b\u0103m\u00e2ntul profesional \u0219i tehnic \u2013 regiuni mai pu\u021bin dezvoltate, aferent Priorit\u0103\u021bii P08 \u2013 \u201eCre\u0219terea accesibilit\u0103\u021bii, atractivit\u0103\u021bii \u0219i calit\u0103\u021bii \u00eenv\u0103\u021b\u0103m\u00e2ntului profesional \u0219i tehnic\u201d<\/p>\n<p>Noile proiecte, \u201eFORMA \u2013 Formare, Orientare, Reu\u0219it\u0103, Motivare, Acces\u201d, cod SMIS 351620 \u015fi\u00a0\u00a0 \u201eR.A.M.A.I. \u2013 Responsabilizare \u0219i Ajutor pentru Men\u021binerea Accesului la \u00cenv\u0103\u021bare\u201d, cod SMIS 350254, completeaz\u0103 portofoliul de proiecte europene derulate de Inspectoratul \u0218colar Jude\u021bean Suceava.<\/p>\n<p>Prin aceste ini\u021biative, Inspectoratul \u0218colar Jude\u021bean Suceava urm\u0103re\u0219te s\u0103 contribuie la crearea unor oportunit\u0103\u021bi educa\u021bionale mai accesibile \u0219i mai atractive pentru elevi, \u00een special pentru cei afla\u021bi \u00een situa\u021bii de risc educa\u021bional, precum \u0219i la consolidarea capacit\u0103\u021bii \u0219colilor de a preveni abandonul \u0219colar \u0219i p\u0103r\u0103sirea timpurie a sistemului de educa\u021bie.<\/p>\n<p>Proiectul \u201eFORMA \u2013 Formare, Orientare, Reu\u0219it\u0103, Motivare, Acces\u201d, cod SMIS 351620<\/p>\n<p>Proiectul FORMA, vizeaz\u0103, \u00eentre altele, facilitarea accesului la programe de formare profesional\u0103, prevenirea \u0219i combaterea abandonului \u0219colar \u0219i a p\u0103r\u0103sirii timpurii a \u0219colii, sprijinirea elevilor prin programe remediale \u0219i dezvoltarea unor m\u0103suri de informare, consiliere \u0219i educa\u021bie parental\u0103.<\/p>\n<p>O aten\u021bie deosebit\u0103 va fi acordat\u0103 elevilor proveni\u021bi din grupuri vulnerabile, \u00een vederea cre\u0219terii \u0219anselor acestora de a r\u0103m\u00e2ne \u00een sistemul de educa\u021bie, de a-\u0219i finaliza studiile \u0219i de a dob\u00e2ndi competen\u021bele necesare pentru continuarea parcursului educa\u021bional \u0219i profesional.<\/p>\n<p>Proiectul \u201eR.A.M.A.I. \u2013 Responsabilizare \u0219i Ajutor pentru Men\u021binerea Accesului la \u00cenv\u0103\u021bare\u201d<\/p>\n<p>Cel de-al doilea proiect, \u201eR.A.M.A.I. \u2013 Responsabilizare \u0219i Ajutor pentru Men\u021binerea Accesului la \u00cenv\u0103\u021bare\u201d, cod SMIS 350254, vine \u00een sprijinul eforturilor de prevenire a p\u0103r\u0103sirii timpurii a \u0219colii \u0219i de men\u021binere a elevilor \u00een sistemul educa\u021bional. Implementarea proiectului presupune dezvoltarea unor m\u0103suri de sprijin adaptate nevoilor elevilor \u0219i comunit\u0103\u021bilor \u0219colare, cu accent pe cre\u0219terea accesului la educa\u021bie, reducerea riscului de abandon \u0219i crearea unui mediu educa\u021bional incluziv. Demararea activit\u0103\u021bilor proiectului este deja reflectat\u0103 \u00een ac\u021biunile publice ale Inspectoratului \u0218colar Jude\u021bean Suceava, institu\u021bia public\u00e2nd \u00een luna iulie 2026 un anun\u021b pentru selec\u021bia exper\u021bilor implica\u021bi \u00een implementarea proiectelelor\u00a0 R.A.M.A.I.\u00a0 \u015fi\u00a0 FORMA.\u00a0 \u00a0Activit\u0103\u021bile adresate grupului-\u021bint\u0103 din cadrul celor dou\u0103 proiecte se vor desf\u0103\u0219ura \u00een unit\u0103\u021bile de \u00eenv\u0103\u021b\u0103m\u00e2nt partenere asociate din jude\u021bul Suceava, respectiv: Liceul Tehnologic \u00abOltea Doamna\u00bb Dolhasca, Liceul Tehnologic \u00ab\u0218tefan cel Mare\u00bb Cajvana \u0219i Liceul Tehnologic \u00abIon Nistor\u00bb Vicovu de Sus, \u00een conformitate cu prevederile cererilor de finan\u021bare, ale Acordului de parteneriat \u0219i ale Contractului de finan\u021bare nr. OIRPECUNE: 8117\/17.06.2026.<\/p>\n<p>Fiecare dintre cele dou\u0103 proiecte beneficiaz\u0103 de un buget de 6.962.326,52 lei \u0219i are o durat\u0103 de implementare de 36 de luni. Prin implicarea direct\u0103 a unit\u0103\u021bilor de \u00eenv\u0103\u021b\u0103m\u00e2nt partenere asociate, proiectele urm\u0103resc s\u0103 r\u0103spund\u0103, \u00eentr-o manier\u0103 adaptat\u0103, nevoilor elevilor \u0219i comunit\u0103\u021bilor \u0219colare, prin activit\u0103\u021bi de sprijin educa\u021bional, consiliere \u0219i orientare, precum \u0219i prin m\u0103suri menite s\u0103 previn\u0103 abandonul \u0219colar \u0219i p\u0103r\u0103sirea timpurie a \u0219colii. Totodat\u0103, aceste interven\u021bii vor contribui la consolidarea parteneriatului dintre \u0219coal\u0103, familie \u0219i comunitate, \u00een vederea sus\u021binerii parcursului educa\u021bional al elevilor \u0219i a cre\u0219terii \u0219anselor acestora de reu\u0219it\u0103.<\/p>\n<p><strong>\u00a0<\/strong><strong>\u0218ase proiecte europene pentru educa\u021bia sucevean\u0103<\/strong><\/p>\n<p><strong>\u00a0<\/strong>Prin demararea celor dou\u0103 noi proiecte, portofoliul Inspectoratului \u0218colar Jude\u021bean Suceava ajunge la \u0219ase proiecte cofinan\u021bate prin Programul Educa\u021bie \u0219i Ocupare 2021\u20132027, aflate \u00een diferite etape de implementare. Dintre acestea, cinci proiecte sunt derulate de Inspectoratul \u0218colar Jude\u021bean Suceava \u00een calitate de beneficiar, iar unul este implementat \u00een parteneriat, ISJ Suceava av\u00e2nd calitatea de partener.<\/p>\n<p>\u201eEduca\u021bia reprezint\u0103 una dintre cele mai importante investi\u021bii \u00een viitorul comunit\u0103\u021bii noastre. Prin aceste proiecte europene, Inspectoratul \u0218colar Jude\u021bean Suceava \u00ee\u0219i propune s\u0103 ofere elevilor, profesorilor \u0219i comunit\u0103\u021bilor \u0219colare instrumente concrete pentru dep\u0103\u0219irea dificult\u0103\u021bilor educa\u021bionale \u0219i pentru construirea unor parcursuri de succes. Ne dorim ca fiecare copil \u0219i fiecare t\u00e2n\u0103r s\u0103 aib\u0103 \u0219ansa de a-\u0219i continua educa\u021bia \u0219i de a-\u0219i valorifica poten\u021bialul, indiferent de mediul din care provine.Cele dou\u0103 noi proiecte reprezint\u0103 o continuare fireasc\u0103 a demersurilor Inspectoratului \u0218colar Jude\u021bean Suceava de atragere \u0219i utilizare eficient\u0103 a fondurilor europene, \u00een beneficiul direct al elevilor, al cadrelor didactice \u0219i al comunit\u0103\u021bilor \u0219colare din jude\u021b. Prin implementarea acestora, ne propunem s\u0103 consolid\u0103m m\u0103surile de sprijin educa\u021bional, s\u0103 prevenim abandonul \u0219colar \u0219i s\u0103 contribuim la cre\u0219terea accesului la o educa\u021bie de calitate pentru to\u021bi elevii\u201d, a declarat inspectorul \u0219colar general, profesor Anton Nicolae Ciprian.<\/p>\n<\/div>\n<p>[analyse_source url=&#8221;https:\/\/www.svnews.ro\/inspectoratul-scolar-judetean-suceava-extinde-interventiile-pentru-cresterea-accesului-la-educatie-si-prevenirea-abandonului-scolar-prin-doua-noi-proiecte-europene\/554648\/&#8221;]<\/p>\n","protected":false},"excerpt":{"rendered":"<p>[analyse_image type=&#8221;featured&#8221; src=&#8221;https:\/\/img.svnews.ro\/foto\/2026\/03\/02\/520640\/0f4a164bcf9f2853b22adc551.jpg&#8221;] Inspectoratul \u0218colar Jude\u021bean Suceava \u00ee\u0219i consolideaz\u0103 rolul \u00een sus\u021binerea educa\u021biei de calitate \u0219i a incluziunii educa\u021bionale prin implementarea, \u00eencep\u00e2nd cu 1 iulie 2026, a dou\u0103 noi proiecte finan\u021bate din Fondul Socila European Plus, prin Programul Educa\u021bie \u0219i Ocupare 2021\u20132027, Apel de proiecte O \u0218ANS\u0102 \u00ceN PLUS prin \u00eenv\u0103\u021b\u0103m\u00e2ntul profesional \u0219i tehnic \u2013 [&hellip;]<\/p>\n","protected":false},"author":1,"featured_media":0,"comment_status":"open","ping_status":"","sticky":false,"template":"","format":"standard","meta":{"footnotes":""},"categories":[89],"tags":[226,175],"class_list":["post-2105540","post","type-post","status-publish","format-standard","hentry","category-romania","tag-crawlmanager","tag-svnews-ro"],"_links":{"self":[{"href":"https:\/\/analyse.optim.biz\/index.php?rest_route=\/wp\/v2\/posts\/2105540","targetHints":{"allow":["GET"]}}],"collection":[{"href":"https:\/\/analyse.optim.biz\/index.php?rest_route=\/wp\/v2\/posts"}],"about":[{"href":"https:\/\/analyse.optim.biz\/index.php?rest_route=\/wp\/v2\/types\/post"}],"author":[{"embeddable":true,"href":"https:\/\/analyse.optim.biz\/index.php?rest_route=\/wp\/v2\/users\/1"}],"replies":[{"embeddable":true,"href":"https:\/\/analyse.optim.biz\/index.php?rest_route=%2Fwp%2Fv2%2Fcomments&post=2105540"}],"version-history":[{"count":0,"href":"https:\/\/analyse.optim.biz\/index.php?rest_route=\/wp\/v2\/posts\/2105540\/revisions"}],"wp:attachment":[{"href":"https:\/\/analyse.optim.biz\/index.php?rest_route=%2Fwp%2Fv2%2Fmedia&parent=2105540"}],"wp:term":[{"taxonomy":"category","embeddable":true,"href":"https:\/\/analyse.optim.biz\/index.php?rest_route=%2Fwp%2Fv2%2Fcategories&post=2105540"},{"taxonomy":"post_tag","embeddable":true,"href":"https:\/\/analyse.optim.biz\/index.php?rest_route=%2Fwp%2Fv2%2Ftags&post=2105540"}],"curies":[{"name":"wp","href":"https:\/\/api.w.org\/{rel}","templated":true}]}}