{"id":2105539,"date":"2026-08-20T07:35:48","date_gmt":"2026-08-20T04:35:48","guid":{"rendered":"https:\/\/analyse.optim.biz\/?p=2105539"},"modified":"2026-08-20T07:35:48","modified_gmt":"2026-08-20T04:35:48","slug":"incepe-sesiunea-de-toamna-a-concursului-de-admitere-la-usv-468-de-locuri-bugetate-pentru-etnicii-romani-de-pretutindeni-sunt-disponibile-336-de-locuri","status":"publish","type":"post","link":"https:\/\/analyse.optim.biz\/?p=2105539","title":{"rendered":"\u00cencepe sesiunea de toamn\u0103 a concursului de admitere la USV. 468 de locuri bugetate. Pentru etnicii rom\u00e2ni de pretutindeni sunt disponibile 336 de locuri"},"content":{"rendered":"<p>[analyse_image type=&#8221;featured&#8221; src=&#8221;https:\/\/img.svnews.ro\/foto\/2025\/08\/17\/485583\/e37b30727d4994f33673d9982.jpg&#8221;]<\/p>\n<div class=\"entry\"><img loading=\"lazy\" decoding=\"async\" width=\"650\" height=\"325\" src=\"https:\/\/img.svnews.ro\/foto\/2025\/08\/17\/485583\/e37b30727d4994f33673d998206500325.jpg\" alt><\/p>\n<div class=\"entry_content\">\n<p>Joi, 3 septembrie, la Universitatea \u201e\u0218tefan cel Mare\u201d din Suceava (USV) \u00eencepe sesiunea de toamn\u0103 a concursului de admitere 2026, cu un total de 468 locuri bugetate (354 la programele de studii de licen\u021b\u0103, 114 la programele de studii de masterat), c\u0103rora li se adaug\u0103 locurile cu tax\u0103.<\/p>\n<p>Pentru etnicii rom\u00e2ni de pretutindeni sunt disponibile 193 de locuri la ciclul de studii de licen\u021b\u0103 \u0219i 143 la cel de masterat.<\/p>\n<p>\u00cen cazul studiilor doctorale, USV scoate la concurs 8 locuri bugetate \u0219i mai multe locuri cu tax\u0103. Acestora li se adaug\u0103 alte 12 locuri f\u0103r\u0103 tax\u0103 destinate candida\u021bilor rom\u00e2ni de pretutindeni.<\/p>\n<p>Reamintim c\u0103 \u00een aceast\u0103 sesiune de admitere Universitatea \u201e\u0218tefan cel Mare\u201d din Suceava ofer\u0103 diverse programe de conversie profesional\u0103 finan\u021bate de Ministerul Educa\u021biei, \u00een vederea form\u0103rii cadrelor didactice din \u00eenv\u0103\u021b\u0103m\u00e2ntul liceal de stat.<\/p>\n<p>Runda I a sesiunii de toamn\u0103 a concursului de admitere se va desf\u0103\u0219ura p\u00e2n\u0103 pe 9 septembrie 2026 (f\u0103r\u0103 zilele de 5 \u0219i 6 septembrie), pentru specializ\u0103rile unde nu exist\u0103 probe de concurs, \u0219i p\u00e2n\u0103 pe 8 septembrie 2026 (f\u0103r\u0103 zilele de 5 \u0219i 6 septembrie), pentru specializ\u0103rile unde exist\u0103 probe de concurs. Excep\u021bie fac programele de ID, la care se pot face \u00eenscrieri \u0219i \u00een data de 5 septembrie \u2013 interval orar 8.00 \u2013 12.00.<\/p>\n<p>Pentru a fi admi\u0219i, candida\u021bii trebuie s\u0103 se \u00eenmatriculeze \u00een perioada 11 -15 septembrie 2026 (f\u0103r\u0103 zilele 12, 13 septembrie), cu excep\u021bia programelor de ID, la care se pot face \u00eenmatricul\u0103ri \u0219i \u00een data de 12 septembrie 2026, interval orar 8.00 \u2013 12.00. Ne\u00eenmatricularea duce la pierderea locului ocupat \u00een urma \u00eenscrierii.<\/p>\n<p>Candida\u021bii care, \u00een urma \u00eenmatricul\u0103rii, ocup\u0103 un loc cu tax\u0103 au \u0219ansa s\u0103 treac\u0103 pe un loc bugetat (f\u0103r\u0103 tax\u0103) pe baza rezultatelor ob\u021binute pe parcursul \u0219colariz\u0103rii, chiar \u0219i \u00een timpul primului an de studiu.<\/p>\n<p>Runda a II-a a sesiunii de toamn\u0103 a concursului de admitere va fi organizat\u0103 pe 16 septembrie 2026, pentru specializ\u0103rile unde nu exist\u0103 probe de concurs \u015fi la care vor r\u0103m\u00e2ne locuri disponibile \u00een urma primei runde de admitere din septembrie. \u00cenmatricularea se va putea face \u00een perioada 17 \u2013 18 septembrie, at\u00e2t de candida\u021bii \u00eenscri\u0219i \u00een runda a doua, c\u00e2t \u0219i de candida\u021bii \u00eenscri\u0219i \u00een runda \u00eent\u00e2i, care nu s-au \u00eenmatriculat \u0219i nu \u0219i-au retras dosarul de concurs. Locurile scoase la concurs se ocup\u0103 \u00een ordinea descresc\u0103toare a mediilor de admitere.<\/p>\n<p>Toate informa\u021biile referitoare la sesiunea de admitere septembrie 2026 sunt publicate pe pagina https:\/\/admitere.usv.ro\/<\/p>\n<p><span class=\"hreview-aggregate\"><span class=\"item\"><span class=\"fn\">\u00cencepe sesiunea de toamn\u0103 a concursului de admitere la USV. 468 de locuri bugetate. Pentru etnicii rom\u00e2ni de pretutindeni sunt disponibile 336 de locuri<\/span><\/span>, <span class=\"rating\"><span class=\"average\">8.0<\/span> out of <span class=\"best\">10<\/span> based on <span class=\"votes\">1<\/span> rating <\/span><\/span><\/div>\n<div>\n<div>VN:F [1.9.22_1171]<\/div>\n<div class=\"ratingblock \">\n<div class=\"ratingstars \">\n<div id=\"article_loader_554559\" class=\"ratingloaderarticle\">\n<div class=\"loader arrows \">\n<div class=\"loaderinner\">se actualizeaz\u0103&#8230;<\/div>\n<\/div>\n<\/div>\n<\/div>\n<div class=\"ratingtext \">\n<div id=\"gdr_text_a554559\">Rating: 8.0\/<strong>10<\/strong> (1 vote cast)<\/div>\n<\/div>\n<\/div>\n<\/div>\n<\/div>\n<div class=\"entry_content\">\n<p>Joi, 3 septembrie, la Universitatea \u201e\u0218tefan cel Mare\u201d din Suceava (USV) \u00eencepe sesiunea de toamn\u0103 a concursului de admitere 2026, cu un total de 468 locuri bugetate (354 la programele de studii de licen\u021b\u0103, 114 la programele de studii de masterat), c\u0103rora li se adaug\u0103 locurile cu tax\u0103.<\/p>\n<p>Pentru etnicii rom\u00e2ni de pretutindeni sunt disponibile 193 de locuri la ciclul de studii de licen\u021b\u0103 \u0219i 143 la cel de masterat.<\/p>\n<p>\u00cen cazul studiilor doctorale, USV scoate la concurs 8 locuri bugetate \u0219i mai multe locuri cu tax\u0103. Acestora li se adaug\u0103 alte 12 locuri f\u0103r\u0103 tax\u0103 destinate candida\u021bilor rom\u00e2ni de pretutindeni.<\/p>\n<p>Reamintim c\u0103 \u00een aceast\u0103 sesiune de admitere Universitatea \u201e\u0218tefan cel Mare\u201d din Suceava ofer\u0103 diverse programe de conversie profesional\u0103 finan\u021bate de Ministerul Educa\u021biei, \u00een vederea form\u0103rii cadrelor didactice din \u00eenv\u0103\u021b\u0103m\u00e2ntul liceal de stat.<\/p>\n<p>Runda I a sesiunii de toamn\u0103 a concursului de admitere se va desf\u0103\u0219ura p\u00e2n\u0103 pe 9 septembrie 2026 (f\u0103r\u0103 zilele de 5 \u0219i 6 septembrie), pentru specializ\u0103rile unde nu exist\u0103 probe de concurs, \u0219i p\u00e2n\u0103 pe 8 septembrie 2026 (f\u0103r\u0103 zilele de 5 \u0219i 6 septembrie), pentru specializ\u0103rile unde exist\u0103 probe de concurs. Excep\u021bie fac programele de ID, la care se pot face \u00eenscrieri \u0219i \u00een data de 5 septembrie \u2013 interval orar 8.00 \u2013 12.00.<\/p>\n<p>Pentru a fi admi\u0219i, candida\u021bii trebuie s\u0103 se \u00eenmatriculeze \u00een perioada 11 -15 septembrie 2026 (f\u0103r\u0103 zilele 12, 13 septembrie), cu excep\u021bia programelor de ID, la care se pot face \u00eenmatricul\u0103ri \u0219i \u00een data de 12 septembrie 2026, interval orar 8.00 \u2013 12.00. Ne\u00eenmatricularea duce la pierderea locului ocupat \u00een urma \u00eenscrierii.<\/p>\n<p>Candida\u021bii care, \u00een urma \u00eenmatricul\u0103rii, ocup\u0103 un loc cu tax\u0103 au \u0219ansa s\u0103 treac\u0103 pe un loc bugetat (f\u0103r\u0103 tax\u0103) pe baza rezultatelor ob\u021binute pe parcursul \u0219colariz\u0103rii, chiar \u0219i \u00een timpul primului an de studiu.<\/p>\n<p>Runda a II-a a sesiunii de toamn\u0103 a concursului de admitere va fi organizat\u0103 pe 16 septembrie 2026, pentru specializ\u0103rile unde nu exist\u0103 probe de concurs \u015fi la care vor r\u0103m\u00e2ne locuri disponibile \u00een urma primei runde de admitere din septembrie. \u00cenmatricularea se va putea face \u00een perioada 17 \u2013 18 septembrie, at\u00e2t de candida\u021bii \u00eenscri\u0219i \u00een runda a doua, c\u00e2t \u0219i de candida\u021bii \u00eenscri\u0219i \u00een runda \u00eent\u00e2i, care nu s-au \u00eenmatriculat \u0219i nu \u0219i-au retras dosarul de concurs. Locurile scoase la concurs se ocup\u0103 \u00een ordinea descresc\u0103toare a mediilor de admitere.<\/p>\n<p>Toate informa\u021biile referitoare la sesiunea de admitere septembrie 2026 sunt publicate pe pagina https:\/\/admitere.usv.ro\/<\/p>\n<p><span class=\"hreview-aggregate\"><span class=\"item\"><span class=\"fn\">\u00cencepe sesiunea de toamn\u0103 a concursului de admitere la USV. 468 de locuri bugetate. Pentru etnicii rom\u00e2ni de pretutindeni sunt disponibile 336 de locuri<\/span><\/span>, <span class=\"rating\"><span class=\"average\">8.0<\/span> out of <span class=\"best\">10<\/span> based on <span class=\"votes\">1<\/span> rating <\/span><\/span><\/div>\n<p>[analyse_source url=&#8221;https:\/\/www.svnews.ro\/incepe-sesiunea-de-toamna-a-concursului-de-admitere-la-usv-468-de-locuri-bugetate-pentru-etnicii-romani-de-pretutindeni-sunt-disponibile-336-de-locuri\/554559\/&#8221;]<\/p>\n","protected":false},"excerpt":{"rendered":"<p>[analyse_image type=&#8221;featured&#8221; src=&#8221;https:\/\/img.svnews.ro\/foto\/2025\/08\/17\/485583\/e37b30727d4994f33673d9982.jpg&#8221;] Joi, 3 septembrie, la Universitatea \u201e\u0218tefan cel Mare\u201d din Suceava (USV) \u00eencepe sesiunea de toamn\u0103 a concursului de admitere 2026, cu un total de 468 locuri bugetate (354 la programele de studii de licen\u021b\u0103, 114 la programele de studii de masterat), c\u0103rora li se adaug\u0103 locurile cu tax\u0103. Pentru etnicii rom\u00e2ni de [&hellip;]<\/p>\n","protected":false},"author":1,"featured_media":0,"comment_status":"open","ping_status":"","sticky":false,"template":"","format":"standard","meta":{"footnotes":""},"categories":[89],"tags":[226,175],"class_list":["post-2105539","post","type-post","status-publish","format-standard","hentry","category-romania","tag-crawlmanager","tag-svnews-ro"],"_links":{"self":[{"href":"https:\/\/analyse.optim.biz\/index.php?rest_route=\/wp\/v2\/posts\/2105539","targetHints":{"allow":["GET"]}}],"collection":[{"href":"https:\/\/analyse.optim.biz\/index.php?rest_route=\/wp\/v2\/posts"}],"about":[{"href":"https:\/\/analyse.optim.biz\/index.php?rest_route=\/wp\/v2\/types\/post"}],"author":[{"embeddable":true,"href":"https:\/\/analyse.optim.biz\/index.php?rest_route=\/wp\/v2\/users\/1"}],"replies":[{"embeddable":true,"href":"https:\/\/analyse.optim.biz\/index.php?rest_route=%2Fwp%2Fv2%2Fcomments&post=2105539"}],"version-history":[{"count":0,"href":"https:\/\/analyse.optim.biz\/index.php?rest_route=\/wp\/v2\/posts\/2105539\/revisions"}],"wp:attachment":[{"href":"https:\/\/analyse.optim.biz\/index.php?rest_route=%2Fwp%2Fv2%2Fmedia&parent=2105539"}],"wp:term":[{"taxonomy":"category","embeddable":true,"href":"https:\/\/analyse.optim.biz\/index.php?rest_route=%2Fwp%2Fv2%2Fcategories&post=2105539"},{"taxonomy":"post_tag","embeddable":true,"href":"https:\/\/analyse.optim.biz\/index.php?rest_route=%2Fwp%2Fv2%2Ftags&post=2105539"}],"curies":[{"name":"wp","href":"https:\/\/api.w.org\/{rel}","templated":true}]}}