{"id":2105537,"date":"2026-08-21T04:24:29","date_gmt":"2026-08-21T01:24:29","guid":{"rendered":"https:\/\/analyse.optim.biz\/?p=2105537"},"modified":"2026-08-21T04:24:29","modified_gmt":"2026-08-21T01:24:29","slug":"premiul-iii-pentru-echipa-de-seniori-a-colegiului-dragos-voda-campulung-moldovenesc-la-concursul-national-de-proiecte-antidrog-impreuna-foto","status":"publish","type":"post","link":"https:\/\/analyse.optim.biz\/?p=2105537","title":{"rendered":"Premiul III pentru echipa de seniori a Colegiului \u201eDrago\u0219 Vod\u0103\u201d C\u00e2mpulung Moldovenesc la Concursul na\u021bional de proiecte antidrog \u201e\u00cempreun\u0103 (foto)"},"content":{"rendered":"<p>[analyse_image type=&#8221;featured&#8221; src=&#8221;https:\/\/img.svnews.ro\/foto\/2026\/08\/21\/554765\/b5740905c6caed7e243a08b8b.jpeg&#8221;]<\/p>\n<div class=\"entry\"><img loading=\"lazy\" decoding=\"async\" width=\"650\" height=\"325\" src=\"https:\/\/img.svnews.ro\/foto\/2026\/08\/21\/554765\/b5740905c6caed7e243a08b8b06500325.jpeg\" alt><\/p>\n<div class=\"entry_content\">\n<p>\u00cen perioada 16 -21 august 2026 s-a desf\u0103\u0219urat, \u00een tab\u0103ra na\u021bional\u0103 Eforie Nord, etapa na\u021bional\u0103 a Concursului na\u021bional de proiecte antidrog \u201e\u00cempreun\u0103\u201d, concurs cuprins \u00een Calendarul Proiectelor de Educa\u021bie Extra\u0219colar\u0103 Na\u021bionale al Ministerului Educa\u021biei \u0219i Cercet\u0103rii, 2026, a anun\u021bat \u0219eful I\u0218J Suceava, Ciprian Anton.<\/p>\n<p>\u00centr-o lume plin\u0103 de provoc\u0103ri, unde tinerii caut\u0103 adesea sensul \u0219i propria identitate, opt adolescen\u021bi de la Colegiul Na\u021bional \u201eDrago\u0219 Vod\u0103\u201d C\u00e2mpulung Moldovenesc au ales s\u0103 fie vocea schimb\u0103rii \u0219i implic\u0103rii, aduc\u00e2nd speran\u021b\u0103 \u0219i idei ce invit\u0103 la reflec\u021bie, ac\u021biune \u0219i educa\u021bie.<\/p>\n<p>\u200bEchipa de seniori, format\u0103 din Laz\u0103r Amalia, Iacoban Adelina, Chifan Iustin \u0219i Velecico Antonia, coordona\u021bi de <strong>prof. Ionela \u0218tefaroi,<\/strong> a continuat cu m\u00e2ndrie succesul de anul trecut (c\u00e2nd a ob\u021binut locul I la etapa na\u021bional\u0103 cu proiectul \u201eAutocontrol vs. out of control\u201d) a adus jude\u021bului Suceava <strong>premiul III<\/strong> prin proiectul de con\u0219tientizare \u0219i implicare a tinerilor \u00een prevenirea consumului de droguri \u201eCon\u0219tient \u0219i ancorat \u2013 alternative prin implicare\u201d.<\/p>\n<p>\u200bDe asemenea, echipa de juniori \u2013 alc\u0103tuit\u0103 din Niga Elena, Li\u021bu Ioana, Coman Maya \u0219i Tomescu Ana Maria \u2013 a emo\u021bionat \u0219i convins cu proiectul \u201eLan\u021buri invizibile\u201d, concentr\u00e2ndu-se pe g\u0103sirea de metode alternative la consumul de droguri \u0219i substan\u021be interzise.<\/p>\n<p>\u200bTinerii au demonstrat c\u0103 cele mai puternice antidoturi pentru tenta\u021biile adolescen\u021bilor sunt frumosul, comunicarea \u0219i comunitatea, promov\u00e2nd cu entuziasm solu\u021bii precum:\u200bvoluntariatul \u0219i implicarea activ\u0103 \u00een via\u021ba comunit\u0103\u021bii, arta ca form\u0103 de exprimare liber\u0103 a sufletului, activit\u0103\u021bile sportive \u0219i campaniile interactive de informare.<\/p>\n<p>Concursul face parte din oferta de educa\u021bie antidrog a domeniului Educa\u021bie permanent\u0103 \u0219i activit\u0103\u021bi extra\u0219colare ce include proiectul \u201eDecizii la v\u00e2rsta indeciziilor\u201d, ofert\u0103 coordonat\u0103 de inspector \u0219colar prof. Tatiana V\u00eentur, \u00een anul \u0219colar 2025-2026.<\/p>\n<p><img loading=\"lazy\" decoding=\"async\" class=\"alignnone size-medium wp-image-554766\" src=\"https:\/\/img.svnews.ro\/foto\/2026\/08\/21\/554765\/4d5bb1471264f4d7768057a5706500488.jpeg\" alt width=\"650\" height=\"488\"><\/p>\n<p><img loading=\"lazy\" decoding=\"async\" class=\"alignnone size-medium wp-image-554767\" src=\"https:\/\/img.svnews.ro\/foto\/2026\/08\/21\/554765\/2cb01440f8459d4b1c018911a06500488.jpeg\" alt width=\"650\" height=\"488\"><\/p>\n<p><img decoding=\"async\" loading=\"lazy\" class=\"alignnone size-medium wp-image-554768\" src=\"https:\/\/img.svnews.ro\/foto\/2026\/08\/21\/554765\/5f78bd45003eab7c58e078e3206500488.jpeg\" alt width=\"650\" height=\"488\"><\/p>\n<p><img decoding=\"async\" loading=\"lazy\" class=\"alignnone size-medium wp-image-554770\" src=\"https:\/\/img.svnews.ro\/foto\/2026\/08\/21\/554765\/2d276f50ce3779daf7467df9c06500300.jpeg\" alt width=\"650\" height=\"300\"><\/p>\n<\/div>\n<div>\n<div>VN:F [1.9.22_1171]<\/div>\n<div class=\"ratingblock \">\n<div class=\"ratingstars \">\n<div id=\"article_loader_554765\" class=\"ratingloaderarticle\">\n<div class=\"loader arrows \">\n<div class=\"loaderinner\">se actualizeaz\u0103&#8230;<\/div>\n<\/div>\n<\/div>\n<\/div>\n<div class=\"ratingtext \">\n<div id=\"gdr_text_a554765\">Rating: 0.0\/<strong>10<\/strong> (0 votes cast)<\/div>\n<\/div>\n<\/div>\n<\/div>\n<\/div>\n<div class=\"entry_content\">\n<p>\u00cen perioada 16 -21 august 2026 s-a desf\u0103\u0219urat, \u00een tab\u0103ra na\u021bional\u0103 Eforie Nord, etapa na\u021bional\u0103 a Concursului na\u021bional de proiecte antidrog \u201e\u00cempreun\u0103\u201d, concurs cuprins \u00een Calendarul Proiectelor de Educa\u021bie Extra\u0219colar\u0103 Na\u021bionale al Ministerului Educa\u021biei \u0219i Cercet\u0103rii, 2026, a anun\u021bat \u0219eful I\u0218J Suceava, Ciprian Anton.<\/p>\n<p>\u00centr-o lume plin\u0103 de provoc\u0103ri, unde tinerii caut\u0103 adesea sensul \u0219i propria identitate, opt adolescen\u021bi de la Colegiul Na\u021bional \u201eDrago\u0219 Vod\u0103\u201d C\u00e2mpulung Moldovenesc au ales s\u0103 fie vocea schimb\u0103rii \u0219i implic\u0103rii, aduc\u00e2nd speran\u021b\u0103 \u0219i idei ce invit\u0103 la reflec\u021bie, ac\u021biune \u0219i educa\u021bie.<\/p>\n<p>\u200bEchipa de seniori, format\u0103 din Laz\u0103r Amalia, Iacoban Adelina, Chifan Iustin \u0219i Velecico Antonia, coordona\u021bi de <strong>prof. Ionela \u0218tefaroi,<\/strong> a continuat cu m\u00e2ndrie succesul de anul trecut (c\u00e2nd a ob\u021binut locul I la etapa na\u021bional\u0103 cu proiectul \u201eAutocontrol vs. out of control\u201d) a adus jude\u021bului Suceava <strong>premiul III<\/strong> prin proiectul de con\u0219tientizare \u0219i implicare a tinerilor \u00een prevenirea consumului de droguri \u201eCon\u0219tient \u0219i ancorat \u2013 alternative prin implicare\u201d.<\/p>\n<p>\u200bDe asemenea, echipa de juniori \u2013 alc\u0103tuit\u0103 din Niga Elena, Li\u021bu Ioana, Coman Maya \u0219i Tomescu Ana Maria \u2013 a emo\u021bionat \u0219i convins cu proiectul \u201eLan\u021buri invizibile\u201d, concentr\u00e2ndu-se pe g\u0103sirea de metode alternative la consumul de droguri \u0219i substan\u021be interzise.<\/p>\n<p>\u200bTinerii au demonstrat c\u0103 cele mai puternice antidoturi pentru tenta\u021biile adolescen\u021bilor sunt frumosul, comunicarea \u0219i comunitatea, promov\u00e2nd cu entuziasm solu\u021bii precum:\u200bvoluntariatul \u0219i implicarea activ\u0103 \u00een via\u021ba comunit\u0103\u021bii, arta ca form\u0103 de exprimare liber\u0103 a sufletului, activit\u0103\u021bile sportive \u0219i campaniile interactive de informare.<\/p>\n<p>Concursul face parte din oferta de educa\u021bie antidrog a domeniului Educa\u021bie permanent\u0103 \u0219i activit\u0103\u021bi extra\u0219colare ce include proiectul \u201eDecizii la v\u00e2rsta indeciziilor\u201d, ofert\u0103 coordonat\u0103 de inspector \u0219colar prof. Tatiana V\u00eentur, \u00een anul \u0219colar 2025-2026.<\/p>\n<p><img loading=\"lazy\" decoding=\"async\" class=\"alignnone size-medium wp-image-554766\" src=\"https:\/\/img.svnews.ro\/foto\/2026\/08\/21\/554765\/4d5bb1471264f4d7768057a5706500488.jpeg\" alt width=\"650\" height=\"488\"><\/p>\n<p><img loading=\"lazy\" decoding=\"async\" class=\"alignnone size-medium wp-image-554767\" src=\"https:\/\/img.svnews.ro\/foto\/2026\/08\/21\/554765\/2cb01440f8459d4b1c018911a06500488.jpeg\" alt width=\"650\" height=\"488\"><\/p>\n<p><img decoding=\"async\" loading=\"lazy\" class=\"alignnone size-medium wp-image-554768\" src=\"https:\/\/img.svnews.ro\/foto\/2026\/08\/21\/554765\/5f78bd45003eab7c58e078e3206500488.jpeg\" alt width=\"650\" height=\"488\"><\/p>\n<p><img decoding=\"async\" loading=\"lazy\" class=\"alignnone size-medium wp-image-554770\" src=\"https:\/\/img.svnews.ro\/foto\/2026\/08\/21\/554765\/2d276f50ce3779daf7467df9c06500300.jpeg\" alt width=\"650\" height=\"300\"><\/p>\n<\/div>\n<p>[analyse_source url=&#8221;https:\/\/www.svnews.ro\/premiul-iii-pentru-echipa-de-seniori-a-colegiului-dragos-voda-campulung-moldovenesc-la-concursul-national-de-proiecte-antidrog-impreuna-foto\/554765\/&#8221;]<\/p>\n","protected":false},"excerpt":{"rendered":"<p>[analyse_image type=&#8221;featured&#8221; src=&#8221;https:\/\/img.svnews.ro\/foto\/2026\/08\/21\/554765\/b5740905c6caed7e243a08b8b.jpeg&#8221;] \u00cen perioada 16 -21 august 2026 s-a desf\u0103\u0219urat, \u00een tab\u0103ra na\u021bional\u0103 Eforie Nord, etapa na\u021bional\u0103 a Concursului na\u021bional de proiecte antidrog \u201e\u00cempreun\u0103\u201d, concurs cuprins \u00een Calendarul Proiectelor de Educa\u021bie Extra\u0219colar\u0103 Na\u021bionale al Ministerului Educa\u021biei \u0219i Cercet\u0103rii, 2026, a anun\u021bat \u0219eful I\u0218J Suceava, Ciprian Anton. \u00centr-o lume plin\u0103 de provoc\u0103ri, unde tinerii caut\u0103 [&hellip;]<\/p>\n","protected":false},"author":1,"featured_media":0,"comment_status":"open","ping_status":"","sticky":false,"template":"","format":"standard","meta":{"footnotes":""},"categories":[89],"tags":[226,175],"class_list":["post-2105537","post","type-post","status-publish","format-standard","hentry","category-romania","tag-crawlmanager","tag-svnews-ro"],"_links":{"self":[{"href":"https:\/\/analyse.optim.biz\/index.php?rest_route=\/wp\/v2\/posts\/2105537","targetHints":{"allow":["GET"]}}],"collection":[{"href":"https:\/\/analyse.optim.biz\/index.php?rest_route=\/wp\/v2\/posts"}],"about":[{"href":"https:\/\/analyse.optim.biz\/index.php?rest_route=\/wp\/v2\/types\/post"}],"author":[{"embeddable":true,"href":"https:\/\/analyse.optim.biz\/index.php?rest_route=\/wp\/v2\/users\/1"}],"replies":[{"embeddable":true,"href":"https:\/\/analyse.optim.biz\/index.php?rest_route=%2Fwp%2Fv2%2Fcomments&post=2105537"}],"version-history":[{"count":0,"href":"https:\/\/analyse.optim.biz\/index.php?rest_route=\/wp\/v2\/posts\/2105537\/revisions"}],"wp:attachment":[{"href":"https:\/\/analyse.optim.biz\/index.php?rest_route=%2Fwp%2Fv2%2Fmedia&parent=2105537"}],"wp:term":[{"taxonomy":"category","embeddable":true,"href":"https:\/\/analyse.optim.biz\/index.php?rest_route=%2Fwp%2Fv2%2Fcategories&post=2105537"},{"taxonomy":"post_tag","embeddable":true,"href":"https:\/\/analyse.optim.biz\/index.php?rest_route=%2Fwp%2Fv2%2Ftags&post=2105537"}],"curies":[{"name":"wp","href":"https:\/\/api.w.org\/{rel}","templated":true}]}}